{"id":43896,"date":"2021-10-20T15:35:28","date_gmt":"2021-10-20T13:35:28","guid":{"rendered":"https:\/\/obera.fr\/non-classifiee\/jak-muze-odparovaci-chlazeni-zlepsit-prumyslovou-vyrobu\/"},"modified":"2025-05-06T11:07:01","modified_gmt":"2025-05-06T09:07:01","slug":"comment-rafraichissement-evaporation-ameliorer-production-industrielle","status":"publish","type":"post","link":"https:\/\/obera.fr\/cs\/nase-rady\/comment-rafraichissement-evaporation-ameliorer-production-industrielle\/","title":{"rendered":"Jak m\u016f\u017ee odpa\u0159ovac\u00ed chlazen\u00ed zlep\u0161it pr\u016fmyslovou v\u00fdrobu?"},"content":{"rendered":"\n<p>\u010cervenec 2023, nejteplej\u0161\u00ed m\u011bs\u00edc na sv\u011bt\u011b od po\u010d\u00e1tku meteorologick\u00fdch z\u00e1znam\u016f: glob\u00e1ln\u00ed oteplov\u00e1n\u00ed se zrychluje. To m\u00e1 dopad na v\u0161echna pracovn\u00ed prost\u0159ed\u00ed. Zejm\u00e9na v <strong>pr\u016fmyslov\u00e9 v\u00fdrob\u011b, kde klimatizace<\/strong> spot\u0159ebov\u00e1v\u00e1 p\u0159\u00edli\u0161 mnoho energie na to, aby byla ekonomick\u00fdm chladic\u00edm syst\u00e9mem. Prozkoumejte nov\u00fd p\u0159\u00edstup ke klimatizaci pomoc\u00ed adiabatick\u00fdch proces\u016f.   <\/p>\n\n<h2 class=\"wp-block-heading\">Dopad rostouc\u00edch teplot na pr\u016fmyslovou v\u00fdrobu<\/h2>\n\n<div class=\"wp-block-columns are-vertically-aligned-center is-layout-flex wp-container-core-columns-is-layout-28f84493 wp-block-columns-is-layout-flex\">\n<div class=\"wp-block-column is-vertically-aligned-center is-layout-flow wp-block-column-is-layout-flow\" style=\"flex-basis:33.33%\">\n<figure class=\"wp-block-image aligncenter size-large is-resized\"><img decoding=\"async\" width=\"1024\" height=\"595\" src=\"https:\/\/obera.fr\/wp-content\/uploads\/2021\/10\/thermometer-ge272eddee_1920-1-1024x595.jpg\" alt=\"Zvy&#x161;uj&#xED;c&#xED; se teploty\" class=\"wp-image-7085\" style=\"width:363px;height:210px\" srcset=\"https:\/\/obera.fr\/wp-content\/uploads\/2021\/10\/thermometer-ge272eddee_1920-1-1024x595.jpg 1024w, https:\/\/obera.fr\/wp-content\/uploads\/2021\/10\/thermometer-ge272eddee_1920-1-300x174.jpg 300w, https:\/\/obera.fr\/wp-content\/uploads\/2021\/10\/thermometer-ge272eddee_1920-1-768x446.jpg 768w, https:\/\/obera.fr\/wp-content\/uploads\/2021\/10\/thermometer-ge272eddee_1920-1-1536x893.jpg 1536w, https:\/\/obera.fr\/wp-content\/uploads\/2021\/10\/thermometer-ge272eddee_1920-1.jpg 1920w\" sizes=\"(max-width: 1024px) 100vw, 1024px\" \/><\/figure>\n<\/div>\n\n\n\n<div class=\"wp-block-column is-vertically-aligned-center is-layout-flow wp-block-column-is-layout-flow\"><\/div>\n\n\n\n<div class=\"wp-block-column is-vertically-aligned-center is-layout-flow wp-block-column-is-layout-flow\" style=\"flex-basis:66.66%\">\n<p>Tepeln\u00e9 \u0161pi\u010dky zvy\u0161uj\u00ed n\u00e1ro\u010dnost regulace <strong>teploty n\u011bkter\u00fdch pr\u016fmyslov\u00fdch proces\u016f<\/strong>. Teplo vznik\u00e1 p\u0159i provozu mnoha za\u0159\u00edzen\u00ed ve v\u00fdrobn\u00edm syst\u00e9mu, nap\u0159. pec\u00ed, stroj\u016f atd. Krom\u011b toho k n\u00e1r\u016fstu teploty p\u0159isp\u00edvaj\u00ed i zam\u011bstnanci vykon\u00e1vaj\u00edc\u00ed intenzivn\u00ed fyzickou pr\u00e1ci, nap\u0159. p\u0159i nakl\u00e1dce a vykl\u00e1dce.  <\/p>\n\n\n\n<p>K tomu se p\u0159id\u00e1v\u00e1 chov\u00e1n\u00ed budovy ve vztahu k teplu. Izolace, v\u011btr\u00e1n\u00ed, konfigurace a um\u00edst\u011bn\u00ed budovy maj\u00ed vliv na vnit\u0159n\u00ed teplotu, a tedy i na \u00fa\u010dinnost chladic\u00edho syst\u00e9mu p\u0159i eliminaci <strong>produk\u010dn\u00edho tepla<\/strong>. <\/p>\n\n\n\n<p>Regulace teploty m\u00e1 vliv na ekonomickou efektivitu a kvalitu v\u00fdrobn\u00edho syst\u00e9mu. Nadm\u011brn\u00e9 teplo sni\u017euje produktivitu zam\u011bstnanc\u016f, ohro\u017euje jejich zdrav\u00ed, vystavuje je riziku nekvalitn\u00edch v\u00fdrobk\u016f a zhor\u0161uje provoz <strong>v\u00fdrobn\u00edch za\u0159\u00edzen\u00ed,<\/strong> zejm\u00e9na motor\u016f. <\/p>\n<\/div>\n<\/div>\n\n<h2 class=\"wp-block-heading\">Pro\u010d se st\u00e1le v\u00edce instalac\u00ed zam\u011b\u0159uje na odpa\u0159ovac\u00ed chlazen\u00ed?<\/h2>\n\n<p>A\u017e doned\u00e1vna nebylo <a href=\"https:\/\/obera.fr\/conseils\/rafraichissement-air-evaporation-production-automobile\/\">odpa\u0159ovac\u00ed chlazen\u00ed<\/a> v Evrop\u011b p\u0159\u00edli\u0161 zn\u00e1m\u00e9. Od vln veder si evrop\u0161t\u00ed v\u00fdrobci uv\u011bdomuj\u00ed jeho velk\u00fd potenci\u00e1l v extr\u00e9mn\u00edch pracovn\u00edch podm\u00ednk\u00e1ch, kde je standardn\u00ed klimatizace bu\u010f p\u0159\u00edli\u0161 drah\u00e1, nebo ji prost\u011b nelze realizovat. <\/p>\n\n<p>Ve srovn\u00e1n\u00ed s tradi\u010dn\u00edmi klimatiza\u010dn\u00edmi \u0159e\u0161en\u00edmi nab\u00edzej\u00ed odpa\u0159ovac\u00ed chladic\u00ed jednotky v pr\u016fmyslov\u00e9 v\u00fdrob\u011b velk\u00e9 <strong>praktick\u00e9 a ekonomick\u00e9<\/strong> v\u00fdhody:<\/p>\n\n<h3 class=\"wp-block-heading\">Sn\u00ed\u017een\u00ed n\u00e1klad\u016f na energii<\/h3>\n\n<div class=\"wp-block-columns is-layout-flex wp-container-core-columns-is-layout-28f84493 wp-block-columns-is-layout-flex\">\n<div class=\"wp-block-column is-vertically-aligned-center is-layout-flow wp-block-column-is-layout-flow\" style=\"flex-basis:33.33%\">\n<figure class=\"wp-block-image aligncenter size-full is-resized\"><img decoding=\"async\" width=\"500\" height=\"500\" src=\"https:\/\/obera.fr\/wp-content\/uploads\/2021\/11\/Sans-titre-2021-11-02T135811.740.png\" alt=\"Ni&#x17E;&#x161;&#xED; n&#xE1;klady na energii\" class=\"wp-image-7433\" style=\"width:121px;height:121px\" srcset=\"https:\/\/obera.fr\/wp-content\/uploads\/2021\/11\/Sans-titre-2021-11-02T135811.740.png 500w, https:\/\/obera.fr\/wp-content\/uploads\/2021\/11\/Sans-titre-2021-11-02T135811.740-300x300.png 300w, https:\/\/obera.fr\/wp-content\/uploads\/2021\/11\/Sans-titre-2021-11-02T135811.740-150x150.png 150w\" sizes=\"(max-width: 500px) 100vw, 500px\" \/><\/figure>\n<\/div>\n\n\n\n<div class=\"wp-block-column is-layout-flow wp-block-column-is-layout-flow\" style=\"flex-basis:66.66%\">\n<p>Podle ned\u00e1vn\u00fdch studi\u00ed spole\u010dnost\u00ed v Evropsk\u00e9 unii tvo\u0159\u00ed energie v pr\u016fm\u011bru 6 a\u017e 9 %<strong> v\u00fdrobn\u00edch<\/strong> n\u00e1klad\u016f<strong> v odv\u011btv\u00edch,<\/strong> jako jsou z\u00e1kladn\u00ed chemick\u00e9 l\u00e1tky, um\u011bl\u00e1 vl\u00e1kna, \u017eelezo, ocel a pap\u00edr.<\/p>\n\n\n\n<p>Na rozd\u00edl od standardn\u00edch klimatiza\u010dn\u00edch syst\u00e9m\u016f \u010derpaj\u00ed <a href=\"https:\/\/obera.fr\/cs\/produits\/rafraichisseurs-air\/\">pr\u016fmyslov\u00e9 chladi\u010de vzduchu<\/a> 90 % chladic\u00ed energie z odpa\u0159ov\u00e1n\u00ed.<strong> Adiabatick\u00e9 chladi\u010de<\/strong> odeb\u00edraj\u00ed z venkovn\u00edho vzduchu energii odpov\u00eddaj\u00edc\u00ed latentn\u00edmu teplu vody pot\u0159ebn\u00e9mu k jej\u00edmu odpa\u0159ov\u00e1n\u00ed. K distribuci vzduchu ve stejn\u00e9m objemu proto spot\u0159ebuj\u00ed 10 % elektrick\u00e9 energie klimatiza\u010dn\u00edho za\u0159\u00edzen\u00ed.  <br\/><br\/>V kontextu rostouc\u00edch n\u00e1klad\u016f na energii (plyn, elekt\u0159ina atd.) a sni\u017eov\u00e1n\u00ed uhl\u00edkov\u00e9 stopy ve v\u00fdrobn\u00edch procesech d\u00e1v\u00e1 <strong>adiabatick\u00e9 chlazen\u00ed<\/strong> dokonal\u00fd smysl.<\/p>\n<\/div>\n<\/div>\n\n<h3 class=\"wp-block-heading\">Lep\u0161\u00ed produktivita<\/h3>\n\n<div class=\"wp-block-columns is-layout-flex wp-container-core-columns-is-layout-28f84493 wp-block-columns-is-layout-flex\">\n<div class=\"wp-block-column is-vertically-aligned-center is-layout-flow wp-block-column-is-layout-flow\" style=\"flex-basis:33.33%\">\n<figure class=\"wp-block-image aligncenter size-full is-resized\"><img decoding=\"async\" width=\"500\" height=\"500\" src=\"https:\/\/obera.fr\/wp-content\/uploads\/2021\/11\/Productivite-croissance.png\" alt=\"zv&#xFD;&#x161;en&#xED; produktivity\" class=\"wp-image-7435\" style=\"width:125px;height:125px\" srcset=\"https:\/\/obera.fr\/wp-content\/uploads\/2021\/11\/Productivite-croissance.png 500w, https:\/\/obera.fr\/wp-content\/uploads\/2021\/11\/Productivite-croissance-300x300.png 300w, https:\/\/obera.fr\/wp-content\/uploads\/2021\/11\/Productivite-croissance-150x150.png 150w\" sizes=\"(max-width: 500px) 100vw, 500px\" \/><\/figure>\n<\/div>\n\n\n\n<div class=\"wp-block-column is-layout-flow wp-block-column-is-layout-flow\" style=\"flex-basis:66.66%\">\n<p>Ka\u017ed\u00fd dal\u0161\u00ed stupe\u0148 nad b\u011b\u017enou teplotu pracovn\u00edho komfortu sni\u017euje produktivitu. Tlak na v\u00fdrobu je o to v\u011bt\u0161\u00ed, \u017ee <strong>v\u00fdkon z\u00e1vis\u00ed na fyzick\u00e9 aktivit\u011b<\/strong>. V nep\u0159\u00edjemn\u00e9m rozmez\u00ed ka\u017ed\u00e9 dal\u0161\u00ed teplo oslabuje organismus, sni\u017euje koncentraci a podporuje dysfunkce.  <\/p>\n\n\n\n<p>Odpa\u0159ovac\u00ed chladi\u010d \u00fa\u010dinn\u011b funguje i v otev\u0159en\u00e9m prost\u0159ed\u00ed. P\u0159iv\u00e1d\u00ed \u010derstv\u00fd vzduch na v\u0161echna m\u00edsta, kde nadm\u011brn\u00e9 teplo sni\u017euje produktivitu; a to jak uvnit\u0159, tak venku.<strong> Jeho chladic\u00ed \u00fa\u010dinnost<\/strong> se nezpomal\u00ed, pokud se otev\u0159ou dve\u0159e, ani kdy\u017e pot\u0159ebujete ochladit logistick\u00fd dok nebo vnit\u0159ek p\u0159\u00edv\u011bsu. <\/p>\n<\/div>\n<\/div>\n\n<h3 class=\"wp-block-heading\">Bezpe\u010dn\u011bj\u0161\u00ed pracovn\u00ed prost\u0159ed\u00ed<\/h3>\n\n<div class=\"wp-block-columns is-layout-flex wp-container-core-columns-is-layout-28f84493 wp-block-columns-is-layout-flex\">\n<div class=\"wp-block-column is-vertically-aligned-center is-layout-flow wp-block-column-is-layout-flow\" style=\"flex-basis:33.33%\">\n<figure class=\"wp-block-image aligncenter size-full is-resized\"><img decoding=\"async\" width=\"500\" height=\"500\" src=\"https:\/\/obera.fr\/wp-content\/uploads\/2021\/11\/Sans-titre-2021-11-02T141120.556.png\" alt=\"Bezpe&#x10D;n&#xE9; pracovn&#xED; prost&#x159;ed&#xED;&#10;\" class=\"wp-image-7436\" style=\"width:117px;height:117px\" srcset=\"https:\/\/obera.fr\/wp-content\/uploads\/2021\/11\/Sans-titre-2021-11-02T141120.556.png 500w, https:\/\/obera.fr\/wp-content\/uploads\/2021\/11\/Sans-titre-2021-11-02T141120.556-300x300.png 300w, https:\/\/obera.fr\/wp-content\/uploads\/2021\/11\/Sans-titre-2021-11-02T141120.556-150x150.png 150w\" sizes=\"(max-width: 500px) 100vw, 500px\" \/><\/figure>\n<\/div>\n\n\n\n<div class=\"wp-block-column is-layout-flow wp-block-column-is-layout-flow\" style=\"flex-basis:66.66%\">\n<p>Navzdory bezpe\u010dnosti v\u00fdrobn\u00edch syst\u00e9m\u016f doch\u00e1z\u00ed \u010dasto k <strong>nehod\u00e1m zp\u016fsoben\u00fdm teplem<\/strong>. Pokud teplota p\u0159ekro\u010d\u00ed 39 \u00b0C, m\u016f\u017ee b\u00fdt tok tepla vyza\u0159ovan\u00fd v\u00fdrobn\u00edm za\u0159\u00edzen\u00edm smrteln\u00fd. T\u011blo se obt\u00ed\u017en\u011b ochlazuje. To vede ke sn\u00ed\u017een\u00ed pozornosti a motorick\u00fdch schopnost\u00ed, co\u017e zvy\u0161uje riziko nehod p\u0159i pou\u017e\u00edv\u00e1n\u00ed pr\u016fmyslov\u00fdch za\u0159\u00edzen\u00ed. Pak p\u0159ich\u00e1z\u00ed tepeln\u00fd stres, kter\u00fd se vyzna\u010duje z\u00e1vrat\u011bmi, slabost\u00ed, k\u0159e\u010demi, nevolnost\u00ed atd. Pokud se nel\u00e9\u010d\u00ed, m\u016f\u017ee \u00fapal v\u00e9st k trval\u00e9 invalidit\u011b nebo smrti.     <\/p>\n\n\n\n<p>V t\u011bchto extr\u00e9mn\u00edch podm\u00ednk\u00e1ch si <strong>odpa\u0159ovac\u00ed chladi\u010de<\/strong> zachov\u00e1vaj\u00ed plnou \u00fa\u010dinnost chlazen\u00ed. Zaji\u0161\u0165uj\u00ed bezpe\u010dnost zam\u011bstnanc\u016f a z\u00e1rove\u0148 spl\u0148uj\u00ed po\u017eadavky p\u0159edpis\u016f EU na teplotu na pracovi\u0161ti. <\/p>\n<\/div>\n<\/div>\n\n<h2 class=\"wp-block-heading\">Jak to funguje<\/h2>\n\n<figure class=\"wp-block-image alignright size-full is-resized\"><img decoding=\"async\" width=\"661\" height=\"267\" src=\"https:\/\/obera.fr\/wp-content\/uploads\/2021\/10\/Capture-decran-2021-10-06-100819.jpg\" alt=\"Adiabatick&#xE9; chlazen&#xED;\" class=\"wp-image-7087\" style=\"width:551px;height:222px\" srcset=\"https:\/\/obera.fr\/wp-content\/uploads\/2021\/10\/Capture-decran-2021-10-06-100819.jpg 661w, https:\/\/obera.fr\/wp-content\/uploads\/2021\/10\/Capture-decran-2021-10-06-100819-300x121.jpg 300w\" sizes=\"(max-width: 661px) 100vw, 661px\" \/><\/figure>\n\n<p>Odpa\u0159ovac\u00ed chladic\u00ed jednotky odv\u00e1d\u011bj\u00ed <strong>tepl\u00fd vzduch<\/strong> zven\u010d\u00ed a<strong> m\u011bn\u00ed<\/strong> ho uvnit\u0159<strong> na chladn\u00fd<\/strong> a<strong> sv\u011b\u017e\u00ed v\u00e1nek<\/strong>. K tomu jejich klimatiza\u010dn\u00ed syst\u00e9m vyu\u017e\u00edv\u00e1 <strong>p\u0159irozen\u00fd proces odpa\u0159ov\u00e1n\u00ed<\/strong> vody, kter\u00fd maximalizuje ve v\u00fdm\u011bn\u00edku. Takto funguje proces chlazen\u00ed.    <br\/><br\/>Ventil\u00e1tor sm\u011bruje vzduch p\u0159es st\u011bnu z vo\u0161tinov\u00fdch pl\u00e1st\u016f nas\u00e1kl\u00fdch vodou, kter\u00e1 je navr\u017eena tak, aby optimalizovala kontakt vzduchu s vodou. P\u0159i pr\u016fchodu st\u011bnou dod\u00e1v\u00e1 vzduch tepelnou energii pot\u0159ebnou k p\u0159em\u011bn\u011b vody cirkuluj\u00edc\u00ed v bu\u0148k\u00e1ch na plyn. Energie f\u00e1zov\u00e9 zm\u011bny p\u0159edstavuje <strong>chladic\u00ed<\/strong> energii <strong>syst\u00e9mu<\/strong>. Na v\u00fdstupu se teplota vzduchu sn\u00ed\u017eila a zv\u00fd\u0161ila se vlhkost. Chladic\u00ed jednotka rozpra\u0161uje ochlazen\u00fd vzduch do budovy, kter\u00fd je n\u00e1sledn\u011b odv\u00e1d\u011bn otvory. Chlazen\u00fd objem se obnov\u00ed za 5 minut.     <\/p>\n\n<p>Chcete-li se dozv\u011bd\u011bt v\u00edce o <strong>odpa\u0159ovac\u00edm chlazen\u00ed<\/strong> a jeho rostouc\u00ed roli v pr\u016fmyslov\u00e9 v\u00fdrob\u011b nebo v\u00e1m pomoci vybrat nejlep\u0161\u00ed syst\u00e9m pro va\u0161e pot\u0159eby, kontaktujte n\u00e1\u0161 t\u00fdm odborn\u00edk\u016f prost\u0159ednictv\u00edm kontaktn\u00edho formul\u00e1\u0159e.<\/p>\n\n<div class=\"wp-block-buttons is-horizontal is-content-justification-center is-layout-flex wp-container-core-buttons-is-layout-03627597 wp-block-buttons-is-layout-flex\">\n<div class=\"wp-block-button\"><a class=\"wp-block-button__link wp-element-button\" href=\"https:\/\/obera.fr\/cs\/nase-rada\/casto-kladene-dotazy-adiabaticke-chladice-vzduchu\/\">\u010casto kladen\u00e9 dotazy Adiabatick\u00e9 chladi\u010de vzduchu<\/a><\/div>\n<\/div>\n","protected":false},"excerpt":{"rendered":"<p>V cel\u00e9 Evrop\u011b rostou vysok\u00e9 teploty, p\u0159i\u010dem\u017e posledn\u00ed desetilet\u00ed bylo nejteplej\u0161\u00ed v historii. Ve skute\u010dnosti byl rok 2020 nejteplej\u0161\u00edm rokem v historii, o 1,2 \u00b0C teplej\u0161\u00ed ne\u017e pr\u016fm\u011brn\u00fd rok v 19. stolet\u00ed. <\/p>\n","protected":false},"author":4,"featured_media":96254,"comment_status":"open","ping_status":"closed","sticky":false,"template":"","format":"standard","meta":{"_acf_changed":false,"_seopress_robots_primary_cat":"none","_seopress_titles_title":"Odpa\u0159ovac\u00ed chlazen\u00ed a pr\u016fmyslov\u00e1 v\u00fdroba","_seopress_titles_desc":"Objevte p\u0159\u00ednosy a v\u00fdhody odpa\u0159ovac\u00edho chlazen\u00ed vzduchu pro pr\u016fmyslovou v\u00fdrobu a pohodu zam\u011bstnanc\u016f i podniku.","_seopress_robots_index":"","footnotes":""},"categories":[310],"tags":[113],"class_list":["post-43896","post","type-post","status-publish","format-standard","has-post-thumbnail","hentry","category-nase-rady","tag-entete-male","generate-columns","tablet-grid-50","mobile-grid-100","grid-parent","grid-50","no-featured-image-padding","resize-featured-image"],"acf":[],"_links":{"self":[{"href":"https:\/\/obera.fr\/cs\/wp-json\/wp\/v2\/posts\/43896","targetHints":{"allow":["GET"]}}],"collection":[{"href":"https:\/\/obera.fr\/cs\/wp-json\/wp\/v2\/posts"}],"about":[{"href":"https:\/\/obera.fr\/cs\/wp-json\/wp\/v2\/types\/post"}],"author":[{"embeddable":true,"href":"https:\/\/obera.fr\/cs\/wp-json\/wp\/v2\/users\/4"}],"replies":[{"embeddable":true,"href":"https:\/\/obera.fr\/cs\/wp-json\/wp\/v2\/comments?post=43896"}],"version-history":[{"count":3,"href":"https:\/\/obera.fr\/cs\/wp-json\/wp\/v2\/posts\/43896\/revisions"}],"predecessor-version":[{"id":96464,"href":"https:\/\/obera.fr\/cs\/wp-json\/wp\/v2\/posts\/43896\/revisions\/96464"}],"wp:featuredmedia":[{"embeddable":true,"href":"https:\/\/obera.fr\/cs\/wp-json\/wp\/v2\/media\/96254"}],"wp:attachment":[{"href":"https:\/\/obera.fr\/cs\/wp-json\/wp\/v2\/media?parent=43896"}],"wp:term":[{"taxonomy":"category","embeddable":true,"href":"https:\/\/obera.fr\/cs\/wp-json\/wp\/v2\/categories?post=43896"},{"taxonomy":"post_tag","embeddable":true,"href":"https:\/\/obera.fr\/cs\/wp-json\/wp\/v2\/tags?post=43896"}],"curies":[{"name":"wp","href":"https:\/\/api.w.org\/{rel}","templated":true}]}}