{"id":44330,"date":"2021-05-06T11:22:12","date_gmt":"2021-05-06T09:22:12","guid":{"rendered":"https:\/\/obera.fr\/non-classifiee\/provzdusnovani-a-covid-19-obera-vybavuje-ucebny-jidelny-a-refektare-v-mnoha-francouzskych-skolach-a-strednich-skolach\/"},"modified":"2025-05-07T10:06:12","modified_gmt":"2025-05-07T08:06:12","slug":"aeration-covid-salles-classes-cantines-refectoire-lycees","status":"publish","type":"post","link":"https:\/\/obera.fr\/cs\/nase-rady\/aeration-covid-salles-classes-cantines-refectoire-lycees\/","title":{"rendered":"V\u011btr\u00e1n\u00ed a COVID-19: OberA vybavuje u\u010debny, j\u00eddelny a refekt\u00e1\u0159e mnoha francouzsk\u00fdch \u0161kol a lyce\u00ed!"},"content":{"rendered":"\n<h2 class=\"wp-block-heading\">Antibakteri\u00e1ln\u00ed \u0159e\u0161en\u00ed provzdu\u0161\u0148ov\u00e1n\u00ed ve vzd\u011bl\u00e1v\u00e1n\u00ed<\/h2>\n\n<p>Spole\u010dn\u00e9 u\u010den\u00ed je pro d\u011bti a dosp\u00edvaj\u00edc\u00ed z\u00e1sadn\u00ed. A nejlep\u0161\u00ed je, \u017ee je to v\u017edy mo\u017en\u00e9 ve t\u0159\u00edd\u011b, pokud je v n\u00ed \u010dist\u00fd vzduch a dodr\u017euj\u00ed se hygienick\u00e9 podm\u00ednky. <\/p>\n\n<figure class=\"wp-block-image alignright size-large is-resized\"><img decoding=\"async\" src=\"https:\/\/obera.fr\/wp-content\/uploads\/2021\/05\/image_ecole-covid-1024x768.jpg\" alt=\"ventilace covid school\" class=\"wp-image-5610\" width=\"527\" height=\"395\" srcset=\"https:\/\/obera.fr\/wp-content\/uploads\/2021\/05\/image_ecole-covid-1024x768.jpg 1024w, https:\/\/obera.fr\/wp-content\/uploads\/2021\/05\/image_ecole-covid-300x225.jpg 300w, https:\/\/obera.fr\/wp-content\/uploads\/2021\/05\/image_ecole-covid-768x576.jpg 768w, https:\/\/obera.fr\/wp-content\/uploads\/2021\/05\/image_ecole-covid-1536x1152.jpg 1536w, https:\/\/obera.fr\/wp-content\/uploads\/2021\/05\/image_ecole-covid.jpg 2016w\" sizes=\"(max-width: 527px) 100vw, 527px\" \/><figcaption class=\"wp-element-caption\">V\u011btr\u00e1n\u00ed u\u010debny pomoc\u00ed syst\u00e9mu OBERA<\/figcaption><\/figure>\n\n<p>\u0158ada francouzsk\u00fdch region\u016f se rozhodla financovat v\u0161echny n\u00e1klady na <a href=\"https:\/\/obera.fr\/cs\/produits\/purificateurs-air\/antivirove-a-antibakterialni-cisticky-vzduchu-covid-19\/\" data-type=\"page\" data-id=\"5161\">\u010disti\u010dky vzduchu<\/a> nebo jejich \u010d\u00e1st a pomoci vzd\u011bl\u00e1vac\u00edm za\u0159\u00edzen\u00edm s jejich po\u0159\u00edzen\u00edm:<\/p>\n\n<ul class=\"wp-block-list\">\n<li>Region Auvergne-Rh\u00f4ne-Alpes odhlasoval region\u00e1ln\u00ed investi\u010dn\u00ed pl\u00e1n v hodnot\u011b 10 milion\u016f eur na <a href=\"https:\/\/obera.fr\/cs\/produits\/purificateurs-air\/\" data-type=\"page\">\u010di\u0161t\u011bn\u00ed vzduchu<\/a> v lyce\u00edch a \u0161kol\u00e1ch v regionu.  <\/li>\n\n\n\n<li>Region Ile-de-France poskytuje st\u0159edn\u00edm \u0161kol\u00e1m a m\u00edstn\u00edm org\u00e1n\u016fm finan\u010dn\u00ed prost\u0159edky a\u017e do v\u00fd\u0161e 10 000 EUR na n\u00e1kup zdravotnick\u00e9ho vybaven\u00ed, jako jsou \u010disti\u010dky vzduchu.<\/li>\n<\/ul>\n\n<p>S n\u00e1vratem p\u0159\u00edm\u00e9 v\u00fduky a pou\u017e\u00edv\u00e1n\u00ed j\u00eddelen a refekt\u00e1\u0159\u016f <strong>je zapot\u0159eb\u00ed \u010disti\u010dek vzduchu pro o\u0161et\u0159en\u00ed prostor s vysokou koncentrac\u00ed osob<\/strong> a\/nebo prostor s velk\u00fdm po\u010dtem \u017e\u00e1k\u016f najednou. \u010cisti\u010dky vzduchu mohou vzduch v t\u011bchto prostor\u00e1ch upravit ekvivalentem p\u0159ibli\u017en\u011b \u010dty\u0159 a\u017e deseti v\u00fdm\u011bn objemu m\u00edstnosti za hodinu.   <\/p>\n\n<blockquote class=\"wp-block-quote is-layout-flow wp-block-quote-is-layout-flow\">\n<p>T\u00edm se <strong>v\u00fdrazn\u011b sn\u00ed\u017e\u00ed po\u010det suspendovan\u00fdch \u010d\u00e1stic a vir\u016f<\/strong> (v pr\u016fm\u011bru -85 %) a vzduch v m\u00edstnosti se v\u00fdrazn\u011b vy\u010dist\u00ed.<\/p>\n<\/blockquote>\n\n<div class=\"wp-block-buttons is-horizontal is-content-justification-center is-layout-flex wp-container-core-buttons-is-layout-03627597 wp-block-buttons-is-layout-flex\">\n<div class=\"wp-block-button\"><a class=\"wp-block-button__link wp-element-button\" href=\"https:\/\/obera.fr\/cs\/contact\/\">R\u00e1d bych se dozv\u011bd\u011bl v\u00edce<\/a><\/div>\n<\/div>\n\n<h2 class=\"wp-block-heading\">Aerace koronaviru<\/h2>\n\n<div class=\"wp-block-columns is-layout-flex wp-container-core-columns-is-layout-28f84493 wp-block-columns-is-layout-flex\">\n<div class=\"wp-block-column is-vertically-aligned-center is-layout-flow wp-block-column-is-layout-flow\" style=\"flex-basis:66.66%\">\n<p>Pro <strong>v\u00fdrazn\u00e9 sn\u00ed\u017een\u00ed rizika n\u00e1kazy v interi\u00e9ru<\/strong> je v\u0161ak nutn\u00e9 pravideln\u00e9 v\u011btr\u00e1n\u00ed. Ne v\u017edy je to v\u0161ak mo\u017en\u00e9 (kdy\u017e m\u00edstnosti nemaj\u00ed okna nebo kdy\u017e je p\u0159\u00edli\u0161 chladno). V takov\u00fdch p\u0159\u00edpadech m\u016f\u017ee b\u00fdt \u0159e\u0161en\u00edm instalace \u010disti\u010dky vzduchu a<strong>\u010didel pro<\/strong> pr\u016fb\u011b\u017en\u00e9<strong>m\u011b\u0159en\u00ed<\/strong> parametr\u016f kvality vzduchu.  <\/p>\n\n\n\n<h3 class=\"wp-block-heading\">Navzdory \u010disti\u010dk\u00e1m vzduchu: st\u00e1le je t\u0159eba v\u011btrat!<\/h3>\n\n\n\n<p>N\u011bkter\u00e9 provozovny se tak\u00e9 rozhodly instalovat <a href=\"https:\/\/obera.fr\/cs\/produits\/purificateurs-air\/antivirove-a-antibakterialni-cisticky-vzduchu-covid-19\/antivirova-cisticka-vzduchu-virbox\/\" data-type=\"page\" data-id=\"4902\">\u010didla CO2,<\/a> kter\u00e1 m\u011b\u0159\u00ed koncentraci CO2 nep\u0159etr\u017eit\u011b a p\u0159i p\u0159ekro\u010den\u00ed doporu\u010den\u00e9 prahov\u00e9 hodnoty spust\u00ed v\u011btr\u00e1n\u00ed.<\/p>\n<\/div>\n\n\n\n<div class=\"wp-block-column is-vertically-aligned-center is-layout-flow wp-block-column-is-layout-flow\" style=\"flex-basis:33.33%\">\n<figure class=\"wp-block-image aligncenter size-full is-resized\"><img decoding=\"async\" src=\"https:\/\/obera.fr\/wp-content\/uploads\/2021\/05\/Sans-titre-20.jpg\" alt=\"V&#x11B;tr&#xE1;n&#xED; m&#xED;stnost&#xED; okny\" class=\"wp-image-5607\" width=\"250\" height=\"250\" srcset=\"https:\/\/obera.fr\/wp-content\/uploads\/2021\/05\/Sans-titre-20.jpg 500w, https:\/\/obera.fr\/wp-content\/uploads\/2021\/05\/Sans-titre-20-300x300.jpg 300w, https:\/\/obera.fr\/wp-content\/uploads\/2021\/05\/Sans-titre-20-150x150.jpg 150w\" sizes=\"(max-width: 250px) 100vw, 250px\" \/><\/figure>\n<\/div>\n<\/div>\n\n<h2 class=\"wp-block-heading\">Z\u00e1bavn\u00fd n\u00e1stroj: modr\u00e1 LED: v\u0161e je v po\u0159\u00e1dku; \u010derven\u00e1 LED: je t\u0159eba v\u011btrat.<\/h2>\n\n<p>\u0158ada u\u010ditelsk\u00fdch odbor\u016f po\u017eaduje instalaci <strong>senzor\u016f CO2, kter\u00e9<\/strong> by pr\u016fb\u011b\u017en\u011b monitorovaly kvalitu ovzdu\u0161\u00ed.<\/p>\n\n<p><strong>Mnoh\u00e9 studie doporu\u010duj\u00ed pou\u017e\u00edvat senzory CO2 v interi\u00e9ru<\/strong>. V tomto ohledu by bylo rozumn\u00e9 pou\u017e\u00edt je zejm\u00e9na ve v\u0161ech u\u010debn\u00e1ch. Tyto m\u011b\u0159ic\u00ed p\u0159\u00edstroje spust\u00ed alarm, kdy\u017e je t\u0159eba interi\u00e9r vyv\u011btrat. Tyto senzory jsou dobr\u00fdm n\u00e1strojem pro zviditeln\u011bn\u00ed kvality vzduchu ve t\u0159\u00edd\u00e1ch:     <\/p>\n\n<blockquote class=\"wp-block-quote is-layout-flow wp-block-quote-is-layout-flow\">\n<p>&#8222;V m\u00edstnostech ukazuj\u00ed, kdy bylo dosa\u017eeno limit\u016f a je t\u0159eba otev\u0159\u00edt okna.&#8220;  <\/p>\n<\/blockquote>\n","protected":false},"excerpt":{"rendered":"<p>Aby se sn\u00ed\u017eilo riziko p\u0159enosu viru Covid-19, vybavila spole\u010dnost OberA u\u010debny, j\u00eddelny a j\u00eddelny mnoha francouzsk\u00fdch \u0161kol a lyce\u00ed!<\/p>\n","protected":false},"author":4,"featured_media":98826,"comment_status":"open","ping_status":"closed","sticky":false,"template":"","format":"standard","meta":{"_acf_changed":false,"_seopress_robots_primary_cat":"none","_seopress_titles_title":"V\u011btr\u00e1n\u00ed a COVID-19: OBERA vybavuje francouzsk\u00e9 st\u0159edn\u00ed \u0161koly!","_seopress_titles_desc":"Spole\u010dnost OberA instaluje ve \u0161kol\u00e1ch syst\u00e9my \u010di\u0161t\u011bn\u00ed vzduchu, kter\u00e9 jsou \u00fa\u010dinn\u00e9 proti vir\u016fm a bakteri\u00edm a chr\u00e1n\u00ed \u017e\u00e1ky i pedagogick\u00fd person\u00e1l.","_seopress_robots_index":"","footnotes":""},"categories":[310],"tags":[113],"class_list":["post-44330","post","type-post","status-publish","format-standard","has-post-thumbnail","hentry","category-nase-rady","tag-entete-male","generate-columns","tablet-grid-50","mobile-grid-100","grid-parent","grid-50","no-featured-image-padding","resize-featured-image"],"acf":[],"_links":{"self":[{"href":"https:\/\/obera.fr\/cs\/wp-json\/wp\/v2\/posts\/44330","targetHints":{"allow":["GET"]}}],"collection":[{"href":"https:\/\/obera.fr\/cs\/wp-json\/wp\/v2\/posts"}],"about":[{"href":"https:\/\/obera.fr\/cs\/wp-json\/wp\/v2\/types\/post"}],"author":[{"embeddable":true,"href":"https:\/\/obera.fr\/cs\/wp-json\/wp\/v2\/users\/4"}],"replies":[{"embeddable":true,"href":"https:\/\/obera.fr\/cs\/wp-json\/wp\/v2\/comments?post=44330"}],"version-history":[{"count":3,"href":"https:\/\/obera.fr\/cs\/wp-json\/wp\/v2\/posts\/44330\/revisions"}],"predecessor-version":[{"id":99082,"href":"https:\/\/obera.fr\/cs\/wp-json\/wp\/v2\/posts\/44330\/revisions\/99082"}],"wp:featuredmedia":[{"embeddable":true,"href":"https:\/\/obera.fr\/cs\/wp-json\/wp\/v2\/media\/98826"}],"wp:attachment":[{"href":"https:\/\/obera.fr\/cs\/wp-json\/wp\/v2\/media?parent=44330"}],"wp:term":[{"taxonomy":"category","embeddable":true,"href":"https:\/\/obera.fr\/cs\/wp-json\/wp\/v2\/categories?post=44330"},{"taxonomy":"post_tag","embeddable":true,"href":"https:\/\/obera.fr\/cs\/wp-json\/wp\/v2\/tags?post=44330"}],"curies":[{"name":"wp","href":"https:\/\/api.w.org\/{rel}","templated":true}]}}