{"id":45485,"date":"2020-11-20T16:36:00","date_gmt":"2020-11-20T14:36:00","guid":{"rendered":"https:\/\/obera.fr\/non-classifiee\/znecisteni-ovzdusi-vliv-na-zdravi\/"},"modified":"2025-05-07T11:06:31","modified_gmt":"2025-05-07T09:06:31","slug":"pollution-air-impact-sante","status":"publish","type":"post","link":"https:\/\/obera.fr\/cs\/nase-rady\/pollution-air-impact-sante\/","title":{"rendered":"Zne\u010di\u0161t\u011bn\u00ed ovzdu\u0161\u00ed: vliv na zdrav\u00ed"},"content":{"rendered":"\n<h2 class=\"wp-block-heading\" id=\"maladies-dues-a-la-qualite-de-l-air\">Nemoci zp\u016fsoben\u00e9 kvalitou ovzdu\u0161\u00ed<\/h2>\n\n<p>Nikdy byste sv\u00e9 d\u00edt\u011b nepodporovali v d\u00fdch\u00e1n\u00ed v\u00fdfukov\u00fdch plyn\u016f! A p\u0159esto, kdy\u017e \u017eijete ve zne\u010di\u0161t\u011bn\u00e9m ovzdu\u0161\u00ed, nev\u011bdomky absorbujete velk\u00e9 mno\u017estv\u00ed \u0161kodliv\u00fdch \u010d\u00e1stic. <\/p>\n\n<p>Prach je \u0161kodliv\u00fd ze sv\u00e9 podstaty, ale tak\u00e9 kv\u016fli sv\u00e9 <a href=\"https:\/\/obera.fr\/cs\/nase-rady\/facteurs-de-risque\/\" data-type=\"post\" data-id=\"1837\" target=\"_blank\" rel=\"noreferrer noopener\">biologick\u00e9 odolnosti<\/a>. Nav\u00edc se \u010d\u00e1stice \u010dasto spojuj\u00ed s chemick\u00fdmi zne\u010di\u0161\u0165uj\u00edc\u00edmi l\u00e1tkami. Ty se zachycuj\u00ed v t\u011ble a mohou potenci\u00e1ln\u011b pronikat p\u0159es alveol\u00e1rn\u00ed sliznice do krevn\u00edho ob\u011bhu.  <\/p>\n\n<p>Prach se skl\u00e1d\u00e1 z fyzik\u00e1ln\u00edch, chemick\u00fdch a biologick\u00fdch zne\u010di\u0161\u0165uj\u00edc\u00edch l\u00e1tek. Tyto zne\u010di\u0161\u0165uj\u00edc\u00ed l\u00e1tky zp\u016fsobuj\u00ed onemocn\u011bn\u00ed spojen\u00e1 s expozic\u00ed jemn\u00fdm \u010d\u00e1stic\u00edm, jako je : <\/p>\n\n<ul class=\"wp-block-list\">\n<li>Astma<\/li>\n\n\n\n<li>Alergie<\/li>\n\n\n\n<li>Bolesti hlavy<\/li>\n\n\n\n<li>nevolnost (zejm\u00e9na v p\u0159\u00edpad\u011b t\u011bkav\u00fdch organick\u00fdch l\u00e1tek).<\/li>\n\n\n\n<li>Podr\u00e1\u017ed\u011bn\u00ed\/z\u00e1n\u011bt d\u00fdchac\u00edch cest<\/li>\n\n\n\n<li>Tracheitida\/bronchitida<\/li>\n\n\n\n<li>Onemocn\u011bn\u00ed d\u00fdchac\u00edch cest<\/li>\n\n\n\n<li>Plicn\u00ed fibr\u00f3za<\/li>\n\n\n\n<li>Rakovina<\/li>\n<\/ul>\n\n<figure class=\"wp-block-image alignwide size-large\"><img decoding=\"async\" width=\"1024\" height=\"368\" src=\"https:\/\/obera.fr\/wp-content\/uploads\/2020\/11\/impact-sante-1024x368.jpg\" alt=\"Impact Sante\" class=\"wp-image-1850\" srcset=\"https:\/\/obera.fr\/wp-content\/uploads\/2020\/11\/impact-sante-1024x368.jpg 1024w, https:\/\/obera.fr\/wp-content\/uploads\/2020\/11\/impact-sante-300x108.jpg 300w, https:\/\/obera.fr\/wp-content\/uploads\/2020\/11\/impact-sante-768x276.jpg 768w, https:\/\/obera.fr\/wp-content\/uploads\/2020\/11\/impact-sante-1536x552.jpg 1536w, https:\/\/obera.fr\/wp-content\/uploads\/2020\/11\/impact-sante.jpg 1920w\" sizes=\"(max-width: 1024px) 100vw, 1024px\" \/><\/figure>\n\n<h2 class=\"wp-block-heading\" id=\"les-maladies-professionnelles-specifiques-a-une-mauvaise-qualite-de-l-air\">Nemoci z povol\u00e1n\u00ed specifick\u00e9 pro \u0161patnou kvalitu ovzdu\u0161\u00ed<\/h2>\n\n<p>V n\u011bkter\u00fdch odv\u011btv\u00edch \u010dinnosti se koncentruj\u00ed specifick\u00e9 nemoci z povol\u00e1n\u00ed. Nejzn\u00e1m\u011bj\u0161\u00ed je rakovina plic u pracovn\u00edk\u016f, kte\u0159\u00ed p\u0159ich\u00e1zej\u00ed do styku s azbestem. <\/p>\n\n<p>Rizika pro organismus z\u00e1vis\u00ed na \u010detnosti expozice, mno\u017estv\u00ed vdechovan\u00fdch \u010d\u00e1stic a jejich povaze.<\/p>\n\n<p>Obecn\u011b lze \u0159\u00edci, \u017ee pokud je hladina prachu PM 2,5 vysok\u00e1, je pravd\u011bpodobn\u00e9, \u017ee rakovinu zp\u016fsob\u00ed jak\u00fdkoli typ \u010d\u00e1stic. Je proto nezbytn\u00e9 p\u0159ijmout vhodn\u00e1 opat\u0159en\u00ed. <\/p>\n","protected":false},"excerpt":{"rendered":"<p>Nikdy byste sv\u00e9 d\u00edt\u011b nepodporovali v d\u00fdch\u00e1n\u00ed v\u00fdfukov\u00fdch plyn\u016f! A p\u0159esto, \u017ee \u017eijete ve zne\u010di\u0161t\u011bn\u00e9m ovzdu\u0161\u00ed, nev\u011bdomky p\u0159ij\u00edm\u00e1te velk\u00e9 mno\u017estv\u00ed \u0161kodliv\u00fdch \u010d\u00e1stic. Jak\u00e9 nemoci zp\u016fsobuje \u0161patn\u00e1 kvalita ovzdu\u0161\u00ed?  <\/p>\n","protected":false},"author":4,"featured_media":82021,"comment_status":"closed","ping_status":"closed","sticky":false,"template":"","format":"standard","meta":{"_acf_changed":false,"_seopress_robots_primary_cat":"none","_seopress_titles_title":"Zne\u010di\u0161t\u011bn\u00ed ovzdu\u0161\u00ed: vliv na zdrav\u00ed","_seopress_titles_desc":"Prach je \u0161kodliv\u00fd ze sv\u00e9 podstaty, ale tak\u00e9 kv\u016fli sv\u00e9 biologick\u00e9 odolnosti. \u010c\u00e1stice se \u010dasto spojuj\u00ed s chemick\u00fdmi zne\u010di\u0161\u0165uj\u00edc\u00edmi l\u00e1tkami. ","_seopress_robots_index":"","footnotes":""},"categories":[310],"tags":[],"class_list":["post-45485","post","type-post","status-publish","format-standard","has-post-thumbnail","hentry","category-nase-rady","generate-columns","tablet-grid-50","mobile-grid-100","grid-parent","grid-50","no-featured-image-padding","resize-featured-image"],"acf":[],"_links":{"self":[{"href":"https:\/\/obera.fr\/cs\/wp-json\/wp\/v2\/posts\/45485","targetHints":{"allow":["GET"]}}],"collection":[{"href":"https:\/\/obera.fr\/cs\/wp-json\/wp\/v2\/posts"}],"about":[{"href":"https:\/\/obera.fr\/cs\/wp-json\/wp\/v2\/types\/post"}],"author":[{"embeddable":true,"href":"https:\/\/obera.fr\/cs\/wp-json\/wp\/v2\/users\/4"}],"replies":[{"embeddable":true,"href":"https:\/\/obera.fr\/cs\/wp-json\/wp\/v2\/comments?post=45485"}],"version-history":[{"count":3,"href":"https:\/\/obera.fr\/cs\/wp-json\/wp\/v2\/posts\/45485\/revisions"}],"predecessor-version":[{"id":99690,"href":"https:\/\/obera.fr\/cs\/wp-json\/wp\/v2\/posts\/45485\/revisions\/99690"}],"wp:featuredmedia":[{"embeddable":true,"href":"https:\/\/obera.fr\/cs\/wp-json\/wp\/v2\/media\/82021"}],"wp:attachment":[{"href":"https:\/\/obera.fr\/cs\/wp-json\/wp\/v2\/media?parent=45485"}],"wp:term":[{"taxonomy":"category","embeddable":true,"href":"https:\/\/obera.fr\/cs\/wp-json\/wp\/v2\/categories?post=45485"},{"taxonomy":"post_tag","embeddable":true,"href":"https:\/\/obera.fr\/cs\/wp-json\/wp\/v2\/tags?post=45485"}],"curies":[{"name":"wp","href":"https:\/\/api.w.org\/{rel}","templated":true}]}}