{"id":67452,"date":"2021-09-04T19:00:00","date_gmt":"2021-09-04T17:00:00","guid":{"rendered":"https:\/\/obera.fr\/nase-rada\/purificateurs-air-efficaces-coronavirus\/"},"modified":"2025-05-07T08:58:13","modified_gmt":"2025-05-07T06:58:13","slug":"purificateurs-air-efficaces-coronavirus","status":"publish","type":"post","link":"https:\/\/obera.fr\/cs\/nase-rady\/purificateurs-air-efficaces-coronavirus\/","title":{"rendered":"Pr\u016fvodce \u00fa\u010dinnost\u00ed \u010disti\u010dek vzduchu proti vir\u016fm, COVID-19, koronavir\u016fm a bakteri\u00edm"},"content":{"rendered":"\n<p><strong> Virus COVID-19 <\/strong>se ve<strong> Francii <\/strong>objevil na konci roku 2019 a nezd\u00e1 se, \u017ee by m\u011bl zmizet. Objevuj\u00ed se tak\u00e9 varianty viru SARS-CoV-2, nap\u0159\u00edklad Omicron. V reakci na \u0161\u00ed\u0159en\u00ed tohoto viru SARS-CoV-2 je nezbytn\u00e9 za ka\u017edou cenu p\u0159eru\u0161it \u0159et\u011bzce p\u0159enosu. V s\u00e1zce je zdrav\u00ed v\u0161ech lid\u00ed, v krajn\u00edm p\u0159\u00edpad\u011b i \u017eivoty n\u011bkter\u00fdch osob. Riziko n\u00e1kazy v pr\u00e1ci, ve \u0161kole, ve ve\u0159ejn\u00fdch budov\u00e1ch a obecn\u011b na v\u0161ech m\u00edstech p\u0159\u00edstupn\u00fdch ve\u0159ejnosti je zna\u010dn\u00e9.      <\/p>\n\n<p>N\u00e1\u0161 pr\u016fvodce se zab\u00fdv\u00e1<strong> \u0159e\u0161en\u00edmi spole\u010dnosti OBERA pro regulaci a \u010di\u0161t\u011bn\u00ed vzduchu<\/strong>. Zajist\u011bte zdrav\u00ed a bezpe\u010dnost sv\u00fdch prostor a nab\u00eddn\u011bte sv\u00fdm z\u00e1kazn\u00edk\u016fm a zam\u011bstnanc\u016fm vy\u010di\u0161t\u011bn\u00fd vzduch pomoc\u00ed \u010disti\u010dky vzduchu, kter\u00e1 je \u00fa\u010dinn\u00e1 proti COVID-19. <\/p>\n\n\n<h2 class=\"wp-block-heading\">Jak m\u016f\u017eete vy\u010distit vzduch ve firemn\u00edch prostor\u00e1ch a na ve\u0159ejn\u00fdch m\u00edstech od vir\u016f a bakteri\u00ed?<\/h2>\n\n<div class=\"wp-block-columns is-layout-flex wp-container-core-columns-is-layout-28f84493 wp-block-columns-is-layout-flex\">\n<div class=\"wp-block-column is-layout-flow wp-block-column-is-layout-flow\" style=\"flex-basis:45%\">\n<p>\u00da\u010dinn\u00e1 v\u00fdm\u011bna vzduchu sni\u017euje koncentraci aerosol\u016f v m\u00edstnostech. <strong>Odborn\u00edci doporu\u010duj\u00ed pravideln\u00e9 a intenzivn\u00ed v\u011btr\u00e1n\u00ed <\/strong>, aby se sn\u00ed\u017eilo riziko p\u0159enosu vir\u016f a bakteri\u00ed v m\u00edstnosti.  <\/p>\n\n\n\n<p>Ne v\u0161echny vnit\u0159n\u00ed prostory v\u0161ak maj\u00ed dostate\u010dn\u00e9 v\u011btr\u00e1n\u00ed. To je p\u0159\u00edpad n\u011bkter\u00fdch kancel\u00e1\u0159\u00ed, konferen\u010dn\u00edch m\u00edstnost\u00ed, u\u010deben, obchod\u016f, d\u00edlen a sklad\u016f. <\/p>\n\n\n\n<p><a href=\"https:\/\/obera.fr\/conseils\/purifier-air-contre-covid-locaux-entreprise-tertiaires\/\" data-type=\"post\" data-id=\"6745\">\u010cisti\u010dky vzduchu OBERA jsou <strong>ide\u00e1ln\u00edm \u0159e\u0161en\u00edm \u00fapravy vzduchu v uzav\u0159en\u00fdch nebo \u0161patn\u011b v\u011btran\u00fdch prostor\u00e1ch<\/strong><\/a>.<\/p>\n\n\n\n<p>Pou\u017eit\u00ed \u010disti\u010dky vzduchu COVID-19 je nicm\u00e9n\u011b velmi u\u017eite\u010dn\u00e9 v m\u00edstnostech s okny. Pouh\u00e9 otev\u0159en\u00ed oken zaji\u0161\u0165uje pouze \u010d\u00e1ste\u010dn\u00e9 v\u011btr\u00e1n\u00ed. V zim\u011b to nav\u00edc zp\u016fsobuje rychl\u00fd pokles teploty v m\u00edstnosti.    <\/p>\n\n\n\n<p><strong>Pouze nucen\u00e9 v\u011btr\u00e1n\u00ed s \u010disti\u010dkou vzduchu COVID-19<\/strong> zaru\u010duje \u00fa\u010dinnou dekontaminaci okoln\u00edho vzduchu. Takto filtrovan\u00fd vzduch je o\u010di\u0161t\u011bn od v\u011bt\u0161iny vir\u016f a bakteri\u00ed. <\/p>\n<\/div>\n\n\n\n<div class=\"wp-block-column is-layout-flow wp-block-column-is-layout-flow\" style=\"flex-basis:55%\">\n<figure class=\"wp-block-embed is-type-video is-provider-youtube wp-block-embed-youtube wp-embed-aspect-4-3 wp-has-aspect-ratio\"><div class=\"wp-block-embed__wrapper\">\nhttps:\/\/www.youtube.com\/watch?v=A6eb1_zlk6g\n<\/div><\/figure>\n<\/div>\n<\/div>\n\n<h2 class=\"wp-block-heading\">M\u016f\u017ee m\u011b\u0159en\u00ed hladiny CO2 pomoc\u00ed senzoru CO2 pomoci zabr\u00e1nit p\u0159enosu COVID-19?<\/h2>\n\n<figure class=\"wp-block-image alignright size-full\"><img decoding=\"async\" width=\"300\" height=\"212\" src=\"https:\/\/obera.fr\/wp-content\/uploads\/2021\/11\/Capteur_CO2_OBCARE.png\" alt=\"obcare co2 senzor\" class=\"wp-image-7611\"\/><figcaption class=\"wp-element-caption\">Senzor CO2 OBCARE<\/figcaption><\/figure>\n\n<p>Vysok\u00e1 hladina CO2 (oxidu uhli\u010dit\u00e9ho) v okoln\u00edm vzduchu znamen\u00e1 vysok\u00e9 riziko p\u0159enosu vir\u016f a bakteri\u00ed. <strong>P\u0159i d\u00fdch\u00e1n\u00ed vyplivujeme CO2 a vzduch vylu\u010dovan\u00fd pl\u00edcemi je zat\u00ed\u017een aerosoly<\/strong>. Tyto aerosoly mohou b\u00fdt v na\u0161em d\u00fdchac\u00edm \u00fastroj\u00ed infikov\u00e1ny viry a bakteriemi. Vzhledem k tomu, \u017ee z\u016fst\u00e1vaj\u00ed suspendov\u00e1ny v okoln\u00edm vzduchu, je riziko p\u0159enosu viru COVID-19 zna\u010dn\u00e9.  <\/p>\n\n<p>M\u011b\u0159en\u00ed hladiny CO2 v okoln\u00edm vzduchu je dobr\u00fdm ukazatelem mno\u017estv\u00ed spot\u0159ebovan\u00e9ho, a tedy potenci\u00e1ln\u011b kontaminovan\u00e9ho vzduchu. <a href=\"https:\/\/obera.fr\/conseils\/mesure-capteur-co2-lutter-contre-transmission-virus-covid-19\/\">Pe\u010dliv\u011b um\u00edst\u011bn\u00fd sn\u00edma\u010d CO2<\/a> uk\u00e1\u017ee m\u00edru rizika p\u0159enosu patogen\u016f d\u00fdch\u00e1n\u00edm.<strong> Pro va\u0161e zdrav\u00ed je proto d\u016fle\u017eit\u00e9 sledovat hladinu CO2 v m\u00edstnosti.<\/strong><\/p>\n\n<h2 class=\"wp-block-heading\">Co se m\u016f\u017eeme nau\u010dit ze studia vzduchu v boji proti p\u0159enosu COVID-19?<\/h2>\n\n<p>V sou\u010dasn\u00e9 dob\u011b nen\u00ed mo\u017en\u00e9 snadno a p\u0159esn\u011b zm\u011b\u0159it obsah COVID-19 v ovzdu\u0161\u00ed. M\u011b\u0159en\u00ed hladiny CO2 naproti tomu ud\u00e1v\u00e1 procentu\u00e1ln\u00ed pod\u00edl vydechovan\u00e9ho vzduchu v okoln\u00edm ovzdu\u0161\u00ed. <strong>Koncentrace CO2 1 200 ppm (parts per million) znamen\u00e1, \u017ee t\u00e9m\u011b\u0159 2 % vzduchu v m\u00edstnosti bylo vydechnuto<\/strong>. \u010c\u00edm vy\u0161\u0161\u00ed je hladina CO2 v m\u00edstnosti, t\u00edm v\u00edce vzduchu bylo &#8222;vdechnuto&#8220; a t\u00edm v\u00edce je potenci\u00e1ln\u011b kontaminov\u00e1n viry a bakteriemi.  <\/p>\n\n<p>Francouzsko-italsk\u00fd v\u011bdeck\u00fd t\u00fdm nav\u00edc zjistil <strong>silnou afinitu mezi SARS-CoV-2 a \u010d\u00e1sticemi zne\u010di\u0161t\u011bn\u00ed<\/strong>. Virus COVID nach\u00e1z\u00ed v t\u011bchto \u010d\u00e1stic\u00edch dokonal\u00e9ho hostitele. Ty ho p\u0159en\u00e1\u0161ej\u00ed a chr\u00e1n\u00ed p\u0159ed UV z\u00e1\u0159en\u00edm, \u010d\u00edm\u017e prodlu\u017euj\u00ed jeho \u017eivotnost.    <a href=\"https:\/\/obera.fr\/conseils\/etude-de-l-air-lutte-contre-le-covid\/\">Byla proto zji\u0161t\u011bna souvislost mezi \u0161patnou kvalitou ovzdu\u0161\u00ed a p\u0159enosem COVID-19.<\/a><\/p>\n\n<h2 class=\"wp-block-heading\">Na\u0161e \u010disti\u010dky vzduchu maj\u00ed 99,5% \u00fa\u010dinnost proti COVID-19. Porovnejte p\u0159ed n\u00e1kupem! <\/h2>\n\n<div class=\"wp-block-columns is-layout-flex wp-container-core-columns-is-layout-28f84493 wp-block-columns-is-layout-flex\">\n<div class=\"wp-block-column is-layout-flow wp-block-column-is-layout-flow\" style=\"flex-basis:50%\">\n<p><strong>\u010cisti\u010dky vzduchu OBERA \u00fa\u010dinn\u011b \u010dist\u00ed vzduch<\/strong> a zachycuj\u00ed viry a bakterie. Pomoc\u00ed vysoce \u00fa\u010dinn\u00fdch filtr\u016f HEPA dekontaminuj\u00ed m\u00edstnosti o rozloze 10 a\u017e 1000 m\u00b2. Jedna \u010disti\u010dka vzduchu vy\u010dist\u00ed doporu\u010den\u00fd ekvivalent 4 a\u017e 6 v\u00fdm\u011bn vzduchu v m\u00edstnosti za hodinu.  <\/p>\n<\/div>\n\n\n\n<div class=\"wp-block-column is-layout-flow wp-block-column-is-layout-flow\" style=\"flex-basis:50%\">\n<p><strong>\u010cisti\u010dky vzduchu COVID-19<\/strong> upravuj\u00ed vyd\u00fdchan\u00fd vzduch pomoc\u00ed vysoce \u00fa\u010dinn\u00e9ho filtru HEPA, certifikovan\u00e9ho podle normy EN 1822 (EPA E11 a\u017e HEPA 14 Medical v z\u00e1vislosti na konfiguraci). Mobiln\u00ed \u010disti\u010dka vzduchu \u00fa\u010dinn\u011b odfiltruje a\u017e 99,995 % aerosolov\u00fdch vir\u016f.   <\/p>\n<\/div>\n<\/div>\n\n<div class=\"wp-block-buttons is-horizontal is-content-justification-center is-layout-flex wp-container-core-buttons-is-layout-03627597 wp-block-buttons-is-layout-flex\">\n<div class=\"wp-block-button\"><a class=\"wp-block-button__link wp-element-button\" href=\"https:\/\/obera.fr\/conseils\/comparer-prix-achat-purificateurs-air-anti-virus-covid-19\/\">Porovnejte na\u0161e modely s modely COVID p\u0159ed n\u00e1kupem<\/a><\/div>\n<\/div>\n\n<hr class=\"wp-block-separator has-css-opacity\"\/>\n\n<h3 class=\"wp-block-heading\">Objevte na\u0161i \u0159adu \u010disti\u010dek vzduchu COVID-19<\/h3>\n\n<p>Obnova vnit\u0159n\u00edho vzduchu 5kr\u00e1t za hodinu podle doporu\u010den\u00ed HCSP (Haut Conseil de la Sant\u00e9 Publique) zaru\u010duje zdrav\u00fd vzduch v m\u00edstnosti. <strong>Va\u0161e prostory lze proto pou\u017e\u00edvat i p\u0159es v\u00fdskyt viru SARS-CoV-2 a jeho variant<\/strong>. Vyberte si<a href=\"https:\/\/obera.fr\/cs\/produits\/purificateurs-air\/antivirove-a-antibakterialni-cisticky-vzduchu-covid-19\/\"> model \u010disti\u010dky vzduchu COVID-19 <\/a>s \u00farovn\u00ed v\u00fdkonu odpov\u00eddaj\u00edc\u00ed o\u0161et\u0159ovan\u00e9mu prostoru: <\/p>\n\n<div class=\"wp-block-columns are-vertically-aligned-top is-layout-flex wp-container-core-columns-is-layout-28f84493 wp-block-columns-is-layout-flex\">\n<div class=\"wp-block-column is-vertically-aligned-top is-layout-flow wp-block-column-is-layout-flow\" style=\"flex-basis:33.33%\">\n<figure class=\"wp-block-image aligncenter size-thumbnail\"><a href=\"https:\/\/obera.fr\/cs\/produits\/purificateurs-air\/industriel-epur\/\"><img decoding=\"async\" width=\"150\" height=\"150\" src=\"https:\/\/obera.fr\/wp-content\/uploads\/2020\/09\/gamme-epur-150x150.jpg\" alt=\"ePUR oberA range\" class=\"wp-image-1016\" srcset=\"https:\/\/obera.fr\/wp-content\/uploads\/2020\/09\/gamme-epur-150x150.jpg 150w, https:\/\/obera.fr\/wp-content\/uploads\/2020\/09\/gamme-epur-300x300.jpg 300w, https:\/\/obera.fr\/wp-content\/uploads\/2020\/09\/gamme-epur.jpg 350w\" sizes=\"(max-width: 150px) 100vw, 150px\" \/><\/a><figcaption class=\"wp-element-caption\">ePUR oberA range<\/figcaption><\/figure>\n\n\n\n<p>ePUR05, kter\u00fd filtruje vzduch v prostor\u00e1ch do 60 m\u00b2 s pr\u016ftokem nastaviteln\u00fdm od 0 do 100 %. ePUR 30, kter\u00fd je schopen o\u0161et\u0159it m\u00edstnosti o rozloze a\u017e 400 m\u00b2, s pr\u016ftokem nastaviteln\u00fdm od 0 do 100 %. A kone\u010dn\u011b ePUR 100, kter\u00fd je schopen o\u0161et\u0159it m\u00edstnosti o rozloze a\u017e 700 m\u00b2 a jeho\u017e pr\u016ftok lze nastavit v rozmez\u00ed 0 a\u017e 100 %; <\/p>\n<\/div>\n\n\n\n<div class=\"wp-block-column is-vertically-aligned-top is-layout-flow wp-block-column-is-layout-flow\" style=\"flex-basis:33.33%\">\n<figure class=\"wp-block-image aligncenter size-large\"><a href=\"https:\/\/obera.fr\/cs\/produits\/purificateurs-air\/epur-b01-cisticka-vzduchu-ecoprime-na-prach\/\"><img decoding=\"async\" width=\"150\" height=\"150\" src=\"https:\/\/obera.fr\/wp-content\/uploads\/2020\/09\/epur-b01-ecoprime-150x150-1.png\" alt=\"Odlu&#x10D;ova&#x10D; prachu - vzduch\" class=\"wp-image-1007\"\/><\/a><figcaption class=\"wp-element-caption\">Epur B01 Ecoprime<\/figcaption><\/figure>\n\n\n\n<p class=\"has-text-align-center\">EcoPrime, pro m\u00edstnosti do 20 m\u00b2, pr\u016ftok nastaviteln\u00fd od 0 do 100 %.<\/p>\n<\/div>\n\n\n\n<div class=\"wp-block-column is-vertically-aligned-top is-layout-flow wp-block-column-is-layout-flow\" style=\"flex-basis:33.33%\">\n<figure class=\"wp-block-image aligncenter size-thumbnail\"><a href=\"https:\/\/obera.fr\/cs\/produits\/purificateurs-air\/antivirove-a-antibakterialni-cisticky-vzduchu-covid-19\/antivirova-cisticka-vzduchu-virbox\/\"><img decoding=\"async\" width=\"150\" height=\"150\" src=\"https:\/\/obera.fr\/wp-content\/uploads\/2021\/04\/Virbox_2021-removebg-preview-150x150.png\" alt=\"virbox 2021 removebg n&#xE1;hled\" class=\"wp-image-5383\" srcset=\"https:\/\/obera.fr\/wp-content\/uploads\/2021\/04\/Virbox_2021-removebg-preview-150x150.png 150w, https:\/\/obera.fr\/wp-content\/uploads\/2021\/04\/Virbox_2021-removebg-preview.png 300w\" sizes=\"(max-width: 150px) 100vw, 150px\" \/><\/a><figcaption class=\"wp-element-caption\">VIRBOX<\/figcaption><\/figure>\n\n\n\n<p class=\"has-text-align-center\">Virbox 750 a 1500, vhodn\u00e9 pro prostory od 200 do 400 m\u00b2, voliteln\u00fd senzor<sub>CO2<\/sub>, pr\u016ftok nastaviteln\u00fd od 0 do 100 %.<\/p>\n<\/div>\n<\/div>\n\n<p><strong>Jednotky lze snadno instalovat ve va\u0161ich prostor\u00e1ch<\/strong> bez nutnosti n\u00e1ro\u010dn\u00e9 instalace nebo rozvod\u016f. Jakmile uvedete \u010disti\u010dku vzduchu COVID-19 do provozu, budete d\u00fdchat kvalitn\u00ed vzduch, filtrovan\u00fd a o\u010di\u0161t\u011bn\u00fd od vir\u016f a bakteri\u00ed. <\/p>\n\n<h3 class=\"wp-block-heading\">Jak funguje syst\u00e9m \u010disti\u010dky vzduchu OBERA COVID-19<\/h3>\n\n<p>\u010cisti\u010dky vzduchu maj\u00ed syst\u00e9m pro filtrov\u00e1n\u00ed okoln\u00edho vzduchu. Suspendovan\u00e9 \u010d\u00e1stice a aerosoly, viry a bakterie se vzn\u00e1\u0161ej\u00ed ve vzduchu dlouh\u00e9 hodiny. Nakonec se shlukuj\u00ed, padaj\u00ed na podlahu nebo se usazuj\u00ed na n\u00e1bytku. <strong>\u010cisti\u010dky vzduchu zachycuj\u00ed zne\u010di\u0161t\u011bn\u00fd vzduch nad nimi<\/strong>. Nas\u00e1van\u00fd vzduch je pak v z\u00e1vislosti na spot\u0159ebi\u010di filtrov\u00e1n pomoc\u00ed vysoce \u00fa\u010dinn\u00fdch filtr\u016f \u010d\u00e1stic. Po dekontaminaci se vzduch vrac\u00ed do m\u00edstnosti zbaven\u00fd \u010d\u00e1stic, kter\u00e9 by mohly p\u0159en\u00e1\u0161et viry nebo bakterie. Va\u0161e m\u00edstnost t\u011b\u017e\u00ed z \u00fa\u010dinnosti nep\u0159etr\u017eit\u00e9 obnovy vzduchu v m\u00edstnosti.     <\/p>\n\n<h2 class=\"wp-block-heading\">\u010cisti\u010dka vzduchu H14 VIRBOX, nejlep\u0161\u00ed zbra\u0148 spole\u010dnosti OBERA proti koronavir\u016fm<\/h2>\n\n<p><a href=\"https:\/\/obera.fr\/cs\/produits\/purificateurs-air\/antivirove-a-antibakterialni-cisticky-vzduchu-covid-19\/antivirova-cisticka-vzduchu-virbox\/\">Virbox je \u010disti\u010dka vzduchu COVID-19<\/a> speci\u00e1ln\u011b navr\u017een\u00e1 k o\u0161et\u0159en\u00ed vir\u016f. Z hlediska v\u00fdkonu <strong>filtruje nejm\u00e9n\u011b 99,995 % vir\u016f a bakteri\u00ed z okoln\u00edho vzduchu<\/strong>. Snadno se pohybuje z m\u00edstnosti do m\u00edstnosti, a to i p\u0159es dve\u0159e. Je multifunk\u010dn\u00ed, lze ji pou\u017e\u00edt i jako komunika\u010dn\u00ed prost\u0159edek.   <\/p>\n\n<h3 class=\"wp-block-heading\">Koncepce v\u011btr\u00e1n\u00ed s \u010disti\u010dkou nebo bez n\u00ed<\/h3>\n\n<figure class=\"wp-block-gallery has-nested-images columns-default is-cropped wp-block-gallery-1 is-layout-flex wp-block-gallery-is-layout-flex\">\n<figure class=\"wp-block-image size-large\"><img decoding=\"async\" width=\"480\" height=\"270\" data-id=\"2081\" src=\"https:\/\/obera.fr\/wp-content\/uploads\/2020\/11\/obera-covid-0001.jpg\" alt=\"Koncepce v&#x11B;tr&#xE1;n&#xED; s &#x10D;isti&#x10D;kou nebo bez n&#xED;\" class=\"wp-image-2081\" srcset=\"https:\/\/obera.fr\/wp-content\/uploads\/2020\/11\/obera-covid-0001.jpg 480w, https:\/\/obera.fr\/wp-content\/uploads\/2020\/11\/obera-covid-0001-300x169.jpg 300w\" sizes=\"(max-width: 480px) 100vw, 480px\" \/><figcaption class=\"wp-element-caption\">Koncepce v\u011btr\u00e1n\u00ed s \u010disti\u010dkou<\/figcaption><\/figure>\n\n\n\n<figure class=\"wp-block-image size-large\"><img decoding=\"async\" width=\"480\" height=\"271\" data-id=\"2080\" src=\"https:\/\/obera.fr\/wp-content\/uploads\/2020\/11\/obera-covid-0002.jpg\" alt=\"Koncepce v&#x11B;tr&#xE1;n&#xED; s &#x10D;isti&#x10D;kou nebo bez n&#xED;\" class=\"wp-image-2080\" srcset=\"https:\/\/obera.fr\/wp-content\/uploads\/2020\/11\/obera-covid-0002.jpg 480w, https:\/\/obera.fr\/wp-content\/uploads\/2020\/11\/obera-covid-0002-300x169.jpg 300w\" sizes=\"(max-width: 480px) 100vw, 480px\" \/><figcaption class=\"wp-element-caption\">Koncepce v\u011btr\u00e1n\u00ed bez \u010disti\u010dky  <\/figcaption><\/figure>\n<\/figure>\n\n<p>Pomoc\u00ed \u010disti\u010dky OBERA lze aerosoly zachytit a filtrovat mnohem bl\u00ed\u017ee m\u00edstu jejich vzniku. Za t\u00edmto \u00fa\u010delem nas\u00e1v\u00e1 horn\u00ed \u010d\u00e1st za\u0159\u00edzen\u00ed aerosoly p\u0159esn\u011b ve v\u00fd\u0161ce, ve kter\u00e9 je lid\u00e9 vypou\u0161t\u011bj\u00ed. <\/p>\n\n<h2 class=\"wp-block-heading\">Jak zajistit bezpe\u010dnost proti koronavir\u016fm v jesl\u00edch, \u0161kolk\u00e1ch, \u0161kol\u00e1ch a na vysok\u00fdch \u0161kol\u00e1ch?<\/h2>\n\n<div class=\"wp-block-columns is-layout-flex wp-container-core-columns-is-layout-28f84493 wp-block-columns-is-layout-flex\">\n<div class=\"wp-block-column is-layout-flow wp-block-column-is-layout-flow\" style=\"flex-basis:50%\">\n<p>D\u011bti a dosp\u00edvaj\u00edc\u00ed jsou v\u016f\u010di COVID-19 odoln\u011bj\u0161\u00ed, ale jsou vektorem p\u0159enosu. Ka\u017ed\u00e9 d\u00edt\u011b nebo dosp\u00edvaj\u00edc\u00ed p\u0159ich\u00e1z\u00ed denn\u011b do kontaktu s des\u00edtkami kamar\u00e1d\u016f, ne\u017e se vr\u00e1t\u00ed dom\u016f. <strong>Prosazov\u00e1n\u00ed bari\u00e9rov\u00fdch opat\u0159en\u00ed<\/strong> ve \u0161kol\u00e1ch, zejm\u00e9na u nejmen\u0161\u00edch d\u011bt\u00ed, <strong>je skute\u010dn\u011b obt\u00ed\u017en\u00e9<\/strong>. Pokud dojde ke kontaminaci ve \u0161kole, p\u0159edstavuje to riziko p\u0159enosu na rodi\u010de, sourozence a prarodi\u010de doty\u010dn\u00e9ho d\u00edt\u011bte. Kvalita takto vy\u010di\u0161t\u011bn\u00e9ho vzduchu ochr\u00e1n\u00ed zdrav\u00ed \u017e\u00e1k\u016f.   <\/p>\n<\/div>\n\n\n\n<div class=\"wp-block-column is-layout-flow wp-block-column-is-layout-flow\" style=\"flex-basis:50%\">\n<p><a href=\"https:\/\/obera.fr\/conseils\/purificateurs-d-air-contre-covid-19-creches-maternelles-ecoles-colleges-lycees\/\">Instalace \u010disti\u010dek vzduchu COVID-19 ve t\u0159\u00edd\u011b<\/a> nebo v refekt\u00e1\u0159i nab\u00edz\u00ed skute\u010dnou p\u0159\u00edle\u017eitost p\u0159eru\u0161it \u0159et\u011bzce p\u0159enosu. V podstat\u011b se jedn\u00e1 o uzav\u0159en\u00e9 prostory, kde nen\u00ed v\u017edy dostate\u010dn\u00e9 v\u011btr\u00e1n\u00ed.<strong> \u00darove\u0148 koncentrace SARS-CoV-2 ve vzduchu proto m\u016f\u017ee b\u00fdt vysok\u00e1<\/strong>. \u010cisti\u010dka vzduchu COVID-19 p\u0159edstavuje \u00fa\u010dinn\u00fd zp\u016fsob filtrace okoln\u00edho vzduchu.  <\/p>\n<\/div>\n<\/div>\n\n<figure class=\"wp-block-image aligncenter size-large\"><img decoding=\"async\" width=\"1024\" height=\"768\" src=\"https:\/\/obera.fr\/wp-content\/uploads\/2021\/05\/image_ecole-covid-1024x768.jpg\" alt=\"ventilace covid school\" class=\"wp-image-5610\" srcset=\"https:\/\/obera.fr\/wp-content\/uploads\/2021\/05\/image_ecole-covid-1024x768.jpg 1024w, https:\/\/obera.fr\/wp-content\/uploads\/2021\/05\/image_ecole-covid-300x225.jpg 300w, https:\/\/obera.fr\/wp-content\/uploads\/2021\/05\/image_ecole-covid-768x576.jpg 768w, https:\/\/obera.fr\/wp-content\/uploads\/2021\/05\/image_ecole-covid-1536x1152.jpg 1536w, https:\/\/obera.fr\/wp-content\/uploads\/2021\/05\/image_ecole-covid.jpg 2016w\" sizes=\"(max-width: 1024px) 100vw, 1024px\" \/><figcaption class=\"wp-element-caption\">V\u011btr\u00e1n\u00ed ve t\u0159\u00edd\u011b<\/figcaption><\/figure>\n\n<h2 class=\"wp-block-heading\">Coronovirus a CHR: Jak se s COVID-19 zach\u00e1z\u00ed v kav\u00e1rn\u00e1ch, hotelech a restaurac\u00edch?<\/h2>\n\n<p>Znovuotev\u0159en\u00ed kav\u00e1ren a restaurac\u00ed ve Francii pot\u011b\u0161ilo mnoh\u00e9. <strong>Jedn\u00e1 se<\/strong> v\u0161ak <strong>o m\u00edsta s vysok\u00fdm rizikem p\u0159enosu koronaviru aerosolem<\/strong>. V\u011btr\u00e1n\u00ed nen\u00ed snadn\u00e9 a sed\u00edc\u00ed z\u00e1kazn\u00edci nenos\u00ed rou\u0161ky. Jedn\u00e1 se v podstat\u011b o spole\u010densk\u00e1 m\u00edsta, kde voln\u011b prob\u00edhaj\u00ed diskuse a fyzick\u00e1 distance je ne\u00fa\u010dinn\u00e1. P\u0159i ka\u0161li nebo pouh\u00e9m rozhovoru osoba nesouc\u00ed virus SARS-Cov-2 vypou\u0161t\u00ed kap\u00e9nky slin. Tyto kontaminovan\u00e9 aerosoly se dlouh\u00e9 hodiny voln\u011b vzn\u00e1\u0161ej\u00ed v okoln\u00edm vzduchu m\u00edstnosti.     <\/p>\n\n<p><a href=\"https:\/\/obera.fr\/cs\/nase-rady\/le-covid-19-et-la-restauration\/\">Pouze \u010disti\u010dka vzduchu COVID-19 v m\u00edstnosti<\/a> m\u016f\u017ee zajistit <strong>\u00fa\u010dinnou dekontaminaci a v\u00fdrazn\u011b sn\u00ed\u017eit hladinu koronavir\u016f<\/strong> v okoln\u00edm vzduchu. Lze namontovat \u010didlo CO2, kter\u00e9 indikuje, kdy je t\u0159eba vzduch vym\u011bnit. Kombinac\u00ed vysoce \u00fa\u010dinn\u00e9 filtrace, p\u0159irozen\u00e9 ventilace a vzd\u00e1lenosti v\u00fdrazn\u011b minimalizujete riziko p\u0159enosu vir\u016f a bakteri\u00ed. Chra\u0148te zdrav\u00ed sv\u00fdch z\u00e1kazn\u00edk\u016f a zam\u011bstnanc\u016f pomoc\u00ed \u010disti\u010dky vzduchu COVID-19.   <\/p>\n\n<div class=\"wp-block-buttons is-horizontal is-content-justification-center is-layout-flex wp-container-core-buttons-is-layout-03627597 wp-block-buttons-is-layout-flex\">\n<div class=\"wp-block-button\"><a class=\"wp-block-button__link wp-element-button\" href=\"https:\/\/obera.fr\/cs\/contact\/\">Kontaktujte n\u00e1s pro v\u00edce informac\u00ed<\/a><\/div>\n<\/div>\n\n<p>Pod\u00edvejte se tak\u00e9 na str\u00e1nku<a href=\"https:\/\/obera.fr\/cs\/ils-parlent-de-nous-presse-media\/\" data-type=\"page\" data-id=\"8386\">&#8222;Mluv\u00ed o n\u00e1s&#8220;<\/a>, kde najdete \u010dl\u00e1nky z tisku a videa z na\u0161ich televizn\u00edch vystoupen\u00ed.<\/p>\n","protected":false},"excerpt":{"rendered":"<p>N\u00e1\u0161 pr\u016fvodce se zab\u00fdv\u00e1 \u0159e\u0161en\u00edmi spole\u010dnosti OberA pro regulaci a \u010di\u0161t\u011bn\u00ed vzduchu. Zajist\u011bte zdrav\u00ed a bezpe\u010dnost sv\u00fdch prostor a nab\u00eddn\u011bte sv\u00fdm z\u00e1kazn\u00edk\u016fm a zam\u011bstnanc\u016fm vy\u010di\u0161t\u011bn\u00fd vzduch pomoc\u00ed \u010disti\u010dky vzduchu \u00fa\u010dinn\u00e9 proti COVID-19. <\/p>\n","protected":false},"author":4,"featured_media":97549,"comment_status":"open","ping_status":"closed","sticky":false,"template":"","format":"standard","meta":{"_acf_changed":false,"_seopress_robots_primary_cat":"none","_seopress_titles_title":"Guide des meilleurs purificateurs d'air contre le Covid-19","_seopress_titles_desc":"Le guide pour assurer la s\u00e9curit\u00e9 sanitaire de vos locaux, professionnels ou \u00e0 l'\u00e9cole, avec un purificateur d\u2019air efficace contre le COVID-19","_seopress_robots_index":"","footnotes":""},"categories":[310],"tags":[113],"class_list":["post-67452","post","type-post","status-publish","format-standard","has-post-thumbnail","hentry","category-nase-rady","tag-entete-male","generate-columns","tablet-grid-50","mobile-grid-100","grid-parent","grid-50","no-featured-image-padding","resize-featured-image"],"acf":[],"_links":{"self":[{"href":"https:\/\/obera.fr\/cs\/wp-json\/wp\/v2\/posts\/67452","targetHints":{"allow":["GET"]}}],"collection":[{"href":"https:\/\/obera.fr\/cs\/wp-json\/wp\/v2\/posts"}],"about":[{"href":"https:\/\/obera.fr\/cs\/wp-json\/wp\/v2\/types\/post"}],"author":[{"embeddable":true,"href":"https:\/\/obera.fr\/cs\/wp-json\/wp\/v2\/users\/4"}],"replies":[{"embeddable":true,"href":"https:\/\/obera.fr\/cs\/wp-json\/wp\/v2\/comments?post=67452"}],"version-history":[{"count":2,"href":"https:\/\/obera.fr\/cs\/wp-json\/wp\/v2\/posts\/67452\/revisions"}],"predecessor-version":[{"id":97595,"href":"https:\/\/obera.fr\/cs\/wp-json\/wp\/v2\/posts\/67452\/revisions\/97595"}],"wp:featuredmedia":[{"embeddable":true,"href":"https:\/\/obera.fr\/cs\/wp-json\/wp\/v2\/media\/97549"}],"wp:attachment":[{"href":"https:\/\/obera.fr\/cs\/wp-json\/wp\/v2\/media?parent=67452"}],"wp:term":[{"taxonomy":"category","embeddable":true,"href":"https:\/\/obera.fr\/cs\/wp-json\/wp\/v2\/categories?post=67452"},{"taxonomy":"post_tag","embeddable":true,"href":"https:\/\/obera.fr\/cs\/wp-json\/wp\/v2\/tags?post=67452"}],"curies":[{"name":"wp","href":"https:\/\/api.w.org\/{rel}","templated":true}]}}