{"id":67618,"date":"2021-05-20T17:28:46","date_gmt":"2021-05-20T15:28:46","guid":{"rendered":"https:\/\/obera.fr\/nase-rada\/mesure-de-la-qualite-de-l-air-interieur-interet-principe\/"},"modified":"2025-05-07T09:38:35","modified_gmt":"2025-05-07T07:38:35","slug":"mesure-de-la-qualite-de-l-air-interieur-interet-principe","status":"publish","type":"post","link":"https:\/\/obera.fr\/cs\/nase-rady\/mesure-de-la-qualite-de-l-air-interieur-interet-principe\/","title":{"rendered":"M\u011b\u0159en\u00ed kvality vnit\u0159n\u00edho ovzdu\u0161\u00ed: z\u00e1jem a z\u00e1sady"},"content":{"rendered":"\n<p>Podle \u00fadaj\u016f WHO m\u00e1 Francie na sv\u011bdom\u00ed t\u00e9m\u011b\u0159 50 000 \u00famrt\u00ed ro\u010dn\u011b v d\u016fsledku <strong>zne\u010di\u0161t\u011bn\u00ed ovzdu\u0161\u00ed<\/strong>, co\u017e je desetkr\u00e1t v\u00edce ne\u017e v d\u016fsledku dopravn\u00edch nehod! Nav\u00edc se odhaduje, \u017ee vzduch uvnit\u0159 domu nebo podniku je 5 a\u017e 10kr\u00e1t v\u00edce zne\u010di\u0161t\u011bn\u00fd ne\u017e vzduch venku. <\/p>\n\n<p><strong>Kvalita ovzdu\u0161\u00ed v podnic\u00edch<\/strong> je proto z\u00e1sadn\u00ed ot\u00e1zkou nejen pro zdrav\u00ed pracovn\u00edk\u016f, ale tak\u00e9 pro produktivitu podnik\u016f. Proto je nezbytn\u00e9 zav\u00e9st syst\u00e9m <strong>m\u011b\u0159en\u00ed kvality vnit\u0159n\u00edho ovzdu\u0161\u00ed<\/strong>. Jak\u00e9 parametry je t\u0159eba br\u00e1t v \u00favahu? Jak\u00e9 jsou v\u00fdhody <strong>monitorov\u00e1n\u00ed kvality ovzdu\u0161\u00ed<\/strong> a jak na to? P\u0159e\u010dt\u011bte si v\u0161echny na\u0161e rady.    <\/p>\n\n<h2 class=\"wp-block-heading\" id=\"quels-sont-les-parametres-de-la-qualite-de-l-air-interieur\">Jak\u00e9 jsou parametry kvality vnit\u0159n\u00edho ovzdu\u0161\u00ed?<\/h2>\n\n<p><a href=\"https:\/\/obera.fr\/cs\/nase-rady\/qualite-l-air-interieur-critere-essentiel-industrie\/\" data-type=\"URL\" data-id=\"https:\/\/obera.fr\/conseils\/qualite-l-air-interieur-critere-essentiel-industrie\/\">Kvalita vzduchu v m\u00edstnosti<\/a> se posuzuje na z\u00e1klad\u011b <strong>hled\u00e1n\u00ed zne\u010di\u0161\u0165uj\u00edc\u00edch l\u00e1tek a m\u011b\u0159en\u00ed fyzik\u00e1ln\u00edch hodnot,<\/strong> jako je teplota a relativn\u00ed vlhkost.<\/p>\n\n<h3 class=\"wp-block-heading\" id=\"la-concentration-en-polluants-et-particules\">Koncentrace zne\u010di\u0161\u0165uj\u00edc\u00edch l\u00e1tek a \u010d\u00e1stic<\/h3>\n\n<p>V kancel\u00e1\u0159i nebo v pr\u016fmyslov\u00fdch budov\u00e1ch jsou zam\u011bstnanci vystaveni dv\u011bma hlavn\u00edm<strong> zdroj\u016fm zne\u010di\u0161t\u011bn\u00ed ovzdu\u0161\u00ed<\/strong>:<\/p>\n\n<ul class=\"wp-block-list\">\n<li><strong>T\u011bkav\u00e9 organick\u00e9 slou\u010deniny (VOC)<\/strong>, jako je formaldehyd, plyn produkovan\u00fd chemick\u00fdmi l\u00e1tkami a stavebn\u00edmi materi\u00e1ly;<\/li>\n\n\n\n<li><strong>pevn\u00e9 nebo kapaln\u00e9 \u010d\u00e1stice<\/strong> suspendovan\u00e9 ve vzduchu, jako je prach, aerosoly a mikroorganismy (viry, bakterie, pl\u00edsn\u011b atd.).<\/li>\n<\/ul>\n\n<p><strong>\u00da\u010dinky na zdrav\u00ed a \u017eivotn\u00ed prost\u0159ed\u00ed<\/strong> se zvy\u0161uj\u00ed s koncentrac\u00ed zne\u010di\u0161\u0165uj\u00edc\u00edch l\u00e1tek v ovzdu\u0161\u00ed a dobou expozice.<\/p>\n\n<h3 class=\"wp-block-heading\" id=\"la-temperature-et-le-niveau-d-humidite\">Teplota a vlhkost<\/h3>\n\n<p>Kvalita vnit\u0159n\u00edho vzduchu se m\u011b\u0159\u00ed tak\u00e9 <strong>sledov\u00e1n\u00edm teploty a relativn\u00ed vlhkosti<\/strong>. Nadm\u011brn\u00e9 hodnoty p\u0159isp\u00edvaj\u00ed k \u0161\u00ed\u0159en\u00ed biologick\u00fdch \u0161kodlivin a degradaci materi\u00e1l\u016f, hotov\u00fdch v\u00fdrobk\u016f a pracovn\u00edho prost\u0159ed\u00ed. Teplota a vlhkost nav\u00edc zv\u00fdraz\u0148uj\u00ed dr\u00e1\u017ediv\u00e9 \u00fa\u010dinky t\u011bkav\u00fdch organick\u00fdch l\u00e1tek (VOC).  <\/p>\n\n<h2 class=\"wp-block-heading\" id=\"quel-est-l-interet-de-la-mesure-de-la-qualite-de-l-air-interieur\">Pro\u010d m\u011b\u0159it kvalitu vnit\u0159n\u00edho ovzdu\u0161\u00ed?<\/h2>\n\n<p>Udr\u017eov\u00e1n\u00ed zdrav\u00e9ho vnit\u0159n\u00edho ovzdu\u0161\u00ed na pracovi\u0161t\u00edch je <strong>z\u00e1konnou povinnost\u00ed<\/strong> zam\u011bstnavatel\u016f. Sn\u00ed\u017een\u00ed \u00farovn\u011b zne\u010di\u0161t\u011bn\u00ed v kancel\u00e1\u0159\u00edch p\u0159edstavuje pro podniky tak\u00e9<strong> zv\u00fd\u0161en\u00ed produktivity<\/strong>. <\/p>\n\n<h3 class=\"wp-block-heading\" id=\"respecter-les-valeurs-limites-d-exposition-professionnelle-vlep\">Dodr\u017eov\u00e1n\u00ed limit\u016f expozice na pracovi\u0161ti (OEL)<\/h3>\n\n<p>Limitn\u00ed hodnoty expozice na pracovi\u0161ti (OELV), stanoven\u00e9 francouzsk\u00fdm z\u00e1kon\u00edkem pr\u00e1ce, stanovuj\u00ed <strong>maxim\u00e1ln\u00ed \u00farove\u0148 koncentrace zne\u010di\u0161\u0165uj\u00edc\u00edch l\u00e1tek a \u010d\u00e1stic<\/strong> s c\u00edlem omezit \u00fa\u010dinky na zdrav\u00ed zam\u011bstnanc\u016f. Nadm\u011brn\u00e9 hodnoty vedou k pozastaven\u00ed pr\u00e1ce, dokud nebudou provedena opat\u0159en\u00ed k omezen\u00ed expozice zam\u011bstnance. <\/p>\n\n<h3 class=\"wp-block-heading\" id=\"garantir-un-environnement-de-travail-sain-et-productif\">Zaji\u0161t\u011bn\u00ed zdrav\u00e9ho a produktivn\u00edho pracovn\u00edho prost\u0159ed\u00ed<\/h3>\n\n<p>Krom\u011b toho, \u017ee m\u011b\u0159en\u00ed kvality vnit\u0159n\u00edho ovzdu\u0161\u00ed vypl\u00fdv\u00e1 z pr\u00e1vn\u00edch p\u0159edpis\u016f, m\u00e1 <a href=\"https:\/\/obera.fr\/cs\/nase-rada\/jak-muze-odparovaci-chlazeni-zlepsit-prumyslovou-vyrobu\/\" data-type=\"URL\" data-id=\"https:\/\/obera.fr\/conseils\/comment-rafraichissement-evaporation-ameliorer-production-industrielle\/\">pro provozovny \u0159adu v\u00fdhod<\/a>:<\/p>\n\n<ul class=\"wp-block-list\">\n<li><strong>Zlep\u0161en\u00ed zdravotn\u00edho stavu zam\u011bstnanc\u016f<\/strong> pom\u00e1h\u00e1 omezit absenci a \u010detnost nemocensk\u00e9.<\/li>\n\n\n\n<li><strong>Sn\u00ed\u017een\u00ed usazov\u00e1n\u00ed \u010d\u00e1stic na spot\u0159ebi\u010d\u00edch a podlah\u00e1ch<\/strong> \u0161et\u0159\u00ed n\u00e1klady na servis a \u00fadr\u017ebu.<\/li>\n\n\n\n<li>Sledov\u00e1n\u00ed \u00farovn\u011b expozice zne\u010di\u0161\u0165uj\u00edc\u00edm l\u00e1tk\u00e1m a \u010d\u00e1stic\u00edm zaji\u0161\u0165uje <strong>kvalitu proces\u016f a hotov\u00fdch v\u00fdrobk\u016f<\/strong>.<\/li>\n<\/ul>\n\n<h2 class=\"wp-block-heading\" id=\"comment-mesurer-la-qualite-de-l-air-interieur\">Jak m\u011b\u0159\u00edte kvalitu vnit\u0159n\u00edho ovzdu\u0161\u00ed?<\/h2>\n\n<p>Na str\u00e1nk\u00e1ch <strong><a href=\"https:\/\/obera.fr\/cs\/nase-rada\/diagnostika-kvality-vnitrniho-vzduchu-v-prumyslovych-budovach\/\" data-type=\"URL\" data-id=\"https:\/\/obera.fr\/conseils\/qai-diagnostic-qualite-de-l-air-interieur-batiments-industriels\/\">diagnostika kvality vnit\u0159n\u00edho ovzdu\u0161\u00ed<\/a><\/strong> je prvotn\u00ed posouzen\u00ed \u00farovn\u011b zne\u010di\u0161t\u011bn\u00ed ve va\u0161ich budov\u00e1ch. Pot\u00e9 je t\u0159eba prov\u00e1d\u011bt pravideln\u00e9 monitorov\u00e1n\u00ed pomoc\u00ed <strong>specifick\u00fdch m\u011b\u0159ic\u00edch za\u0159\u00edzen\u00ed<\/strong>. <\/p>\n\n<h3 class=\"wp-block-heading\" id=\"effectuer-un-diagnostic-qualite-de-l-air-interieur\">Proveden\u00ed diagnostiky kvality vnit\u0159n\u00edho ovzdu\u0161\u00ed<\/h3>\n\n<p><strong>Testov\u00e1n\u00ed kvality vnit\u0159n\u00edho ovzdu\u0161\u00ed (IAQ)<\/strong> je z\u00e1konn\u00fdm po\u017eadavkem pro budovy vyu\u017e\u00edvan\u00e9 d\u011btmi. Od roku 2023 bude povinn\u00e9 ve v\u0161ech za\u0159\u00edzen\u00edch p\u0159\u00edstupn\u00fdch ve\u0159ejnosti. Spole\u010dnost OBERA je odborn\u00edkem v oblasti <a href=\"https:\/\/obera.fr\/cs\/nase-rada\/kompletni-pruvodce-prumyslovou-upravou-vzduchu\/\" data-type=\"post\" data-id=\"1420\">pr\u016fmyslov\u00e9 \u00fapravy vzduchu<\/a> a prov\u00e1d\u00ed diagnostiku, kter\u00e1 zahrnuje :  <\/p>\n\n<ul class=\"wp-block-list\">\n<li><strong>identifikace zdroj\u016f zne\u010di\u0161t\u011bn\u00ed ovzdu\u0161\u00ed<\/strong> ve va\u0161em are\u00e1lu;<\/li>\n\n\n\n<li><strong>m\u011b\u0159en\u00ed koncentrace \u010d\u00e1stic a zne\u010di\u0161\u0165uj\u00edc\u00edch l\u00e1tek<\/strong> (t\u011bkav\u00e9 organick\u00e9 l\u00e1tky, formaldehyd atd.).<\/li>\n<\/ul>\n\n<h3 class=\"wp-block-heading\" id=\"utiliser-un-appareil-de-mesure-de-la-qualite-de-l-air-interieur\">Pou\u017eit\u00ed za\u0159\u00edzen\u00ed pro m\u011b\u0159en\u00ed kvality vzduchu v m\u00edstnosti<\/h3>\n\n<p><a href=\"https:\/\/obera.fr\/cs\/nase-rada\/analyza-kvality-vnitrniho-ovzdusi-nase-tipy\/\" data-type=\"URL\" data-id=\"https:\/\/obera.fr\/conseils\/analyse-qualite-l-air-interieur\/\">Kvalita vnit\u0159n\u00edho ovzdu\u0161\u00ed se m\u011b\u0159\u00ed<\/a> pomoc\u00ed za\u0159\u00edzen\u00ed, kter\u00e9 je schopno zjistit povahu a koncentraci zne\u010di\u0161\u0165uj\u00edc\u00edch l\u00e1tek. Na\u0161e \u0159ada<strong>pr\u016fmyslov\u00fdch a profesion\u00e1ln\u00edch analyz\u00e1tor\u016f vzduchu<\/strong> zaji\u0161\u0165uje nep\u0159etr\u017eit\u00e9 monitorov\u00e1n\u00ed parametr\u016f kvality vnit\u0159n\u00edho ovzdu\u0161\u00ed: <\/p>\n\n<ul class=\"wp-block-list\">\n<li><strong>koncentrace plynn\u00fdch zne\u010di\u0161\u0165uj\u00edc\u00edch l\u00e1tek<\/strong>: t\u011bkav\u00fdch organick\u00fdch l\u00e1tek (VOC) a oxidu uhli\u010dit\u00e9ho (CO2) ;<\/li>\n\n\n\n<li><strong>koncentrace a velikost \u010d\u00e1stic<\/strong>: prach a jemn\u00e9 \u010d\u00e1stice PM 2,5 a PM 10 ;<\/li>\n\n\n\n<li><strong>teplota a relativn\u00ed vlhkost<\/strong>.<\/li>\n<\/ul>\n\n<p>Data se p\u0159en\u00e1\u0161ej\u00ed p\u0159\u00edmo do po\u010d\u00edta\u010de, kde se hodnoty zobraz\u00ed v grafick\u00e9 podob\u011b.<strong>Anal\u00fdza v re\u00e1ln\u00e9m \u010dase<\/strong> umo\u017e\u0148uje p\u0159ijmout rychl\u00e1 a \u00fa\u010dinn\u00e1 opat\u0159en\u00ed v p\u0159\u00edpad\u011b, \u017ee nam\u011b\u0159en\u00e9 hodnoty neodpov\u00eddaj\u00ed TLV. <\/p>\n\n<p>Dal\u0161\u00ed<strong>informace o m\u011b\u0159en\u00ed kvality vnit\u0159n\u00edho ovzdu\u0161\u00ed<\/strong> z\u00edsk\u00e1te od n\u00e1s. M\u016f\u017eete si tak\u00e9 p\u0159e\u010d\u00edst na\u0161e rady t\u00fdkaj\u00edc\u00ed se nastaven\u00ed syst\u00e9mu pr\u016fmyslov\u00e9 \u00fapravy vzduchu. <\/p>\n\n<blockquote class=\"wp-block-quote is-layout-flow wp-block-quote-is-layout-flow\">\n<p>P\u0159e\u010dt\u011bte si tak\u00e9: Pr\u016fvodce <a href=\"https:\/\/obera.fr\/cs\/nase-rady\/rafraichissement-adiabatique-confort-thermique-naturel\/\" data-type=\"URL\" data-id=\"https:\/\/obera.fr\/conseils\/rafraichissement-adiabatique-confort-thermique-naturel\/\">adiabatick\u00fdm chlazen\u00edm a p\u0159irozen\u00fdm tepeln\u00fdm komfortem<\/a>.<\/p>\n<\/blockquote>\n","protected":false},"excerpt":{"rendered":"<p>Kvalita ovzdu\u0161\u00ed na pracovi\u0161ti je z\u00e1sadn\u00ed ot\u00e1zkou nejen pro zdrav\u00ed pracovn\u00edk\u016f, ale tak\u00e9 pro jejich produktivitu. Proto je nezbytn\u00e9 nastavit syst\u00e9m m\u011b\u0159en\u00ed kvality vzduchu v interi\u00e9ru. P\u0159e\u010dt\u011bte si v\u0161echny na\u0161e rady k tomuto t\u00e9matu.  <\/p>\n","protected":false},"author":4,"featured_media":89654,"comment_status":"open","ping_status":"closed","sticky":false,"template":"","format":"standard","meta":{"_acf_changed":false,"_seopress_robots_primary_cat":"none","_seopress_titles_title":"Pourquoi est-il important de mesurer la qualit\u00e9 de l'air int\u00e9rieur ?","_seopress_titles_desc":"La qualit\u00e9 de l'air en entreprise constitue un enjeu crucial, pour la sant\u00e9 des travailleurs, mais aussi pour la productivit\u00e9 des \u00e9tablissements. La mesure de la qualit\u00e9 de l'air s'av\u00e8re incontournable.","_seopress_robots_index":"","footnotes":""},"categories":[310],"tags":[],"class_list":["post-67618","post","type-post","status-publish","format-standard","has-post-thumbnail","hentry","category-nase-rady","generate-columns","tablet-grid-50","mobile-grid-100","grid-parent","grid-50","no-featured-image-padding","resize-featured-image"],"acf":[],"_links":{"self":[{"href":"https:\/\/obera.fr\/cs\/wp-json\/wp\/v2\/posts\/67618","targetHints":{"allow":["GET"]}}],"collection":[{"href":"https:\/\/obera.fr\/cs\/wp-json\/wp\/v2\/posts"}],"about":[{"href":"https:\/\/obera.fr\/cs\/wp-json\/wp\/v2\/types\/post"}],"author":[{"embeddable":true,"href":"https:\/\/obera.fr\/cs\/wp-json\/wp\/v2\/users\/4"}],"replies":[{"embeddable":true,"href":"https:\/\/obera.fr\/cs\/wp-json\/wp\/v2\/comments?post=67618"}],"version-history":[{"count":2,"href":"https:\/\/obera.fr\/cs\/wp-json\/wp\/v2\/posts\/67618\/revisions"}],"predecessor-version":[{"id":98390,"href":"https:\/\/obera.fr\/cs\/wp-json\/wp\/v2\/posts\/67618\/revisions\/98390"}],"wp:featuredmedia":[{"embeddable":true,"href":"https:\/\/obera.fr\/cs\/wp-json\/wp\/v2\/media\/89654"}],"wp:attachment":[{"href":"https:\/\/obera.fr\/cs\/wp-json\/wp\/v2\/media?parent=67618"}],"wp:term":[{"taxonomy":"category","embeddable":true,"href":"https:\/\/obera.fr\/cs\/wp-json\/wp\/v2\/categories?post=67618"},{"taxonomy":"post_tag","embeddable":true,"href":"https:\/\/obera.fr\/cs\/wp-json\/wp\/v2\/tags?post=67618"}],"curies":[{"name":"wp","href":"https:\/\/api.w.org\/{rel}","templated":true}]}}