{"id":72084,"date":"2025-03-11T15:30:59","date_gmt":"2025-03-11T13:30:59","guid":{"rendered":"https:\/\/obera.fr\/nase-rada\/rafraichisseur-air-basse-temperature\/"},"modified":"2025-04-14T15:07:59","modified_gmt":"2025-04-14T13:07:59","slug":"rafraichisseur-air-basse-temperature","status":"publish","type":"post","link":"https:\/\/obera.fr\/cs\/nase-rady\/rafraichisseur-air-basse-temperature\/","title":{"rendered":"\u00da\u010dinnost n\u00edzkoteplotn\u00edch chladi\u010d\u016f vzduchu p\u0159i sni\u017eov\u00e1n\u00ed teploty v m\u00edstnosti"},"content":{"rendered":"\n<div class=\"wp-block-columns is-layout-flex wp-container-core-columns-is-layout-28f84493 wp-block-columns-is-layout-flex\">\n<div class=\"wp-block-column is-layout-flow wp-block-column-is-layout-flow\" style=\"flex-basis:66.66%\">\n<p>P\u0159esto\u017ee <strong>klimatizace<\/strong> z\u016fst\u00e1v\u00e1 v mnoha podnic\u00edch obl\u00edben\u00fdm \u0159e\u0161en\u00edm, st\u00e1le v\u00edce profesion\u00e1l\u016f si uv\u011bdomuje jej\u00ed omezen\u00ed a p\u0159ech\u00e1z\u00ed k \u00fa\u010dinn\u011bj\u0161\u00edm alternativ\u00e1m, jako jsou nap\u0159\u00edklad odpa\u0159ovac\u00ed chladi\u010de vzduchu. Spole\u010dnost OberA, odborn\u00edk na <a href=\"https:\/\/obera.fr\/cs\/produits\/rafraichisseurs-air\/\">adiabatick\u00e9 chlazen\u00ed<\/a>, p\u0159edstavuje \u00fa\u010dinnost sv\u00fdch za\u0159\u00edzen\u00ed pro <strong>sn\u00ed\u017een\u00ed teploty uvnit\u0159 pr\u016fmyslov\u00fdch budov<\/strong> ve srovn\u00e1n\u00ed s klimatizac\u00ed nebo pr\u016fmyslov\u00fdm ventil\u00e1torem.<\/p>\n<\/div>\n\n\n\n<div class=\"wp-block-column is-layout-flow wp-block-column-is-layout-flow\" style=\"flex-basis:33.33%\">\n<figure class=\"wp-block-image aligncenter size-full is-resized\"><img decoding=\"async\" width=\"1200\" height=\"1003\" src=\"https:\/\/obera.fr\/wp-content\/uploads\/2024\/11\/gamme-ic-1.png\" alt=\"rozsah ic\" class=\"wp-image-49129\" style=\"width:311px;height:auto\" srcset=\"https:\/\/obera.fr\/wp-content\/uploads\/2024\/11\/gamme-ic-1.png 1200w, https:\/\/obera.fr\/wp-content\/uploads\/2024\/11\/gamme-ic-1-300x251.png 300w, https:\/\/obera.fr\/wp-content\/uploads\/2024\/11\/gamme-ic-1-1024x856.png 1024w, https:\/\/obera.fr\/wp-content\/uploads\/2024\/11\/gamme-ic-1-768x642.png 768w\" sizes=\"(max-width: 1200px) 100vw, 1200px\" \/><\/figure>\n<\/div>\n<\/div>\n\n<h2 class=\"wp-block-heading\">Chlazen\u00ed vzduchem v pr\u016fmyslov\u00e9m prost\u0159ed\u00ed<\/h2>\n\n<h3 class=\"wp-block-heading\">T\u0159i zp\u016fsoby sn\u00ed\u017een\u00ed teploty v m\u00edstnosti<\/h3>\n\n<p>V <strong>pr\u016fmyslov\u00e9m prost\u0159ed\u00ed<\/strong> existuj\u00ed t\u0159i hlavn\u00ed \u0159e\u0161en\u00ed pro sn\u00ed\u017een\u00ed teploty: klimatizace, ventil\u00e1tory a chladi\u010de vzduchu.<\/p>\n\n<p>Klimatiza\u010dn\u00ed jednotka pou\u017e\u00edv\u00e1 k ochlazov\u00e1n\u00ed vzduchu kompresor a \u00fa\u010dinn\u011b udr\u017euje stabiln\u00ed teplotu. Instalace<strong> klimatizace<\/strong> je v\u0161ak n\u00e1kladn\u00e1 a spot\u0159ebov\u00e1v\u00e1 velk\u00e9 mno\u017estv\u00ed energie. Ventil\u00e1tor naproti tomu pouze rozv\u00ed\u0159\u00ed vzduch, \u010d\u00edm\u017e vytvo\u0159\u00ed chladic\u00ed efekt, ani\u017e by skute\u010dn\u011b sn\u00ed\u017eil teplotu. <strong>Chladi\u010d vzduchu v sob\u011b spojuje v\u00fdhody obou<\/strong>. Spot\u0159ebuje m\u00e9n\u011b energie ne\u017e klimatizace, poskytuje \u00fa\u010dinn\u011bj\u0161\u00ed chlazen\u00ed ne\u017e ventil\u00e1tor a je vhodn\u00fd zejm\u00e9na do velk\u00fdch pr\u016fmyslov\u00fdch prostor.    <\/p>\n\n<h3 class=\"wp-block-heading\">Jak funguje chladi\u010d vzduchu<\/h3>\n\n<div class=\"wp-block-columns is-layout-flex wp-container-core-columns-is-layout-28f84493 wp-block-columns-is-layout-flex\">\n<div class=\"wp-block-column is-layout-flow wp-block-column-is-layout-flow\" style=\"flex-basis:66.66%\">\n<p><a href=\"https:\/\/obera.fr\/conseils\/comment-fonctionne-un-rafraichisseur-adiabatique\/\"> Chladi\u010d funguje na principu odpa\u0159ov\u00e1n\u00ed vody<\/a>. Spot\u0159ebi\u010d pomoc\u00ed vestav\u011bn\u00e9ho ventil\u00e1toru zachycuje tepl\u00fd okoln\u00ed vzduch a n\u00e1sledn\u011b jej propou\u0161t\u00ed p\u0159es vlhk\u00e9 m\u00e9dium. Jakmile se voda dostane do kontaktu s m\u00e9diem, odpa\u0159uje se, <strong>pohlcuje teplo ze vzduchu<\/strong> a sni\u017euje jeho teplotu. Ochlazen\u00fd vzduch je pak vyfukov\u00e1n zp\u011bt do m\u00edstnosti, co\u017e je v\u00fdhodn\u00e9 zejm\u00e9na v prost\u0159ed\u00ed, kde nadm\u011brn\u00e9 teplo m\u016f\u017ee ovlivnit produktivitu zam\u011bstnanc\u016f.   <\/p>\n\n\n\n<p>Chladi\u010d vzduchu je ide\u00e1ln\u00ed pro<strong> velk\u00e9 otev\u0159en\u00e9 prostory<\/strong>, jako jsou d\u00edlny, sklady nebo hang\u00e1ry, kde je instalace klimatiza\u010dn\u00edch a ventila\u010dn\u00edch syst\u00e9m\u016f \u010dasto obt\u00ed\u017en\u00e1, nevhodn\u00e1 a n\u00e1kladn\u00e1.<\/p>\n<\/div>\n\n\n\n<div class=\"wp-block-column is-layout-flow wp-block-column-is-layout-flow\" style=\"flex-basis:33.33%\">\n<figure class=\"wp-block-image aligncenter size-full is-resized\"><img decoding=\"async\" width=\"1000\" height=\"1000\" src=\"https:\/\/obera.fr\/wp-content\/uploads\/2022\/03\/Rafraichisseur-dair-par-evaporation.jpg\" alt=\"odpa&#x159;ovac&#xED; chladi&#x10D; vzduchu\" class=\"wp-image-13253\" style=\"width:243px;height:auto\" srcset=\"https:\/\/obera.fr\/wp-content\/uploads\/2022\/03\/Rafraichisseur-dair-par-evaporation.jpg 1000w, https:\/\/obera.fr\/wp-content\/uploads\/2022\/03\/Rafraichisseur-dair-par-evaporation-300x300.jpg 300w, https:\/\/obera.fr\/wp-content\/uploads\/2022\/03\/Rafraichisseur-dair-par-evaporation-150x150.jpg 150w, https:\/\/obera.fr\/wp-content\/uploads\/2022\/03\/Rafraichisseur-dair-par-evaporation-768x768.jpg 768w\" sizes=\"(max-width: 1000px) 100vw, 1000px\" \/><\/figure>\n<\/div>\n<\/div>\n\n<h3 class=\"wp-block-heading\">Pro\u010d zvolit chladi\u010d vzduchu jako alternativu ke klimatizaci nebo ventil\u00e1toru?<\/h3>\n\n<ul class=\"wp-block-list\">\n<li>Vy\u0161\u0161\u00ed energetick\u00e1 \u00fa\u010dinnost ne\u017e u klimatizac\u00ed a ventil\u00e1tor\u016f.<\/li>\n<\/ul>\n\n<p>Chladi\u010de se vyzna\u010duj\u00ed n\u00edzkou spot\u0159ebou energie. Na rozd\u00edl od klimatiza\u010dn\u00edch jednotek tyto p\u0159\u00edstroje nepou\u017e\u00edvaj\u00ed kompresor a k ochlazov\u00e1n\u00ed vzduchu ve vnit\u0159n\u00edm prostoru vyu\u017e\u00edvaj\u00ed <strong>p\u0159irozen\u00fd proces odpa\u0159ov\u00e1n\u00ed vody<\/strong>, \u010d\u00edm\u017e sni\u017euj\u00ed spot\u0159ebu elektrick\u00e9 energie. Nap\u0159\u00edklad chladi\u010d spot\u0159ebuje pouze 10 % energie klimatizace. P\u0159esto\u017ee spot\u0159ebuje v\u00edce energie ne\u017e ventil\u00e1tor, poskytuje<strong>\u00fa\u010dinn\u011bj\u0161\u00ed a d\u00e9le trvaj\u00edc\u00ed chlazen\u00ed<\/strong>, co\u017e z n\u011bj \u010din\u00ed ide\u00e1ln\u00ed \u0159e\u0161en\u00ed pro podniky, kter\u00e9 cht\u011bj\u00ed optimalizovat spot\u0159ebu energie a z\u00e1rove\u0148 zajistit st\u00e1l\u00fd p\u0159\u00edvod \u010derstv\u00e9ho vzduchu.     <\/p>\n\n<ul class=\"wp-block-list\">\n<li>Ni\u017e\u0161\u00ed provozn\u00ed n\u00e1klady ne\u017e u klimatizace  <\/li>\n<\/ul>\n\n<p><strong>Chladi\u010de<\/strong> jsou nejen energeticky \u00fasporn\u00e9, ale <strong>i \u00fasporn\u00e9 na \u00fadr\u017ebu<\/strong>. Zjednodu\u0161en\u00e1 \u00fadr\u017eba &#8211; v\u010detn\u011b jednoduch\u00e9ho \u010di\u0161t\u011bn\u00ed filtr\u016f a sou\u010d\u00e1st\u00ed &#8211; v\u00fdrazn\u011b sni\u017euje provozn\u00ed n\u00e1klady. Na rozd\u00edl od tradi\u010dn\u00ed klimatizace &#8211; kde m\u00e1 klimatiza\u010dn\u00ed za\u0159\u00edzen\u00ed tak\u00e9 vysokou po\u0159izovac\u00ed cenu &#8211; nab\u00edzej\u00ed odpa\u0159ovac\u00ed chladi\u010de cenov\u011b v\u00fdhodn\u011bj\u0161\u00ed alternativu.  <\/p>\n\n<ul class=\"wp-block-list\">\n<li>Lep\u0161\u00ed kvalita vzduchu v m\u00edstnosti d\u00edky chladi\u010di<\/li>\n<\/ul>\n\n<p>Osv\u011b\u017eova\u010de vzduchu nejen sni\u017euj\u00ed teplotu v m\u00edstnosti: m\u00edrn\u011b zvlh\u010duj\u00ed vzduch v m\u00edstnosti a zvy\u0161uj\u00ed jeho vlhkost o 5 a\u017e 10 %. Toto m\u00edrn\u00e9 zvlh\u010dov\u00e1n\u00ed je <strong>obzvl\u00e1\u0161t\u011b prosp\u011b\u0161n\u00e9 v hork\u00e9m a such\u00e9m prost\u0159ed\u00ed,<\/strong> kde pom\u00e1h\u00e1 sni\u017eovat tepeln\u00fd diskomfort a nep\u0159\u00edjemn\u00e9 \u00fa\u010dinky such\u00e9ho vzduchu. Nav\u00edc d\u00edky vestav\u011bn\u00e9mu filtru tyto jednotky \u010dist\u00ed vzduch a zaji\u0161\u0165uj\u00ed tak zdrav\u011bj\u0161\u00ed pracovn\u00ed prost\u0159ed\u00ed. Osv\u011b\u017eova\u010de vzduchu zlep\u0161uj\u00ed kvalitu vzduchu, na <strong>rozd\u00edl od jednoduch\u00fdch ventil\u00e1tor\u016f<\/strong>, kter\u00e9 pouze rozv\u00ed\u0159\u00ed tepl\u00fd okoln\u00ed vzduch.   <\/p>\n\n<ul class=\"wp-block-list\">\n<li>Udr\u017eiteln\u00e9 a ekologick\u00e9 \u0159e\u0161en\u00ed n\u00e1hrady klimatizace<\/li>\n<\/ul>\n\n<p>Odpa\u0159ovac\u00ed chladi\u010de vyu\u017e\u00edvaj\u00ed p\u0159irozen\u00fd proces bez pou\u017eit\u00ed<strong> chladiv nebo jin\u00fdch chemik\u00e1li\u00ed<\/strong>, jako je tomu u klasick\u00fdch klimatizac\u00ed. To znamen\u00e1, \u017ee maj\u00ed mnohem men\u0161\u00ed dopad na \u017eivotn\u00ed prost\u0159ed\u00ed. T\u00edm, \u017ee omezuj\u00ed pou\u017e\u00edv\u00e1n\u00ed <strong>tradi\u010dn\u00edch klimatiza\u010dn\u00edch za\u0159\u00edzen\u00ed<\/strong>, p\u0159edstavuj\u00ed tyto chladi\u010de ekologick\u00e9 a udr\u017eiteln\u00e9 \u0159e\u0161en\u00ed, kter\u00e9 se dokonale hod\u00ed pro spole\u010dnosti, je\u017e cht\u011bj\u00ed spojit tepeln\u00fd komfort a ochranu \u017eivotn\u00edho prost\u0159ed\u00ed.  <\/p>\n\n<h2 class=\"wp-block-heading\">V\u00fdkon chladi\u010de vzduchu<\/h2>\n\n<h3 class=\"wp-block-heading\">Pr\u016fm\u011brn\u00e9 sn\u00ed\u017een\u00ed teploty pozorovan\u00e9 u chladi\u010de<\/h3>\n\n<p><strong>Odpa\u0159ovac\u00ed chladi\u010de vzduchu<\/strong> jsou navr\u017eeny tak, aby \u00fa\u010dinn\u011b sni\u017eovaly okoln\u00ed teplo. Pokud je nap\u0159\u00edklad venkovn\u00ed teplota 35 \u00b0C a relativn\u00ed vlhkost vzduchu 30 %, m\u016f\u017ee se vzduch vych\u00e1zej\u00edc\u00ed z chladi\u010de ochladit p\u0159ibli\u017en\u011b o 10 \u00b0C na teplotu kolem 25 \u00b0C, co\u017e do m\u00edstnosti p\u0159inese p\u0159\u00edjemn\u00fd chl\u00e1dek. Tento <strong>chladic\u00ed jev je zp\u016fsoben odpa\u0159ov\u00e1n\u00edm vody<\/strong>, kter\u00e1 pohlcuje teplo obsa\u017een\u00e9 ve vzduchu a postupn\u011b p\u0159irozen\u00fdm zp\u016fsobem sni\u017euje okoln\u00ed teplotu.  <\/p>\n\n<figure class=\"wp-block-image\"><img decoding=\"async\" width=\"969\" height=\"323\" src=\"https:\/\/obera.fr\/wp-content\/uploads\/2025\/03\/ad_4nxewcn86x7s_hgij2vsc0zft3mnp-ucxwx_02i9pisevfedkd3t6ohrdho5rdltrxn8_emeleomvhazkosq58lw0ynyi5gou6zs_fdodiomptsmsjrfe51wmt2yn13nteeto0vmz.png\" alt=\"\" class=\"wp-image-72057\" srcset=\"https:\/\/obera.fr\/wp-content\/uploads\/2025\/03\/ad_4nxewcn86x7s_hgij2vsc0zft3mnp-ucxwx_02i9pisevfedkd3t6ohrdho5rdltrxn8_emeleomvhazkosq58lw0ynyi5gou6zs_fdodiomptsmsjrfe51wmt2yn13nteeto0vmz.png 969w, https:\/\/obera.fr\/wp-content\/uploads\/2025\/03\/ad_4nxewcn86x7s_hgij2vsc0zft3mnp-ucxwx_02i9pisevfedkd3t6ohrdho5rdltrxn8_emeleomvhazkosq58lw0ynyi5gou6zs_fdodiomptsmsjrfe51wmt2yn13nteeto0vmz-300x100.png 300w, https:\/\/obera.fr\/wp-content\/uploads\/2025\/03\/ad_4nxewcn86x7s_hgij2vsc0zft3mnp-ucxwx_02i9pisevfedkd3t6ohrdho5rdltrxn8_emeleomvhazkosq58lw0ynyi5gou6zs_fdodiomptsmsjrfe51wmt2yn13nteeto0vmz-768x256.png 768w\" sizes=\"(max-width: 969px) 100vw, 969px\" \/><\/figure>\n\n<p>Osv\u011b\u017eova\u010de vzduchu sice nemohou regulovat teplotu se stejnou p\u0159esnost\u00ed jako klimatizace, ale jejich<a href=\"https:\/\/obera.fr\/cs\/nase-rady\/les-avantages-du-rafraichissement-adiabatique-dominent-largement-ses-inconvenients\/\">v\u00fdhodou je, \u017ee nezp\u016fsobuj\u00ed teplotn\u00ed \u0161ok<\/a>. Jejich chladic\u00ed v\u00fdkon je mnohem \u00fa\u010dinn\u011bj\u0161\u00ed ne\u017e u jednoduch\u00e9ho ventil\u00e1toru, kter\u00fd pouze rozv\u00ed\u0159\u00ed vzduch, ani\u017e by sn\u00ed\u017eil teplotu.   <\/p>\n\n<h3 class=\"wp-block-heading\">Optim\u00e1ln\u00ed podm\u00ednky pro maxim\u00e1ln\u00ed \u00fa\u010dinnost<\/h3>\n\n<p><strong>Schopnost chladi\u010de vzduchu<\/strong> sn\u00ed\u017eit teplotu o n\u011bkolik stup\u0148\u016f z\u00e1vis\u00ed na \u0159ad\u011b faktor\u016f, z nich\u017e nejd\u016fle\u017eit\u011bj\u0161\u00ed jsou teplota a vlhkost vzduchu. \u010c\u00edm teplej\u0161\u00ed a su\u0161\u0161\u00ed je vzduch, t\u00edm v\u011bt\u0161\u00ed je chladic\u00ed \u00fa\u010dinek. P\u0159i vysok\u00e9 teplot\u011b a n\u00edzk\u00e9 vlhkosti vzduchu je toti\u017e<strong>odpa\u0159ov\u00e1n\u00ed vody<\/strong> optim\u00e1ln\u00ed. Tento jev je obzvl\u00e1\u0161t\u011b \u00fa\u010dinn\u00fd v pr\u016fmyslov\u00e9m prost\u0159ed\u00ed, kde je vzduch \u010dasto velmi hork\u00fd a such\u00fd.   <\/p>\n\n<p>Krom\u011b toho v t\u011bchto podm\u00ednk\u00e1ch m\u00edrn\u00e9 zv\u00fd\u0161en\u00ed vlhkosti p\u0159iv\u00e1d\u011bn\u00e9 chladi\u010dem, zejm\u00e9na u <strong>p\u0159\u00edm\u00fdch adiabatick\u00fdch model\u016f<\/strong>, zlep\u0161uje pohodl\u00ed pracovn\u00edk\u016f, zejm\u00e9na ve velmi such\u00e9m prost\u0159ed\u00ed nebo v klimatizovan\u00fdch prostor\u00e1ch. M\u00edrn\u00e9 zv\u00fd\u0161en\u00ed vlhkosti zp\u0159\u00edjem\u0148uje atmosf\u00e9ru, sni\u017euje \u00fa\u010dinky such\u00e9ho vzduchu na poko\u017eku a d\u00fdchac\u00ed cesty a poskytuje <strong>p\u0159\u00edjemn\u011bj\u0161\u00ed pocit sv\u011b\u017eesti<\/strong>. <\/p>\n\n<h2 class=\"wp-block-heading\">Faktory ovliv\u0148uj\u00edc\u00ed \u00fa\u010dinnost chladi\u010de vzduchu<\/h2>\n\n<h3 class=\"wp-block-heading\">Relativn\u00ed vlhkost vzduchu<\/h3>\n\n<p>\u010c\u00edm su\u0161\u0161\u00ed je vzduch, t\u00edm \u00fa\u010dinn\u011bj\u0161\u00ed je odpa\u0159ov\u00e1n\u00ed vody. Pokud je vzduch nasycen vodn\u00ed p\u00e1rou, <strong>sni\u017euje se<\/strong> jeho schopnost <strong>absorbovat dal\u0161\u00ed vlhkost<\/strong>, co\u017e sni\u017euje \u00fa\u010dinnost chladic\u00edho procesu. <\/p>\n\n<p>P\u0159i venkovn\u00ed teplot\u011b 35 \u00b0C a 20% vlhkosti vzduchu m\u016f\u017ee chladi\u010d vzduchu teoreticky sn\u00ed\u017eit teplotu vzduchu p\u0159ibli\u017en\u011b o 12 \u00b0C. Naopak v<strong> podm\u00ednk\u00e1ch, kdy je vlhkost vzduchu vy\u0161\u0161\u00ed<\/strong> (nap\u0159\u00edklad 30 \u00b0C se 70% vlhkost\u00ed), bude pokles teploty m\u00e9n\u011b v\u00fdrazn\u00fd, \u010dasto kolem 4 a\u017e 5 \u00b0C.   <\/p>\n\n<p>M\u00e9n\u011b vlhk\u00fd vzduch tak podporuje lep\u0161\u00ed v\u00fdm\u011bnu tepla, tak\u017ee <strong>proces chlazen\u00ed je rychlej\u0161\u00ed<\/strong> a \u00fa\u010dinn\u011bj\u0161\u00ed.<\/p>\n\n<h3 class=\"wp-block-heading\">Po\u010d\u00e1te\u010dn\u00ed pokojov\u00e1 teplota<\/h3>\n\n<p>Teplota v m\u00edstnosti m\u00e1 p\u0159\u00edm\u00fd vliv na \u00fa\u010dinnost odpa\u0159ovac\u00edho chlazen\u00ed. \u010c\u00edm vy\u0161\u0161\u00ed je okoln\u00ed teplo, t\u00edm v\u011bt\u0161\u00ed je chladic\u00ed potenci\u00e1l jednotky, co\u017e vede k v\u011bt\u0161\u00edmu sn\u00ed\u017een\u00ed <strong>vnit\u0159n\u00ed teploty<\/strong>. <\/p>\n\n<p>Nap\u0159\u00edklad p\u0159i po\u010d\u00e1te\u010dn\u00ed teplot\u011b 40 \u00b0C dok\u00e1\u017ee chladi\u010d vzduchu sn\u00ed\u017eit teplotu vzduchu v\u00fdrazn\u011bji ne\u017e p\u0159i<strong> po\u010d\u00e1te\u010dn\u00ed teplot\u011b 25 \u00b0C<\/strong>. Teoreticky m\u016f\u017ee chladi\u010d v prost\u0159ed\u00ed s teplotou 40 \u00b0C sn\u00ed\u017eit teplotu vzduchu o 10 a\u017e 12 \u00b0C, zat\u00edmco v m\u00edstnosti s teplotou 25 \u00b0C bude pokles m\u00e9n\u011b v\u00fdrazn\u00fd, \u010dasto jen o n\u011bkolik stup\u0148\u016f. <\/p>\n\n<h3 class=\"wp-block-heading\">Objem a plocha objektu<\/h3>\n\n<p>Objem a plocha ochlazovan\u00e9 m\u00edstnosti jsou d\u016fle\u017eit\u00fdmi faktory, kter\u00e9 je t\u0159eba vz\u00edt v \u00favahu p\u0159i ur\u010dov\u00e1n\u00ed <strong>v\u00fdkonu chladi\u010de vzduchu<\/strong>. Schopnost syst\u00e9mu ochlazovat vzduch p\u0159\u00edmo z\u00e1vis\u00ed na prostoru, kter\u00fd m\u00e1 pokr\u00fdt. <\/p>\n\n<p>Ve velk\u00e9 d\u00edln\u011b nebo skladu mus\u00ed vzduch cirkulovat na v\u011bt\u0161\u00ed plo\u0161e, co\u017e m\u016f\u017ee vy\u017eadovat v\u00fdkonn\u011bj\u0161\u00ed chladi\u010d nebo n\u011bkolik jednotek, aby bylo zaji\u0161t\u011bno <strong>rovnom\u011brn\u00e9 rozlo\u017een\u00ed chladu<\/strong>. Nap\u0159\u00edklad v m\u00edstnosti o rozloze 100 m\u00b2 s vysok\u00fdm stropem nemus\u00ed k udr\u017een\u00ed p\u0159\u00edjemn\u00e9ho prost\u0159ed\u00ed sta\u010dit jedin\u00fd chladi\u010d. V takov\u00e9m p\u0159\u00edpad\u011b je \u010dasto zapot\u0159eb\u00ed n\u011bkolik jednotek, aby byl vzduch \u00fa\u010dinn\u011b a rovnom\u011brn\u011b upravov\u00e1n.  <\/p>\n\n<p>Naopak v mal\u00e9 m\u00edstnosti o rozloze 20 a\u017e 30 m\u00b2 zpravidla posta\u010d\u00ed jeden chladi\u010d vzduchu.<\/p>\n\n<p>Chladi\u010d vzduchu mus\u00ed b\u00fdt spr\u00e1vn\u011b dimenzov\u00e1n podle plochy a objemu m\u00edstnosti, aby byla zaji\u0161t\u011bna maxim\u00e1ln\u00ed \u00fa\u010dinnost a optim\u00e1ln\u00ed komfort.<\/p>\n\n<figure class=\"wp-block-image aligncenter size-large is-resized\"><img decoding=\"async\" width=\"1024\" height=\"1024\" src=\"https:\/\/obera.fr\/wp-content\/uploads\/2025\/03\/conseil-raf-1024x1024.png\" alt=\"rady raf\" class=\"wp-image-77456\" style=\"width:178px;height:auto\" srcset=\"https:\/\/obera.fr\/wp-content\/uploads\/2025\/03\/conseil-raf-1024x1024.png 1024w, https:\/\/obera.fr\/wp-content\/uploads\/2025\/03\/conseil-raf-300x300.png 300w, https:\/\/obera.fr\/wp-content\/uploads\/2025\/03\/conseil-raf-150x150.png 150w, https:\/\/obera.fr\/wp-content\/uploads\/2025\/03\/conseil-raf-768x768.png 768w, https:\/\/obera.fr\/wp-content\/uploads\/2025\/03\/conseil-raf.png 1200w\" sizes=\"(max-width: 1024px) 100vw, 1024px\" \/><\/figure>\n\n<h2 class=\"wp-block-heading\">Tipy pro maxim\u00e1ln\u00ed sn\u00ed\u017een\u00ed teploty<\/h2>\n\n<h3 class=\"wp-block-heading\">Strategick\u00e9 um\u00edst\u011bn\u00ed za\u0159\u00edzen\u00ed<\/h3>\n\n<p>Pro <strong>dosa\u017een\u00ed maxim\u00e1ln\u00edho chladic\u00edho v\u00fdkonu<\/strong> mus\u00ed b\u00fdt spot\u0159ebi\u010d spr\u00e1vn\u011b um\u00edst\u011bn, zejm\u00e9na pokud je.<strong> <\/strong>v m\u00edstnosti. Um\u00edst\u011bte jej na m\u00edsto, odkud m\u016f\u017ee ventil\u00e1tor snadno nas\u00e1vat hork\u00fd vzduch. Dbejte tak\u00e9 na to, aby spot\u0159ebi\u010di nebr\u00e1nily \u017e\u00e1dn\u00e9 p\u0159ek\u00e1\u017eky, nap\u0159\u00edklad n\u00e1bytek nebo stroje, aby byla zaji\u0161t\u011bna dobr\u00e1 cirkulace vzduchu.    <\/p>\n\n<h3 class=\"wp-block-heading\">Pou\u017eit\u00ed studen\u00e9 vody nebo kostek ledu<\/h3>\n\n<p>Pou\u017eit\u00ed studen\u00e9 vody v <strong>n\u00e1dr\u017ei chladi\u010de m\u016f\u017ee zv\u00fd\u0161it intenzitu chlazen\u00ed<\/strong>. Studen\u00e1 voda urychluje odpa\u0159ov\u00e1n\u00ed a rychleji sni\u017euje teplotu vzduchu. Stejn\u011b tak p\u0159id\u00e1n\u00ed n\u011bkolika kostek ledu do n\u00e1dr\u017eky m\u016f\u017ee zajistit dodate\u010dn\u00e9 chlazen\u00ed a zlep\u0161it v\u00fdkon spot\u0159ebi\u010de. Tato mal\u00e1 \u00faprava zvy\u0161uje \u00fa\u010dinek chladic\u00edho syst\u00e9mu.   <\/p>\n\n<h3 class=\"wp-block-heading\">V\u00fdznam v\u011btr\u00e1n\u00ed a odv\u011btr\u00e1v\u00e1n\u00ed m\u00edstnosti<\/h3>\n\n<p>Dobr\u00e9 v\u011btr\u00e1n\u00ed a pravideln\u00e9 v\u011btr\u00e1n\u00ed m\u00edstnosti jsou nezbytn\u00e9 pro udr\u017een\u00ed optim\u00e1ln\u00ed cirkulace vzduchu a zabr\u00e1n\u011bn\u00ed stagnaci tepla. Dob\u0159e v\u011btran\u00e1 m\u00edstnost umo\u017e\u0148uje<strong> chladi\u010di vzduchu optim\u00e1ln\u011b pracovat<\/strong>, na rozd\u00edl od klimatizace a pr\u016fmyslov\u00fdch ventil\u00e1tor\u016f. <\/p>\n\n<h3 class=\"wp-block-heading\">Pravideln\u00e1 \u00fadr\u017eba pro optimalizaci v\u00fdkonu spot\u0159ebi\u010de<\/h3>\n\n<p>Pro zaji\u0161t\u011bn\u00ed <strong>maxim\u00e1ln\u00edho v\u00fdkonu spot\u0159ebi\u010de<\/strong> je nezbytn\u00e1 pravideln\u00e1 \u00fadr\u017eba. Na rozd\u00edl od klimatizace vy\u017eaduj\u00ed osv\u011b\u017eova\u010de vzduchu jednoduch\u00e9, ale \u010dast\u00e9 \u010di\u0161t\u011bn\u00ed, zejm\u00e9na filtr\u016f a z\u00e1sobn\u00edku. M\u011bli byste se tak\u00e9 ujistit, \u017ee ventil\u00e1tor pracuje spr\u00e1vn\u011b a \u017ee<strong> proud\u011bn\u00ed vzduchu z\u016fst\u00e1v\u00e1 konstantn\u00ed<\/strong>. B\u011bhem topn\u00e9 sez\u00f3ny je vhodn\u00e9 osv\u011b\u017eova\u010d skladovat na such\u00e9m m\u00edst\u011b, aby byla zachov\u00e1na jeho \u017eivotnost.   <\/p>\n","protected":false},"excerpt":{"rendered":"<p>P\u0159esto\u017ee klimatizace z\u016fst\u00e1v\u00e1 v mnoha podnic\u00edch obl\u00edben\u00fdm \u0159e\u0161en\u00edm, st\u00e1le v\u00edce profesion\u00e1l\u016f si uv\u011bdomuje jej\u00ed omezen\u00ed a p\u0159ech\u00e1z\u00ed k \u00fa\u010dinn\u011bj\u0161\u00edm alternativ\u00e1m, jako jsou nap\u0159\u00edklad odpa\u0159ovac\u00ed chladi\u010de vzduchu.<\/p>\n","protected":false},"author":13,"featured_media":80716,"comment_status":"open","ping_status":"closed","sticky":false,"template":"","format":"standard","meta":{"_acf_changed":false,"_seopress_robots_primary_cat":"none","_seopress_titles_title":"Rafra\u00eechisseur d\u2019air basse temp\u00e9rature : solution efficace et \u00e9conomique","_seopress_titles_desc":"Le rafra\u00eechisseur d\u2019air basse temp\u00e9rature offre un refroidissement efficace, \u00e9conomique et \u00e9cologique en milieu industriel, en alternative aux climatiseurs.","_seopress_robots_index":"","footnotes":""},"categories":[310],"tags":[],"class_list":["post-72084","post","type-post","status-publish","format-standard","has-post-thumbnail","hentry","category-nase-rady","generate-columns","tablet-grid-50","mobile-grid-100","grid-parent","grid-50","no-featured-image-padding","resize-featured-image"],"acf":[],"_links":{"self":[{"href":"https:\/\/obera.fr\/cs\/wp-json\/wp\/v2\/posts\/72084","targetHints":{"allow":["GET"]}}],"collection":[{"href":"https:\/\/obera.fr\/cs\/wp-json\/wp\/v2\/posts"}],"about":[{"href":"https:\/\/obera.fr\/cs\/wp-json\/wp\/v2\/types\/post"}],"author":[{"embeddable":true,"href":"https:\/\/obera.fr\/cs\/wp-json\/wp\/v2\/users\/13"}],"replies":[{"embeddable":true,"href":"https:\/\/obera.fr\/cs\/wp-json\/wp\/v2\/comments?post=72084"}],"version-history":[{"count":8,"href":"https:\/\/obera.fr\/cs\/wp-json\/wp\/v2\/posts\/72084\/revisions"}],"predecessor-version":[{"id":77847,"href":"https:\/\/obera.fr\/cs\/wp-json\/wp\/v2\/posts\/72084\/revisions\/77847"}],"wp:featuredmedia":[{"embeddable":true,"href":"https:\/\/obera.fr\/cs\/wp-json\/wp\/v2\/media\/80716"}],"wp:attachment":[{"href":"https:\/\/obera.fr\/cs\/wp-json\/wp\/v2\/media?parent=72084"}],"wp:term":[{"taxonomy":"category","embeddable":true,"href":"https:\/\/obera.fr\/cs\/wp-json\/wp\/v2\/categories?post=72084"},{"taxonomy":"post_tag","embeddable":true,"href":"https:\/\/obera.fr\/cs\/wp-json\/wp\/v2\/tags?post=72084"}],"curies":[{"name":"wp","href":"https:\/\/api.w.org\/{rel}","templated":true}]}}