{"id":73271,"date":"2025-03-17T10:00:00","date_gmt":"2025-03-17T08:00:00","guid":{"rendered":"https:\/\/obera.fr\/nase-rada\/solution-refroidissement-efficacite-energetique\/"},"modified":"2025-04-14T14:48:54","modified_gmt":"2025-04-14T12:48:54","slug":"solution-refroidissement-efficacite-energetique","status":"publish","type":"post","link":"https:\/\/obera.fr\/cs\/nase-rady\/solution-refroidissement-efficacite-energetique\/","title":{"rendered":"\u0158e\u0161en\u00ed pr\u016fmyslov\u00e9ho chlazen\u00ed pro vy\u0161\u0161\u00ed energetickou \u00fa\u010dinnost"},"content":{"rendered":"\n<div class=\"wp-block-columns is-layout-flex wp-container-core-columns-is-layout-28f84493 wp-block-columns-is-layout-flex\">\n<div class=\"wp-block-column is-layout-flow wp-block-column-is-layout-flow\" style=\"flex-basis:66.66%\">\n<p>Pr\u016fmyslov\u00e9 vyst\u0159\u00edzliv\u011bn\u00ed v kombinaci s rostouc\u00edmi cenami energi\u00ed nut\u00ed spole\u010dnosti p\u0159ehodnotit sv\u00e9 p\u0159\u00edstupy, zejm\u00e9na pokud jde o <strong>tepeln\u00e9 hospod\u00e1\u0159stv\u00ed pr\u016fmyslov\u00fdch budov<\/strong>. Zat\u00edmco v zim\u011b z\u016fst\u00e1v\u00e1 vyt\u00e1p\u011bn\u00ed prioritou, letn\u00ed vlny veder zvy\u0161uj\u00ed pot\u0159ebu \u0159e\u0161en\u00ed chlazen\u00ed, kter\u00e9 kombinuje energetickou \u00fa\u010dinnost, udr\u017eitelnost a pohodl\u00ed. Spole\u010dnost OberA, odborn\u00edk na pr\u016fmyslov\u00e9 chlazen\u00ed, se zab\u00fdv\u00e1<strong> nejefektivn\u011bj\u0161\u00edmi<\/strong> a<strong> nejudr\u017eiteln\u011bj\u0161\u00edmi \u0159e\u0161en\u00edmi, kter\u00e1<\/strong> pom\u00e1haj\u00ed podnik\u016fm dos\u00e1hnout optimalizovan\u00e9ho a odpov\u011bdn\u00e9ho tepeln\u00e9ho hospod\u00e1\u0159stv\u00ed. <\/p>\n<\/div>\n\n\n\n<div class=\"wp-block-column is-layout-flow wp-block-column-is-layout-flow\" style=\"flex-basis:33.33%\">\n<figure class=\"wp-block-image aligncenter size-large is-resized\"><img decoding=\"async\" width=\"1024\" height=\"1024\" src=\"https:\/\/obera.fr\/wp-content\/uploads\/2025\/03\/conseil-raf-5-1024x1024.png\" alt=\"Energetick&#xE1; &#xFA;&#x10D;innost\" class=\"wp-image-77664\" style=\"width:227px;height:auto\" srcset=\"https:\/\/obera.fr\/wp-content\/uploads\/2025\/03\/conseil-raf-5-1024x1024.png 1024w, https:\/\/obera.fr\/wp-content\/uploads\/2025\/03\/conseil-raf-5-300x300.png 300w, https:\/\/obera.fr\/wp-content\/uploads\/2025\/03\/conseil-raf-5-150x150.png 150w, https:\/\/obera.fr\/wp-content\/uploads\/2025\/03\/conseil-raf-5-768x768.png 768w, https:\/\/obera.fr\/wp-content\/uploads\/2025\/03\/conseil-raf-5.png 1200w\" sizes=\"(max-width: 1024px) 100vw, 1024px\" \/><\/figure>\n<\/div>\n<\/div>\n\n<h2 class=\"wp-block-heading\">V\u00fdzvy v oblasti energetick\u00e9 \u00fa\u010dinnosti chlazen\u00ed<\/h2>\n\n<h3 class=\"wp-block-heading\">V\u00fdznam energetick\u00e9 \u00fa\u010dinnosti chladic\u00edch syst\u00e9m\u016f<\/h3>\n\n<p><strong>Pr\u016fmyslov\u00e9 odv\u011btv\u00ed<\/strong> spot\u0159ebov\u00e1v\u00e1 p\u0159ibli\u017en\u011b t\u0159etinu sv\u011btov\u00e9 energie a <a href=\"https:\/\/obera.fr\/cs\/nase-rady\/les-avantages-du-rafraichissement-adiabatique-dominent-largement-ses-inconvenients\/\">zna\u010dn\u00e1 \u010d\u00e1st t\u00e9to energie<\/a> se spot\u0159ebov\u00e1v\u00e1 na chlazen\u00ed budov. V t\u00e9to souvislosti <strong>se<\/strong> energetick\u00e1 \u00fa\u010dinnost <strong>chladic\u00edch<\/strong> syst\u00e9m\u016f <strong>st\u00e1v\u00e1 kl\u00ed\u010dovou,<\/strong> a to jak z hlediska \u017eivotn\u00edho prost\u0159ed\u00ed, aby se podpo\u0159il p\u0159echod na novou energetiku, tak z ekonomick\u00e9ho hlediska, aby se sn\u00ed\u017een\u00edm v\u00fdrobn\u00edch n\u00e1klad\u016f zlep\u0161ila konkurenceschopnost podnik\u016f.   <\/p>\n\n<h3 class=\"wp-block-heading\">Hospod\u00e1\u0159sk\u00fd dopad<\/h3>\n\n<p><strong>Energeticky \u00fa\u010dinn\u00e9 chladic\u00ed syst\u00e9my<\/strong> p\u0159in\u00e1\u0161ej\u00ed v\u00fdznamn\u00e9 ekonomick\u00e9 v\u00fdhody, zejm\u00e9na d\u00edky sv\u00e9 schopnosti sni\u017eovat spot\u0159ebu energie. Sn\u00ed\u017een\u00ed energetick\u00e9 n\u00e1ro\u010dnosti se prom\u00edt\u00e1 do ni\u017e\u0161\u00edch provozn\u00edch n\u00e1klad\u016f, co\u017e je v kontextu rostouc\u00edch cen energi\u00ed a pohonn\u00fdch hmot jasn\u00e1 v\u00fdhoda. <strong>Instalace t\u011bchto technologi\u00ed<\/strong> samoz\u0159ejm\u011b p\u0159edstavuje po\u010d\u00e1te\u010dn\u00ed investici, ale toto finan\u010dn\u00ed \u00fasil\u00ed je rychle kompenzov\u00e1no \u00fasporami provozn\u00edch n\u00e1klad\u016f a n\u00e1klad\u016f na \u00fadr\u017ebu v dlouhodob\u00e9m horizontu. Optimalizac\u00ed v\u00fdrobn\u00edch n\u00e1klad\u016f tyto syst\u00e9my posiluj\u00ed konkurenceschopnost podnik\u016f na mezin\u00e1rodn\u00edch trz\u00edch a zlep\u0161uj\u00ed image jejich zna\u010dky, co\u017e je v sou\u010dasn\u00e9 situaci d\u016fle\u017eit\u00e1 <strong>konkuren\u010dn\u00ed v\u00fdhoda<\/strong>.   <\/p>\n\n<h3 class=\"wp-block-heading\">Dopad na \u017eivotn\u00ed prost\u0159ed\u00ed  <\/h3>\n\n<figure class=\"wp-block-image alignleft size-full is-resized\"><img decoding=\"async\" width=\"535\" height=\"574\" src=\"https:\/\/obera.fr\/wp-content\/uploads\/2025\/03\/ecologie.png\" alt=\"ekologie\" class=\"wp-image-76272\" style=\"width:108px;height:auto\" srcset=\"https:\/\/obera.fr\/wp-content\/uploads\/2025\/03\/ecologie.png 535w, https:\/\/obera.fr\/wp-content\/uploads\/2025\/03\/ecologie-280x300.png 280w\" sizes=\"(max-width: 535px) 100vw, 535px\" \/><\/figure>\n\n<p><strong>Energeticky \u00fa\u010dinn\u00e9 chladic\u00ed syst\u00e9my <\/strong>hraj\u00ed kl\u00ed\u010dovou roli p\u0159i sni\u017eov\u00e1n\u00ed spot\u0159eby energie a emis\u00ed CO\u2082. Tato \u0159e\u0161en\u00ed nejen sni\u017euj\u00ed z\u00e1vislost na fosiln\u00edch palivech, ale tak\u00e9 p\u0159isp\u00edvaj\u00ed k p\u0159echodu na novou energetiku. Krom\u011b toho tyto technologie omezov\u00e1n\u00edm m\u011bstsk\u00fdch tepeln\u00fdch ostrov\u016f sni\u017euj\u00ed teploty v hust\u011b obydlen\u00fdch oblastech, \u010d\u00edm\u017e zlep\u0161uj\u00ed kvalitu \u017eivota obyvatel.<strong>Energetick\u00e1 \u00fa\u010dinnost nov\u00fdch<\/strong> chladic\u00edch<strong>technologi\u00ed<\/strong> sni\u017euje uhl\u00edkovou stopu a z\u00e1rove\u0148 hraje kl\u00ed\u010dovou roli v boji proti zm\u011bn\u011b klimatu.   <\/p>\n\n<h3 class=\"wp-block-heading\">P\u0159edpisy v pr\u016fmyslov\u00e9m odv\u011btv\u00ed<\/h3>\n\n<p>Francie usiluje o 27% zv\u00fd\u0161en\u00ed energetick\u00e9 \u00fa\u010dinnosti do roku 2030. V <strong>souladu s Pa\u0159\u00ed\u017eskou dohodou<\/strong> mus\u00ed podniky sn\u00ed\u017eit svou spot\u0159ebu energie a emise<sub>CO2<\/sub>. K dosa\u017een\u00ed t\u011bchto ambic\u00ed zav\u00e1d\u00ed z\u00e1kon o p\u0159echodu na energetiku z roku 2015 legislativn\u00ed r\u00e1mec, kter\u00fd m\u00e1 podpo\u0159it pr\u016fmyslov\u00e1 odv\u011btv\u00ed v p\u0159ij\u00edm\u00e1n\u00ed <strong>udr\u017eiteln\u00fdch a inovativn\u00edch \u0159e\u0161en\u00ed<\/strong>.   <\/p>\n\n<p>Velk\u00e9 spole\u010dnosti mus\u00ed ka\u017ed\u00e9 \u010dty\u0159i roky prov\u00e1d\u011bt audity, aby analyzovaly sv\u00e9 v\u00fddaje na energii, identifikovaly mo\u017enosti \u00faspor a zavedly<strong> c\u00edlen\u00e9 strategie ke zlep\u0161en\u00ed sv\u00e9ho vlivu na \u017eivotn\u00ed prost\u0159ed\u00ed<\/strong>. Mohou tak\u00e9 p\u0159ijmout normy, jako je ISO 50001, p\u0159\u00edstup SM\u00c9nergie a vyu\u017e\u00edvat certifik\u00e1ty \u00faspory energie (CEE), aby strukturovaly sv\u00e9 iniciativy a propagovaly sv\u00e9 \u00fasil\u00ed v oblasti udr\u017eitelnosti a energetick\u00e9 \u00fa\u010dinnosti. <\/p>\n\n<figure class=\"wp-block-image alignright size-full is-resized\"><img decoding=\"async\" width=\"608\" height=\"567\" src=\"https:\/\/obera.fr\/wp-content\/uploads\/2025\/03\/fraicheur.png\" alt=\"sn&#x11B;hov&#xE1; vlo&#x10D;ka p&#x159;edstavuj&#xED;c&#xED; chlad\" class=\"wp-image-76310\" style=\"width:152px;height:auto\" srcset=\"https:\/\/obera.fr\/wp-content\/uploads\/2025\/03\/fraicheur.png 608w, https:\/\/obera.fr\/wp-content\/uploads\/2025\/03\/fraicheur-300x280.png 300w\" sizes=\"(max-width: 608px) 100vw, 608px\" \/><\/figure>\n\n<h2 class=\"wp-block-heading\">Energeticky \u00fa\u010dinn\u00e1 \u0159e\u0161en\u00ed chlazen\u00ed pro pr\u016fmysl  <\/h2>\n\n<h3 class=\"wp-block-heading\">Adiabatick\u00e9 chlazen\u00ed  <\/h3>\n\n<p><a href=\"https:\/\/obera.fr\/cs\/produits\/rafraichisseurs-air\/\">Adiabatick\u00e9 chlazen\u00ed<\/a> vyu\u017e\u00edv\u00e1 odpa\u0159ov\u00e1n\u00ed vody ke sn\u00ed\u017een\u00ed teploty vzduchu. P\u0159i odpa\u0159ov\u00e1n\u00ed voda absorbuje citeln\u00e9 teplo vzduchu a vytv\u00e1\u0159\u00ed proud ochlazen\u00e9ho vzduchu. Toto chlazen\u00ed, kter\u00e9 spot\u0159ebuje a\u017e o 90 % m\u00e9n\u011b energie ne\u017e <strong>b\u011b\u017en\u00e1 klimatizace<\/strong>, je obzvl\u00e1\u0161t\u011b \u00fa\u010dinn\u00e9 pro velk\u00e9 pr\u016fmyslov\u00e9 prostory, jako jsou d\u00edlny a sklady. T\u00edm, \u017ee jako hlavn\u00ed chladic\u00ed m\u00e9dium vyu\u017e\u00edv\u00e1 kapalnou vodu, nab\u00edz\u00ed udr\u017eiteln\u00e9 a energeticky \u00fa\u010dinn\u00e9 \u0159e\u0161en\u00ed.   <\/p>\n\n<h3 class=\"wp-block-heading\">Pasivn\u00ed chladic\u00ed syst\u00e9m<\/h3>\n\n<p><strong>Pasivn\u00ed chlazen\u00ed<\/strong> reguluje teplotu v budov\u00e1ch bez pou\u017eit\u00ed aktivn\u00ed energie pomoc\u00ed inovativn\u00edch materi\u00e1l\u016f, jako jsou reflexn\u00ed n\u00e1t\u011bry, k\u0159emi\u010dit\u00e9 aerogely a kompozitn\u00ed izolace, a tak\u00e9 technik, jako jsou zelen\u00e9 st\u0159echy, <strong>inteligentn\u00ed zasklen\u00ed a p\u0159irozen\u00e9 v\u011btr\u00e1n\u00ed<\/strong>. Omezen\u00edm tepeln\u00fdch zisk\u016f a podporou odvodu tepla tento p\u0159\u00edstup sni\u017euje z\u00e1vislost na energeticky n\u00e1ro\u010dn\u00fdch klimatiza\u010dn\u00edch syst\u00e9mech a zvy\u0161uje udr\u017eitelnost budov. Je obzvl\u00e1\u0161t\u011b \u00fa\u010dinn\u00fd u <strong>&#8222;inteligentn\u00edch&#8220; staveb, kter\u00e9 <\/strong>jsou schopny samostatn\u011b \u0159\u00eddit sv\u00e9 tepeln\u00e9 pot\u0159eby. Nejl\u00e9pe se integruje ve f\u00e1zi n\u00e1vrhu budov, aby se maximalizoval dlouhodob\u00fd v\u00fdkon.   <\/p>\n\n<h3 class=\"wp-block-heading\">S\u00edt\u011b d\u00e1lkov\u00e9ho chlazen\u00ed (m\u011bstsk\u00e9 chlazen\u00ed)<\/h3>\n\n<p><strong>S\u00edt\u011b d\u00e1lkov\u00e9ho chlazen\u00ed<\/strong> nebo distribu\u010dn\u00ed syst\u00e9my chladu funguj\u00ed podobn\u011b jako s\u00edt\u011b d\u00e1lkov\u00e9ho vyt\u00e1p\u011bn\u00ed, ale distribuuj\u00ed chlad o teplot\u011b 5 a\u017e 15 \u00b0C. Centr\u00e1ln\u00ed za\u0159\u00edzen\u00ed chlad\u00ed kapalinu (vodu nebo glykol) a dopravuje ji izolovan\u00fdm potrub\u00edm k u\u017eivatel\u016fm pro aplikace, jako je klimatizace, chlazen\u00ed<strong> pr\u016fmyslov\u00fdch proces\u016f nebo v\u00fdrobn\u00edch jednotek<\/strong>. Oh\u0159\u00e1t\u00e1 kapalina se pak vrac\u00ed zp\u011bt do elektr\u00e1rny, kde se op\u011bt ochlad\u00ed.  <\/p>\n\n<p>Tyto s\u00edt\u011b jsou energeticky \u00fa\u010dinn\u011bj\u0161\u00ed ne\u017e jednotliv\u00e9 klimatiza\u010dn\u00ed syst\u00e9my, sni\u017euj\u00ed <strong>tepeln\u00e9 ztr\u00e1ty<\/strong>, odleh\u010duj\u00ed elektrick\u00e9 s\u00edti a sni\u017euj\u00ed uhl\u00edkovou stopu. Nab\u00edzej\u00ed proto udr\u017eiteln\u00e9 \u0159e\u0161en\u00ed rostouc\u00ed pot\u0159eby chlazen\u00ed, zejm\u00e9na v hust\u011b obydlen\u00fdch a pr\u016fmyslov\u00fdch oblastech. <\/p>\n\n<h3 class=\"wp-block-heading\">Integrace obnoviteln\u00fdch zdroj\u016f energie do chladic\u00edch syst\u00e9m\u016f<\/h3>\n\n<p><strong>Chladic\u00ed syst\u00e9my<\/strong> st\u00e1le \u010dast\u011bji vyu\u017e\u00edvaj\u00ed obnoviteln\u00e9 zdroje energie. Sol\u00e1rn\u00ed energie m\u016f\u017ee nap\u0159\u00edklad poh\u00e1n\u011bt absorp\u010dn\u00ed syst\u00e9my, kde se teplo zachycen\u00e9 sol\u00e1rn\u00edmi panely p\u0159em\u011b\u0148uje na chlazen\u00ed prost\u0159ednictv\u00edm termodynamick\u00fdch cykl\u016f. V\u011btrn\u00e9 turb\u00edny a tepeln\u00e1 \u010derpadla lze rovn\u011b\u017e vyu\u017e\u00edt k chlazen\u00ed <strong>za\u0159\u00edzen\u00ed nebo k podpo\u0159e m\u011bstsk\u00fdch s\u00edt\u00ed<\/strong>, co\u017e p\u0159edstavuje udr\u017eiteln\u00fd zdroj energie a sni\u017euje z\u00e1vislost na elekt\u0159in\u011b. Pou\u017e\u00edv\u00e1n\u00ed ekologicky \u0161etrn\u00fdch chladiv z\u00e1rove\u0148 sni\u017euje dopad t\u011bchto syst\u00e9m\u016f na \u017eivotn\u00ed prost\u0159ed\u00ed t\u00edm, \u017ee omezuje emise sklen\u00edkov\u00fdch plyn\u016f.   <\/p>\n\n<h2 class=\"wp-block-heading\">Optimalizace st\u00e1vaj\u00edc\u00edho syst\u00e9mu pro vy\u0161\u0161\u00ed energetickou \u00fa\u010dinnost  <\/h2>\n\n<h3 class=\"wp-block-heading\">\u00daloha p\u0159ipojen\u00fdch termostat\u016f a dom\u00e1c\u00ed automatizace<\/h3>\n\n<p>P\u0159ipojen\u00e9 termostaty umo\u017e\u0148uj\u00ed sn\u00ed\u017eit teplotu p\u0159esn\u011b podle aktu\u00e1ln\u00ed pot\u0159eby, co\u017e pom\u00e1h\u00e1 zabr\u00e1nit nadm\u011brn\u00e9 spot\u0159eb\u011b energie. <strong>Automatizace dom\u00e1cnosti \u0159\u00edd\u00ed r\u016fzn\u00e1 za\u0159\u00edzen\u00ed<\/strong>, aby se maximalizovala energetick\u00e1 \u00fa\u010dinnost a z\u00e1rove\u0148 zajistil optim\u00e1ln\u00ed komfort. Integrace t\u011bchto technologi\u00ed do st\u00e1vaj\u00edc\u00edch syst\u00e9m\u016f optimalizuje hospoda\u0159en\u00ed s energi\u00ed a sni\u017euje<strong>dopad budov a pr\u016fmyslov\u00fdch za\u0159\u00edzen\u00ed na \u017eivotn\u00ed prost\u0159ed\u00ed<\/strong>.  <\/p>\n\n<h3 class=\"wp-block-heading\">V\u00fdznam tepeln\u00e9 izolace<\/h3>\n\n<p>Izolace m\u00e1 z\u00e1sadn\u00ed v\u00fdznam pro<strong> optimalizaci energetick\u00e9 \u00fa\u010dinnosti budovy<\/strong>. Dobr\u00e1 izolace sni\u017euje tepeln\u00e9 ztr\u00e1ty v zim\u011b a tepeln\u00e9 zisky v l\u00e9t\u011b, \u010d\u00edm\u017e se sni\u017euj\u00ed po\u017eadavky na vyt\u00e1p\u011bn\u00ed a chlazen\u00ed. Zlep\u0161en\u00edm izolace st\u011bn, st\u0159ech, oken a podlah spot\u0159ebuj\u00ed budovy m\u00e9n\u011b energie na udr\u017een\u00ed p\u0159\u00edjemn\u00e9 teploty. Za\u010dlen\u011bn\u00ed modern\u00edch materi\u00e1l\u016f, jako je <strong>ekologick\u00e1 izolace a okna s dvojit\u00fdmi skly<\/strong>, optimalizuje energetickou \u00fa\u010dinnost a podporuje udr\u017eitelnost.   <\/p>\n\n<h3 class=\"wp-block-heading\">Rekuperace tepla<\/h3>\n\n<p>Rekuperace tepla je \u00fa\u010dinn\u00fdm \u0159e\u0161en\u00edm pro zv\u00fd\u0161en\u00ed energetick\u00e9 \u00fa\u010dinnosti zachycen\u00edm p\u0159ebyte\u010dn\u00e9ho tepla, kter\u00e9 vznik\u00e1 p\u0159i provozu pr\u016fmyslov\u00fdch stroj\u016f, <strong>v\u00fdrobn\u00edch za\u0159\u00edzen\u00ed<\/strong> nebo dokonce p\u0159i procesech vyt\u00e1p\u011bn\u00ed a chlazen\u00ed. Toto teplo, kter\u00e9 je \u010dasto pova\u017eov\u00e1no za nevyu\u017eit\u00fd vedlej\u0161\u00ed produkt, lze p\u0159esm\u011brovat na jin\u00e9 \u00fa\u010dely, nap\u0159\u00edklad na oh\u0159ev vody nebo optimalizaci<strong> pr\u016fmyslov\u00fdch proces\u016f v budov\u00e1ch<\/strong>.   <\/p>\n\n<figure class=\"wp-block-image aligncenter size-large is-resized\"><img decoding=\"async\" width=\"1024\" height=\"1024\" src=\"https:\/\/obera.fr\/wp-content\/uploads\/2025\/03\/conseil-raf-1-1-1024x1024.png\" alt=\"rada raf (1)\" class=\"wp-image-77688\" style=\"width:236px;height:auto\" srcset=\"https:\/\/obera.fr\/wp-content\/uploads\/2025\/03\/conseil-raf-1-1-1024x1024.png 1024w, https:\/\/obera.fr\/wp-content\/uploads\/2025\/03\/conseil-raf-1-1-300x300.png 300w, https:\/\/obera.fr\/wp-content\/uploads\/2025\/03\/conseil-raf-1-1-150x150.png 150w, https:\/\/obera.fr\/wp-content\/uploads\/2025\/03\/conseil-raf-1-1-768x768.png 768w, https:\/\/obera.fr\/wp-content\/uploads\/2025\/03\/conseil-raf-1-1.png 1200w\" sizes=\"(max-width: 1024px) 100vw, 1024px\" \/><\/figure>\n\n<h2 class=\"wp-block-heading\">P\u0159\u00edpadov\u00e9 studie  <\/h2>\n\n<h3 class=\"wp-block-heading\">Chlazen\u00ed datov\u00e9ho centra zdarma  <\/h3>\n\n<p>Chlazen\u00ed datov\u00e9ho centra p\u0159edstavuje velkou energetickou v\u00fdzvu, nebo\u0165 p\u0159edstavuje 30 a\u017e 40 % jeho celkov\u00e9 spot\u0159eby. Tyto infrastruktury, kter\u00e9 jsou d\u016fle\u017eit\u00e9 pro <strong>ukl\u00e1d\u00e1n\u00ed a distribuci dat<\/strong>, produkuj\u00ed velk\u00e9 mno\u017estv\u00ed tepla v d\u016fsledku nep\u0159etr\u017eit\u00e9ho provozu server\u016f, co\u017e vy\u017eaduje vysoce v\u00fdkonn\u00e1 chladic\u00ed za\u0159\u00edzen\u00ed. Tato vysok\u00e1 spot\u0159eba energie v\u00fdznamn\u011b p\u0159isp\u00edv\u00e1 k <strong>digit\u00e1ln\u00edmu zne\u010di\u0161t\u011bn\u00ed, kter\u00e9<\/strong> s sebou nese zna\u010dn\u00e9 emise sklen\u00edkov\u00fdch plyn\u016f. V roce 2020 se spot\u0159eba elektrick\u00e9 energie datov\u00fdch center ve Francii rovnala spot\u0159eb\u011b m\u011bsta s 50 000 obyvateli.   <\/p>\n\n<p>Voln\u00e9 chlazen\u00ed je <strong>efektivn\u00edm \u0159e\u0161en\u00edm chlazen\u00ed<\/strong> datov\u00e9ho centra. Voln\u00e9 chlazen\u00ed je zalo\u017eeno na vyu\u017eit\u00ed venkovn\u00edho vzduchu (nebo n\u011bkdy vody) k p\u0159\u00edm\u00e9mu chlazen\u00ed za\u0159\u00edzen\u00ed bez nutnosti pou\u017eit\u00ed energeticky n\u00e1ro\u010dn\u00fdch chladic\u00edch za\u0159\u00edzen\u00ed. Kdy\u017e je venku chladno, lze vzduch vyu\u017e\u00edt k <a href=\"https:\/\/obera.fr\/cs\/nase-rady\/rafraichisseur-air-basse-temperature\/\">udr\u017eov\u00e1n\u00ed n\u00edzk\u00e9 teploty<\/a> v serverovn\u00e1ch, co\u017e v\u00fdrazn\u011b sni\u017euje spot\u0159ebu energie a omezuje pou\u017e\u00edv\u00e1n\u00ed kompresor\u016f a dal\u0161\u00edch energeticky n\u00e1ro\u010dn\u00fdch technologi\u00ed k v\u00fdrob\u011b chladu.  <\/p>\n\n<h3 class=\"wp-block-heading\">Adiabatick\u00e9 chlazen\u00ed velk\u00fdch pr\u016fmyslov\u00fdch ploch<\/h3>\n\n<p>Ve velk\u00fdch pr\u016fmyslov\u00fdch prostor\u00e1ch, kde m\u016f\u017ee b\u00fdt teplo vznikaj\u00edc\u00ed p\u0159i v\u00fdrob\u011b a procesech probl\u00e9mem, p\u0159edstavuje<strong> adiabatick\u00e9 chlazen\u00ed (zalo\u017een\u00e9 na odpa\u0159ov\u00e1n\u00ed vody)<\/strong> ekonomickou a ekologickou alternativu, kter\u00e1<strong> zdaleka <\/strong>p\u0159ekon\u00e1v\u00e1 b\u011b\u017en\u00e9<strong> klimatiza\u010dn\u00ed syst\u00e9my <\/strong>. Klimatizace m\u00e1 \u0159adu nev\u00fdhod, v\u010detn\u011b vysok\u00e9 spot\u0159eby energie, zejm\u00e9na za velmi hork\u00e9ho po\u010das\u00ed, a tak\u00e9 zna\u010dn\u00e9ho dopadu na \u017eivotn\u00ed prost\u0159ed\u00ed, nekompatibility v otev\u0159en\u00fdch prostor\u00e1ch, slo\u017eit\u00e9 a n\u00e1kladn\u00e9 \u00fadr\u017eby a sporn\u00e9ho komfortu.   <\/p>\n\n<p><strong> Adiabatick\u00e9 chlazen\u00ed s odpa\u0159ov\u00e1n\u00edm vody<\/strong> sni\u017euje spot\u0159ebu energie, zvy\u0161uje komfort pracovn\u00edk\u016f a sni\u017euje uhl\u00edkovou stopu. Tento syst\u00e9m je obzvl\u00e1\u0161t\u011b vhodn\u00fd pro odv\u011btv\u00ed, jako je potravin\u00e1\u0159stv\u00ed, polygrafie, automobilov\u00fd pr\u016fmysl a logistika, kde je \u010dasto vy\u017eadov\u00e1na regulace teploty. <strong>Mobiln\u00ed adiabatick\u00e9 jednotky<\/strong> nab\u00edzej\u00ed tak\u00e9 velkou flexibilitu, kter\u00e1 umo\u017e\u0148uje zam\u011b\u0159it se na konkr\u00e9tn\u00ed oblasti nebo splnit jednor\u00e1zov\u00e9 po\u017eadavky na chlazen\u00ed.    <\/p>\n\n<p><\/p>\n","protected":false},"excerpt":{"rendered":"<p>Pr\u016fmyslov\u00e9 vyst\u0159\u00edzliv\u011bn\u00ed v kombinaci s rostouc\u00edmi cenami energi\u00ed nut\u00ed spole\u010dnosti p\u0159ehodnotit sv\u00e9 p\u0159\u00edstupy, zejm\u00e9na pokud jde o tepeln\u00e9 hospod\u00e1\u0159stv\u00ed pr\u016fmyslov\u00fdch budov.<\/p>\n","protected":false},"author":13,"featured_media":80654,"comment_status":"open","ping_status":"closed","sticky":false,"template":"","format":"standard","meta":{"_acf_changed":false,"_seopress_robots_primary_cat":"none","_seopress_titles_title":"Solutions de refroidissement : boostez votre efficacit\u00e9 \u00e9nerg\u00e9tique !","_seopress_titles_desc":"D\u00e9couvrez les solutions de refroidissement alliant efficacit\u00e9 \u00e9nerg\u00e9tique, durabilit\u00e9 et performance pour optimiser la gestion thermique des b\u00e2timents industriels.","_seopress_robots_index":"","footnotes":""},"categories":[310],"tags":[],"class_list":["post-73271","post","type-post","status-publish","format-standard","has-post-thumbnail","hentry","category-nase-rady","generate-columns","tablet-grid-50","mobile-grid-100","grid-parent","grid-50","no-featured-image-padding","resize-featured-image"],"acf":[],"_links":{"self":[{"href":"https:\/\/obera.fr\/cs\/wp-json\/wp\/v2\/posts\/73271","targetHints":{"allow":["GET"]}}],"collection":[{"href":"https:\/\/obera.fr\/cs\/wp-json\/wp\/v2\/posts"}],"about":[{"href":"https:\/\/obera.fr\/cs\/wp-json\/wp\/v2\/types\/post"}],"author":[{"embeddable":true,"href":"https:\/\/obera.fr\/cs\/wp-json\/wp\/v2\/users\/13"}],"replies":[{"embeddable":true,"href":"https:\/\/obera.fr\/cs\/wp-json\/wp\/v2\/comments?post=73271"}],"version-history":[{"count":5,"href":"https:\/\/obera.fr\/cs\/wp-json\/wp\/v2\/posts\/73271\/revisions"}],"predecessor-version":[{"id":77714,"href":"https:\/\/obera.fr\/cs\/wp-json\/wp\/v2\/posts\/73271\/revisions\/77714"}],"wp:featuredmedia":[{"embeddable":true,"href":"https:\/\/obera.fr\/cs\/wp-json\/wp\/v2\/media\/80654"}],"wp:attachment":[{"href":"https:\/\/obera.fr\/cs\/wp-json\/wp\/v2\/media?parent=73271"}],"wp:term":[{"taxonomy":"category","embeddable":true,"href":"https:\/\/obera.fr\/cs\/wp-json\/wp\/v2\/categories?post=73271"},{"taxonomy":"post_tag","embeddable":true,"href":"https:\/\/obera.fr\/cs\/wp-json\/wp\/v2\/tags?post=73271"}],"curies":[{"name":"wp","href":"https:\/\/api.w.org\/{rel}","templated":true}]}}