{"id":73576,"date":"2025-03-19T11:40:52","date_gmt":"2025-03-19T09:40:52","guid":{"rendered":"https:\/\/obera.fr\/nase-rada\/instalace-chladic-vzduchu\/"},"modified":"2025-04-14T14:44:20","modified_gmt":"2025-04-14T12:44:20","slug":"instalace-chladic-vzduchu","status":"publish","type":"post","link":"https:\/\/obera.fr\/cs\/nase-rady\/instalace-chladic-vzduchu\/","title":{"rendered":"Pr\u016fvodce instalac\u00ed chladi\u010de vzduchu"},"content":{"rendered":"\n<div class=\"wp-block-columns is-layout-flex wp-container-core-columns-is-layout-28f84493 wp-block-columns-is-layout-flex\">\n<div class=\"wp-block-column is-layout-flow wp-block-column-is-layout-flow\" style=\"flex-basis:66.66%\">\n<p>Optimalizujte tepeln\u00fd komfort ve sv\u00e9 budov\u011b, d\u00edln\u011b nebo skladu a z\u00e1rove\u0148 <strong>kontrolujte spot\u0159ebu energie<\/strong> instalac\u00ed pr\u016fmyslov\u00e9ho chladi\u010de vzduchu. Toto chladic\u00ed \u0159e\u0161en\u00ed, ur\u010den\u00e9 k chlazen\u00ed velk\u00fdch objem\u016f, vyu\u017e\u00edv\u00e1 principu odpa\u0159ov\u00e1n\u00ed vody ke sn\u00ed\u017een\u00ed okoln\u00ed teploty bez pou\u017eit\u00ed chladiva. <\/p>\n\n\n\n<p>Tento podrobn\u00fd pr\u016fvodce v\u00e1s provede v\u0161emi kroky p\u0159i instalaci pr\u016fmyslov\u00e9ho chladi\u010de a zam\u011b\u0159\u00ed se na technick\u00e9 aspekty, bezpe\u010dnostn\u00ed opat\u0159en\u00ed a tipy pro maximalizaci<a href=\"https:\/\/obera.fr\/cs\/nase-rady\/ucinnost-osvezovace-vzduchu\/\">\u00fa\u010dinnosti chladic\u00edho syst\u00e9mu<\/a>.<\/p>\n<\/div>\n\n\n\n<div class=\"wp-block-column is-layout-flow wp-block-column-is-layout-flow\" style=\"flex-basis:33.33%\">\n<figure class=\"wp-block-image aligncenter size-large is-resized\"><img decoding=\"async\" width=\"1024\" height=\"1024\" src=\"https:\/\/obera.fr\/wp-content\/uploads\/2025\/03\/conseil-raf-2-1024x1024.png\" alt=\"raf consultancy (2)\" class=\"wp-image-77521\" style=\"width:197px;height:auto\" srcset=\"https:\/\/obera.fr\/wp-content\/uploads\/2025\/03\/conseil-raf-2-1024x1024.png 1024w, https:\/\/obera.fr\/wp-content\/uploads\/2025\/03\/conseil-raf-2-300x300.png 300w, https:\/\/obera.fr\/wp-content\/uploads\/2025\/03\/conseil-raf-2-150x150.png 150w, https:\/\/obera.fr\/wp-content\/uploads\/2025\/03\/conseil-raf-2-768x768.png 768w, https:\/\/obera.fr\/wp-content\/uploads\/2025\/03\/conseil-raf-2.png 1200w\" sizes=\"(max-width: 1024px) 100vw, 1024px\" \/><\/figure>\n<\/div>\n<\/div>\n\n<h2 class=\"wp-block-heading\">\u00davod do chladi\u010de vzduchu<\/h2>\n\n<h3 class=\"wp-block-heading\">Provoz a v\u00fdhody<\/h3>\n\n<div class=\"wp-block-columns is-layout-flex wp-container-core-columns-is-layout-28f84493 wp-block-columns-is-layout-flex\">\n<div class=\"wp-block-column is-layout-flow wp-block-column-is-layout-flow\" style=\"flex-basis:66.66%\">\n<p><strong>Pr\u016fmyslov\u00fd chladi\u010d vzduchu nas\u00e1v\u00e1 tepl\u00fd vzduch z m\u00edstnosti<\/strong>, proch\u00e1z\u00ed vlhk\u00fdm m\u00e9diem a pot\u00e9 vyfukuje ochlazen\u00fd vzduch. Tento proces, zn\u00e1m\u00fd jako <a href=\"https:\/\/obera.fr\/cs\/produits\/rafraichisseurs-air\/\">adiabatick\u00e9 chlazen\u00ed<\/a>, se spol\u00e9h\u00e1 na odpa\u0159ov\u00e1n\u00ed vody, kter\u00e9 sni\u017euje okoln\u00ed teplotu, bez pou\u017eit\u00ed chladiva. Na rozd\u00edl od klimatizace vy\u017eaduje pouze vodu a vzduch, co\u017e sni\u017euje provozn\u00ed n\u00e1klady a z\u00e1rove\u0148 omezuje dopad na \u017eivotn\u00ed prost\u0159ed\u00ed. Na rozd\u00edl od ventil\u00e1toru, kter\u00fd pouze <strong>rozv\u00ed\u0159\u00ed vzduch, ani\u017e by zm\u011bnil jeho teplotu<\/strong>, poskytuje chladi\u010d vzduchu skute\u010dn\u00fd chladic\u00ed \u00fa\u010dinek.   <\/p>\n\n\n\n<p>Toto za\u0159\u00edzen\u00ed <strong>sni\u017euje okoln\u00ed teplotu<\/strong> o 4 a\u017e 12 \u00b0C a z\u00e1rove\u0148 m\u00edrn\u011b zvy\u0161uje vlhkost (o 5 a\u017e 10 %), \u010d\u00edm\u017e vytv\u00e1\u0159\u00ed p\u0159\u00edjemn\u011bj\u0161\u00ed pracovn\u00ed prost\u0159ed\u00ed. Ekonomick\u00e9 a ekologick\u00e9 chladi\u010de se vyzna\u010duj\u00ed n\u00edzkou spot\u0159ebou energie a jednoduchou instalac\u00ed, co\u017e z nich \u010din\u00ed <strong>\u00fa\u010dinnou alternativu k tradi\u010dn\u00edm klimatiza\u010dn\u00edm syst\u00e9m\u016fm<\/strong>. Nav\u00edc d\u00edky sv\u00fdm filtr\u016fm a UV lamp\u00e1m zaru\u010duj\u00ed \u010dist\u0161\u00ed a zdrav\u011bj\u0161\u00ed vzduch, zlep\u0161uj\u00ed pohodu zam\u011bstnanc\u016f a z\u00e1rove\u0148 chr\u00e1n\u00ed za\u0159\u00edzen\u00ed v m\u00edstnosti citliv\u00e9 na teplo.  <\/p>\n<\/div>\n\n\n\n<div class=\"wp-block-column is-layout-flow wp-block-column-is-layout-flow\" style=\"flex-basis:33.33%\">\n<figure class=\"wp-block-image size-large\"><img decoding=\"async\" width=\"1024\" height=\"856\" src=\"https:\/\/obera.fr\/wp-content\/uploads\/2024\/11\/gamme-ic-1-1024x856.png\" alt=\"rozsah ic\" class=\"wp-image-49129\" srcset=\"https:\/\/obera.fr\/wp-content\/uploads\/2024\/11\/gamme-ic-1-1024x856.png 1024w, https:\/\/obera.fr\/wp-content\/uploads\/2024\/11\/gamme-ic-1-300x251.png 300w, https:\/\/obera.fr\/wp-content\/uploads\/2024\/11\/gamme-ic-1-768x642.png 768w, https:\/\/obera.fr\/wp-content\/uploads\/2024\/11\/gamme-ic-1.png 1200w\" sizes=\"(max-width: 1024px) 100vw, 1024px\" \/><\/figure>\n<\/div>\n<\/div>\n\n<h3 class=\"wp-block-heading\">V\u00fdb\u011br modelu<\/h3>\n\n<p><strong>Pr\u016fmyslov\u00e9 chladi\u010de vzduchu<\/strong> se vyr\u00e1b\u011bj\u00ed ve dvou typech: mobiln\u00ed a pevn\u00e9.<\/p>\n\n<ul class=\"wp-block-list\">\n<li>Mobiln\u00ed chladi\u010de, kter\u00e9 lze snadno p\u0159emis\u0165ovat podle pot\u0159eb pracovi\u0161t\u011b, vy\u017eaduj\u00ed pouze p\u0159\u00edstup k vod\u011b a elekt\u0159in\u011b, a nab\u00edzej\u00ed tak velkou flexibilitu pou\u017eit\u00ed za v\u00fdhodnou cenu.<\/li>\n\n\n\n<li>Naproti tomu pevn\u00e9 chladi\u010de jsou trvale instalov\u00e1ny v budov\u011b a jsou p\u0159ipojeny k s\u00edti rozvodu vzduchu, aby ochlazovaly velk\u00e9 prostory. P\u0159esto\u017ee poskytuj\u00ed \u00fa\u010dinn\u011bj\u0161\u00ed chlazen\u00ed, jejich instalace je slo\u017eit\u011bj\u0161\u00ed a dra\u017e\u0161\u00ed. <\/li>\n<\/ul>\n\n<p>Existuj\u00ed tak\u00e9 <strong>p\u0159\u00edm\u00e9 adiabatick\u00e9 chladi\u010de<\/strong>, kter\u00e9 rozptyluj\u00ed ochlazen\u00fd a zvlh\u010den\u00fd vzduch do m\u00edstnosti, a nep\u0159\u00edm\u00e9 modely, kter\u00e9 ochlazuj\u00ed vzduch bez zv\u00fd\u0161en\u00ed vlhkosti.<\/p>\n\n<h3 class=\"wp-block-heading\">Rozd\u00edly mezi chladi\u010di a klimatiz\u00e1tory<\/h3>\n\n<div class=\"wp-block-columns is-layout-flex wp-container-core-columns-is-layout-28f84493 wp-block-columns-is-layout-flex\">\n<div class=\"wp-block-column is-layout-flow wp-block-column-is-layout-flow\" style=\"flex-basis:66.66%\">\n<p>Chladi\u010d vzduchu nedosahuje p\u0159esn\u00e9 c\u00edlov\u00e9 teploty jako klimatizace, ale poskytuje p\u0159irozen\u00e9 chlazen\u00ed bez tepeln\u00e9ho \u0161oku, co\u017e je<strong> nev\u00fdhoda \u010dasto spojovan\u00e1 s klimatizac\u00ed<\/strong>. Tento proces je zalo\u017een na odpa\u0159ov\u00e1n\u00ed vody, kter\u00e9 sni\u017euje teplotu v m\u00edstnosti o n\u011bkolik stup\u0148\u016f a\u017e p\u0159ibli\u017en\u011b o deset stup\u0148\u016f v z\u00e1vislosti na modelu a klimatick\u00fdch podm\u00ednk\u00e1ch. Chladi\u010d spot\u0159ebov\u00e1v\u00e1 m\u00e9n\u011b energie a nevy\u017eaduje venkovn\u00ed jednotku, na rozd\u00edl od klimatizace, kter\u00e1<strong> vy\u017eaduje chladic\u00ed okruh a tepeln\u00e9 odv\u00e1d\u011bn\u00ed<\/strong>. Pou\u017eit\u00ed chladi\u010de je vhodn\u00e9 zejm\u00e9na pro velk\u00e9 otev\u0159en\u00e9 prostory a prostory vy\u017eaduj\u00edc\u00ed velk\u00e9 v\u011btr\u00e1n\u00ed.   <\/p>\n<\/div>\n\n\n\n<div class=\"wp-block-column is-layout-flow wp-block-column-is-layout-flow\" style=\"flex-basis:33.33%\">\n<figure class=\"wp-block-image aligncenter size-full is-resized\"><img decoding=\"async\" width=\"1000\" height=\"1000\" src=\"https:\/\/obera.fr\/wp-content\/uploads\/2022\/03\/Rafraichisseur-dair-par-evaporation.jpg\" alt=\"odpa&#x159;ovac&#xED; chladi&#x10D; vzduchu\" class=\"wp-image-13253\" style=\"width:222px;height:auto\" srcset=\"https:\/\/obera.fr\/wp-content\/uploads\/2022\/03\/Rafraichisseur-dair-par-evaporation.jpg 1000w, https:\/\/obera.fr\/wp-content\/uploads\/2022\/03\/Rafraichisseur-dair-par-evaporation-300x300.jpg 300w, https:\/\/obera.fr\/wp-content\/uploads\/2022\/03\/Rafraichisseur-dair-par-evaporation-150x150.jpg 150w, https:\/\/obera.fr\/wp-content\/uploads\/2022\/03\/Rafraichisseur-dair-par-evaporation-768x768.jpg 768w\" sizes=\"(max-width: 1000px) 100vw, 1000px\" \/><\/figure>\n<\/div>\n<\/div>\n\n<h2 class=\"wp-block-heading\">P\u0159\u00edprava na instalaci<\/h2>\n\n<h3 class=\"wp-block-heading\">V\u00fdb\u011br ide\u00e1ln\u00edho m\u00edsta<\/h3>\n\n<p>P\u0159ed instalac\u00ed <strong>pr\u016fmyslov\u00e9ho chladi\u010de vzduchu<\/strong> je d\u016fle\u017eit\u00e9 zvolit spr\u00e1vn\u00e9 um\u00edst\u011bn\u00ed, kter\u00e9 bude vyhovovat pot\u0159eb\u00e1m dan\u00e9ho m\u00edsta. Pevn\u00fd model lze instalovat na st\u0159echu, fas\u00e1du nebo venkovn\u00ed st\u011bnu, p\u0159i\u010dem\u017e s\u00ed\u0165 potrub\u00ed slou\u017e\u00ed k efektivn\u00ed distribuci chladn\u00e9ho vzduchu do cel\u00e9ho prostoru. V p\u0159\u00edpad\u011b mobiln\u00edho modelu doporu\u010dujeme um\u00edstit jej do dob\u0159e v\u011btran\u00e9ho, ni\u010d\u00edm neru\u0161en\u00e9ho prostoru v bl\u00edzkosti elektrick\u00e9 z\u00e1suvky. Nem\u011bl by sm\u011b\u0159ovat ke stroj\u016fm citliv\u00fdm na vlhkost, ale sp\u00ed\u0161e k pracovn\u00edm ploch\u00e1m, kde <strong>bude chlazen\u00ed nej\u00fa\u010dinn\u011bj\u0161\u00ed<\/strong>. Podlaha pro instalaci mus\u00ed b\u00fdt stabiln\u00ed a mus\u00ed b\u00fdt zaji\u0161t\u011bn snadn\u00fd p\u0159\u00edstup k vod\u011b.    <\/p>\n\n<h3 class=\"wp-block-heading\">Kontrola pot\u0159ebn\u00e9ho p\u0159\u00edslu\u0161enstv\u00ed a n\u00e1stroj\u016f<\/h3>\n\n<p>P\u0159ed uveden\u00edm chladi\u010de do provozu se ujist\u011bte, \u017ee m\u00e1te k dispozici ve\u0161ker\u00e9 pot\u0159ebn\u00e9 p\u0159\u00edslu\u0161enstv\u00ed a n\u00e1\u0159ad\u00ed. Pro zaji\u0161t\u011bn\u00ed \u00fa\u010dinn\u00e9 distribuce chladn\u00e9ho vzduchu <strong>mus\u00ed b\u00fdt k dispozici kompatibiln\u00ed ventila\u010dn\u00ed s\u00ed\u0165<\/strong>. Ujist\u011bte se tak\u00e9, \u017ee m\u00e1te k dispozici pot\u0159ebn\u00e9 armatury pro p\u0159ipojen\u00ed p\u0159\u00edvodu vody a elektrick\u00e9ho nap\u00e1jen\u00ed.<br\/>U mobiln\u00edho modelu zkontrolujte, zda je nap\u00e1jec\u00ed kabel dostate\u010dn\u011b dlouh\u00fd, aby <strong>dos\u00e1hl do nejbli\u017e\u0161\u00ed elektrick\u00e9 z\u00e1suvky<\/strong>.  <\/p>\n\n<p><\/p>\n\n<p><\/p>\n\n<h2 class=\"wp-block-heading\">Kroky pro instalaci chladi\u010de vzduchu<\/h2>\n\n<div class=\"wp-block-columns is-layout-flex wp-container-core-columns-is-layout-28f84493 wp-block-columns-is-layout-flex\">\n<div class=\"wp-block-column is-layout-flow wp-block-column-is-layout-flow\"><\/div>\n\n\n\n<div class=\"wp-block-column is-layout-flow wp-block-column-is-layout-flow\">\n<figure class=\"wp-block-image aligncenter size-large is-resized\"><img decoding=\"async\" width=\"1024\" height=\"1024\" src=\"https:\/\/obera.fr\/wp-content\/uploads\/2025\/03\/conseil-raf-3-1024x1024.png\" alt=\"rady raf (3)\" class=\"wp-image-77549\" style=\"width:129px;height:auto\" srcset=\"https:\/\/obera.fr\/wp-content\/uploads\/2025\/03\/conseil-raf-3-1024x1024.png 1024w, https:\/\/obera.fr\/wp-content\/uploads\/2025\/03\/conseil-raf-3-300x300.png 300w, https:\/\/obera.fr\/wp-content\/uploads\/2025\/03\/conseil-raf-3-150x150.png 150w, https:\/\/obera.fr\/wp-content\/uploads\/2025\/03\/conseil-raf-3-768x768.png 768w, https:\/\/obera.fr\/wp-content\/uploads\/2025\/03\/conseil-raf-3.png 1200w\" sizes=\"(max-width: 1024px) 100vw, 1024px\" \/><\/figure>\n<\/div>\n\n\n\n<div class=\"wp-block-column is-layout-flow wp-block-column-is-layout-flow\"><\/div>\n<\/div>\n\n<h3 class=\"wp-block-heading\">#1 Mont\u00e1\u017e spot\u0159ebi\u010de<\/h3>\n\n<p>Instalace za\u010d\u00edn\u00e1 <strong>vybalen\u00edm a nastaven\u00edm spot\u0159ebi\u010de<\/strong> a kontrolou, zda jsou v\u0161echny sou\u010d\u00e1sti v po\u0159\u00e1dku. Filtra\u010dn\u00ed m\u00e9dium je t\u0159eba pe\u010dliv\u011b nasadit a zkontrolovat, zda je \u010dist\u00e9 a v dobr\u00e9m stavu. P\u0159ed \u00fapln\u00fdm uveden\u00edm do provozu zkontrolujte, zda jsou filtry \u010dist\u00e9. Ujist\u011bte se, \u017ee jsou zbaveny prachu a pl\u00edsn\u00ed. \u010cist\u00fd filtr <strong>zaru\u010duje lep\u0161\u00ed v\u00fdkon<\/strong> chladi\u010de a optim\u00e1ln\u00ed kvalitu vzduchu.    <\/p>\n\n<h3 class=\"wp-block-heading\">#2 Napln\u011bn\u00ed n\u00e1dr\u017ee na vodu nebo p\u0159ipojen\u00ed k p\u0159\u00edvodu vody<\/h3>\n\n<p>N\u00e1dr\u017e na vodu mus\u00ed b\u00fdt <strong>napln\u011bna \u010distou vodou<\/strong>. U pevn\u00e9ho modelu je \u010dasto nutn\u00e9 p\u0159\u00edm\u00e9 p\u0159ipojen\u00ed k vodovodn\u00edmu \u0159\u00e1du, aby byl zaji\u0161t\u011bn nep\u0159etr\u017eit\u00fd p\u0159\u00edvod a optim\u00e1ln\u00ed pr\u016ftok vody. Tuto mo\u017enost mohou nab\u00edzet i n\u011bkter\u00e9 mobiln\u00ed modely, kter\u00e9 nab\u00edz\u00ed spole\u010dnost Obera, a zaji\u0161\u0165uj\u00ed tak<strong> automatick\u00e9 dopl\u0148ov\u00e1n\u00ed vody<\/strong>.  <\/p>\n\n<h3 class=\"wp-block-heading\">#3 Elektrick\u00e9 p\u0159ipojen\u00ed a uveden\u00ed do provozu<\/h3>\n\n<p>Elektrick\u00e9 p\u0159ipojen\u00ed mus\u00ed b\u00fdt provedeno do bezpe\u010dn\u00e9 z\u00e1suvky v souladu s platn\u00fdmi pr\u016fmyslov\u00fdmi normami.<br\/>Po p\u0159ipojen\u00ed chladi\u010de jej uve\u010fte do provozu pomoc\u00ed <strong>ovl\u00e1dac\u00edho panelu<\/strong>, rozhran\u00ed centralizovan\u00e9 spr\u00e1vy nebo d\u00e1lkov\u00e9ho ovl\u00e1d\u00e1n\u00ed, v z\u00e1vislosti na modelu. P\u0159ed zapnut\u00edm chladi\u010de si pe\u010dliv\u011b p\u0159e\u010dt\u011bte n\u00e1vod a bezpe\u010dnostn\u00ed pokyny. <\/p>\n\n<h2 class=\"wp-block-heading\">Rady pro optim\u00e1ln\u00ed pou\u017eit\u00ed<\/h2>\n\n<h3 class=\"wp-block-heading\">Doporu\u010den\u00e9 nastaven\u00ed pro maxim\u00e1ln\u00ed \u00fa\u010dinnost<\/h3>\n\n<p>Po zapnut\u00ed spot\u0159ebi\u010de nastavte pr\u016ftok a rychlost ventil\u00e1toru podle velikosti m\u00edstnosti. Zvolte tak\u00e9 mo\u017enosti nejvhodn\u011bj\u0161\u00ed pro va\u0161e prost\u0159ed\u00ed, jako je \u0159\u00edzen\u00ed<strong> vlhkosti nebo re\u017eimy chlazen\u00ed<\/strong>, abyste zajistili efektivn\u00ed provoz p\u0159izp\u016fsoben\u00fd klimatick\u00fdm vlastnostem ochlazovan\u00e9 m\u00edstnosti. <\/p>\n\n<h3 class=\"wp-block-heading\">Frekvence pln\u011bn\u00ed n\u00e1dr\u017ee  <\/h3>\n\n<p>\u010cetnost pln\u011bn\u00ed n\u00e1dr\u017ee z\u00e1vis\u00ed na<strong> kapacit\u011b spot\u0159ebi\u010de a intenzit\u011b pou\u017e\u00edv\u00e1n\u00ed<\/strong>. Obecn\u011b plat\u00ed, \u017ee pravideln\u011b kontrolujte hladinu vody a n\u00e1dr\u017eku napl\u0148te, jakmile to bude nutn\u00e9. Pokud spot\u0159ebi\u010d pou\u017e\u00edv\u00e1te nep\u0159etr\u017eit\u011b nebo ve velmi hork\u00e9 m\u00edstnosti, m\u016f\u017ee b\u00fdt nutn\u00e9 \u010dast\u011bj\u0161\u00ed pln\u011bn\u00ed. Stoj\u00ed tak\u00e9 za zm\u00ednku, \u017ee n\u011bkter\u00e9 mobiln\u00ed modely, nap\u0159\u00edklad ty, kter\u00e9 nab\u00edz\u00ed spole\u010dnost OberA,<strong> lze p\u0159ipojit k vodovodn\u00ed s\u00edti<\/strong>, co\u017e zajist\u00ed automatick\u00e9 dopl\u0148ov\u00e1n\u00ed vody pro pohodln\u011bj\u0161\u00ed pou\u017e\u00edv\u00e1n\u00ed.   <\/p>\n\n<h2 class=\"wp-block-heading\">Servis a \u00fadr\u017eba za\u0159\u00edzen\u00ed<\/h2>\n\n<h3 class=\"wp-block-heading\">Pravideln\u00e9 \u010di\u0161t\u011bn\u00ed filtr\u016f a n\u00e1dr\u017ee<\/h3>\n\n<p>Pro zaji\u0161t\u011bn\u00ed<strong> dlouh\u00e9 \u017eivotnosti a \u00fa\u010dinnosti chladi\u010de<\/strong> je nutn\u00e1 d\u016fsledn\u00e1 \u00fadr\u017eba. Filtry a n\u00e1dr\u017e je t\u0159eba pravideln\u011b \u010distit, aby se odstranily usazeniny vodn\u00edho kamene a zabr\u00e1nilo se r\u016fstu pl\u00edsn\u00ed a bakteri\u00ed. Filtra\u010dn\u00ed m\u00e9dia by se m\u011bla vym\u011b\u0148ovat ka\u017ed\u00e9 2 roky podle doporu\u010den\u00ed v\u00fdrobce. Vzduchov\u00e9 kan\u00e1ly by se m\u011bly tak\u00e9<strong> pravideln\u011b kontrolovat, aby se zabr\u00e1nilo jejich ucp\u00e1n\u00ed<\/strong>.   <\/p>\n\n<p>V\u011bd\u011bli jste to? Ve spole\u010dnosti Obera jsou v\u0161echny na\u0161e chladic\u00ed jednotky vybaveny patentovanou technologi\u00ed PUREFLOW. Na rozd\u00edl od jin\u00fdch syst\u00e9m\u016f jsou na\u0161e jednotky vybaveny vysoce \u00fa\u010dinn\u00fdmi filtry a UV lampou, kter\u00e9 zaru\u010duj\u00ed vynikaj\u00edc\u00ed kvalitu vzduchu a z\u00e1rove\u0148 omezuj\u00ed r\u016fst pl\u00edsn\u00ed. Tato <strong>inovace v\u00fdrazn\u011b prodlu\u017euje \u017eivotnost filtra\u010dn\u00edho panelu<\/strong> a \u010derpadla, sni\u017euje po\u010det v\u00fdm\u011bn oleje a sni\u017euje n\u00e1klady na \u00fadr\u017ebu.   <\/p>\n\n<h3 class=\"wp-block-heading\">Odstra\u0148ov\u00e1n\u00ed vodn\u00edho kamene ze syst\u00e9mu<\/h3>\n\n<p>Syst\u00e9m by m\u011bl b\u00fdt odv\u00e1pn\u011bn, aby se <strong>sn\u00ed\u017eily usazeniny vodn\u00edho kamene a zajistila se optim\u00e1ln\u00ed cirkulace vzduchu<\/strong>. Toto \u010di\u0161t\u011bn\u00ed pom\u00e1h\u00e1 p\u0159edch\u00e1zet ucp\u00e1v\u00e1n\u00ed sou\u010d\u00e1st\u00ed a udr\u017eovat vysok\u00fd v\u00fdkon. Doporu\u010duje se tak\u00e9 pravideln\u00e9 lehk\u00e9 opra\u0161ov\u00e1n\u00ed, aby se spot\u0159ebi\u010d udr\u017eoval v \u010distot\u011b.  <\/p>\n\n<h3 class=\"wp-block-heading\">Skladov\u00e1n\u00ed spot\u0159ebi\u010de mimo sez\u00f3nu<\/h3>\n\n<p>Na konci sez\u00f3ny n\u00e1dr\u017e vypr\u00e1zdn\u011bte a <strong>d\u016fkladn\u011b vy\u010dist\u011bte vnit\u0159n\u00ed sou\u010d\u00e1sti, abyste zabr\u00e1nili stagnaci vody<\/strong> a usazov\u00e1n\u00ed ne\u010distot. Zkontrolujte, zda potrub\u00ed net\u011bsn\u00ed, abyste zabr\u00e1nili jeho znehodnocen\u00ed b\u011bhem doby nepou\u017e\u00edv\u00e1n\u00ed. D\u00edky t\u011bmto opat\u0159en\u00edm m\u016f\u017eete spot\u0159ebi\u010d op\u011bt bezpe\u010dn\u011b pou\u017e\u00edvat, jakmile p\u0159ijde letn\u00ed po\u010das\u00ed, a zajistit tak optim\u00e1ln\u00ed komfort pro va\u0161e pr\u016fmyslov\u00e9 prostory.  <\/p>\n\n<div class=\"wp-block-columns is-layout-flex wp-container-core-columns-is-layout-28f84493 wp-block-columns-is-layout-flex\">\n<div class=\"wp-block-column is-layout-flow wp-block-column-is-layout-flow\">\n<div class=\"wp-block-columns is-layout-flex wp-container-core-columns-is-layout-28f84493 wp-block-columns-is-layout-flex\">\n<div class=\"wp-block-column is-layout-flow wp-block-column-is-layout-flow\">\n<figure class=\"wp-block-image aligncenter size-large is-resized\"><img decoding=\"async\" width=\"1024\" height=\"1024\" src=\"https:\/\/obera.fr\/wp-content\/uploads\/2025\/03\/1-1024x1024.png\" alt=\"1\" class=\"wp-image-77595\" style=\"width:238px;height:auto\" srcset=\"https:\/\/obera.fr\/wp-content\/uploads\/2025\/03\/1-1024x1024.png 1024w, https:\/\/obera.fr\/wp-content\/uploads\/2025\/03\/1-300x300.png 300w, https:\/\/obera.fr\/wp-content\/uploads\/2025\/03\/1-150x150.png 150w, https:\/\/obera.fr\/wp-content\/uploads\/2025\/03\/1-768x768.png 768w, https:\/\/obera.fr\/wp-content\/uploads\/2025\/03\/1.png 1200w\" sizes=\"(max-width: 1024px) 100vw, 1024px\" \/><\/figure>\n<\/div>\n\n\n\n<div class=\"wp-block-column is-layout-flow wp-block-column-is-layout-flow\">\n<figure class=\"wp-block-image aligncenter size-large is-resized\"><img decoding=\"async\" width=\"1024\" height=\"1024\" src=\"https:\/\/obera.fr\/wp-content\/uploads\/2025\/03\/2-1024x1024.png\" alt=\"2\" class=\"wp-image-77618\" style=\"width:190px;height:auto\" srcset=\"https:\/\/obera.fr\/wp-content\/uploads\/2025\/03\/2-1024x1024.png 1024w, https:\/\/obera.fr\/wp-content\/uploads\/2025\/03\/2-300x300.png 300w, https:\/\/obera.fr\/wp-content\/uploads\/2025\/03\/2-150x150.png 150w, https:\/\/obera.fr\/wp-content\/uploads\/2025\/03\/2-768x768.png 768w, https:\/\/obera.fr\/wp-content\/uploads\/2025\/03\/2.png 1200w\" sizes=\"(max-width: 1024px) 100vw, 1024px\" \/><\/figure>\n<\/div>\n<\/div>\n<\/div>\n<\/div>\n\n<h2 class=\"wp-block-heading\">Bezpe\u010dnostn\u00ed opat\u0159en\u00ed a ochrana<\/h2>\n\n<h3 class=\"wp-block-heading\">Bezpe\u010dnostn\u00ed pokyny pro pou\u017eit\u00ed<\/h3>\n\n<p>P\u0159i <a href=\"https:\/\/obera.fr\/cs\/nase-rady\/comment-fonctionne-un-rafraichisseur-adiabatique\/\">provozu chladic\u00edho za\u0159\u00edzen\u00ed<\/a> dodr\u017eujte bezpe\u010dnostn\u00ed pokyny, abyste p\u0159ede\u0161li nehod\u00e1m. Ujist\u011bte se, \u017ee je spot\u0159ebi\u010d spr\u00e1vn\u011b p\u0159ipojen k uzemn\u011bn\u00e9 elektrick\u00e9 z\u00e1suvce, a nepou\u017e\u00edvejte prodlu\u017eovac\u00ed kabely nebo adapt\u00e9ry, kter\u00e9 tomu neodpov\u00eddaj\u00ed. Ujist\u011bte se, \u017ee <strong>nap\u00e1jec\u00ed kabel nen\u00ed po\u0161kozen\u00fd<\/strong>. Nikdy nenech\u00e1vejte spot\u0159ebi\u010d b\u011b\u017eet bez dozoru a p\u0159ed jakoukoli \u00fadr\u017ebou nebo \u010di\u0161t\u011bn\u00edm jej odpojte ze s\u00edt\u011b.   <\/p>\n\n<h3 class=\"wp-block-heading\">\u0158\u00edzen\u00ed vlhkosti a v\u011btr\u00e1n\u00ed m\u00edstnost\u00ed<\/h3>\n\n<p>\u0158\u00edzen\u00ed vlhkosti v m\u00edstnosti je pro \u00fa\u010dinn\u00e9 chlazen\u00ed z\u00e1sadn\u00ed. Pou\u017e\u00edv\u00e1te-li model p\u0159\u00edm\u00e9ho chlazen\u00ed, dbejte na to, aby vlhkost v m\u00edstnosti z\u016fst\u00e1vala vyv\u00e1\u017een\u00e1. <strong>Nadm\u011brn\u00e1 vlhkost by mohla v\u00e9st ke vzniku pl\u00edsn\u00ed<\/strong> a ovlivnit kvalitu dod\u00e1van\u00e9ho vzduchu. M\u00edstnost pravideln\u011b v\u011btrejte, abyste umo\u017enili dostate\u010dnou cirkulaci vzduchu, kter\u00e1 podpo\u0159\u00ed p\u0159\u00edjemnou atmosf\u00e9ru v pracovn\u00edch prostor\u00e1ch.   <\/p>\n","protected":false},"excerpt":{"rendered":"<p>Optimalizujte tepeln\u00fd komfort ve sv\u00e9 budov\u011b, d\u00edln\u011b nebo skladu a z\u00e1rove\u0148 kontrolujte spot\u0159ebu energie instalac\u00ed pr\u016fmyslov\u00e9ho chladi\u010de vzduchu. Toto chladic\u00ed \u0159e\u0161en\u00ed, ur\u010den\u00e9 k chlazen\u00ed velk\u00fdch objem\u016f, vyu\u017e\u00edv\u00e1 principu odpa\u0159ov\u00e1n\u00ed vody ke sn\u00ed\u017een\u00ed okoln\u00ed teploty bez pou\u017eit\u00ed chladiva. <\/p>\n","protected":false},"author":13,"featured_media":80631,"comment_status":"open","ping_status":"closed","sticky":false,"template":"","format":"standard","meta":{"_acf_changed":false,"_seopress_robots_primary_cat":"none","_seopress_titles_title":"Guide d'installation d'un rafra\u00eechisseur d'air","_seopress_titles_desc":"Optimisez le rafra\u00eechissement de vos espaces avec l\u2019installation d\u2019un rafra\u00eechisseur d\u2019air. D\u00e9couvrez une solution efficace, \u00e9conomique et facile \u00e0 mettre en place.","_seopress_robots_index":"","footnotes":""},"categories":[310],"tags":[],"class_list":["post-73576","post","type-post","status-publish","format-standard","has-post-thumbnail","hentry","category-nase-rady","generate-columns","tablet-grid-50","mobile-grid-100","grid-parent","grid-50","no-featured-image-padding","resize-featured-image"],"acf":[],"_links":{"self":[{"href":"https:\/\/obera.fr\/cs\/wp-json\/wp\/v2\/posts\/73576","targetHints":{"allow":["GET"]}}],"collection":[{"href":"https:\/\/obera.fr\/cs\/wp-json\/wp\/v2\/posts"}],"about":[{"href":"https:\/\/obera.fr\/cs\/wp-json\/wp\/v2\/types\/post"}],"author":[{"embeddable":true,"href":"https:\/\/obera.fr\/cs\/wp-json\/wp\/v2\/users\/13"}],"replies":[{"embeddable":true,"href":"https:\/\/obera.fr\/cs\/wp-json\/wp\/v2\/comments?post=73576"}],"version-history":[{"count":2,"href":"https:\/\/obera.fr\/cs\/wp-json\/wp\/v2\/posts\/73576\/revisions"}],"predecessor-version":[{"id":77658,"href":"https:\/\/obera.fr\/cs\/wp-json\/wp\/v2\/posts\/73576\/revisions\/77658"}],"wp:featuredmedia":[{"embeddable":true,"href":"https:\/\/obera.fr\/cs\/wp-json\/wp\/v2\/media\/80631"}],"wp:attachment":[{"href":"https:\/\/obera.fr\/cs\/wp-json\/wp\/v2\/media?parent=73576"}],"wp:term":[{"taxonomy":"category","embeddable":true,"href":"https:\/\/obera.fr\/cs\/wp-json\/wp\/v2\/categories?post=73576"},{"taxonomy":"post_tag","embeddable":true,"href":"https:\/\/obera.fr\/cs\/wp-json\/wp\/v2\/tags?post=73576"}],"curies":[{"name":"wp","href":"https:\/\/api.w.org\/{rel}","templated":true}]}}