{"id":76396,"date":"2025-03-24T09:30:00","date_gmt":"2025-03-24T07:30:00","guid":{"rendered":"https:\/\/obera.fr\/nase-rada\/rafraichisseur-air-metallurgie\/"},"modified":"2025-11-21T10:32:40","modified_gmt":"2025-11-21T08:32:40","slug":"rafraichisseur-air-metallurgie","status":"publish","type":"post","link":"https:\/\/obera.fr\/cs\/nase-rady\/rafraichisseur-air-metallurgie\/","title":{"rendered":"Chladi\u010de vzduchu: efektivn\u00ed \u0159e\u0161en\u00ed pro odv\u011btv\u00ed obr\u00e1b\u011bn\u00ed kov\u016f"},"content":{"rendered":"\n<div class=\"wp-block-columns is-layout-flex wp-container-core-columns-is-layout-28f84493 wp-block-columns-is-layout-flex\">\n<div class=\"wp-block-column is-layout-flow wp-block-column-is-layout-flow\" style=\"flex-basis:66.66%\">\n<p><strong>Odv\u011btv\u00ed metalurgie<\/strong> zahrnuje \u0161irokou \u0161k\u00e1lu \u010dinnost\u00ed, od v\u00fdroby oceli a\u017e po sv\u00e1\u0159e\u010dsk\u00e9 pr\u00e1ce v d\u00edln\u00e1ch. Je charakterizov\u00e1n extr\u00e9mn\u00edmi teplotami, kter\u00e9 vznikaj\u00ed p\u0159i tavic\u00edch procesech a p\u0159i zpracov\u00e1n\u00ed kov\u016f. Tyto n\u00e1ro\u010dn\u00e9 tepeln\u00e9 podm\u00ednky, kter\u00e9 jsou pro <strong>metalurgick\u00fd pr\u016fmysl<\/strong> typick\u00e9, se v l\u00e9t\u011b je\u0161t\u011b zhor\u0161uj\u00ed, zejm\u00e9na b\u011bhem vln veder. Akumulace tepeln\u00e9 energie v budov\u00e1ch m\u016f\u017ee m\u00edt negativn\u00ed dopad na produktivitu, bezpe\u010dnost pracovn\u00edk\u016f a dokonce i na v\u00fdkon stroj\u016f. \u0158e\u0161en\u00edm je ochlazova\u010d vzduchu, kter\u00fd kombinuje chlazen\u00ed a zlep\u0161en\u00ed kvality vzduchu. Toto za\u0159\u00edzen\u00ed, speci\u00e1ln\u011b navr\u017een\u00e9 pro pr\u016fmyslov\u00e1 prost\u0159ed\u00ed vystaven\u00e1 <strong>vysok\u00e9mu tepeln\u00e9mu zat\u00ed\u017een\u00ed<\/strong>, umo\u017e\u0148uje ochlazovat prost\u0159ed\u00ed a sou\u010dasn\u011b zaji\u0161\u0165uje zdrav\u011bj\u0161\u00ed prost\u0159ed\u00ed pro oper\u00e1tory.<\/p>\n<\/div>\n\n\n\n<div class=\"wp-block-column is-layout-flow wp-block-column-is-layout-flow\" style=\"flex-basis:33.33%\">\n<figure class=\"wp-block-image aligncenter size-large is-resized\"><img decoding=\"async\" width=\"1024\" height=\"683\" src=\"https:\/\/obera.fr\/wp-content\/uploads\/2025\/02\/fumee-soudure-1024x683.jpg\" alt=\"sva&#x159;ovac&#xED; kou&#x159;\" class=\"wp-image-68296\" style=\"width:280px;height:auto\" srcset=\"https:\/\/obera.fr\/wp-content\/uploads\/2025\/02\/fumee-soudure-1024x683.jpg 1024w, https:\/\/obera.fr\/wp-content\/uploads\/2025\/02\/fumee-soudure-300x200.jpg 300w, https:\/\/obera.fr\/wp-content\/uploads\/2025\/02\/fumee-soudure-768x512.jpg 768w, https:\/\/obera.fr\/wp-content\/uploads\/2025\/02\/fumee-soudure-1536x1024.jpg 1536w, https:\/\/obera.fr\/wp-content\/uploads\/2025\/02\/fumee-soudure-2048x1365.jpg 2048w\" sizes=\"(max-width: 1024px) 100vw, 1024px\" \/><\/figure>\n<\/div>\n<\/div>\n\n<h2 class=\"wp-block-heading\">Jak funguje adiabatick\u00fd chladi\u010d vzduchu<\/h2>\n\n<h3 class=\"wp-block-heading\">Princip odpa\u0159ov\u00e1n\u00ed vody  <\/h3>\n\n<div class=\"wp-block-columns is-layout-flex wp-container-core-columns-is-layout-28f84493 wp-block-columns-is-layout-flex\">\n<div class=\"wp-block-column is-layout-flow wp-block-column-is-layout-flow\" style=\"flex-basis:66.66%\">\n<p>Funkce <a href=\"https:\/\/obera.fr\/cs\/nase-rady\/comment-fonctionne-un-rafraichisseur-adiabatique\/\">ochlazova\u010de vzduchu je zalo\u017eena na fyzik\u00e1ln\u00edm principu odpa\u0159ov\u00e1n\u00ed vody<\/a>, p\u0159irozen\u00e9m jevu, kter\u00fd sni\u017euje teplotu okoln\u00edho vzduchu. Z technick\u00e9ho hlediska je tepl\u00fd vzduch nas\u00e1v\u00e1n ventil\u00e1torem ochlazova\u010de a pot\u00e9 je veden p\u0159es odpa\u0159ovac\u00ed m\u00e9dium, obvykle vo\u0161tinov\u00fd panel z celul\u00f3zy nasycen\u00fd vodou. P\u0159i odpa\u0159ov\u00e1n\u00ed voda absorbuje tepelnou energii obsa\u017eenou ve vzduchu, \u010d\u00edm\u017e sni\u017euje jeho <strong>teplotu a m\u00edrn\u011b zvy\u0161uje jeho vlhkost<\/strong> p\u0159ed rozpt\u00fdlen\u00edm do prostoru, kter\u00fd m\u00e1 b\u00fdt ochlazen. Tento proces se naz\u00fdv\u00e1 adiabatick\u00e9 nebo odpa\u0159ovac\u00ed chlazen\u00ed.<\/p>\n<\/div>\n\n\n\n<div class=\"wp-block-column is-layout-flow wp-block-column-is-layout-flow\" style=\"flex-basis:33.33%\">\n<figure class=\"wp-block-image aligncenter size-full is-resized\"><img decoding=\"async\" width=\"1000\" height=\"1000\" src=\"https:\/\/obera.fr\/wp-content\/uploads\/2022\/03\/Rafraichisseur-dair-par-evaporation.jpg\" alt=\"odpa&#x159;ovac&#xED; chladi&#x10D; vzduchu\" class=\"wp-image-13253\" style=\"width:222px;height:auto\" srcset=\"https:\/\/obera.fr\/wp-content\/uploads\/2022\/03\/Rafraichisseur-dair-par-evaporation.jpg 1000w, https:\/\/obera.fr\/wp-content\/uploads\/2022\/03\/Rafraichisseur-dair-par-evaporation-300x300.jpg 300w, https:\/\/obera.fr\/wp-content\/uploads\/2022\/03\/Rafraichisseur-dair-par-evaporation-150x150.jpg 150w, https:\/\/obera.fr\/wp-content\/uploads\/2022\/03\/Rafraichisseur-dair-par-evaporation-768x768.jpg 768w\" sizes=\"(max-width: 1000px) 100vw, 1000px\" \/><\/figure>\n<\/div>\n<\/div>\n\n<h3 class=\"wp-block-heading\">Ekologick\u00e9 a ekonomick\u00e9 v\u00fdhody adiabatick\u00e9ho syst\u00e9mu<\/h3>\n\n<div class=\"wp-block-columns is-layout-flex wp-container-core-columns-is-layout-28f84493 wp-block-columns-is-layout-flex\">\n<div class=\"wp-block-column is-layout-flow wp-block-column-is-layout-flow\" style=\"flex-basis:66.66%\">\n<p>Jednou z hlavn\u00edch v\u00fdhod ochlazova\u010d\u016f vzduchu je jejich <a href=\"https:\/\/obera.fr\/cs\/nase-rady\/solution-refroidissement-efficacite-energetique\/\">n\u00edzk\u00e1 spot\u0159eba energie<\/a> ve srovn\u00e1n\u00ed s konven\u010dn\u00edmi klimatiza\u010dn\u00edmi syst\u00e9my. Ty toti\u017e pou\u017e\u00edvaj\u00ed chemick\u00e1 chladiva a vy\u017eaduj\u00ed energeticky n\u00e1ro\u010dn\u00e9 kompresory, zat\u00edmco ochlazova\u010de vzduchu vyu\u017e\u00edvaj\u00ed p\u0159irozen\u00e9 odpa\u0159ov\u00e1n\u00ed vody, co\u017e je <strong>energeticky nen\u00e1ro\u010dn\u00fd proces<\/strong>.<\/p>\n\n\n\n<p>Nav\u00edc t\u00edm, \u017ee nepou\u017e\u00edv\u00e1 zne\u010di\u0161\u0165uj\u00edc\u00ed chlad\u00edc\u00ed plyny, tento syst\u00e9m p\u0159isp\u00edv\u00e1 ke sn\u00ed\u017een\u00ed uhl\u00edkov\u00e9 stopy pr\u016fmyslu. Adiabatick\u00e9 chlazen\u00ed generuje v\u00fdznamn\u00e9 \u00faspory n\u00e1klad\u016f na energii, zejm\u00e9na v prostor\u00e1ch, kde jsou <strong>tepeln\u00e9 podm\u00ednky velmi vysok\u00e9<\/strong> a mohou se v\u00fdrazn\u011b li\u0161it mezi jednotliv\u00fdmi z\u00f3nami. <\/p>\n\n\n\n<p>Odpa\u0159ovac\u00ed chladi\u010de proto nab\u00edzej\u00ed<strong> efektivn\u00ed a energeticky \u00fa\u010dinn\u00e9<\/strong> \u0159e\u0161en\u00ed<strong> chlazen\u00ed<\/strong>, kter\u00e9 je vhodn\u00e9 zejm\u00e9na pro velk\u00e9 objemy a otev\u0159en\u00e9 prostory, jako je tomu v odv\u011btv\u00ed obr\u00e1b\u011bn\u00ed kov\u016f.<\/p>\n<\/div>\n\n\n\n<div class=\"wp-block-column is-layout-flow wp-block-column-is-layout-flow\" style=\"flex-basis:33.33%\">\n<figure class=\"wp-block-image aligncenter size-full is-resized\"><img decoding=\"async\" width=\"500\" height=\"500\" src=\"https:\/\/obera.fr\/wp-content\/uploads\/2025\/02\/ic22-removebg-preview.png\" alt=\"ic22 removebg n&#xE1;hled\" class=\"wp-image-59936\" style=\"width:288px;height:auto\" srcset=\"https:\/\/obera.fr\/wp-content\/uploads\/2025\/02\/ic22-removebg-preview.png 500w, https:\/\/obera.fr\/wp-content\/uploads\/2025\/02\/ic22-removebg-preview-300x300.png 300w, https:\/\/obera.fr\/wp-content\/uploads\/2025\/02\/ic22-removebg-preview-150x150.png 150w, https:\/\/obera.fr\/wp-content\/uploads\/2025\/02\/ic22-removebg-preview-400x400.png 400w\" sizes=\"(max-width: 500px) 100vw, 500px\" \/><\/figure>\n<\/div>\n<\/div>\n\n<h2 class=\"wp-block-heading\">Specifick\u00e9 po\u017eadavky na chlazen\u00ed v metalurgii<\/h2>\n\n<h3 class=\"wp-block-heading\">Vysok\u00e9 teploty vznikaj\u00edc\u00ed p\u0159i metalurgick\u00fdch procesech<\/h3>\n\n<p><strong>Teploty v metalurgick\u00fdch z\u00e1vodech<\/strong> mohou dosahovat nebezpe\u010dn\u00fdch \u00farovn\u00ed. Nap\u0159\u00edklad p\u0159i taven\u00ed kov\u016f ve vysok\u00fdch pec\u00edch dosahuje teplota 1600\u00b0C, co\u017e v\u00fdrazn\u011b zvy\u0161uje tepelnou a s\u00e1lavou energii v p\u0159ilehl\u00fdch oblastech. Tyto teploty mohou ovlivnit nejen vybaven\u00ed a materi\u00e1ly, ale tak\u00e9 ohrozit pohodl\u00ed a <strong>pohodu zam\u011bstnanc\u016f<\/strong> a spolehlivost metalurgick\u00fdch proces\u016f.<\/p>\n\n<h3 class=\"wp-block-heading\">Vliv teplot na produktivitu a bezpe\u010dnost pracovn\u00edk\u016f<\/h3>\n\n<p><strong>Nadm\u011brn\u00e9 teploty v pracovn\u00edm prost\u0159ed\u00ed<\/strong> vedou ke zv\u00fd\u0161en\u00e9 \u00fanav\u011b, vysok\u00e9mu riziku vy\u010derp\u00e1n\u00ed a dehydratace. INRS zd\u016fraz\u0148uje, \u017ee teploty nad 33\u00b0C tato rizika v\u00fdrazn\u011b zvy\u0161uj\u00ed. Tyto podm\u00ednky neohro\u017euj\u00ed pouze pohodu zam\u011bstnanc\u016f, ale ovliv\u0148uj\u00ed tak\u00e9 kvalitu a efektivitu operac\u00ed. P\u0159i teplot\u00e1ch nad 33-34\u00b0C m\u016f\u017ee produktivita klesnout a\u017e o 50%, zat\u00edmco chyby a opomenut\u00ed se mno\u017e\u00ed, co\u017e zvy\u0161uje bezpe\u010dnostn\u00ed rizika pro person\u00e1l. Krom\u011b toho mohou <strong>vysok\u00e9 teploty ovlivnit za\u0159\u00edzen\u00ed<\/strong>, sni\u017eovat jejich \u00fa\u010dinnost a zvy\u0161ovat \u010detnost poruch a v\u00fdrobn\u00edch prostoj\u016f.<\/p>\n\n<h3 class=\"wp-block-heading\">V\u00fdhody odpa\u0159ovac\u00edch chladi\u010d\u016f v metalurgick\u00e9m prost\u0159ed\u00ed<\/h3>\n\n<h4 class=\"wp-block-heading\">\u00da\u010dinn\u00e9 sn\u00ed\u017een\u00ed okoln\u00edho tepla<\/h4>\n\n<div class=\"wp-block-columns is-layout-flex wp-container-core-columns-is-layout-28f84493 wp-block-columns-is-layout-flex\">\n<div class=\"wp-block-column is-layout-flow wp-block-column-is-layout-flow\" style=\"flex-basis:25%\">\n<figure class=\"wp-block-image aligncenter size-large is-resized\"><img decoding=\"async\" width=\"1024\" height=\"1024\" src=\"https:\/\/obera.fr\/wp-content\/uploads\/2025\/01\/image-avantages-1024x1024.jpg\" alt=\"v&#xFD;hody obr&#xE1;zku\" class=\"wp-image-57732\" style=\"width:144px;height:auto\" srcset=\"https:\/\/obera.fr\/wp-content\/uploads\/2025\/01\/image-avantages-1024x1024.jpg 1024w, https:\/\/obera.fr\/wp-content\/uploads\/2025\/01\/image-avantages-300x300.jpg 300w, https:\/\/obera.fr\/wp-content\/uploads\/2025\/01\/image-avantages-150x150.jpg 150w, https:\/\/obera.fr\/wp-content\/uploads\/2025\/01\/image-avantages-768x768.jpg 768w, https:\/\/obera.fr\/wp-content\/uploads\/2025\/01\/image-avantages-400x400.jpg 400w, https:\/\/obera.fr\/wp-content\/uploads\/2025\/01\/image-avantages-600x600.jpg 600w, https:\/\/obera.fr\/wp-content\/uploads\/2025\/01\/image-avantages.jpg 1200w\" sizes=\"(max-width: 1024px) 100vw, 1024px\" \/><\/figure>\n<\/div>\n\n\n\n<div class=\"wp-block-column is-layout-flow wp-block-column-is-layout-flow\" style=\"flex-basis:50%\">\n<p>Hlavn\u00ed <a href=\"https:\/\/obera.fr\/cs\/nase-rady\/les-avantages-du-rafraichissement-adiabatique-dominent-largement-ses-inconvenients\/\">v\u00fdhodou ochlazova\u010de vzduchu<\/a> je jeho schopnost \u00fa\u010dinn\u011b sni\u017eovat teplotu ve velk\u00fdch otev\u0159en\u00fdch prostorech, jako jsou metalurgick\u00e9 d\u00edlny. D\u00edky adiabatick\u00fdm syst\u00e9m\u016fm je vzduch v ocel\u00e1rn\u00e1ch, hut\u00edch a sl\u00e9v\u00e1rn\u00e1ch neust\u00e1le ochlazov\u00e1n, s poklesem teploty o n\u011bkolik a\u017e deset stup\u0148\u016f, co\u017e zaji\u0161\u0165uje optim\u00e1ln\u00ed tepeln\u00e9 podm\u00ednky. To p\u0159isp\u00edv\u00e1 ke zlep\u0161en\u00ed pohodl\u00ed pracovn\u00edk\u016f a zv\u00fd\u0161en\u00ed bezpe\u010dnosti na pracovi\u0161ti. Ochlazova\u010d tak\u00e9 umo\u017e\u0148uje rychle ochladit <strong>specifick\u00e9 z\u00f3ny s vysokou teplotou<\/strong>, \u010d\u00edm\u017e zaji\u0161\u0165uje pohodln\u011bj\u0161\u00ed pracovn\u00ed prost\u0159ed\u00ed.<\/p>\n<\/div>\n\n\n\n<div class=\"wp-block-column is-layout-flow wp-block-column-is-layout-flow\" style=\"flex-basis:25%\"><\/div>\n<\/div>\n\n<h4 class=\"wp-block-heading\">Zlep\u0161en\u00ed pracovn\u00edch podm\u00ednek a kvality ovzdu\u0161\u00ed<\/h4>\n\n<div class=\"wp-block-columns is-layout-flex wp-container-core-columns-is-layout-28f84493 wp-block-columns-is-layout-flex\">\n<div class=\"wp-block-column is-layout-flow wp-block-column-is-layout-flow\" style=\"flex-basis:25%\">\n<div class=\"wp-block-columns is-layout-flex wp-container-core-columns-is-layout-28f84493 wp-block-columns-is-layout-flex\">\n<div class=\"wp-block-column is-layout-flow wp-block-column-is-layout-flow\">\n<figure class=\"wp-block-image aligncenter size-large is-resized\"><img decoding=\"async\" width=\"1024\" height=\"1024\" src=\"https:\/\/obera.fr\/wp-content\/uploads\/2025\/01\/image-avantages-1024x1024.jpg\" alt=\"v&#xFD;hody obr&#xE1;zku\" class=\"wp-image-57732\" style=\"width:142px;height:auto\" srcset=\"https:\/\/obera.fr\/wp-content\/uploads\/2025\/01\/image-avantages-1024x1024.jpg 1024w, https:\/\/obera.fr\/wp-content\/uploads\/2025\/01\/image-avantages-300x300.jpg 300w, https:\/\/obera.fr\/wp-content\/uploads\/2025\/01\/image-avantages-150x150.jpg 150w, https:\/\/obera.fr\/wp-content\/uploads\/2025\/01\/image-avantages-768x768.jpg 768w, https:\/\/obera.fr\/wp-content\/uploads\/2025\/01\/image-avantages-400x400.jpg 400w, https:\/\/obera.fr\/wp-content\/uploads\/2025\/01\/image-avantages-600x600.jpg 600w, https:\/\/obera.fr\/wp-content\/uploads\/2025\/01\/image-avantages.jpg 1200w\" sizes=\"(max-width: 1024px) 100vw, 1024px\" \/><\/figure>\n<\/div>\n<\/div>\n<\/div>\n\n\n\n<div class=\"wp-block-column is-layout-flow wp-block-column-is-layout-flow\" style=\"flex-basis:50%\">\n<p>Ochlazova\u010d vzduchu aktivn\u011b p\u0159isp\u00edv\u00e1 ke <strong>zlep\u0161en\u00ed kvality vzduchu<\/strong>. Vybaven filtry sni\u017euje obsah ne\u010distot, plyn\u016f, dr\u00e1\u017ediv\u00fdch nebo toxick\u00fdch v\u00fdpar\u016f a kou\u0159e, stejn\u011b jako kovov\u00fdch \u010d\u00e1stic a prachu. Takto vy\u010di\u0161t\u011bn\u00fd vh\u00e1n\u011bn\u00fd vzduch se st\u00e1v\u00e1 zdrav\u011bj\u0161\u00edm, sni\u017euje riziko <strong>d\u00fdchac\u00edch pot\u00ed\u017e\u00ed<\/strong> a podporuje celkovou pohodu zam\u011bstnanc\u016f.<\/p>\n<\/div>\n\n\n\n<div class=\"wp-block-column is-layout-flow wp-block-column-is-layout-flow\" style=\"flex-basis:25%\"><\/div>\n<\/div>\n\n<h4 class=\"wp-block-heading\">Sn\u00ed\u017een\u00e9 riziko koroze<\/h4>\n\n<div class=\"wp-block-columns is-layout-flex wp-container-core-columns-is-layout-28f84493 wp-block-columns-is-layout-flex\">\n<div class=\"wp-block-column is-layout-flow wp-block-column-is-layout-flow\" style=\"flex-basis:25%\">\n<figure class=\"wp-block-image aligncenter size-large is-resized\"><img decoding=\"async\" width=\"1024\" height=\"1024\" src=\"https:\/\/obera.fr\/wp-content\/uploads\/2025\/01\/image-avantages-1024x1024.jpg\" alt=\"v&#xFD;hody obr&#xE1;zku\" class=\"wp-image-57732\" style=\"width:144px;height:auto\" srcset=\"https:\/\/obera.fr\/wp-content\/uploads\/2025\/01\/image-avantages-1024x1024.jpg 1024w, https:\/\/obera.fr\/wp-content\/uploads\/2025\/01\/image-avantages-300x300.jpg 300w, https:\/\/obera.fr\/wp-content\/uploads\/2025\/01\/image-avantages-150x150.jpg 150w, https:\/\/obera.fr\/wp-content\/uploads\/2025\/01\/image-avantages-768x768.jpg 768w, https:\/\/obera.fr\/wp-content\/uploads\/2025\/01\/image-avantages-400x400.jpg 400w, https:\/\/obera.fr\/wp-content\/uploads\/2025\/01\/image-avantages-600x600.jpg 600w, https:\/\/obera.fr\/wp-content\/uploads\/2025\/01\/image-avantages.jpg 1200w\" sizes=\"(max-width: 1024px) 100vw, 1024px\" \/><\/figure>\n<\/div>\n\n\n\n<div class=\"wp-block-column is-layout-flow wp-block-column-is-layout-flow\" style=\"flex-basis:50%\">\n<p>Teplo podporuje chemickou reakci mezi kysl\u00edkem ve vzduchu a kovy, co\u017e <strong>vede ke vzniku rzi<\/strong>, zat\u00edmco vlhkost proces oxidace urychluje. Ochlazova\u010d vzduchu pom\u00e1h\u00e1 omezit teplotn\u00ed \u0161pi\u010dky a udr\u017euje p\u0159irozenou \u00farove\u0148 vlhkosti. Tato tepeln\u00e1 regulace hraje d\u016fle\u017eitou roli p\u0159i ochran\u011b kovov\u00fdch materi\u00e1l\u016f sni\u017eov\u00e1n\u00edm rizika vzniku povrchov\u00e9 rzi a dal\u0161\u00edch forem koroze. P\u0159isp\u00edv\u00e1 tak\u00e9 k prodlou\u017een\u00ed <strong>\u017eivotnosti za\u0159\u00edzen\u00ed<\/strong> a zachov\u00e1n\u00ed kvality kovov\u00fdch v\u00fdrobk\u016f.<\/p>\n<\/div>\n\n\n\n<div class=\"wp-block-column is-layout-flow wp-block-column-is-layout-flow\" style=\"flex-basis:25%\"><\/div>\n<\/div>\n\n<h4 class=\"wp-block-heading\">Mobilita a flexibilita syst\u00e9m\u016f  <\/h4>\n\n<div class=\"wp-block-columns is-layout-flex wp-container-core-columns-is-layout-28f84493 wp-block-columns-is-layout-flex\">\n<div class=\"wp-block-column is-layout-flow wp-block-column-is-layout-flow\" style=\"flex-basis:25%\">\n<figure class=\"wp-block-image aligncenter size-large is-resized\"><img decoding=\"async\" width=\"1024\" height=\"1024\" src=\"https:\/\/obera.fr\/wp-content\/uploads\/2025\/01\/image-avantages-1024x1024.jpg\" alt=\"v&#xFD;hody obr&#xE1;zku\" class=\"wp-image-57732\" style=\"width:146px;height:auto\" srcset=\"https:\/\/obera.fr\/wp-content\/uploads\/2025\/01\/image-avantages-1024x1024.jpg 1024w, https:\/\/obera.fr\/wp-content\/uploads\/2025\/01\/image-avantages-300x300.jpg 300w, https:\/\/obera.fr\/wp-content\/uploads\/2025\/01\/image-avantages-150x150.jpg 150w, https:\/\/obera.fr\/wp-content\/uploads\/2025\/01\/image-avantages-768x768.jpg 768w, https:\/\/obera.fr\/wp-content\/uploads\/2025\/01\/image-avantages-400x400.jpg 400w, https:\/\/obera.fr\/wp-content\/uploads\/2025\/01\/image-avantages-600x600.jpg 600w, https:\/\/obera.fr\/wp-content\/uploads\/2025\/01\/image-avantages.jpg 1200w\" sizes=\"(max-width: 1024px) 100vw, 1024px\" \/><\/figure>\n\n\n\n<p><\/p>\n<\/div>\n\n\n\n<div class=\"wp-block-column is-layout-flow wp-block-column-is-layout-flow\" style=\"flex-basis:50%\">\n<p>Adiabatick\u00e9 ochlazova\u010de vzduchu nab\u00edzej\u00ed velkou flexibilitu, mohou b\u00fdt instalov\u00e1ny mobiln\u011b a p\u0159enosn\u011b a nasm\u011brov\u00e1ny do specifick\u00fdch oblast\u00ed vy\u017eaduj\u00edc\u00edch nouzov\u00e9 a c\u00edlen\u00e9 chlazen\u00ed. Tato p\u0159izp\u016fsobivost je obzvl\u00e1\u0161t\u011b p\u0159\u00ednosn\u00e1 v <strong>metalurgick\u00fdch prost\u0159ed\u00edch<\/strong>, kde se v\u00fdrobn\u00ed z\u00f3ny mohou m\u011bnit a kde je mobiln\u00ed a p\u0159izp\u016fsobiteln\u00fd chladic\u00ed syst\u00e9m prioritou.<\/p>\n\n\n\n<p><\/p>\n<\/div>\n\n\n\n<div class=\"wp-block-column is-layout-flow wp-block-column-is-layout-flow\" style=\"flex-basis:25%\"><\/div>\n<\/div>\n\n<h2 class=\"wp-block-heading\">Krit\u00e9ria pro v\u00fdb\u011br chladi\u010de vzduchu pro kovozpracuj\u00edc\u00ed pr\u016fmysl<\/h2>\n\n<h3 class=\"wp-block-heading\">Kapacita proud\u011bn\u00ed vzduchu p\u0159izp\u016fsoben\u00e1 velk\u00fdm objem\u016fm<\/h3>\n\n<div class=\"wp-block-columns is-layout-flex wp-container-core-columns-is-layout-28f84493 wp-block-columns-is-layout-flex\">\n<div class=\"wp-block-column is-layout-flow wp-block-column-is-layout-flow\" style=\"flex-basis:25%\">\n<figure class=\"wp-block-image aligncenter size-large is-resized\"><img decoding=\"async\" width=\"1024\" height=\"1024\" src=\"https:\/\/obera.fr\/wp-content\/uploads\/2025\/01\/image-choix-1024x1024.jpg\" alt=\"v&#xFD;b&#x11B;r obr&#xE1;zku\" class=\"wp-image-57754\" style=\"width:118px;height:auto\" srcset=\"https:\/\/obera.fr\/wp-content\/uploads\/2025\/01\/image-choix-1024x1024.jpg 1024w, https:\/\/obera.fr\/wp-content\/uploads\/2025\/01\/image-choix-300x300.jpg 300w, https:\/\/obera.fr\/wp-content\/uploads\/2025\/01\/image-choix-150x150.jpg 150w, https:\/\/obera.fr\/wp-content\/uploads\/2025\/01\/image-choix-768x768.jpg 768w, https:\/\/obera.fr\/wp-content\/uploads\/2025\/01\/image-choix-400x400.jpg 400w, https:\/\/obera.fr\/wp-content\/uploads\/2025\/01\/image-choix-600x600.jpg 600w, https:\/\/obera.fr\/wp-content\/uploads\/2025\/01\/image-choix.jpg 1200w\" sizes=\"(max-width: 1024px) 100vw, 1024px\" \/><\/figure>\n<\/div>\n\n\n\n<div class=\"wp-block-column is-layout-flow wp-block-column-is-layout-flow\" style=\"flex-basis:50%\">\n<p>V metalurgick\u00fdch z\u00e1vodech mus\u00ed m\u00edt <strong>ochlazova\u010d vzduchu<\/strong> dostate\u010dn\u00fd v\u00fdkon pro zpracov\u00e1n\u00ed velk\u00fdch objem\u016f vzduchu. Tato za\u0159\u00edzen\u00ed, navr\u017een\u00e1 pro chlazen\u00ed rozs\u00e1hl\u00fdch prostor od n\u011bkolika des\u00edtek do n\u011bkolika stovek \u010dtvere\u010dn\u00edch metr\u016f, zaji\u0161\u0165uj\u00ed dostate\u010dn\u00fd pr\u016ftok vzduchu pro udr\u017een\u00ed optim\u00e1ln\u00ed teploty v cel\u00e9 pracovn\u00ed z\u00f3n\u011b.<\/p>\n<\/div>\n\n\n\n<div class=\"wp-block-column is-layout-flow wp-block-column-is-layout-flow\" style=\"flex-basis:25%\"><\/div>\n<\/div>\n\n<h3 class=\"wp-block-heading\">Robustnost a odolnost za\u0159\u00edzen\u00ed v pr\u016fmyslov\u00e9m prost\u0159ed\u00ed<\/h3>\n\n<div class=\"wp-block-columns is-layout-flex wp-container-core-columns-is-layout-28f84493 wp-block-columns-is-layout-flex\">\n<div class=\"wp-block-column is-layout-flow wp-block-column-is-layout-flow\" style=\"flex-basis:25%\">\n<figure class=\"wp-block-image aligncenter size-large is-resized\"><img decoding=\"async\" width=\"1024\" height=\"1024\" src=\"https:\/\/obera.fr\/wp-content\/uploads\/2025\/01\/image-choix-1024x1024.jpg\" alt=\"v&#xFD;b&#x11B;r obr&#xE1;zku\" class=\"wp-image-57754\" style=\"width:128px;height:auto\" srcset=\"https:\/\/obera.fr\/wp-content\/uploads\/2025\/01\/image-choix-1024x1024.jpg 1024w, https:\/\/obera.fr\/wp-content\/uploads\/2025\/01\/image-choix-300x300.jpg 300w, https:\/\/obera.fr\/wp-content\/uploads\/2025\/01\/image-choix-150x150.jpg 150w, https:\/\/obera.fr\/wp-content\/uploads\/2025\/01\/image-choix-768x768.jpg 768w, https:\/\/obera.fr\/wp-content\/uploads\/2025\/01\/image-choix-400x400.jpg 400w, https:\/\/obera.fr\/wp-content\/uploads\/2025\/01\/image-choix-600x600.jpg 600w, https:\/\/obera.fr\/wp-content\/uploads\/2025\/01\/image-choix.jpg 1200w\" sizes=\"(max-width: 1024px) 100vw, 1024px\" \/><\/figure>\n\n\n\n<p><\/p>\n<\/div>\n\n\n\n<div class=\"wp-block-column is-layout-flow wp-block-column-is-layout-flow\" style=\"flex-basis:50%\">\n<p><strong>Adiabatick\u00e9 ochlazova\u010de vzduchu<\/strong> jsou zn\u00e1m\u00e9 svou spolehlivost\u00ed a robustnost\u00ed d\u00edky sv\u00e9 konstrukci a velmi jednoduch\u00e9mu zp\u016fsobu fungov\u00e1n\u00ed. Jsou proto obzvl\u00e1\u0161t\u011b vhodn\u00e9 pro n\u00e1ro\u010dn\u00e1 pr\u016fmyslov\u00e1 prost\u0159ed\u00ed, jako je metalurgie, kde mus\u00ed spolehliv\u011b fungovat a <strong>odol\u00e1vat specifick\u00fdm podm\u00ednk\u00e1m tohoto odv\u011btv\u00ed<\/strong>.<\/p>\n\n\n\n<p><\/p>\n<\/div>\n\n\n\n<div class=\"wp-block-column is-layout-flow wp-block-column-is-layout-flow\" style=\"flex-basis:25%\"><\/div>\n<\/div>\n\n<h2 class=\"wp-block-heading\">Kontaktujte odborn\u00edka spole\u010dnosti Obera a zjist\u011bte v\u00edce o vlastnostech a v\u00fdhod\u00e1ch tohoto produktu pro va\u0161i d\u00edlnu na zpracov\u00e1n\u00ed kov\u016f.<\/h2>\n\n<p>V\u00fdb\u011br <strong>odpa\u0159ovac\u00edho ochlazova\u010de p\u0159izp\u016fsoben\u00e9ho va\u0161emu pracovn\u00edmu prost\u0159ed\u00ed<\/strong> je kl\u00ed\u010dov\u00fd pro zaji\u0161t\u011bn\u00ed pohodln\u00e9ho a bezpe\u010dn\u00e9ho prost\u0159ed\u00ed. Odborn\u00edk v\u00e1m m\u016f\u017ee pomoci ur\u010dit optim\u00e1ln\u00ed dimenzov\u00e1n\u00ed za\u0159\u00edzen\u00ed podle velikosti va\u0161eho v\u00fdrobn\u00edho prostoru a specifik va\u0161ich pr\u016fmyslov\u00fdch proces\u016f. Volba mezi pevn\u00fdm nebo p\u0159enosn\u00fdm modelem bude z\u00e1viset na uspo\u0159\u00e1d\u00e1n\u00ed va\u0161\u00ed d\u00edlny a va\u0161ich po\u017eadavc\u00edch na mobilitu. Je tak\u00e9 d\u016fle\u017eit\u00e9 zvolit n\u00e1dr\u017e s vhodnou kapacitou pro <strong>zaji\u0161t\u011bn\u00ed nep\u0159etr\u017eit\u00e9ho v\u00fdkonu<\/strong>, zejm\u00e9na v d\u00edln\u00e1ch s vysokou intenzitou v\u00fdroby.<\/p>\n\n<p>P\u0159ed n\u00e1kupem je vhodn\u00e9 vy\u017e\u00e1dat si podrobnou cenovou nab\u00eddku v\u010detn\u011b ceny, dodac\u00ed lh\u016fty a instalace v\u00fdrobku.<\/p>\n","protected":false},"excerpt":{"rendered":"<p>Sektor metalurgie zahrnuje \u0161irokou \u0161k\u00e1lu \u010dinnost\u00ed, od hutnictv\u00ed \u017eeleza a\u017e po sv\u00e1\u0159e\u010dsk\u00e9 pr\u00e1ce v d\u00edln\u00e1ch. Je charakterizov\u00e1n extr\u00e9mn\u00edmi teplotami, kter\u00e9 vznikaj\u00ed p\u0159i tavic\u00edch procesech a p\u0159i zpracov\u00e1n\u00ed kov\u016f. Tyto n\u00e1ro\u010dn\u00e9 teplotn\u00ed podm\u00ednky, kter\u00e9 jsou pro metalurgick\u00fd pr\u016fmysl typick\u00e9, se v l\u00e9t\u011b je\u0161t\u011b zhor\u0161uj\u00ed, zejm\u00e9na b\u011bhem vln veder.<\/p>\n","protected":false},"author":13,"featured_media":79863,"comment_status":"open","ping_status":"closed","sticky":false,"template":"","format":"standard","meta":{"_acf_changed":false,"_seopress_robots_primary_cat":"none","_seopress_titles_title":"Ochlazova\u010d vzduchu: \u00fa\u010dinn\u00e9 \u0159e\u0161en\u00ed pro metalurgick\u00fd pr\u016fmysl","_seopress_titles_desc":"V metalurgii teplo ovliv\u0148uje produktivitu. Zvolte \u00fa\u010dinn\u00fd ochlazova\u010d vzduchu pro zlep\u0161en\u00ed pohodl\u00ed pracovn\u00edk\u016f a ochranu za\u0159\u00edzen\u00ed.","_seopress_robots_index":"","footnotes":""},"categories":[310],"tags":[],"class_list":["post-76396","post","type-post","status-publish","format-standard","has-post-thumbnail","hentry","category-nase-rady","generate-columns","tablet-grid-50","mobile-grid-100","grid-parent","grid-50","no-featured-image-padding","resize-featured-image"],"acf":[],"_links":{"self":[{"href":"https:\/\/obera.fr\/cs\/wp-json\/wp\/v2\/posts\/76396","targetHints":{"allow":["GET"]}}],"collection":[{"href":"https:\/\/obera.fr\/cs\/wp-json\/wp\/v2\/posts"}],"about":[{"href":"https:\/\/obera.fr\/cs\/wp-json\/wp\/v2\/types\/post"}],"author":[{"embeddable":true,"href":"https:\/\/obera.fr\/cs\/wp-json\/wp\/v2\/users\/13"}],"replies":[{"embeddable":true,"href":"https:\/\/obera.fr\/cs\/wp-json\/wp\/v2\/comments?post=76396"}],"version-history":[{"count":4,"href":"https:\/\/obera.fr\/cs\/wp-json\/wp\/v2\/posts\/76396\/revisions"}],"predecessor-version":[{"id":133700,"href":"https:\/\/obera.fr\/cs\/wp-json\/wp\/v2\/posts\/76396\/revisions\/133700"}],"wp:featuredmedia":[{"embeddable":true,"href":"https:\/\/obera.fr\/cs\/wp-json\/wp\/v2\/media\/79863"}],"wp:attachment":[{"href":"https:\/\/obera.fr\/cs\/wp-json\/wp\/v2\/media?parent=76396"}],"wp:term":[{"taxonomy":"category","embeddable":true,"href":"https:\/\/obera.fr\/cs\/wp-json\/wp\/v2\/categories?post=76396"},{"taxonomy":"post_tag","embeddable":true,"href":"https:\/\/obera.fr\/cs\/wp-json\/wp\/v2\/tags?post=76396"}],"curies":[{"name":"wp","href":"https:\/\/api.w.org\/{rel}","templated":true}]}}