{"id":86417,"date":"2023-01-25T10:26:15","date_gmt":"2023-01-25T08:26:15","guid":{"rendered":"https:\/\/obera.fr\/nase-rada\/obera-se-devoile-sur-bfm-alsace\/"},"modified":"2025-04-23T09:18:50","modified_gmt":"2025-04-23T07:18:50","slug":"obera-se-devoile-sur-bfm-alsace","status":"publish","type":"post","link":"https:\/\/obera.fr\/cs\/nase-rady\/obera-se-devoile-sur-bfm-alsace\/","title":{"rendered":"OberA se odhaluje na BFM Alsace"},"content":{"rendered":"\n<h2 class=\"wp-block-heading\">Video z rozhovoru pro BFM Alsace<\/h2>\n\n<p>S c\u00edlem zviditelnit alsask\u00e9 pr\u016fmyslov\u00e9 hr\u00e1\u010de nato\u010dila spole\u010dnost BFM Alsace prost\u0159ednictv\u00edm CCI rozhovor, kter\u00fd m\u011bl propagovat na\u0161e aktivity a vznik spole\u010dnosti OberA.<\/p>\n\n<figure class=\"wp-block-video aligncenter\"><video height=\"1080\" style=\"aspect-ratio: 1920 \/ 1080;\" width=\"1920\" controls=\"\" src=\"https:\/\/obera.fr\/wp-content\/uploads\/2023\/01\/bfm-tv-x-obera_nzuvdkgl.mp4\"><\/video><\/figure>\n\n<h3 class=\"wp-block-heading\"><strong>Geneze spole\u010dnosti OberA<\/strong><\/h3>\n\n<p>Jak vysv\u011btlil odpov\u011bdn\u00fd pracovn\u00edk, pan Samsel, spole\u010dnost OberA vybavuje pr\u016fmyslov\u00e1 odv\u011btv\u00ed s c\u00edlem chr\u00e1nit zdrav\u00ed sv\u00fdch zam\u011bstnanc\u016f t\u00edm, \u017ee reaguje na skute\u010dnou pot\u0159ebu nebo omezen\u00ed souvisej\u00edc\u00ed s limitn\u00edmi hodnotami expozice na pracovi\u0161ti.  <\/p>\n\n<h3 class=\"wp-block-heading\"><strong>Profese OberA<\/strong><\/h3>\n\n<p>V rozhovoru se dozv\u00edd\u00e1me o t\u0159ech hlavn\u00edch oblastech podnik\u00e1n\u00ed spole\u010dnosti OberA. Prvn\u00edm je \u010di\u0161t\u011bn\u00ed okoln\u00edho vzduchu prost\u0159ednictv\u00edm \u010disti\u010dek vzduchu. Druh\u00fdm je odstra\u0148ov\u00e1n\u00ed prachu pomoc\u00ed pr\u016fmyslov\u00fdch odlu\u010dova\u010d\u016f prachu ur\u010den\u00fdch k ods\u00e1v\u00e1n\u00ed p\u0159\u00edmo u zdroje. Nov\u011bj\u0161\u00edm v\u00fdvojem je chlazen\u00ed pr\u016fmyslov\u00e9ho vzduchu pomoc\u00ed adiabatick\u00fdch chladi\u010d\u016f, kter\u00e9 slou\u017e\u00ed k ekologick\u00e9mu a ekonomick\u00e9mu chlazen\u00ed pr\u016fmyslu (a\u017e 10kr\u00e1t levn\u011bj\u0161\u00ed ne\u017e klimatizace).   <\/p>\n\n<div class=\"wp-block-columns is-layout-flex wp-container-core-columns-is-layout-28f84493 wp-block-columns-is-layout-flex\">\n<div class=\"wp-block-column is-layout-flow wp-block-column-is-layout-flow\">\n<div class=\"wp-block-buttons is-layout-flex wp-block-buttons-is-layout-flex\">\n<div class=\"wp-block-button aligncenter\"><a class=\"wp-block-button__link wp-element-button\" href=\"https:\/\/obera.fr\/produits\/purificateurs-air\/\">Na\u0161e \u010disti\u010dky vzduchu<\/a><\/div>\n<\/div>\n<\/div>\n\n\n\n<div class=\"wp-block-column is-layout-flow wp-block-column-is-layout-flow\">\n<div class=\"wp-block-buttons is-layout-flex wp-block-buttons-is-layout-flex\">\n<div class=\"wp-block-button aligncenter\"><a class=\"wp-block-button__link wp-element-button\" href=\"https:\/\/obera.fr\/produits\/depoussiereurs-industriels\/\">Na\u0161e odlu\u010dova\u010de prachu<\/a><\/div>\n<\/div>\n<\/div>\n\n\n\n<div class=\"wp-block-column is-layout-flow wp-block-column-is-layout-flow\">\n<div class=\"wp-block-buttons is-layout-flex wp-block-buttons-is-layout-flex\">\n<div class=\"wp-block-button aligncenter\"><a class=\"wp-block-button__link wp-element-button\" href=\"https:\/\/obera.fr\/produits\/rafraichisseurs-air\/\">NA\u0160E chladi\u010de<\/a><\/div>\n<\/div>\n<\/div>\n<\/div>\n","protected":false},"excerpt":{"rendered":"<p>Spole\u010dnost OberA poskytla spole\u010dnosti BFM Alsace rozhovor o iniciativ\u011b CCI na podporu pr\u016fmyslov\u00e9ho odv\u011btv\u00ed v Alsasku. Zjist\u011bte v\u00edce o vzniku OberA a r\u016fzn\u00fdch profes\u00edch, kter\u00e9 se na n\u00ed pod\u00edlej\u00ed. <\/p>\n","protected":false},"author":4,"featured_media":85728,"comment_status":"open","ping_status":"closed","sticky":false,"template":"","format":"standard","meta":{"_acf_changed":false,"_seopress_robots_primary_cat":"none","_seopress_titles_title":"OberA se odhaluje na BFM Alsace","_seopress_titles_desc":"Spole\u010dnost OberA poskytla spole\u010dnosti BFM Alsace rozhovor o iniciativ\u011b CCI na podporu pr\u016fmyslov\u00e9ho odv\u011btv\u00ed v Alsasku.","_seopress_robots_index":"","footnotes":""},"categories":[310],"tags":[113],"class_list":["post-86417","post","type-post","status-publish","format-standard","has-post-thumbnail","hentry","category-nase-rady","tag-entete-male","generate-columns","tablet-grid-50","mobile-grid-100","grid-parent","grid-50","no-featured-image-padding","resize-featured-image"],"acf":[],"_links":{"self":[{"href":"https:\/\/obera.fr\/cs\/wp-json\/wp\/v2\/posts\/86417","targetHints":{"allow":["GET"]}}],"collection":[{"href":"https:\/\/obera.fr\/cs\/wp-json\/wp\/v2\/posts"}],"about":[{"href":"https:\/\/obera.fr\/cs\/wp-json\/wp\/v2\/types\/post"}],"author":[{"embeddable":true,"href":"https:\/\/obera.fr\/cs\/wp-json\/wp\/v2\/users\/4"}],"replies":[{"embeddable":true,"href":"https:\/\/obera.fr\/cs\/wp-json\/wp\/v2\/comments?post=86417"}],"version-history":[{"count":1,"href":"https:\/\/obera.fr\/cs\/wp-json\/wp\/v2\/posts\/86417\/revisions"}],"predecessor-version":[{"id":86422,"href":"https:\/\/obera.fr\/cs\/wp-json\/wp\/v2\/posts\/86417\/revisions\/86422"}],"wp:featuredmedia":[{"embeddable":true,"href":"https:\/\/obera.fr\/cs\/wp-json\/wp\/v2\/media\/85728"}],"wp:attachment":[{"href":"https:\/\/obera.fr\/cs\/wp-json\/wp\/v2\/media?parent=86417"}],"wp:term":[{"taxonomy":"category","embeddable":true,"href":"https:\/\/obera.fr\/cs\/wp-json\/wp\/v2\/categories?post=86417"},{"taxonomy":"post_tag","embeddable":true,"href":"https:\/\/obera.fr\/cs\/wp-json\/wp\/v2\/tags?post=86417"}],"curies":[{"name":"wp","href":"https:\/\/api.w.org\/{rel}","templated":true}]}}