{"id":90820,"date":"2022-12-06T12:36:59","date_gmt":"2022-12-06T10:36:59","guid":{"rendered":"https:\/\/obera.fr\/nase-rada\/quest-ce-que-la-poussiere-en-industrie\/"},"modified":"2025-04-25T10:24:42","modified_gmt":"2025-04-25T08:24:42","slug":"quest-ce-que-la-poussiere-en-industrie","status":"publish","type":"post","link":"https:\/\/obera.fr\/cs\/nase-rady\/quest-ce-que-la-poussiere-en-industrie\/","title":{"rendered":"Co je to prach v pr\u016fmyslu?"},"content":{"rendered":"\n<h2 class=\"wp-block-heading\">Pr\u016fmyslov\u00fd prach<\/h2>\n\n<p>Co p\u0159esn\u011b je prach? Kr\u00e1sn\u00e9 zlat\u00e9 vlo\u010dky, kter\u00e9 tan\u010d\u00ed ve vzduchu p\u0159i slune\u010dn\u00edm svitu? \u0160ed\u00fd povlak na polic\u00edch a stolech, kter\u00fd dok\u00e1\u017ee lidi p\u0159iv\u00e9st k \u0161\u00edlenstv\u00ed? Nebo hust\u00e9 &#8222;chm\u00fd\u0159\u00ed&#8220; pod stroji?   <\/p>\n\n<div class=\"wp-block-columns are-vertically-aligned-center is-layout-flex wp-container-core-columns-is-layout-28f84493 wp-block-columns-is-layout-flex\">\n<div class=\"wp-block-column is-vertically-aligned-center is-layout-flow wp-block-column-is-layout-flow\" style=\"flex-basis:66.66%\">\n<p>A\u0165 u\u017e na staveni\u0161ti, p\u0159i zpracov\u00e1n\u00ed d\u0159eva, v pek\u00e1rn\u011b, v d\u00edln\u011b nebo v logistick\u00e9m skladu, nen\u00ed neobvykl\u00e9, \u017ee lid\u00e9, kte\u0159\u00ed <strong>brous\u00ed, vrtaj\u00ed, fr\u00e9zuj\u00ed nebo melou<\/strong> suroviny, kte\u0159\u00ed vyfukuj\u00ed prach stla\u010den\u00fdm vzduchem nebo kte\u0159\u00ed <strong>bal\u00ed, skladuj\u00ed, p\u0159epravuj\u00ed nebo m\u00edchaj\u00ed <\/strong>zbo\u017e\u00ed, vytv\u00e1\u0159ej\u00ed prach. Tot\u00e9\u017e plat\u00ed p\u0159i trh\u00e1n\u00ed a vyprazd\u0148ov\u00e1n\u00ed pytl\u016f nebo zamet\u00e1n\u00ed rozsypan\u00fdch materi\u00e1l\u016f ko\u0161t\u011btem. <\/p>\n<\/div>\n\n\n\n<div class=\"wp-block-column is-vertically-aligned-center is-layout-flow wp-block-column-is-layout-flow\" style=\"flex-basis:33.33%\">\n<figure class=\"wp-block-image aligncenter size-full\"><img decoding=\"async\" width=\"500\" height=\"200\" src=\"https:\/\/obera.fr\/wp-content\/uploads\/2022\/12\/poussiere-travail-du-bois.jpg\" alt=\"d&#x159;evoobr&#xE1;b&#x11B;c&#xED; prach\" class=\"wp-image-16697\" srcset=\"https:\/\/obera.fr\/wp-content\/uploads\/2022\/12\/poussiere-travail-du-bois.jpg 500w, https:\/\/obera.fr\/wp-content\/uploads\/2022\/12\/poussiere-travail-du-bois-300x120.jpg 300w\" sizes=\"(max-width: 500px) 100vw, 500px\" \/><\/figure>\n<\/div>\n<\/div>\n\n<p>Prach je v\u0161echno tohle. Prach je ozna\u010den\u00ed pro nejjemn\u011bj\u0161\u00ed \u010d\u00e1stice suspendovan\u00e9 ve vzduchu. Mohou poch\u00e1zet odkudkoli: z vesm\u00edru, sope\u010dn\u00fdch erupc\u00ed, po\u017e\u00e1r\u016f, pr\u016fmyslu nebo p\u0159\u00edrody.  <\/p>\n\n<p>Prach je v\u0161ak tak\u00e9 <strong>nebezpe\u010dn\u00e1 l\u00e1tka<\/strong>. Na to \u010dasto zapom\u00edn\u00e1me. Rizika sahaj\u00ed od \u010dist\u011b mechanick\u00e9ho podr\u00e1\u017ed\u011bn\u00ed d\u00fdchac\u00edch cest p\u0159es vznik chronick\u00fdch z\u00e1n\u011btliv\u00fdch proces\u016f a n\u00e1dor\u016f a\u017e po akutn\u00ed dr\u00e1\u017ediv\u00fd nebo toxick\u00fd \u00fa\u010dinek (nap\u0159. chemick\u00e9 pop\u00e1leniny). Nejv\u00edce posti\u017een\u00fdmi org\u00e1ny jsou pr\u016fdu\u0161ky a pl\u00edce, ale tak\u00e9 sliznice nosu a o\u010d\u00ed, k\u016f\u017ee a dal\u0161\u00ed org\u00e1ny v cel\u00e9m t\u011ble.   <\/p>\n\n<h2 class=\"wp-block-heading\">Co p\u0159esn\u011b je prach?<\/h2>\n\n<p>Prach je obecn\u011b soubor drobn\u00fdch \u010d\u00e1stic, neviditeln\u00fdch nebo viditeln\u00fdch, kter\u00e9 se nach\u00e1zej\u00ed ve vzduchu. Velikost prachov\u00fdch \u010d\u00e1stic se m\u011b\u0159\u00ed v mikrometrech (\u03bcm) neboli miliontin\u00e1ch metru. <\/p>\n\n<div class=\"wp-block-columns are-vertically-aligned-center is-layout-flex wp-container-core-columns-is-layout-28f84493 wp-block-columns-is-layout-flex\">\n<div class=\"wp-block-column is-vertically-aligned-center is-layout-flow wp-block-column-is-layout-flow\">\n<h3 class=\"wp-block-heading\">Jak vznik\u00e1 prach?<\/h3>\n\n\n\n<p>Prach jsou <strong>pevn\u00e9 \u010d\u00e1stice<\/strong>, kter\u00e9 jsou velmi jemn\u011b rozpt\u00fdlen\u00e9 ve vzduchu. Vznikaj\u00ed p\u0159i mechanick\u00e9 \u00faprav\u011b pevn\u00fdch materi\u00e1l\u016f (nap\u0159. brou\u0161en\u00edm nebo povrchovou \u00fapravou) nebo suspendac\u00ed (nap\u0159. fouk\u00e1n\u00edm stla\u010den\u00fdm vzduchem nebo such\u00fdm zamet\u00e1n\u00edm ko\u0161t\u011btem), a tak se dost\u00e1vaj\u00ed do vzduchu, kter\u00fd d\u00fdch\u00e1me. Pevn\u00e9 \u010d\u00e1stice vznikl\u00e9 chemick\u00fdmi nebo tepeln\u00fdmi procesy (nap\u0159. sva\u0159ov\u00e1n\u00edm) a rovn\u011b\u017e velmi jemn\u011b rozpt\u00fdlen\u00e9 ve vzduchu se naz\u00fdvaj\u00ed d\u00fdmy. V nej\u0161ir\u0161\u00edm slova smyslu tvo\u0159\u00ed sou\u010d\u00e1st prachu.   <\/p>\n\n\n\n<h3 class=\"wp-block-heading\">Jakou roli hraje velikost jemn\u00e9ho prachu?<\/h3>\n\n\n\n<p>\u010c\u00edm men\u0161\u00ed je jemn\u00fd prach, t\u00edm je <strong>\u0161kodliv\u011bj\u0161\u00ed <\/strong>pro zdrav\u00ed. Aby \u010d\u00e1stice pronikly do d\u00fdchac\u00edch cest, mus\u00ed b\u00fdt men\u0161\u00ed ne\u017e deset mikrometr\u016f. Pod 2,5 mikronu pronikaj\u00ed do plic. <strong>Ultrajemn\u00e9 \u010d\u00e1stice<\/strong> jsou t\u00e9m\u011b\u0159 stejn\u011b mal\u00e9 jako b\u00edlkoviny, tak\u017ee pronikaj\u00ed do t\u011blesn\u00fdch bun\u011bk a odtud do krevn\u00edho ob\u011bhu.   <\/p>\n<\/div>\n\n\n\n<div class=\"wp-block-column is-vertically-aligned-center is-layout-flow wp-block-column-is-layout-flow\">\n<figure class=\"wp-block-image aligncenter size-full is-resized\"><img decoding=\"async\" width=\"555\" height=\"390\" src=\"https:\/\/obera.fr\/wp-content\/uploads\/2022\/12\/tailles-des-particules.png\" alt=\"velikosti &#x10D;&#xE1;stic\" class=\"wp-image-16712\" style=\"width:555px;height:390px\" srcset=\"https:\/\/obera.fr\/wp-content\/uploads\/2022\/12\/tailles-des-particules.png 555w, https:\/\/obera.fr\/wp-content\/uploads\/2022\/12\/tailles-des-particules-300x211.png 300w\" sizes=\"(max-width: 555px) 100vw, 555px\" \/><\/figure>\n<\/div>\n<\/div>\n\n<div class=\"wp-block-buttons is-horizontal is-content-justification-center is-layout-flex wp-container-core-buttons-is-layout-03627597 wp-block-buttons-is-layout-flex\">\n<div class=\"wp-block-button has-custom-width wp-block-button__width-100\"><a class=\"wp-block-button__link wp-element-button\" href=\"https:\/\/obera.fr\/cs\/kontaktujte-nas\/\">Zjist\u011bte v\u00edce<\/a><\/div>\n<\/div>\n\n<h2 class=\"wp-block-heading\">Typ prachu<\/h2>\n\n<p>V pr\u016fmyslu a legislativ\u011b existuje n\u011bkolik typ\u016f prachu, nap\u0159\u00edklad <strong>prachy E, A a U<\/strong>. Prachy A a U jsou v pr\u016fmyslu nejb\u011b\u017en\u011bj\u0161\u00ed. <\/p>\n\n<div class=\"wp-block-columns is-layout-flex wp-container-core-columns-is-layout-28f84493 wp-block-columns-is-layout-flex\">\n<div class=\"wp-block-column is-layout-flow wp-block-column-is-layout-flow\">\n<h3 class=\"wp-block-heading has-text-align-center\">Prach E<\/h3>\n\n\n\n<figure class=\"wp-block-image aligncenter size-full is-resized\"><img decoding=\"async\" width=\"300\" height=\"200\" src=\"https:\/\/obera.fr\/wp-content\/uploads\/2022\/12\/sans-titre-2022-12-05t153222.994.png\" alt=\"Prach t&#x159;&#xED;dy L\" class=\"wp-image-16719\" style=\"width:225px;height:150px\"\/><figcaption class=\"wp-element-caption\">Vdechnuteln\u00e1 frakce prachu<\/figcaption><\/figure>\n\n\n\n<p>Cementov\u00fd prach je sou\u010d\u00e1st\u00ed<strong>&#8222;vdechovateln\u00e9 frakce prachu&#8220;<\/strong>. Prach E je tzv. &#8222;vdechnuteln\u00e1 frakce prachu&#8220;. Jedn\u00e1 se o \u010d\u00e1stice, kter\u00e9 lze vdechovat \u00fasty a nosem. Krom\u011b kv\u011btinov\u00e9ho pylu jsou nej\u010dast\u011bji uv\u00e1d\u011bn\u00fdmi p\u0159\u00edklady cementov\u00fd prach a p\u00edsek. \u010c\u00e1stice jsou obvykle <strong>men\u0161\u00ed ne\u017e 100 \u00b5m<\/strong>. Velikost 1 \u00b5m odpov\u00edd\u00e1 1\/1 000 000 metr\u016f.    <\/p>\n<\/div>\n\n\n\n<div class=\"wp-block-column is-layout-flow wp-block-column-is-layout-flow\">\n<h3 class=\"wp-block-heading has-text-align-center\">prach A<\/h3>\n\n\n\n<figure class=\"wp-block-image aligncenter size-full is-resized\"><img decoding=\"async\" width=\"300\" height=\"200\" src=\"https:\/\/obera.fr\/wp-content\/uploads\/2022\/12\/sans-titre-2022-12-05t153255.020.png\" alt=\"T&#x159;&#xED;da prachu M\" class=\"wp-image-16722\" style=\"width:225px;height:150px\"\/><figcaption class=\"wp-element-caption\">Vdechnuteln\u00e1 frakce prachu<\/figcaption><\/figure>\n\n\n\n<p>Sv\u00e1\u0159ec\u00ed d\u00fdmy jsou sou\u010d\u00e1st\u00ed<strong>&#8222;respirabiln\u00ed frakce prachu&#8220;<\/strong>. Prach A je tzv. &#8222;respirabiln\u00ed frakce prachu&#8220;. Jedn\u00e1 se o \u010d\u00e1stice tak mal\u00e9, \u017ee mohou <strong>pronikat do plicn\u00edch alveol\u016f<\/strong>. Pat\u0159\u00ed sem mnoho d\u00fdm\u016f (nap\u0159. <strong>sv\u00e1\u0159e\u010dsk\u00e9 d\u00fdmy<\/strong>) a <strong>k\u0159emenn\u00fd prach<\/strong>. Tyto \u010d\u00e1stice jsou <strong>men\u0161\u00ed ne\u017e 5 \u00b5m<\/strong>, tedy podstatn\u011b men\u0161\u00ed ne\u017e \u010d\u00e1stice prachu E.   <\/p>\n<\/div>\n\n\n\n<div class=\"wp-block-column is-layout-flow wp-block-column-is-layout-flow\">\n<h3 class=\"wp-block-heading has-text-align-center\">Dust U<\/h3>\n\n\n\n<figure class=\"wp-block-image aligncenter size-full is-resized\"><img decoding=\"async\" width=\"300\" height=\"200\" src=\"https:\/\/obera.fr\/wp-content\/uploads\/2022\/12\/sans-titre-2022-12-05t153521.714.png\" alt=\"Prach t&#x159;&#xED;dy H\" class=\"wp-image-16725\" style=\"width:225px;height:150px\"\/><figcaption class=\"wp-element-caption\">Ultrajemn\u00e9 nebo nano\u010d\u00e1stice<\/figcaption><\/figure>\n\n\n\n<p>Prach U ozna\u010duje <strong>ultrajemn\u00e9 \u010d\u00e1stice<\/strong>. Je\u0161t\u011b jemn\u011bj\u0161\u00ed \u010d\u00e1stice jsou klasifikov\u00e1ny jako U-prach &#8211; pro ultrajemn\u00e9 \u010d\u00e1stice nebo nano\u010d\u00e1stice. Tyto prachy jsou <strong>men\u0161\u00ed ne\u017e 100 nanometr\u016f<\/strong>. Hodnota 1 Nm odpov\u00edd\u00e1 1\/1 000 000 000 metr\u016f.   <\/p>\n<\/div>\n<\/div>\n\n<h2 class=\"wp-block-heading\">Vl\u00e1kna a vl\u00e1knit\u00fd prach<\/h2>\n\n<p>Pro \u00faplnost bychom nem\u011bli zapomenout na <strong>vl\u00e1kna<\/strong>. Ta jsou jedn\u00edm z mnoha typ\u016f prachu, kter\u00e9 vznikaj\u00ed &#8222;samovoln\u011b&#8220; v p\u0159\u00edrod\u011b nebo jsou produkov\u00e1ny v pr\u016fmyslu ru\u010dn\u00edm \u010di mechanick\u00fdm zpracov\u00e1n\u00edm.   <\/p>\n\n<p>V p\u0159\u00edrod\u011b jsou produkov\u00e1ny eroz\u00ed nebo kvetouc\u00edmi rostlinami. V\u00edtr je rozptyluje do ovzdu\u0161\u00ed, a jsou proto ned\u00edlnou sou\u010d\u00e1st\u00ed vzduchu, kter\u00fd neust\u00e1le d\u00fdch\u00e1me. <\/p>\n\n<div class=\"wp-block-columns are-vertically-aligned-center is-layout-flex wp-container-core-columns-is-layout-28f84493 wp-block-columns-is-layout-flex\">\n<div class=\"wp-block-column is-vertically-aligned-center is-layout-flow wp-block-column-is-layout-flow\" style=\"flex-basis:66.66%\">\n<p>V pr\u016fmyslu se naopak usiluje o<strong> zachycen\u00ed prachu nebo v\u00fdpar\u016f <\/strong>vznikaj\u00edc\u00edch p\u0159i obr\u00e1b\u011bn\u00ed d\u00edl\u016f p\u0159\u00edmo u zdroje, aby <strong>se vzduch vy\u010distil<\/strong> a zabr\u00e1nilo se dal\u0161\u00edmu zne\u010di\u0161\u0165ov\u00e1n\u00ed ovzdu\u0161\u00ed, kter\u00e9 d\u00fdch\u00e1me. V\u0161ude tam, kde nen\u00ed mo\u017en\u00e9 z technick\u00fdch d\u016fvod\u016f souvisej\u00edc\u00edch s procesem zachyt\u00e1vat prach p\u0159\u00edmo, je mo\u017en\u00e9 instalovat tzv. <strong>prostorovou ventilaci<\/strong>. <\/p>\n<\/div>\n\n\n\n<div class=\"wp-block-column is-vertically-aligned-center is-layout-flow wp-block-column-is-layout-flow\" style=\"flex-basis:33.33%\">\n<figure class=\"wp-block-image aligncenter size-full is-resized\"><img decoding=\"async\" width=\"300\" height=\"200\" src=\"https:\/\/obera.fr\/wp-content\/uploads\/2022\/12\/fibre-de-carbone.png\" alt=\"uhl&#xED;kov&#xE9; vl&#xE1;kno\" class=\"wp-image-16728\" style=\"width:225px;height:150px\"\/><\/figure>\n<\/div>\n<\/div>\n\n<h2 class=\"wp-block-heading\">Pro\u010d je prach \u0161kodliv\u00fd?<\/h2>\n\n<h3 class=\"wp-block-heading\">DOPAD NA \u017dIVOTN\u00cd PROST\u0158ED\u00cd<\/h3>\n\n<ul class=\"wp-block-list\">\n<li>Suspendovan\u00fd prach ovliv\u0148uje (a sni\u017euje) <strong>viditelnost<\/strong>.<\/li>\n\n\n\n<li>Prach p\u0159edstavuje<strong> bezprost\u0159edn\u00ed nebezpe\u010d\u00ed pro stroje<\/strong> a za\u0159\u00edzen\u00ed a m\u016f\u017ee b\u00fdt p\u0159\u00ed\u010dinou<strong> technick\u00fdch probl\u00e9m\u016f,<\/strong> jako je <strong>p\u0159eh\u0159\u00e1t\u00ed elektroniky<\/strong> p\u0159i absenci ventilace, <strong>rychl\u00e9 opot\u0159eben\u00ed<\/strong> pohybliv\u00fdch <strong>\u010d\u00e1st\u00ed<\/strong> a <strong>nefunk\u010dn\u00ed senzory<\/strong>.<\/li>\n\n\n\n<li>Suspendovan\u00fd prach se v pr\u016fb\u011bhu \u010dasu usazuje ve form\u011b vrstvy (nap\u0159. mastn\u00e9).<\/li>\n\n\n\n<li>Tento prach m\u016f\u017ee b\u00fdt p\u0159i sebemen\u0161\u00edm pohybu vzduchu vnesen zp\u011bt do pracovn\u00edho prostoru.<\/li>\n\n\n\n<li>Usazen\u00fd prach <strong>zne\u010di\u0161\u0165uje v\u00fdrobky<\/strong>.<\/li>\n<\/ul>\n\n<h3 class=\"wp-block-heading\">ZDRAVOTN\u00cd \u00da\u010cINKY<\/h3>\n\n<p>Ze zdravotn\u00edho hlediska jsou nejd\u016fle\u017eit\u011bj\u0161\u00ed \u010d\u00e1stice<strong> men\u0161\u00ed ne\u017e 10 nebo 2,5 mikrometru<\/strong>.<\/p>\n\n<p>Nejnebezpe\u010dn\u011bj\u0161\u00ed je <strong>vdechovateln\u00e1 frakce<\/strong>. Pronik\u00e1 do plicn\u00edch alveol\u016f, kde se usazuje, m\u011bn\u00ed schopnost v\u00fdm\u011bny plyn\u016f v plic\u00edch a zp\u016fsobuje z\u00e1n\u011bt. Sn\u00ed\u017een\u00fd p\u0159\u00edjem kysl\u00edku tak\u00e9 nep\u0159\u00edmo zat\u011b\u017euje kardiovaskul\u00e1rn\u00ed syst\u00e9m.  <\/p>\n\n<p>Mezi p\u0159\u00edznaky otravy zinkem, zn\u00e1m\u00e9 tak\u00e9 jako &#8222;hutnick\u00e1 hore\u010dka&#8220;, pat\u0159\u00ed sladk\u00e1 chu\u0165 v \u00fastech, pocen\u00ed, zimnice a bolesti kon\u010detin. Otrava zinkem je zp\u016fsobena<strong>vdechov\u00e1n\u00edm v\u00fdpar\u016f<\/strong> vznikaj\u00edc\u00edch p\u0159i zinkov\u00e1n\u00ed nebo sva\u0159ov\u00e1n\u00ed pozinkovan\u00fdch materi\u00e1l\u016f. <\/p>\n\n<div class=\"wp-block-columns are-vertically-aligned-center is-layout-flex wp-container-core-columns-is-layout-28f84493 wp-block-columns-is-layout-flex\">\n<div class=\"wp-block-column is-vertically-aligned-center is-layout-flow wp-block-column-is-layout-flow\">\n<p>Kontakt s prachem se m\u016f\u017ee st\u00e1t zdrojem onemocn\u011bn\u00ed, pokud :<\/p>\n\n\n\n<ul class=\"wp-block-list\">\n<li>koncentrace je velmi vysok\u00e1,<\/li>\n\n\n\n<li>prachov\u00e9 \u010d\u00e1stice jsou dostate\u010dn\u011b mal\u00e9 na to, aby pronikly pr\u016fdu\u0161nic\u00ed a pr\u016fdu\u0161kami hluboko do plic (plicn\u00edch skl\u00edpk\u016f),<\/li>\n\n\n\n<li>tvar \u010d\u00e1stic (nap\u0159. vl\u00e1kna) podporuje pr\u016fnik,<\/li>\n\n\n\n<li>prach obsahuje toxick\u00e9 l\u00e1tky.<\/li>\n<\/ul>\n\n\n\n<p><strong>Mezi mo\u017en\u00e9 n\u00e1sledky pat\u0159\u00ed ka\u0161el, d\u00fdchac\u00ed pot\u00ed\u017ee, bronchitida, astma, podr\u00e1\u017ed\u011bn\u00ed k\u016f\u017ee a o\u010d\u00ed.<\/strong><\/p>\n<\/div>\n\n\n\n<div class=\"wp-block-column is-vertically-aligned-center is-layout-flow wp-block-column-is-layout-flow\">\n<figure class=\"wp-block-image size-large is-resized\"><img decoding=\"async\" width=\"1024\" height=\"535\" src=\"https:\/\/obera.fr\/wp-content\/uploads\/2022\/11\/dangers-fumee-de-soudure-1024x535.png\" alt=\"nebezpe&#x10D;&#xED; sv&#xE1;&#x159;e&#x10D;sk&#xFD;ch v&#xFD;par&#x16F;\" class=\"wp-image-15876\" style=\"width:512px;height:268px\" srcset=\"https:\/\/obera.fr\/wp-content\/uploads\/2022\/11\/dangers-fumee-de-soudure-1024x535.png 1024w, https:\/\/obera.fr\/wp-content\/uploads\/2022\/11\/dangers-fumee-de-soudure-300x157.png 300w, https:\/\/obera.fr\/wp-content\/uploads\/2022\/11\/dangers-fumee-de-soudure-768x401.png 768w, https:\/\/obera.fr\/wp-content\/uploads\/2022\/11\/dangers-fumee-de-soudure.png 1084w\" sizes=\"(max-width: 1024px) 100vw, 1024px\" \/><\/figure>\n<\/div>\n<\/div>\n\n<p>Lid\u00e9 vystaven\u00ed vysok\u00fdm \u00farovn\u00edm zne\u010di\u0161t\u011bn\u00ed <strong>jemn\u00fdmi \u010d\u00e1sticemi<\/strong> jsou proto vystaveni vy\u0161\u0161\u00edmu riziku kardiovaskul\u00e1rn\u00edch onemocn\u011bn\u00ed, v\u00e1\u017en\u00e9ho po\u0161kozen\u00ed d\u00fdchac\u00edch cest, po\u0161kozen\u00ed nervov\u00e9ho syst\u00e9mu, z\u00e1va\u017en\u00fdch chronick\u00fdch plicn\u00edch onemocn\u011bn\u00ed, rakoviny plic, infarktu myokardu nebo mozkov\u00e9 mrtvice a tak\u00e9 alergi\u00ed. Tyto rizikov\u00e9 faktory zkracuj\u00ed pr\u016fm\u011brnou d\u00e9lku \u017eivota. <\/p>\n\n<h2 class=\"wp-block-heading\">Kde hroz\u00ed nebezpe\u010d\u00ed a pro\u010d je pro zam\u011bstnance nebezpe\u010dn\u00e9?<\/h2>\n\n<p>Z\u00e1le\u017e\u00ed na tom, kde pracujete a s \u010d\u00edm pracujete. Nejde jen o <strong>toxick\u00fd<\/strong> nebo <strong>ultrajemn\u00fd <\/strong> <strong>prach<\/strong>, kter\u00fd m\u016f\u017ee v p\u0159\u00edpad\u011b siln\u00e9 expozice zp\u016fsobit onemocn\u011bn\u00ed d\u00fdchac\u00edch cest, ale o jak\u00fdkoli prach. <\/p>\n\n<p>\u0160kodliv\u00fd \u00fa\u010dinek z\u00e1vis\u00ed na :<\/p>\n\n<ul class=\"wp-block-list\">\n<li><strong> typ prachu<\/strong>,<\/li>\n\n\n\n<li><strong>dobu trv\u00e1n\u00ed <\/strong>a<strong>rozsah expozice <\/strong>prachu,<\/li>\n\n\n\n<li><strong> kde<\/strong> se ukl\u00e1daj\u00ed v d\u00fdchac\u00edch cest\u00e1ch,<\/li>\n\n\n\n<li><strong>velikost <\/strong>\u010d\u00e1stic.<\/li>\n<\/ul>\n\n<p>Zvl\u00e1\u0161t\u011b nebezpe\u010dn\u00e9 je<strong>pohlcov\u00e1n\u00ed <\/strong>velk\u00e9ho mno\u017estv\u00ed prachu v kr\u00e1tk\u00e9m \u010dasov\u00e9m obdob\u00ed nebo pohlcov\u00e1n\u00ed prachu v pr\u016fb\u011bhu let, a to i v mal\u00e9m mno\u017estv\u00ed za den.<strong>\u00da\u010dinn\u00e9 ods\u00e1v\u00e1n\u00ed prachu<\/strong> je proto za takov\u00fdch okolnost\u00ed nezbytn\u00e9. <\/p>\n\n<h2 class=\"wp-block-heading\">Prach na pracovi\u0161ti<\/h2>\n\n<h3 class=\"wp-block-heading\">Limitn\u00ed hodnoty expozice p\u0159i pr\u00e1ci<\/h3>\n\n<p>Limitn\u00ed hodnota expozice na pracovi\u0161ti ( <strong>OELV <\/strong>) je definov\u00e1na jako maxim\u00e1ln\u00ed koncentrace zne\u010di\u0161\u0165uj\u00edc\u00ed l\u00e1tky v ovzdu\u0161\u00ed na pracovi\u0161ti. Dal\u0161\u00ed informace naleznete v na\u0161em \u010dl\u00e1nku o <a href=\"https:\/\/obera.fr\/conseils\/vlep-filtration-de-poussiere-reglementation\/\">filtraci prachu a limitn\u00edch hodnot\u00e1ch expozice na pracovi\u0161ti<\/a>. <\/p>\n\n<h3 class=\"wp-block-heading\">Zdravotn\u00ed rizika na pracovi\u0161ti<\/h3>\n\n<p>Z hlediska <strong>bezpe\u010dnosti<\/strong> a <strong>ochrany zdrav\u00ed p\u0159i <\/strong>pr\u00e1ci se zdravotn\u00ed rizika na pracovi\u0161ti rozli\u0161uj\u00ed podle velikosti a tvaru \u010d\u00e1stic a jejich materi\u00e1lov\u00fdch vlastnost\u00ed. <strong>TLV <\/strong>je definov\u00e1na jako <strong>maxim\u00e1ln\u00ed koncentrace<\/strong> zne\u010di\u0161\u0165uj\u00edc\u00ed l\u00e1tky v ovzdu\u0161\u00ed na pracovi\u0161ti. Tato hodnota je tak\u00e9 zn\u00e1m\u00e1 jako <strong>WEL <\/strong>(limit expozice na pracovi\u0161ti). <strong>M\u011b\u0159en\u00edm koncentrace<\/strong> prachov\u00fdch \u010d\u00e1stic v ovzdu\u0161\u00ed na pracovi\u0161ti je mo\u017en\u00e9 zkontrolovat, zda je VLEP dodr\u017eov\u00e1n.   <\/p>\n\n<h3 class=\"wp-block-heading\">M\u011b\u0159en\u00ed expozice prachu<\/h3>\n\n<div class=\"wp-block-columns is-layout-flex wp-container-core-columns-is-layout-28f84493 wp-block-columns-is-layout-flex\">\n<div class=\"wp-block-column is-layout-flow wp-block-column-is-layout-flow\" style=\"flex-basis:33.33%\">\n<figure class=\"wp-block-image aligncenter size-full is-resized\"><img decoding=\"async\" width=\"433\" height=\"433\" src=\"https:\/\/obera.fr\/wp-content\/uploads\/2020\/08\/compteur-de-particules.png\" alt=\"&#x10C;&#xED;ta&#x10D; &#x10D;&#xE1;stic\" class=\"wp-image-714\" style=\"width:217px;height:217px\" srcset=\"https:\/\/obera.fr\/wp-content\/uploads\/2020\/08\/compteur-de-particules.png 433w, https:\/\/obera.fr\/wp-content\/uploads\/2020\/08\/compteur-de-particules-300x300.png 300w, https:\/\/obera.fr\/wp-content\/uploads\/2020\/08\/compteur-de-particules-150x150.png 150w\" sizes=\"(max-width: 433px) 100vw, 433px\" \/><figcaption class=\"wp-element-caption\">M\u011b\u0159i\u010d pevn\u00fdch \u010d\u00e1stic<\/figcaption><\/figure>\n<\/div>\n\n\n\n<div class=\"wp-block-column is-vertically-aligned-center is-layout-flow wp-block-column-is-layout-flow\" style=\"flex-basis:66.66%\">\n<p><strong>P\u0159\u00edstroje na m\u011b\u0159en\u00ed<\/strong> prachu se pou\u017e\u00edvaj\u00ed ke zji\u0161t\u011bn\u00ed, zda je \u00farove\u0148 prachu na pracovi\u0161ti ze zdravotn\u00edho hlediska p\u0159\u00edpustn\u00e1. P\u0159\u00edstroje automaticky ods\u00e1vaj\u00ed vzduch z pracovn\u00edho prost\u0159ed\u00ed a &#8222;analyzuj\u00ed&#8220; prach. Z vyv\u00e1\u017een\u00e9ho mno\u017estv\u00ed prachu se pak vypo\u010d\u00edt\u00e1 jeho <strong>koncentrace v ovzdu\u0161\u00ed<\/strong>.  <\/p>\n\n\n\n<p>M\u011b\u0159en\u00ed prov\u00e1d\u011bj\u00ed <strong>profesn\u00ed sdru\u017een\u00ed<\/strong> nebo<strong> akreditovan\u00e9 instituce<\/strong> (poskytovatel\u00e9 slu\u017eeb). Nev\u00e1hejte se na n\u00e1s obr\u00e1tit. Na\u0161i prodejci jsou pln\u011b kvalifikovan\u00ed k prov\u00e1d\u011bn\u00ed tohoto typu m\u011b\u0159en\u00ed.  <\/p>\n\n\n\n<div class=\"wp-block-buttons is-content-justification-center is-layout-flex wp-container-core-buttons-is-layout-a89b3969 wp-block-buttons-is-layout-flex\">\n<div class=\"wp-block-button\"><a class=\"wp-block-button__link wp-element-button\" href=\"https:\/\/obera.fr\/contact\/\">Sjednejte si sch\u016fzku<\/a><\/div>\n<\/div>\n<\/div>\n<\/div>\n\n<h3 class=\"wp-block-heading\">T\u0159\u00edda prachu<\/h3>\n\n<h4 class=\"wp-block-heading\">Pr\u00e1vn\u00ed r\u00e1mec a sou\u010dasn\u00e1 pr\u00e1vn\u00ed \u00faprava<\/h4>\n\n<p><strong> Mezin\u00e1rodn\u00ed norma IEC 60 335-2-69 <\/strong>umo\u017e\u0148uje rozd\u011blit prach do t\u0159\u00ed r\u016fzn\u00fdch <strong>t\u0159\u00edd<\/strong>: <strong>L, M a H.<\/strong><\/p>\n\n<div class=\"wp-block-columns are-vertically-aligned-top is-layout-flex wp-container-core-columns-is-layout-28f84493 wp-block-columns-is-layout-flex\">\n<div class=\"wp-block-column is-vertically-aligned-top is-layout-flow wp-block-column-is-layout-flow\">\n<h5 class=\"wp-block-heading has-text-align-center\"><strong>T\u0158\u00cdDA DUST CLASS L<\/strong><\/h5>\n\n\n\n<p><strong>Jednoduch\u00e9, ne\u0161kodn\u00e9 prachy,<\/strong> jako je dom\u00e1c\u00ed prach a materi\u00e1ly jako p\u00edsek, \u0161t\u011brk a zemina.<\/p>\n<\/div>\n\n\n\n<div class=\"wp-block-column is-vertically-aligned-top is-layout-flow wp-block-column-is-layout-flow\">\n<h5 class=\"wp-block-heading has-text-align-center\"><strong>T\u0158\u00cdDA DUST M<\/strong><\/h5>\n\n\n\n<p>Zdravotn\u011b <strong>rizikov\u00e9 prachy,<\/strong> jako je d\u0159ev\u011bn\u00fd prach a prach z tmel\u016f, z\u00e1kladn\u00edch n\u00e1t\u011br\u016f a lak\u016f.<\/p>\n<\/div>\n\n\n\n<div class=\"wp-block-column is-vertically-aligned-top is-layout-flow wp-block-column-is-layout-flow\">\n<h5 class=\"wp-block-heading has-text-align-center\"><strong>T\u0158\u00cdDA PRACHU H<\/strong><\/h5>\n\n\n\n<p>Zdrav\u00ed \u0161kodliv\u00e9 <strong>prachy <\/strong>p\u0159i pr\u00e1ci se sp\u00f3ry, miner\u00e1ln\u00edmi vl\u00e1kny, skelnou vatou, om\u00edtkou, cementem, betonem, k\u0159emenem, lepidlem nebo barvami (latexov\u00fdmi a olejov\u00fdmi).<\/p>\n<\/div>\n<\/div>\n\n<p>Spole\u010dnost OberA v\u00e1m pom\u016f\u017ee klasifikovat prach produkovan\u00fd ve va\u0161\u00ed spole\u010dnosti. T\u0159\u00eddy prachu se vyjad\u0159uj\u00ed v hodnot\u00e1ch <strong>VLEP <\/strong>nebo <strong>LEMT<\/strong>. Tato hodnota popisuje <strong>maxim\u00e1ln\u00ed povolenou koncentraci<\/strong> na pracovi\u0161ti (ud\u00e1vanou v <strong>mg\/m\u00b3<\/strong>), kter\u00e1 v\u00e1m p\u0159i dlouhodob\u00e9 expozici (8 hodin denn\u011b) nezp\u016fsob\u00ed onemocn\u011bn\u00ed. \u010c\u00edm ni\u017e\u0161\u00ed je limitn\u00ed hodnota, t\u00edm je prach nebezpe\u010dn\u011bj\u0161\u00ed.   <\/p>\n\n<h3 class=\"wp-block-heading\">Opat\u0159en\u00ed na ochranu zdrav\u00ed<\/h3>\n\n<div class=\"wp-block-columns is-layout-flex wp-container-core-columns-is-layout-28f84493 wp-block-columns-is-layout-flex\">\n<div class=\"wp-block-column is-layout-flow wp-block-column-is-layout-flow\">\n<ul class=\"wp-block-list\">\n<li>Proveden\u00ed hodnocen\u00ed rizik<\/li>\n\n\n\n<li>Pokud je to mo\u017en\u00e9, pou\u017e\u00edvejte v\u00fdrobky s n\u00edzk\u00fdm obsahem prachu<\/li>\n\n\n\n<li>Pou\u017e\u00edvejte postupy s n\u00edzk\u00fdm obsahem prachu (nap\u0159. mokr\u00e9 zpracov\u00e1n\u00ed, vys\u00e1v\u00e1n\u00ed).<\/li>\n\n\n\n<li>Dodr\u017eov\u00e1n\u00ed limitn\u00edch hodnot expozice na pracovi\u0161ti (OEL) pro prach.<\/li>\n\n\n\n<li>Organiza\u010dn\u00ed a technick\u00e1 opat\u0159en\u00ed maj\u00ed p\u0159ednost p\u0159ed opat\u0159en\u00edmi na ochranu osob.<\/li>\n\n\n\n<li>\u0160kolen\u00ed obsluhy<\/li>\n<\/ul>\n<\/div>\n\n\n\n<div class=\"wp-block-column is-layout-flow wp-block-column-is-layout-flow\">\n<ul class=\"wp-block-list\">\n<li>Nezametejte na sucho. Nefoukejte stla\u010den\u00fdm vzduchem. <\/li>\n\n\n\n<li>P\u0159i \u010dinnostech, p\u0159i kter\u00fdch vznik\u00e1 velk\u00e9 mno\u017estv\u00ed prachu, pou\u017e\u00edvejte ochrann\u00e9 pom\u016fcky.<\/li>\n\n\n\n<li>Pravideln\u011b poko\u017eku \u010dist\u011bte myt\u00edm nebo sprchov\u00e1n\u00edm.<\/li>\n\n\n\n<li>Pokud tato opat\u0159en\u00ed nezabr\u00e1n\u00ed expozici prachu p\u0159ekra\u010duj\u00edc\u00edmu OEL, m\u011bly by se pou\u017e\u00edvat ochrann\u00e9 rukavice a osobn\u00ed ochrana d\u00fdchac\u00edch cest.<\/li>\n\n\n\n<li>Speci\u00e1ln\u00ed preventivn\u00ed prohl\u00eddky pracovn\u00edho l\u00e9ka\u0159stv\u00ed<\/li>\n<\/ul>\n<\/div>\n<\/div>\n\n<h2 class=\"wp-block-heading\">Spr\u00e1vn\u00fd syst\u00e9m ods\u00e1v\u00e1n\u00ed pro v\u00e1\u0161 probl\u00e9m s prachem<\/h2>\n\n<p>Spole\u010dnost OberA nab\u00edz\u00ed pr\u016fmyslu \u0161irokou \u0161k\u00e1lu inovativn\u00edch ods\u00e1vac\u00edch produkt\u016f a \u0159e\u0161en\u00ed ods\u00e1v\u00e1n\u00ed na m\u00edru. Se spr\u00e1vn\u00fdm typem filtru je mo\u017en\u00e9 odd\u011blit t\u00e9m\u011b\u0159 v\u0161echny druhy t\u0159\u00edsek a prachu. Zjist\u011bte v\u00edce o na\u0161\u00ed \u0161irok\u00e9 nab\u00eddce produkt\u016f. Najdeme tak\u00e9 spr\u00e1vn\u00e9 \u0159e\u0161en\u00ed ods\u00e1v\u00e1n\u00ed pro v\u00e1\u0161 probl\u00e9m s prachem.   <\/p>\n\n<div class=\"wp-block-columns is-layout-flex wp-container-core-columns-is-layout-28f84493 wp-block-columns-is-layout-flex\">\n<div class=\"wp-block-column is-layout-flow wp-block-column-is-layout-flow\">\n<div class=\"wp-block-buttons is-content-justification-right is-layout-flex wp-container-core-buttons-is-layout-d445cf74 wp-block-buttons-is-layout-flex\">\n<div class=\"wp-block-button\"><a class=\"wp-block-button__link wp-element-button\" href=\"https:\/\/obera.fr\/produits\/depoussiereurs-industriels\/\">POD\u00cdVEJTE SE NA N\u00c1\u0160 ODS\u00c1VA\u010cE PRACHU<\/a><\/div>\n<\/div>\n<\/div>\n\n\n\n<div class=\"wp-block-column is-layout-flow wp-block-column-is-layout-flow\">\n<div class=\"wp-block-buttons is-horizontal is-content-justification-center is-layout-flex wp-container-core-buttons-is-layout-03627597 wp-block-buttons-is-layout-flex\">\n<div class=\"wp-block-button has-custom-width wp-block-button__width-100\"><a class=\"wp-block-button__link wp-element-button\" href=\"https:\/\/obera.fr\/cs\/kontaktujte-nas\/\">Zjist\u011bte v\u00edce<\/a><\/div>\n<\/div>\n<\/div>\n<\/div>\n","protected":false},"excerpt":{"rendered":"<p>V\u00edte o prachu \u00fapln\u011b v\u0161echno? Zjist\u011bte, jak\u00e9 velikosti a t\u0159\u00eddy prachu existuj\u00ed, jak\u00e1 jsou zdravotn\u00ed a environment\u00e1ln\u00ed rizika prachu na pracovi\u0161ti a jak m\u011b\u0159it a o\u0161et\u0159ovat prach, abyste vyhov\u011bli r\u016fzn\u00fdm z\u00e1kon\u016fm upravuj\u00edc\u00edm \u00farove\u0148 prachu v pr\u016fmyslov\u00e9m prost\u0159ed\u00ed.   <\/p>\n","protected":false},"author":4,"featured_media":90536,"comment_status":"closed","ping_status":"closed","sticky":false,"template":"","format":"standard","meta":{"_acf_changed":false,"_seopress_robots_primary_cat":"none","_seopress_titles_title":"Co je to prach v pr\u016fmyslu?","_seopress_titles_desc":"Zjist\u011bte v\u0161e o prachu p\u0159\u00edtomn\u00e9m v pr\u016fmyslov\u00e9m prost\u0159ed\u00ed, o r\u016fzn\u00fdch nebezpe\u010d\u00edch, r\u016fzn\u00fdch pr\u00e1vn\u00edch p\u0159edpisech a r\u016fzn\u00fdch zp\u016fsobech, jak se s n\u00edm vypo\u0159\u00e1dat.","_seopress_robots_index":"","footnotes":""},"categories":[310],"tags":[113],"class_list":["post-90820","post","type-post","status-publish","format-standard","has-post-thumbnail","hentry","category-nase-rady","tag-entete-male","generate-columns","tablet-grid-50","mobile-grid-100","grid-parent","grid-50","no-featured-image-padding","resize-featured-image"],"acf":[],"_links":{"self":[{"href":"https:\/\/obera.fr\/cs\/wp-json\/wp\/v2\/posts\/90820","targetHints":{"allow":["GET"]}}],"collection":[{"href":"https:\/\/obera.fr\/cs\/wp-json\/wp\/v2\/posts"}],"about":[{"href":"https:\/\/obera.fr\/cs\/wp-json\/wp\/v2\/types\/post"}],"author":[{"embeddable":true,"href":"https:\/\/obera.fr\/cs\/wp-json\/wp\/v2\/users\/4"}],"replies":[{"embeddable":true,"href":"https:\/\/obera.fr\/cs\/wp-json\/wp\/v2\/comments?post=90820"}],"version-history":[{"count":1,"href":"https:\/\/obera.fr\/cs\/wp-json\/wp\/v2\/posts\/90820\/revisions"}],"predecessor-version":[{"id":90837,"href":"https:\/\/obera.fr\/cs\/wp-json\/wp\/v2\/posts\/90820\/revisions\/90837"}],"wp:featuredmedia":[{"embeddable":true,"href":"https:\/\/obera.fr\/cs\/wp-json\/wp\/v2\/media\/90536"}],"wp:attachment":[{"href":"https:\/\/obera.fr\/cs\/wp-json\/wp\/v2\/media?parent=90820"}],"wp:term":[{"taxonomy":"category","embeddable":true,"href":"https:\/\/obera.fr\/cs\/wp-json\/wp\/v2\/categories?post=90820"},{"taxonomy":"post_tag","embeddable":true,"href":"https:\/\/obera.fr\/cs\/wp-json\/wp\/v2\/tags?post=90820"}],"curies":[{"name":"wp","href":"https:\/\/api.w.org\/{rel}","templated":true}]}}