{"id":96192,"date":"2021-11-12T20:06:49","date_gmt":"2021-11-12T18:06:49","guid":{"rendered":"https:\/\/obera.fr\/nase-rada\/rafraichisseur-air-salle-sport\/"},"modified":"2025-05-06T10:38:58","modified_gmt":"2025-05-06T08:38:58","slug":"rafraichisseur-air-salle-sport","status":"publish","type":"post","link":"https:\/\/obera.fr\/cs\/nase-rady\/rafraichisseur-air-salle-sport\/","title":{"rendered":"Spole\u010dnost OberA vybavila sportovn\u00ed halu odpa\u0159ovac\u00edm chladi\u010dem vzduchu"},"content":{"rendered":"\n<h2 class=\"wp-block-heading\">Sn\u00ed\u017een\u00ed tepla<\/h2>\n\n<div class=\"wp-block-columns is-layout-flex wp-container-core-columns-is-layout-28f84493 wp-block-columns-is-layout-flex\">\n<div class=\"wp-block-column is-layout-flow wp-block-column-is-layout-flow\">\n<figure class=\"wp-block-image size-full is-resized\"><img decoding=\"async\" width=\"556\" height=\"417\" src=\"https:\/\/obera.fr\/wp-content\/uploads\/2021\/11\/Image4.png\" alt=\"adiabatick&#xFD; chladi&#x10D; sportovn&#xED; haly\" class=\"wp-image-7536\" srcset=\"https:\/\/obera.fr\/wp-content\/uploads\/2021\/11\/Image4.png 556w, https:\/\/obera.fr\/wp-content\/uploads\/2021\/11\/Image4-300x225.png 300w\" sizes=\"(max-width: 556px) 100vw, 556px\" \/><\/figure>\n<\/div>\n\n\n\n<div class=\"wp-block-column is-vertically-aligned-center is-layout-flow wp-block-column-is-layout-flow\" style=\"flex-basis:600px\">\n<p class=\"has-text-align-left\">Spole\u010dnost OberA vybavila sportovn\u00ed halu v l\u00e1zn\u00edch Eug\u00e9nie-les-bains adiabatick\u00fdm chladi\u010dem vzduchu EcoCLIM 22.  <\/p>\n\n\n\n<p class=\"has-text-align-left\">P\u0159\u00edmo pod st\u0159echou podniku bylo velk\u00e9 horko, kter\u00e9 ve sportovn\u00ed hale dosahovalo a\u017e 30 stup\u0148\u016f. Instalac\u00ed na\u0161eho syst\u00e9mu EcoCLIM22 se teplota sn\u00ed\u017eila o v\u00edce ne\u017e 5 stup\u0148\u016f.   <\/p>\n\n\n\n<p class=\"has-text-align-left\"><a href=\"https:\/\/obera.fr\/cs\/nase-rady\/ou-utiliser-rafraichissement-evaporation\/\">Rekonstrukce se projevila a z\u00e1kazn\u00edci ji velmi oce\u0148uj\u00ed,<\/a> proto\u017ee nyn\u00ed mohou vyu\u017e\u00edvat posilovnu v lep\u0161\u00edch podm\u00ednk\u00e1ch.<\/p>\n\n\n\n<div class=\"wp-block-buttons is-horizontal is-content-justification-center is-layout-flex wp-container-core-buttons-is-layout-03627597 wp-block-buttons-is-layout-flex\">\n<div class=\"wp-block-button\"><a class=\"wp-block-button__link wp-element-button\" href=\"https:\/\/obera.fr\/conseils\/qualite-l-air-interieur-critere-essentiel-industrie\/\">P\u0159e\u010dt\u011bte si pr\u016fvodce kvalitou vnit\u0159n\u00edho ovzdu\u0161\u00ed<\/a><\/div>\n<\/div>\n<\/div>\n<\/div>\n\n<h3 class=\"wp-block-heading\"><strong>Zvy\u0161uj\u00ed odpa\u0159ovac\u00ed chladi\u010de riziko virov\u00fdch a bakteri\u00e1ln\u00edch infekc\u00ed?<\/strong><\/h3>\n\n<div class=\"wp-block-columns is-layout-flex wp-container-core-columns-is-layout-28f84493 wp-block-columns-is-layout-flex\">\n<div class=\"wp-block-column is-layout-flow wp-block-column-is-layout-flow\" style=\"flex-basis:50%\">\n<p>Pr\u00e1v\u011b naopak! Tato ot\u00e1zka je \u010dasto kladena, proto\u017ee vych\u00e1z\u00ed z myln\u00e9ho p\u0159edpokladu, \u017ee adiabatick\u00e9 osv\u011b\u017eova\u010de vzduchu vedou k m\u00edrn\u00e9mu zv\u00fd\u0161en\u00ed vlhkosti a k n\u00e1r\u016fstu virov\u00fdch, bakteri\u00e1ln\u00edch a pl\u00eds\u0148ov\u00fdch rizik. Na\u0161e adiabatick\u00e9 osv\u011b\u017eova\u010de vzduchu jsou vybaveny p\u0159edfiltry a UV lampou, kter\u00e1 <strong>upravuje vzduch a z\u00e1rove\u0148 odstra\u0148uje \u010d\u00e1stice,<\/strong> kter\u00e9 podporuj\u00ed pohyb vir\u016f a bakteri\u00ed.  <\/p>\n<\/div>\n\n\n\n<div class=\"wp-block-column is-layout-flow wp-block-column-is-layout-flow\" style=\"flex-basis:50%\">\n<figure class=\"wp-block-embed is-type-video is-provider-youtube wp-block-embed-youtube wp-embed-aspect-16-9 wp-has-aspect-ratio\"><div class=\"wp-block-embed__wrapper\">\n<iframe title=\"Rafraichisseur d&#039;air - Gamme IC - OberA\" width=\"1200\" height=\"675\" src=\"https:\/\/www.youtube.com\/embed\/NG-Ssy2oM70?feature=oembed\" frameborder=\"0\" allow=\"accelerometer; autoplay; clipboard-write; encrypted-media; gyroscope; picture-in-picture; web-share\" referrerpolicy=\"strict-origin-when-cross-origin\" allowfullscreen><\/iframe>\n<\/div><\/figure>\n<\/div>\n<\/div>\n\n<h3 class=\"wp-block-heading\"><strong>Nen\u00ed proud\u011bn\u00ed vzduchu pro z\u00e1kazn\u00edky v t\u011blocvi\u010dn\u011b p\u0159\u00edli\u0161 siln\u00e9?<\/strong><\/h3>\n\n<p>Podobn\u011b jako v p\u0159edchoz\u00ed ot\u00e1zce t\u00fdkaj\u00edc\u00ed se zvuku mohou b\u00fdt n\u011bkte\u0159\u00ed z\u00e1kazn\u00edci v t\u011blocvi\u010dn\u011b citliv\u00ed na <a href=\"https:\/\/obera.fr\/cs\/nase-rady\/choisir-rafraichisseur-d-air-industriel-reguler-temperature\/\">proud\u011bn\u00ed vzduchu, kter\u00e9 vytv\u00e1\u0159\u00ed chladi\u010d vzduchu<\/a>. Abychom tento probl\u00e9m zm\u00edrnili, m\u016f\u017eeme <strong>na\u0161e jednotky<\/strong> jednodu\u0161e <strong>p\u0159em\u00edstit d\u00e1le,<\/strong> pokud to plocha m\u00edstnosti umo\u017e\u0148uje, nebo <strong>sn\u00ed\u017eit rychlost proud\u011bn\u00ed vzduchu pomoc\u00ed regul\u00e1toru, kter\u00fdm<\/strong> jsou vybaveny v\u0161echny jednotky z na\u0161\u00ed \u0159ady osv\u011b\u017eova\u010d\u016f vzduchu. <\/p>\n\n<h3 class=\"wp-block-heading\"><strong>Nebude mi z pocen\u00ed a chladu \u0161patn\u011b?<\/strong><\/h3>\n\n<p>Ne, na\u0161e <a href=\"https:\/\/obera.fr\/conseils\/rafraichissement-air-evaporation-production-automobile\/\">adiabatick\u00e9 osv\u011b\u017eova\u010de vzduchu<\/a> <strong>nefunguj\u00ed jako klimatizace, kter\u00e1 vysu\u0161uje vzduch,<\/strong> aby dos\u00e1hla sn\u00ed\u017een\u00ed teploty. Pr\u00e1v\u011b tento proces vysu\u0161uje nosn\u00ed sliznice a dutiny, co\u017e zp\u016fsobuje r\u00fdmu (v\u00fdtok z nosu) a bolesti podobn\u00e9 sinusitid\u011b.  <\/p>\n\n<p>Na\u0161e osv\u011b\u017eova\u010de vzduchu <strong>funguj\u00ed na principu odpa\u0159ov\u00e1n\u00ed vody<\/strong>, kter\u00e1 spot\u0159ebov\u00e1v\u00e1 kalorie obsa\u017een\u00e9 ve vzduchu, a t\u00edm zp\u016fsobuje pokles teploty, <strong>ani\u017e by zp\u016fsobovala chlad<\/strong>.<\/p>\n\n<div class=\"wp-block-buttons is-content-justification-center is-layout-flex wp-container-core-buttons-is-layout-a89b3969 wp-block-buttons-is-layout-flex\">\n<div class=\"wp-block-button\"><a class=\"wp-block-button__link wp-element-button\" href=\"https:\/\/obera.fr\/cs\/nase-rada\/casto-kladene-dotazy-adiabaticke-chladice-vzduchu\/\">Objevte na\u0161e nej\u010dast\u011bj\u0161\u00ed dotazy t\u00fdkaj\u00edc\u00ed se adiabatick\u00fdch osv\u011b\u017eova\u010d\u016f vzduchu OberA<\/a><\/div>\n<\/div>\n\n<h2 class=\"wp-block-heading\">Kontaktujte n\u00e1s<\/h2>\n\n<p>V p\u0159\u00edpad\u011b podobn\u00e9ho projektu nebo jak\u00e9hokoli jin\u00e9ho dotazu n\u00e1s nev\u00e1hejte kontaktovat. Spoj\u00ed se s v\u00e1mi obchodn\u00ed z\u00e1stupce, kter\u00fd v\u00e1m pom\u016f\u017ee vy\u0159e\u0161it va\u0161e probl\u00e9my se vzduchotechnikou.   <\/p>\n","protected":false},"excerpt":{"rendered":"<p>Spole\u010dnost OberA vybavila sportovn\u00ed halu v l\u00e1zn\u00edch Eug\u00e9nie-les-bains adiabatick\u00fdm chladi\u010dem vzduchu EcoCLIM 22. Zaveden\u00ed na\u0161eho programu EcoCLIM22 vedlo ke sn\u00ed\u017een\u00ed teploty o v\u00edce ne\u017e 5 stup\u0148\u016f.  <\/p>\n","protected":false},"author":4,"featured_media":0,"comment_status":"closed","ping_status":"closed","sticky":false,"template":"","format":"standard","meta":{"_acf_changed":false,"_seopress_robots_primary_cat":"none","_seopress_titles_title":"Sportovn\u00ed hala vybaven\u00e1 odpa\u0159ovac\u00edm chladi\u010dem vzduchu","_seopress_titles_desc":"Spole\u010dnost OberA vybavila sportovn\u00ed halu v l\u00e1zn\u00edch Eug\u00e9nie-les-bains adiabatick\u00fdm ochlazova\u010dem vzduchu. Zde jsou uvedeny v\u00fdhody t\u00e9to instalace. ","_seopress_robots_index":"","footnotes":""},"categories":[310],"tags":[113],"class_list":["post-96192","post","type-post","status-publish","format-standard","hentry","category-nase-rady","tag-entete-male","generate-columns","tablet-grid-50","mobile-grid-100","grid-parent","grid-50","no-featured-image-padding"],"acf":[],"_links":{"self":[{"href":"https:\/\/obera.fr\/cs\/wp-json\/wp\/v2\/posts\/96192","targetHints":{"allow":["GET"]}}],"collection":[{"href":"https:\/\/obera.fr\/cs\/wp-json\/wp\/v2\/posts"}],"about":[{"href":"https:\/\/obera.fr\/cs\/wp-json\/wp\/v2\/types\/post"}],"author":[{"embeddable":true,"href":"https:\/\/obera.fr\/cs\/wp-json\/wp\/v2\/users\/4"}],"replies":[{"embeddable":true,"href":"https:\/\/obera.fr\/cs\/wp-json\/wp\/v2\/comments?post=96192"}],"version-history":[{"count":1,"href":"https:\/\/obera.fr\/cs\/wp-json\/wp\/v2\/posts\/96192\/revisions"}],"predecessor-version":[{"id":96193,"href":"https:\/\/obera.fr\/cs\/wp-json\/wp\/v2\/posts\/96192\/revisions\/96193"}],"wp:attachment":[{"href":"https:\/\/obera.fr\/cs\/wp-json\/wp\/v2\/media?parent=96192"}],"wp:term":[{"taxonomy":"category","embeddable":true,"href":"https:\/\/obera.fr\/cs\/wp-json\/wp\/v2\/categories?post=96192"},{"taxonomy":"post_tag","embeddable":true,"href":"https:\/\/obera.fr\/cs\/wp-json\/wp\/v2\/tags?post=96192"}],"curies":[{"name":"wp","href":"https:\/\/api.w.org\/{rel}","templated":true}]}}