{"id":96232,"date":"2021-11-04T16:36:00","date_gmt":"2021-11-04T14:36:00","guid":{"rendered":"https:\/\/obera.fr\/nase-rada\/un-lycee-nous-fait-confiance\/"},"modified":"2025-05-06T10:40:13","modified_gmt":"2025-05-06T08:40:13","slug":"un-lycee-nous-fait-confiance","status":"publish","type":"post","link":"https:\/\/obera.fr\/cs\/nase-rady\/un-lycee-nous-fait-confiance\/","title":{"rendered":"Dal\u0161\u00ed st\u0159edn\u00ed \u0161kola vlo\u017eila d\u016fv\u011bru do spole\u010dnosti OberA!"},"content":{"rendered":"\n<figure class=\"wp-block-image alignright size-large is-resized\"><img decoding=\"async\" width=\"1024\" height=\"768\" src=\"https:\/\/obera.fr\/wp-content\/uploads\/2021\/11\/1A1-1024x768.jpg\" alt=\"&#x10D;isti&#x10D;ka vzduchu lyc&#xE9;e joliot Curie\" class=\"wp-image-7511\" style=\"width:512px;height:384px\" srcset=\"https:\/\/obera.fr\/wp-content\/uploads\/2021\/11\/1A1-1024x768.jpg 1024w, https:\/\/obera.fr\/wp-content\/uploads\/2021\/11\/1A1-300x225.jpg 300w, https:\/\/obera.fr\/wp-content\/uploads\/2021\/11\/1A1-768x576.jpg 768w, https:\/\/obera.fr\/wp-content\/uploads\/2021\/11\/1A1-1536x1152.jpg 1536w, https:\/\/obera.fr\/wp-content\/uploads\/2021\/11\/1A1.jpg 2016w\" sizes=\"(max-width: 1024px) 100vw, 1024px\" \/><figcaption class=\"wp-element-caption\">OberA vybavuje Lyc\u00e9e joliot Curie<\/figcaption><\/figure>\n\n<p>Pa\u0159\u00ed\u017esk\u00e9 lyceum Joliot Curie se pot\u00fdkalo se <strong>skryt\u00fdm probl\u00e9mem<\/strong>. \u017d\u00e1ci a zam\u011bstnanci \u0161koly nos\u00ed masky v\u0161ude krom\u011b refekt\u00e1\u0159e, kde \u017e\u00e1ci ob\u011bdvaj\u00ed. <\/p>\n\n<p>Spole\u010dnost OberA vybavila j\u00eddelnu <a href=\"https:\/\/obera.fr\/cs\/produits\/purificateurs-air\/epur-b01-cisticka-vzduchu-ecoprime-na-prach\/\" data-type=\"page\" data-id=\"413\">\u010disti\u010dkou vzduchu ePUR030<\/a>. Konfigurace proti kovadlin\u00e1m, kter\u00e1 se skl\u00e1d\u00e1 z p\u0159edfiltru G4 a vysoce \u00fa\u010dinn\u00e9 hlavn\u00ed filtrace HEPA H13, <strong>chr\u00e1n\u00ed d\u011bti p\u0159ed rizikem vysok\u00e9 m\u00edry kontaminace<\/strong>, pokud v dob\u011b j\u00eddla nenos\u00ed masky. <\/p>\n\n<h2 class=\"wp-block-heading\">\u010casto kladen\u00e9 ot\u00e1zky<\/h2>\n\n<h3 class=\"wp-block-heading\"><strong>Nen\u00ed instalovan\u00e9 za\u0159\u00edzen\u00ed pro refekt\u00e1\u0159 p\u0159\u00edli\u0161 hlu\u010dn\u00e9?<\/strong><\/h3>\n\n<p>Za provozu za\u0159\u00edzen\u00ed vyd\u00e1v\u00e1 maxim\u00e1ln\u00ed hladinu zvuku 65 dB. To odpov\u00edd\u00e1 <strong>\u00farovni zvuku p\u0159i hovoru<\/strong>. V\u0161echny \u010disti\u010dky vzduchu OberA jsou vybaveny <strong>regul\u00e1torem v\u00fdkonu<\/strong>, kter\u00fd umo\u017e\u0148uje v p\u0159\u00edpad\u011b pot\u0159eby<strong>sn\u00ed\u017eit hladinu hluku<\/strong> p\u0159i zachov\u00e1n\u00ed vysok\u00e9ho sac\u00edho v\u00fdkonu.  <\/p>\n\n<h3 class=\"wp-block-heading\"><strong>Je skute\u010dn\u011b \u00fa\u010dinn\u00fd?<\/strong><\/h3>\n\n<p>\u010cisti\u010dky OberA anti-COVID upravuj\u00ed vyd\u00fdchan\u00fd vzduch pomoc\u00ed vysoce \u00fa\u010dinn\u00e9 filtrace HEPA certifikovan\u00e9 podle normy EN1822 (E11 a\u017e HEPA 14 Medical v z\u00e1vislosti na konfiguraci). Mobiln\u00ed \u010disti\u010dka vzduchu <strong>\u00fa\u010dinn\u011b filtruje a\u017e 99,995 %<\/strong> aerosolov\u00fdch <strong>vir\u016f<\/strong>. <\/p>\n\n<h3 class=\"wp-block-heading\"><strong>Budou \u010disti\u010dky vzduchu u\u017eite\u010dn\u00e9 i po pandemii koronaviru?<\/strong><\/h3>\n\n<p><a href=\"https:\/\/obera.fr\/cs\/produits\/purificateurs-air\/antivirove-a-antibakterialni-cisticky-vzduchu-covid-19\/\" data-type=\"URL\" data-id=\"https:\/\/obera.fr\/produits\/purificateurs-air\/anti-covid-virus-bacteries\/\">Na\u0161e \u010disti\u010dky vzduchu proti vir\u016fm <\/a>zachycuj\u00ed nejen aerosoly obsahuj\u00edc\u00ed viry, ale tak\u00e9 <strong>bakterie, voln\u00e9 alergeny a dal\u0161\u00ed mikroorganismy, kter\u00e9<\/strong> zp\u016fsobuj\u00ed sez\u00f3nn\u00ed onemocn\u011bn\u00ed, jako je <strong>ch\u0159ipka, nachlazen\u00ed a alergie<\/strong>.<\/p>\n\n<p>Mnoz\u00ed l\u00e9ka\u0159i jsou stejn\u00e9ho n\u00e1zoru: i v obdob\u00ed po skon\u010den\u00ed programu Corona bude bohu\u017eel existovat tolik dal\u0161\u00edch patogen\u016f, \u017ee pot\u0159eba <strong>\u00fa\u010dinn\u011b filtrovat vzduch v m\u00edstnostech<\/strong> z\u016fstane zachov\u00e1na.<\/p>\n\n<p>Proto <strong>se v budoucnu pravd\u011bpodobn\u011b stanou pravidlem<\/strong> antivirov\u00e9 \u010disti\u010dky vzduchu s vysoce \u00fa\u010dinnou filtrac\u00ed HEPA.<\/p>\n\n<h2 class=\"wp-block-heading\">Kontaktujte n\u00e1s<\/h2>\n\n<p>V p\u0159\u00edpad\u011b podobn\u00e9ho projektu nebo jak\u00e9hokoli jin\u00e9ho dotazu n\u00e1s nev\u00e1hejte kontaktovat. Spoj\u00ed se s v\u00e1mi obchodn\u00ed z\u00e1stupce, kter\u00fd v\u00e1m pom\u016f\u017ee vy\u0159e\u0161it va\u0161e probl\u00e9my se vzduchotechnikou.   <\/p>\n\n<div class=\"wp-block-buttons is-horizontal is-content-justification-center is-layout-flex wp-container-core-buttons-is-layout-03627597 wp-block-buttons-is-layout-flex\">\n<div class=\"wp-block-button has-custom-width wp-block-button__width-100\"><a class=\"wp-block-button__link wp-element-button\" href=\"https:\/\/obera.fr\/cs\/kontaktujte-nas\/\">Zjist\u011bte v\u00edce<\/a><\/div>\n<\/div>\n","protected":false},"excerpt":{"rendered":"<p>Pa\u0159\u00ed\u017esk\u00e9 lyceum Joliot Curie se pot\u00fdkalo se skryt\u00fdm probl\u00e9mem. \u017d\u00e1ci a zam\u011bstnanci \u0161koly nos\u00ed masky v\u0161ude krom\u011b refekt\u00e1\u0159e, kde \u017e\u00e1ci ob\u011bdvaj\u00ed. <\/p>\n","protected":false},"author":4,"featured_media":96113,"comment_status":"closed","ping_status":"closed","sticky":false,"template":"","format":"standard","meta":{"_acf_changed":false,"_seopress_robots_primary_cat":"none","_seopress_titles_title":"Spole\u010dnost OberA vybavila dal\u0161\u00ed st\u0159edn\u00ed \u0161kolu pro boj s viry a bakteriemi","_seopress_titles_desc":"St\u0159edn\u00ed \u0161kola Joliot Curie v Pa\u0159\u00ed\u017ei vyzvala spole\u010dnost OberA k l\u00e9\u010db\u011b vir\u016f a bakteri\u00ed, aby ochr\u00e1nila sv\u00e9 \u017e\u00e1ky a pedagogick\u00e9 pracovn\u00edky p\u0159ed Covid-19.","_seopress_robots_index":"","footnotes":""},"categories":[310],"tags":[113],"class_list":["post-96232","post","type-post","status-publish","format-standard","has-post-thumbnail","hentry","category-nase-rady","tag-entete-male","generate-columns","tablet-grid-50","mobile-grid-100","grid-parent","grid-50","no-featured-image-padding","resize-featured-image"],"acf":[],"_links":{"self":[{"href":"https:\/\/obera.fr\/cs\/wp-json\/wp\/v2\/posts\/96232","targetHints":{"allow":["GET"]}}],"collection":[{"href":"https:\/\/obera.fr\/cs\/wp-json\/wp\/v2\/posts"}],"about":[{"href":"https:\/\/obera.fr\/cs\/wp-json\/wp\/v2\/types\/post"}],"author":[{"embeddable":true,"href":"https:\/\/obera.fr\/cs\/wp-json\/wp\/v2\/users\/4"}],"replies":[{"embeddable":true,"href":"https:\/\/obera.fr\/cs\/wp-json\/wp\/v2\/comments?post=96232"}],"version-history":[{"count":1,"href":"https:\/\/obera.fr\/cs\/wp-json\/wp\/v2\/posts\/96232\/revisions"}],"predecessor-version":[{"id":96235,"href":"https:\/\/obera.fr\/cs\/wp-json\/wp\/v2\/posts\/96232\/revisions\/96235"}],"wp:featuredmedia":[{"embeddable":true,"href":"https:\/\/obera.fr\/cs\/wp-json\/wp\/v2\/media\/96113"}],"wp:attachment":[{"href":"https:\/\/obera.fr\/cs\/wp-json\/wp\/v2\/media?parent=96232"}],"wp:term":[{"taxonomy":"category","embeddable":true,"href":"https:\/\/obera.fr\/cs\/wp-json\/wp\/v2\/categories?post=96232"},{"taxonomy":"post_tag","embeddable":true,"href":"https:\/\/obera.fr\/cs\/wp-json\/wp\/v2\/tags?post=96232"}],"curies":[{"name":"wp","href":"https:\/\/api.w.org\/{rel}","templated":true}]}}