{"id":97137,"date":"2022-03-10T16:43:52","date_gmt":"2022-03-10T14:43:52","guid":{"rendered":"https:\/\/obera.fr\/nase-rada\/aspiration-industrielle-solutions-professionnels\/"},"modified":"2025-05-06T14:17:18","modified_gmt":"2025-05-06T12:17:18","slug":"aspiration-industrielle-solutions-professionnels","status":"publish","type":"post","link":"https:\/\/obera.fr\/cs\/nase-rady\/aspiration-industrielle-solutions-professionnels\/","title":{"rendered":"Pr\u016fmyslov\u00e9 vys\u00e1v\u00e1n\u00ed: \u0159e\u0161en\u00ed pro profesion\u00e1ly"},"content":{"rendered":"\n<p>Ochrana zam\u011bstnanc\u016f, stroj\u016f a z\u00e1sob je pro v\u00fdrobce v\u00fdzvou. Emise prachu a rozpou\u0161t\u011bdel zhor\u0161uj\u00ed provoz v\u00fdrobn\u00edch n\u00e1stroj\u016f. Sledov\u00e1n\u00ed kvality vzduchu a jeho filtrov\u00e1n\u00ed v pr\u016fmyslu udr\u017euje kvalitu v\u00fdrobk\u016f.    <\/p>\n\n<p>Spole\u010dnost OBERA poskytuje poradenstv\u00ed v oblasti \u00fapravy vzduchu a navrhuje a instaluje <strong>\u0159e\u0161en\u00ed pr\u016fmyslov\u00e9ho ods\u00e1v\u00e1n\u00ed na m\u00edru<\/strong>.  <\/p>\n\n<p>Nab\u00edz\u00edme <a href=\"https:\/\/obera.fr\/cs\/produits\/aspirateurs-industriels\/\" data-type=\"page\" data-id=\"41\">pr\u016fmyslov\u00e9 vysava\u010de<\/a>, <a href=\"https:\/\/obera.fr\/cs\/produits\/purificateurs-air\/\" data-type=\"page\" data-id=\"26\">\u010disti\u010dky vzduchu<\/a> a ods\u00e1va\u010de vzduchu pro zachycen\u00ed ze zdroje nebo z okol\u00ed. V\u0161echny na\u0161e ods\u00e1vac\u00ed syst\u00e9my zaru\u010duj\u00ed vysokou \u00farove\u0148 zpracov\u00e1n\u00ed prachu a rozpou\u0161t\u011bdel. <\/p>\n\n<div class=\"wp-block-buttons is-content-justification-center is-layout-flex wp-container-core-buttons-is-layout-a89b3969 wp-block-buttons-is-layout-flex\">\n<div class=\"wp-block-button\"><a class=\"wp-block-button__link wp-element-button\" href=\"https:\/\/obera.fr\/cs\/produits\/bras-dispositifs-captation\/\">Pod\u00edvejte se na v\u0161echna na\u0161e \u0159e\u0161en\u00ed pr\u016fmyslov\u00e9ho z\u00e1znamu<\/a><\/div>\n<\/div>\n\n<p><\/p>\n\n<h2 class=\"wp-block-heading\">Pr\u016fmyslov\u00e9 ods\u00e1v\u00e1n\u00ed prach\u016f a rozpou\u0161t\u011bdel<\/h2>\n\n<p>Na\u0161e \u0159e\u0161en\u00ed pr\u016fmyslov\u00e9ho vakua je vhodn\u00e9 pro velk\u00e9 spole\u010dnosti i mal\u00e9 a st\u0159edn\u00ed podniky a VSE. P\u0159i n\u011bkter\u00fdch v\u00fdrobn\u00edch procesech se uvol\u0148uje prach, chemik\u00e1lie nebo kou\u0159. Syst\u00e9my ods\u00e1v\u00e1n\u00ed a odpr\u00e1\u0161en\u00ed OBERA<strong> neutralizuj\u00ed jejich rozptyl v pracovn\u00edm prost\u0159ed\u00ed<\/strong> a m\u016f\u017eeme nainstalovat kompletn\u00ed syst\u00e9m <a href=\"https:\/\/obera.fr\/conseils\/poussiere-solvant-industrie\/\">pr\u016fmyslov\u00e9ho ods\u00e1v\u00e1n\u00ed prachu a rozpou\u0161t\u011bdel <\/a>. Na\u0161e stacion\u00e1rn\u00ed nebo mobiln\u00ed jednotky pro ods\u00e1v\u00e1n\u00ed prachu zpracov\u00e1vaj\u00ed 100 % prachu a rozpou\u0161t\u011bdel v pr\u016fmyslov\u00fdch prostor\u00e1ch. P\u0159ed instalac\u00ed za\u0159\u00edzen\u00ed analyzujeme :    <\/p>\n\n<ul class=\"wp-block-list\">\n<li>prach a \u010d\u00e1stice (velikost a koncentrace) ;<\/li>\n\n\n\n<li>rozpou\u0161t\u011bdla (typ a koncentrace) ;<\/li>\n\n\n\n<li>zdroje emis\u00ed.<\/li>\n<\/ul>\n\n<p>Tato pr\u00e1ce umo\u017e\u0148uje definovat sac\u00ed a filtra\u010dn\u00ed kapacitu za\u0159\u00edzen\u00ed. V z\u00e1vislosti na odv\u011btv\u00ed zaru\u010duje spole\u010dnost OBERA filtraci d\u0159evn\u00e9ho prachu, d\u0159ev\u011bn\u00fdch a kovov\u00fdch pilin a sv\u00e1\u0159e\u010dsk\u00fdch d\u00fdm\u016f. Na\u0161e za\u0159\u00edzen\u00ed zachycuj\u00ed v\u00fdbu\u0161n\u00fd prach (ATEX) z potravin\u00e1\u0159sk\u00e9ho, farmaceutick\u00e9ho, kovopr\u016fmyslov\u00e9ho a d\u0159evozpracuj\u00edc\u00edho pr\u016fmyslu.  <\/p>\n\n<h2 class=\"wp-block-heading\">Sou\u010dasn\u00fd roztok pro ods\u00e1v\u00e1n\u00ed prachu a rozpou\u0161t\u011bdel<\/h2>\n\n<p>Na\u0161e <a href=\"https:\/\/obera.fr\/cs\/nase-rady\/solutions-traiter-poussiere-solvants\/\">\u0159e\u0161en\u00ed pro sou\u010dasn\u00e9 zpracov\u00e1n\u00ed prachu a rozpou\u0161t\u011bdel<\/a> jsou modul\u00e1rn\u00ed. \u00da\u010dinnost syst\u00e9mu pr\u016fmyslov\u00e9ho ods\u00e1v\u00e1n\u00ed OBERA je d\u00e1na dopl\u0148kov\u00fdm charakterem za\u0159\u00edzen\u00ed a filtra\u010dn\u00edch p\u0159\u00edstroj\u016f.Pr\u016fmyslov\u00e9 ods\u00e1v\u00e1n\u00ed OBERA pou\u017e\u00edv\u00e1 filtry (hrub\u00e9 filtry, jemn\u00e9 filtry, absolutn\u00ed filtry, uhl\u00edkov\u00e9 filtry). N\u00e1\u0161 syst\u00e9m<strong>pr\u016fmyslov\u00e9ho<\/strong> ods\u00e1v\u00e1n\u00ed u zdroje se skl\u00e1d\u00e1 ze stacion\u00e1rn\u00edch a mobiln\u00edch pr\u016fmyslov\u00fdch odlu\u010dova\u010d\u016f prachu. Tyto jednotky maj\u00ed sac\u00ed ramena, kapoty a ods\u00e1vac\u00ed digesto\u0159e. N\u011bkter\u00e1 z t\u011bchto za\u0159\u00edzen\u00ed lze p\u0159ipojit p\u0159\u00edmo ke stroj\u016fm.    <\/p>\n\n<p>D\u00edky filtraci na m\u00edru zachycuj\u00ed na\u0161e za\u0159\u00edzen\u00ed prach, \u010d\u00e1stice, v\u00fdpary a p\u00e1ry rozpou\u0161t\u011bdel. Za\u0159\u00edzen\u00ed je vhodn\u00e9 pro kovopr\u016fmysl i d\u0159evozpracuj\u00edc\u00ed pr\u016fmysl. Filtruje \u0161kodliviny uvol\u0148ovan\u00e9 p\u0159i obr\u00e1b\u011bn\u00ed nebo manipulaci s v\u00fdrobky.  <\/p>\n\n<p>Jako dopln\u011bk k odstra\u0148ov\u00e1n\u00ed pr\u016fmyslov\u00e9ho prachu u zdroje nab\u00edz\u00ed spole\u010dnost OBERA instalaci \u010disti\u010dek okoln\u00edho vzduchu. Toto za\u0159\u00edzen\u00ed je um\u00edst\u011bno v pracovn\u00edm prostoru a zachycuje suspendovan\u00fd prach a rozpou\u0161t\u011bdla. M\u016f\u017ee se jednat o stacion\u00e1rn\u00ed syst\u00e9m ods\u00e1v\u00e1n\u00ed plyn\u016f BTEX nebo mobiln\u00ed syst\u00e9m ods\u00e1v\u00e1n\u00ed CMR (d\u0159ev\u011bn\u00fd prach, azbestov\u00fd prach, cigaretov\u00fd kou\u0159).  <\/p>\n\n<h2 class=\"wp-block-heading\">Speci\u00e1ln\u00ed \u0159e\u0161en\u00ed pro ods\u00e1v\u00e1n\u00ed pr\u016fmyslov\u00e9ho prachu<\/h2>\n\n<p>Spole\u010dnost OBERA vyr\u00e1b\u00ed <a href=\"https:\/\/obera.fr\/conseils\/solutions-pour-traiter-poussiere\/\">\u0159e\u0161en\u00ed pro pr\u016fmyslov\u00e9 zpracov\u00e1n\u00ed prachu<\/a> pro mnoho zn\u00e1m\u00fdch v\u00fdrobc\u016f. N\u011bkter\u00e1 z na\u0161ich stacion\u00e1rn\u00edch pr\u016fmyslov\u00fdch ods\u00e1vac\u00edch za\u0159\u00edzen\u00ed maj\u00ed v\u00fdkonn\u00e9 ods\u00e1v\u00e1n\u00ed (a\u017e 4500 m\u00b3\/h). Na\u0161e mobiln\u00ed pr\u016fmyslov\u00e9 odlu\u010dova\u010de a \u010disti\u010dky prachu zabra\u0148uj\u00ed n\u00e1kladn\u00fdm instalac\u00edm a dopl\u0148uj\u00ed pevn\u00e1 za\u0159\u00edzen\u00ed.    <\/p>\n\n<p>Ods\u00e1v\u00e1n\u00ed se prov\u00e1d\u00ed co nejbl\u00ed\u017ee stroj\u016fm nebo v prost\u0159ed\u00ed. Ka\u017ed\u00fd syst\u00e9m pr\u016fmyslov\u00e9ho sb\u011bru a ods\u00e1v\u00e1n\u00ed prachu OBERA chr\u00e1n\u00ed provoz va\u0161ich stroj\u016f. Na\u0161e filtra\u010dn\u00ed za\u0159\u00edzen\u00ed maj\u00ed variabiln\u00ed pr\u016ftok ods\u00e1v\u00e1n\u00ed a p\u0159izp\u016fsobiteln\u00e9 filtry. Kombinujeme minim\u00e1ln\u00ed n\u00e1roky na prostor s maxim\u00e1ln\u00ed \u00fa\u010dinnost\u00ed.   <\/p>\n\n<blockquote class=\"wp-block-quote is-layout-flow wp-block-quote-is-layout-flow\">\n<p>Nap\u0159\u00edklad v p\u0159\u00edpad\u011b vysok\u00e9 koncentrace prachu a \u010d\u00e1stic pl\u00e1nujeme <strong>instalaci pevn\u00e9ho odlu\u010dova\u010de prachu s regenera\u010dn\u00edmi filtry<\/strong>.  <\/p>\n<\/blockquote>\n\n<p>Instalaci dopl\u0148uje koncov\u00e1 filtrace s jedn\u00edm nebo dv\u011bma stupni filtr\u016f s aktivn\u00edm uhl\u00edm. Pokud je koncentrace prachu ni\u017e\u0161\u00ed, n\u00e1\u0161 syst\u00e9m obsahuje mobiln\u00ed odlu\u010dova\u010d prachu. Filtrace se skl\u00e1d\u00e1 z nasycovac\u00edch filtr\u016f (HEPA filtry a filtry s aktivn\u00edm uhl\u00edm).  <\/p>\n\n<h2 class=\"wp-block-heading\">Speci\u00e1ln\u00ed extrak\u010dn\u00ed \u0159e\u0161en\u00ed pro pr\u016fmyslov\u00e1 rozpou\u0161t\u011bdla<\/h2>\n\n<p>Ods\u00e1vac\u00ed syst\u00e9m OBERA rovn\u011b\u017e zaru\u010duje ods\u00e1v\u00e1n\u00ed a zachycov\u00e1n\u00ed rozpou\u0161t\u011bdel vznikaj\u00edc\u00edch ve va\u0161ich za\u0159\u00edzen\u00edch. Na\u0161e <a href=\"https:\/\/obera.fr\/cs\/nase-rady\/solutions-pour-traiter-solvants-adsorption-charbon-actif\/\">\u0159e\u0161en\u00ed pro pr\u016fmyslov\u00e9 zpracov\u00e1n\u00ed rozpou\u0161t\u011bdel<\/a> vyu\u017e\u00edvaj\u00ed ods\u00e1v\u00e1n\u00ed co nejbl\u00ed\u017ee pracovn\u00edm stanic\u00edm. Na\u0161e za\u0159\u00edzen\u00ed pro odstra\u0148ov\u00e1n\u00ed prachu a ods\u00e1v\u00e1n\u00ed jsou vybavena ods\u00e1vac\u00edmi rameny a\/nebo digesto\u0159emi. Pro zlep\u0161en\u00ed ods\u00e1v\u00e1n\u00ed \u0161kodlivin nab\u00edz\u00edme syst\u00e9my pro sb\u011br rozpou\u0161t\u011bdel z okoln\u00edho prost\u0159ed\u00ed.   <\/p>\n\n<p>\u0158ada v\u00fdrobk\u016f a za\u0159\u00edzen\u00ed OBERA zahrnuje <strong>odstra\u0148ova\u010de z\u00e1pachu a pr\u016fmyslov\u00e9 \u010disti\u010dky vzduchu<\/strong>. V t\u011bchto ods\u00e1vac\u00edch syst\u00e9mech zaji\u0161\u0165uj\u00ed uhl\u00edkov\u00e9 filtry zachycen\u00ed rozpou\u0161t\u011bdel a pach\u016f. Odstra\u0148uje va\u0161e filtra\u010dn\u00ed za\u0159\u00edzen\u00ed pouze pr\u016fmyslov\u00fd prach? Spole\u010dnost OBERA v\u00e1m m\u016f\u017ee nab\u00eddnout dal\u0161\u00ed filtra\u010dn\u00ed syst\u00e9m. M\u00e1me specifick\u00e9 pr\u016fmyslov\u00e9 ods\u00e1vac\u00ed a sb\u011brn\u00e9 syst\u00e9my (mobiln\u00ed ods\u00e1vac\u00ed rameno, ods\u00e1vac\u00ed st\u016fl, ods\u00e1vac\u00ed backsplash).   <\/p>\n\n<p>Na\u0161e pr\u016fmyslov\u00e9 vakuov\u00e9 syst\u00e9my spl\u0148uj\u00ed po\u017eadavky na filtraci v ka\u017ed\u00e9m odv\u011btv\u00ed. Nap\u0159\u00edklad k jednotce pro ods\u00e1v\u00e1n\u00ed rozpou\u0161t\u011bdel lze p\u0159ipojit p\u0159edfiltraci prachu. M\u016f\u017eeme je doplnit o sac\u00ed ramena pro zachycen\u00ed v\u00fdpar\u016f z toxick\u00fdch produkt\u016f.  <\/p>\n\n<h2 class=\"wp-block-heading\">Regenera\u010dn\u00ed filtra\u010dn\u00ed a pr\u016fmyslov\u00fd extrak\u010dn\u00ed syst\u00e9m<\/h2>\n\n<p><strong>Silnou str\u00e1nkou na\u0161ich filtra\u010dn\u00edch syst\u00e9m\u016f je jejich p\u0159izp\u016fsobivost<\/strong>. P\u0159i vysok\u00e9 koncentraci prachu a \u010d\u00e1stic nab\u00edz\u00edme <a href=\"https:\/\/obera.fr\/cs\/nase-rady\/solutions-regenerables-depoussiereurs-industriels\/\" data-type=\"post\" data-id=\"8589\">regenera\u010dn\u00ed \u0159e\u0161en\u00ed pro odstra\u0148ov\u00e1n\u00ed prachu<\/a>. Sou\u010d\u00e1st\u00ed sac\u00ed a odpra\u0161ovac\u00ed jednotky je filtr, kter\u00fd lze vy\u010distit. V\u0161echny pr\u016fmyslov\u00e9 odlu\u010dova\u010de prachu OBERA lze vybavit regenera\u010dn\u00edmi filtry.   <\/p>\n\n<p>Regenera\u010dn\u00ed filtra\u010dn\u00ed syst\u00e9m poskytuje v\u017edy stejnou kvalitu filtrace vzduchu. Syst\u00e9m umo\u017e\u0148uje v\u00fdrobc\u016fm s vysok\u00fdmi emisemi prachu u\u0161et\u0159it pen\u00edze. Je to zp\u016fsob, jak sn\u00ed\u017eit provozn\u00ed n\u00e1klady a n\u00e1klady na \u00fadr\u017ebu.  <\/p>\n\n<p>Regenera\u010dn\u00ed filtr lze deklaminovat pneumatick\u00fdm \u010di\u0161t\u011bn\u00edm nebo mechanick\u00fdm \u010di\u0161t\u011bn\u00edm. N\u011bkter\u00e9 syst\u00e9my pneumatick\u00e9ho \u010di\u0161t\u011bn\u00ed umo\u017e\u0148uj\u00ed \u010di\u0161t\u011bn\u00ed filtr\u016f bez zastaven\u00ed s\u00e1n\u00ed. Mechanick\u00e9 \u010di\u0161t\u011bn\u00ed vy\u017eaduje vypnut\u00ed za\u0159\u00edzen\u00ed na odstra\u0148ov\u00e1n\u00ed prachu. Doporu\u010duje se vym\u011b\u0148ovat vyj\u00edmateln\u00e9 filtry v pravideln\u00fdch intervalech.   <\/p>\n\n<h2 class=\"wp-block-heading\">Neregenerativn\u00ed filtrace v pr\u016fmyslov\u00fdch ods\u00e1vac\u00edch za\u0159\u00edzen\u00edch<\/h2>\n\n<p>Pokud va\u0161e pr\u016fmyslov\u00e9 za\u0159\u00edzen\u00ed nevytv\u00e1\u0159\u00ed vysokou koncentraci prachu a \u010d\u00e1stic, doporu\u010dujeme instalovat neregenera\u010dn\u00ed filtry. <a href=\"https:\/\/obera.fr\/conseils\/solutions-non-regenerables-filtre-air-g4\/\">\u0158e\u0161en\u00ed neregenerativn\u00ed filtrace<\/a> zkracuj\u00ed dobu \u00fadr\u017eby filtra\u010dn\u00edch za\u0159\u00edzen\u00ed. <\/p>\n\n<p>V z\u00e1vislosti na typu zne\u010di\u0161t\u011bn\u00ed (prach, jemn\u00e9 \u010d\u00e1stice, rozpou\u0161t\u011bdla) navrhujeme ucelen\u00fd filtra\u010dn\u00ed syst\u00e9m. Nab\u00eddka neregenerativn\u00edch filtr\u016f je \u0161irok\u00e1. OBERA do sv\u00fdch za\u0159\u00edzen\u00ed instaluje celou \u0159adu filtr\u016f: G3\/G4, M5 a\u017e F9, EPA, HEPA, ULPA a filtry s aktivn\u00edm uhl\u00edm. V n\u011bkter\u00fdch pr\u016fmyslov\u00fdch prost\u0159ed\u00edch integrujeme filtry EPA a\u017e ULPA<strong>(filtry s velmi vysokou \u00fa\u010dinnost\u00ed<\/strong>). Ty zaru\u010duj\u00ed ods\u00e1v\u00e1n\u00ed a zpracov\u00e1n\u00ed nebezpe\u010dn\u00fdch prach\u016f, jako jsou prachy BTEX nebo CMR.   <\/p>\n\n<h2 class=\"wp-block-heading\">OBERA usnad\u0148uje instalaci pr\u016fmyslov\u00fdch vakuov\u00fdch syst\u00e9m\u016f<\/h2>\n\n<p>Ve Francii prach, \u010d\u00e1stice a rozpou\u0161t\u011bdla ka\u017edoro\u010dn\u011b zabij\u00ed 50 000 lid\u00ed. <strong>Expozice prachu a rozpou\u0161t\u011bdl\u016fm je na pracovi\u0161ti 10 a\u017e 50kr\u00e1t vy\u0161\u0161\u00ed<\/strong>. V\u00fdzvy spojen\u00e9 s pr\u016fmyslovou t\u011b\u017ebou jsou zdravotn\u00ed, pr\u00e1vn\u00ed a finan\u010dn\u00ed. Spole\u010dnost OBERA v\u00e1m pom\u016f\u017ee dodr\u017eovat evropsk\u00e9 sm\u011brnice, z\u00e1kon\u00edk \u017eivotn\u00edho prost\u0159ed\u00ed a z\u00e1kon\u00edk pr\u00e1ce.  <\/p>\n\n<p>Pot\u0159ebujete pomoc nebo nab\u00eddku? <a href=\"https:\/\/obera.fr\/cs\/contact\/\" data-type=\"page\" data-id=\"124\">Obra\u0165te se na odborn\u00edky spole\u010dnosti OBERA<\/a>.<\/p>\n","protected":false},"excerpt":{"rendered":"<p>Ods\u00e1v\u00e1n\u00ed pr\u016fmyslov\u00e9ho prachu a rozpou\u0161t\u011bdel tak\u00e9 pom\u00e1h\u00e1 chr\u00e1nit za\u0159\u00edzen\u00ed, stroje a z\u00e1soby. Filtra\u010dn\u00ed za\u0159\u00edzen\u00ed nav\u00edc sni\u017euj\u00ed n\u00e1klady na vyt\u00e1p\u011bn\u00ed a \u010di\u0161t\u011bn\u00ed. Abychom v\u00e1m pomohli, spole\u010dnost Obera zde vysv\u011btluje, co je to pr\u016fmyslov\u00e9 ods\u00e1v\u00e1n\u00ed, a zejm\u00e9na ods\u00e1v\u00e1n\u00ed prachu a rozpou\u0161t\u011bdel.  <\/p>\n","protected":false},"author":4,"featured_media":90536,"comment_status":"open","ping_status":"closed","sticky":false,"template":"","format":"standard","meta":{"_acf_changed":false,"_seopress_robots_primary_cat":"none","_seopress_titles_title":"Pr\u016fmyslov\u00e9 vys\u00e1v\u00e1n\u00ed, \u0159e\u0161en\u00ed pro profesion\u00e1ly","_seopress_titles_desc":"Ochrana zam\u011bstnanc\u016f, stroj\u016f a z\u00e1sob je pro v\u00fdrobce v\u00fdzvou. Emise prachu a rozpou\u0161t\u011bdel zhor\u0161uj\u00ed provoz v\u00fdrobn\u00edch n\u00e1stroj\u016f. Sledov\u00e1n\u00ed kvality vzduchu a jeho filtrov\u00e1n\u00ed v pr\u016fmyslu udr\u017euje kvalitu v\u00fdrobk\u016f.  ","_seopress_robots_index":"","footnotes":""},"categories":[310],"tags":[113],"class_list":["post-97137","post","type-post","status-publish","format-standard","has-post-thumbnail","hentry","category-nase-rady","tag-entete-male","generate-columns","tablet-grid-50","mobile-grid-100","grid-parent","grid-50","no-featured-image-padding","resize-featured-image"],"acf":[],"_links":{"self":[{"href":"https:\/\/obera.fr\/cs\/wp-json\/wp\/v2\/posts\/97137","targetHints":{"allow":["GET"]}}],"collection":[{"href":"https:\/\/obera.fr\/cs\/wp-json\/wp\/v2\/posts"}],"about":[{"href":"https:\/\/obera.fr\/cs\/wp-json\/wp\/v2\/types\/post"}],"author":[{"embeddable":true,"href":"https:\/\/obera.fr\/cs\/wp-json\/wp\/v2\/users\/4"}],"replies":[{"embeddable":true,"href":"https:\/\/obera.fr\/cs\/wp-json\/wp\/v2\/comments?post=97137"}],"version-history":[{"count":1,"href":"https:\/\/obera.fr\/cs\/wp-json\/wp\/v2\/posts\/97137\/revisions"}],"predecessor-version":[{"id":97138,"href":"https:\/\/obera.fr\/cs\/wp-json\/wp\/v2\/posts\/97137\/revisions\/97138"}],"wp:featuredmedia":[{"embeddable":true,"href":"https:\/\/obera.fr\/cs\/wp-json\/wp\/v2\/media\/90536"}],"wp:attachment":[{"href":"https:\/\/obera.fr\/cs\/wp-json\/wp\/v2\/media?parent=97137"}],"wp:term":[{"taxonomy":"category","embeddable":true,"href":"https:\/\/obera.fr\/cs\/wp-json\/wp\/v2\/categories?post=97137"},{"taxonomy":"post_tag","embeddable":true,"href":"https:\/\/obera.fr\/cs\/wp-json\/wp\/v2\/tags?post=97137"}],"curies":[{"name":"wp","href":"https:\/\/api.w.org\/{rel}","templated":true}]}}