{"id":109446,"date":"2025-06-12T10:23:50","date_gmt":"2025-06-12T08:23:50","guid":{"rendered":"https:\/\/obera.fr\/conseils\/local-compresseur-surchauffe\/"},"modified":"2025-06-16T14:50:11","modified_gmt":"2025-06-16T12:50:11","slug":"local-compresseur-surchauffe","status":"publish","type":"post","link":"https:\/\/obera.fr\/da\/vores-raad\/local-compresseur-surchauffe\/","title":{"rendered":"Overophedet kompressorrum: Hvordan OberA&#8217;s l\u00f8sninger reddede produktionen?"},"content":{"rendered":"\n<h2 class=\"wp-block-heading\">Fund: Et 100 m\u00b2 stort kompressorrum, der ikke kan bruges i varmt vejr<\/h2>\n\n<p>Med sommeren lige om hj\u00f8rnet kontaktede en industrikunde os hurtigst muligt. Hans <strong>100 m\u00b2 store<\/strong> kompressorrum var ved at blive forvandlet til en ovn, s\u00e5 snart udetemperaturen steg til over 30 \u00b0C. Det bet\u00f8d, at <strong>kompressorerne<\/strong> lukkede ned p\u00e5 grund af den omgivende varme, og at produktionen gik helt i st\u00e5.  <\/p>\n\n<p>Dette er et typisk tilf\u00e6lde: I industrien er tekniske rum ofte d\u00e5rligt ventilerede og uden dedikeret aircondition. Alligevel huser de kritisk udstyr, der afgiver en enorm m\u00e6ngde varme. <\/p>\n\n<p><\/p>\n\n<div class=\"wp-block-columns is-layout-flex wp-container-core-columns-is-layout-28f84493 wp-block-columns-is-layout-flex\">\n<div class=\"wp-block-column is-layout-flow wp-block-column-is-layout-flow\">\n<figure class=\"wp-block-image aligncenter size-full is-resized\"><img decoding=\"async\" width=\"1000\" height=\"1000\" src=\"https:\/\/obera.fr\/wp-content\/uploads\/2025\/06\/panneau-indication-local-compresseur.webp\" alt=\"Skilt til kompressorrum\" class=\"wp-image-109536\" style=\"width:364px;height:auto\" srcset=\"https:\/\/obera.fr\/wp-content\/uploads\/2025\/06\/panneau-indication-local-compresseur.webp 1000w, https:\/\/obera.fr\/wp-content\/uploads\/2025\/06\/panneau-indication-local-compresseur-300x300.webp 300w, https:\/\/obera.fr\/wp-content\/uploads\/2025\/06\/panneau-indication-local-compresseur-150x150.webp 150w, https:\/\/obera.fr\/wp-content\/uploads\/2025\/06\/panneau-indication-local-compresseur-768x768.webp 768w\" sizes=\"(max-width: 1000px) 100vw, 1000px\" \/><\/figure>\n<\/div>\n\n\n\n<div class=\"wp-block-column is-layout-flow wp-block-column-is-layout-flow\">\n<figure class=\"wp-block-image aligncenter size-large is-resized\"><img decoding=\"async\" width=\"683\" height=\"1024\" src=\"https:\/\/obera.fr\/wp-content\/uploads\/2025\/06\/chatgpt-image-12-juin-2025-12_16_27-683x1024.png\" alt=\"Kompressorrum\" class=\"wp-image-109513\" style=\"width:376px;height:auto\" srcset=\"https:\/\/obera.fr\/wp-content\/uploads\/2025\/06\/chatgpt-image-12-juin-2025-12_16_27-683x1024.png 683w, https:\/\/obera.fr\/wp-content\/uploads\/2025\/06\/chatgpt-image-12-juin-2025-12_16_27-200x300.png 200w, https:\/\/obera.fr\/wp-content\/uploads\/2025\/06\/chatgpt-image-12-juin-2025-12_16_27-768x1152.png 768w, https:\/\/obera.fr\/wp-content\/uploads\/2025\/06\/chatgpt-image-12-juin-2025-12_16_27.png 1024w\" sizes=\"(max-width: 683px) 100vw, 683px\" \/><\/figure>\n<\/div>\n<\/div>\n<div class=\"gb-container gb-container-9290c18d\">\n\n<h2 class=\"wp-block-heading\">OberA&#8217;s svar: Vores mobile adiabatiske IC-k\u00f8lere.<\/h2>\n\n\n\n<p>For hurtigt at genskabe en kontrolleret temperatur anbefalede vi at leje en IC 22-k\u00f8ler, den <strong>patenterede OberA mobile adiabatiske k\u00f8<\/strong>ler, der <strong>er fremstillet i Frankrig<\/strong> og specielt designet til industrielle milj\u00f8er.<\/p>\n\n<\/div>\n<div class=\"wp-block-columns is-layout-flex wp-container-core-columns-is-layout-28f84493 wp-block-columns-is-layout-flex\">\n<div class=\"wp-block-column is-layout-flow wp-block-column-is-layout-flow\" style=\"flex-basis:50%\">\n<div class=\"wp-block-buttons is-layout-flex wp-block-buttons-is-layout-flex\">\n<div class=\"wp-block-button\"><a class=\"wp-block-button__link has-text-align-center wp-element-button\" href=\"https:\/\/obera.fr\/location-appareil-industriel\/\">Se vores tilbud p\u00e5 leje af luftfriskere  <\/a><\/div>\n<\/div>\n<\/div>\n<\/div>\n\n<p><\/p>\n\n<p><\/p>\n\n<div class=\"wp-block-columns is-layout-flex wp-container-core-columns-is-layout-28f84493 wp-block-columns-is-layout-flex\">\n<div class=\"wp-block-column is-layout-flow wp-block-column-is-layout-flow\" style=\"flex-basis:50%\">\n<h2 class=\"wp-block-heading\">Hvorfor er IC22 ideel til et kompressorrum?<\/h2>\n\n\n\n<ul class=\"wp-block-list\">\n<li> <strong>22 kW k\u00f8leeffektivitet<\/strong><\/li>\n\n\n\n<li><strong>4.500 m\u00b3\/t luftstr\u00f8m<\/strong> til at omr\u00f8re stillest\u00e5ende luft<\/li>\n\n\n\n<li><strong>Installation uden arbejde<\/strong>: Plug &amp; Play, klar til brug p\u00e5 f\u00e5 minutter<\/li>\n\n\n\n<li><strong>Lokal k\u00f8ling<\/strong> mulig omkring kompressorer<\/li>\n\n\n\n<li><strong>100% luftdrift &#8211; intet k\u00f8lemiddel<\/strong><\/li>\n<\/ul>\n\n\n\n<p>I mods\u00e6tning til konventionel aircondition <a href=\"https:\/\/obera.fr\/conseils\/le-principe-de-fonctionnement-du-refroidissement-adiabatique-air-eau-evaporation\/\">fungerer en adiabatisk k\u00f8ler ved at fordampe vand<\/a>, hvilket g\u00f8r den b\u00e5de :<\/p>\n\n\n\n<ul class=\"wp-block-list\">\n<li>Mere \u00f8konomisk i brug<\/li>\n\n\n\n<li>Mere milj\u00f8venlig<\/li>\n\n\n\n<li>Mere robust under industrielle forhold<\/li>\n<\/ul>\n<\/div>\n\n\n\n<div class=\"wp-block-column is-layout-flow wp-block-column-is-layout-flow\" style=\"flex-basis:50%\">\n<h2 class=\"wp-block-heading\">Resultat: Temperatur genoprettet, kompressorer genstartet<\/h2>\n\n\n\n<p>IC 22 blev leveret og installeret p\u00e5 mindre end 48 timer.<\/p>\n\n\n\n<p>Rumtemperatur s\u00e6nket til under 30 \u00b0C<br\/>Ingen kompressorstop siden installationen<br\/>Produktionen genstartet uden at \u00e6ndre rummet<\/p>\n\n\n\n<p><\/p>\n\n\n\n<h2 class=\"wp-block-heading\">Hvorfor skal du ikke fors\u00f8mme dine kompressorrum?<\/h2>\n\n\n\n<ul class=\"wp-block-list\">\n<li>Det er <strong>omr\u00e5der med h\u00f8j termisk belastning.<\/strong><\/li>\n\n\n\n<li>Konventionel ventilation er <strong>utilstr\u00e6kkelig om sommeren<\/strong>.<\/li>\n\n\n\n<li>Et kompressorstop betyder et <strong>produktionsstop<\/strong> &#8211; og dermed en omkostning.<\/li>\n<\/ul>\n<\/div>\n<\/div>\n\n<figure class=\"wp-block-image aligncenter size-large is-resized\"><img decoding=\"async\" width=\"788\" height=\"1024\" src=\"https:\/\/obera.fr\/wp-content\/uploads\/2025\/05\/ic22-made-in-france-1-788x1024.png\" alt=\"ic22 fremstillet i frankrig\" class=\"wp-image-103987\" style=\"width:350px;height:auto\" srcset=\"https:\/\/obera.fr\/wp-content\/uploads\/2025\/05\/ic22-made-in-france-1-788x1024.png 788w, https:\/\/obera.fr\/wp-content\/uploads\/2025\/05\/ic22-made-in-france-1-231x300.png 231w, https:\/\/obera.fr\/wp-content\/uploads\/2025\/05\/ic22-made-in-france-1-768x998.png 768w, https:\/\/obera.fr\/wp-content\/uploads\/2025\/05\/ic22-made-in-france-1.png 1000w\" sizes=\"(max-width: 788px) 100vw, 788px\" \/><figcaption class=\"wp-element-caption\"><strong>Model IC 22<\/strong><\/figcaption><\/figure>\n\n<h2 class=\"wp-block-heading\">OberA: Praktiske l\u00f8sninger til industrien<\/h2>\n\n<p>Vores IC22 er en <strong>100 % mobil, 100 % industriel<\/strong> l\u00f8sning, der er designet og fremstillet i Frankrig for at im\u00f8dekomme de reelle begr\u00e6nsninger p\u00e5 dine anl\u00e6g.<\/p>\n\n<h3 class=\"wp-block-heading\">Oplever du overophedning i et kompressorrum?<\/h3>\n\n<p>Kontakt os: Vores teams kan rykke hurtigt ud, hvor som helst i Frankrig. Med OberA bevarer du kontrollen over dit udstyr &#8211; selv under 40 \u00b0C. <\/p>\n\n<div class=\"wp-block-buttons is-content-justification-center is-layout-flex wp-container-core-buttons-is-layout-a89b3969 wp-block-buttons-is-layout-flex\">\n<div class=\"wp-block-button\"><a class=\"wp-block-button__link has-text-align-center wp-element-button\" href=\"https:\/\/obera.fr\/da\/contact\/\">Kontakt os<\/a><\/div>\n<\/div>\n\n<p><\/p>\n","protected":false},"excerpt":{"rendered":"<p>Med sommeren lige om hj\u00f8rnet kontaktede en industrikunde os hurtigst muligt. Deres 100 m\u00b2 store kompressorrum blev til en ovn, s\u00e5 snart udend\u00f8rstemperaturen steg til over 30 \u00b0C. <\/p>\n","protected":false},"author":13,"featured_media":112200,"comment_status":"open","ping_status":"closed","sticky":false,"template":"","format":"standard","meta":{"_acf_changed":false,"_seopress_robots_primary_cat":"none","_seopress_titles_title":"Local compresseur surchauff\u00e9 : solution mobile OberA IC22 efficace","_seopress_titles_desc":"Local \u00e0 40\u00b0C ? L\u2019IC22 OberA, rafra\u00eechisseur adiabatique mobile, baisse la temp\u00e9rature en 48h sans travaux. Production relanc\u00e9e, z\u00e9ro arr\u00eat de compresseur.","_seopress_robots_index":"","footnotes":""},"categories":[295],"tags":[],"class_list":["post-109446","post","type-post","status-publish","format-standard","has-post-thumbnail","hentry","category-vores-raad","generate-columns","tablet-grid-50","mobile-grid-100","grid-parent","grid-50","no-featured-image-padding","resize-featured-image"],"acf":[],"_links":{"self":[{"href":"https:\/\/obera.fr\/da\/wp-json\/wp\/v2\/posts\/109446","targetHints":{"allow":["GET"]}}],"collection":[{"href":"https:\/\/obera.fr\/da\/wp-json\/wp\/v2\/posts"}],"about":[{"href":"https:\/\/obera.fr\/da\/wp-json\/wp\/v2\/types\/post"}],"author":[{"embeddable":true,"href":"https:\/\/obera.fr\/da\/wp-json\/wp\/v2\/users\/13"}],"replies":[{"embeddable":true,"href":"https:\/\/obera.fr\/da\/wp-json\/wp\/v2\/comments?post=109446"}],"version-history":[{"count":11,"href":"https:\/\/obera.fr\/da\/wp-json\/wp\/v2\/posts\/109446\/revisions"}],"predecessor-version":[{"id":110465,"href":"https:\/\/obera.fr\/da\/wp-json\/wp\/v2\/posts\/109446\/revisions\/110465"}],"wp:featuredmedia":[{"embeddable":true,"href":"https:\/\/obera.fr\/da\/wp-json\/wp\/v2\/media\/112200"}],"wp:attachment":[{"href":"https:\/\/obera.fr\/da\/wp-json\/wp\/v2\/media?parent=109446"}],"wp:term":[{"taxonomy":"category","embeddable":true,"href":"https:\/\/obera.fr\/da\/wp-json\/wp\/v2\/categories?post=109446"},{"taxonomy":"post_tag","embeddable":true,"href":"https:\/\/obera.fr\/da\/wp-json\/wp\/v2\/tags?post=109446"}],"curies":[{"name":"wp","href":"https:\/\/api.w.org\/{rel}","templated":true}]}}