{"id":114895,"date":"2025-06-23T14:29:46","date_gmt":"2025-06-23T12:29:46","guid":{"rendered":"https:\/\/obera.fr\/conseils\/jeunes-tailleurs-refusent-ateliers-poussiereux\/"},"modified":"2025-07-08T14:04:49","modified_gmt":"2025-07-08T12:04:49","slug":"jeunes-tailleurs-refusent-ateliers-poussiereux","status":"publish","type":"post","link":"https:\/\/obera.fr\/da\/vores-raad\/jeunes-tailleurs-refusent-ateliers-poussiereux\/","title":{"rendered":"Unge skr\u00e6ddere afviser st\u00f8vede v\u00e6rksteder: et generationsskifte?"},"content":{"rendered":"\n<p>Skr\u00e6dder- og syv\u00e6rksteder har traditionelt v\u00e6ret forbundet med <strong>manuelt arbejde, som nogle gange anses for at v\u00e6re strengt<\/strong>, og de har l\u00e6nge haft et image, der h\u00e6nger fast i fortiden: st\u00f8v, d\u00e6mpet belysning, lange timer med ensformigt arbejde. Men dette billede er ved at \u00e6ndre sig. En ny generation af unge skr\u00e6ddere &#8211; passionerede, ambiti\u00f8se og engagerede &#8211; kr\u00e6ver<strong> moderne<\/strong>, kreative og givende arbejdsforhold.    <\/p>\n\n<h2 class=\"wp-block-heading\">En ny generation rusker op i tingene  <\/h2>\n\n<p>Borte er dagene med m\u00f8rke, aldrende v\u00e6rksteder.<strong>Unge talenter<\/strong> vil have lyse, ergonomiske rum, der er designet til at skabe, men ogs\u00e5 til at udveksle og l\u00e6re. De vil ikke bare \u00bbg\u00f8re\u00ab, de vil \u00bbforst\u00e5\u00ab, \u00bbinnovere\u00ab og \u00bbudtrykke sig\u00ab.    <\/p>\n\n<p>Denne \u00e6ndring <strong>p\u00e5virker ikke kun arbejdsmilj\u00f8et<\/strong>, men ogs\u00e5 den m\u00e5de, som erhvervet opfattes p\u00e5. For mange unge betyder det at v\u00e6re skr\u00e6dder ikke l\u00e6ngere bare at reproducere en gammel f\u00e6rdighed, men ogs\u00e5 at udvikle den og tilpasse den til nutidens krav &#8211; hvad enten det drejer sig om b\u00e6redygtighed, stil eller teknologi.   <\/p>\n\n<h2 class=\"wp-block-heading\">OberA, en partner for kommende generationer  <\/h2>\n\n<p>Hos <strong>OberA<\/strong> har vi l\u00e6nge forst\u00e5et vigtigheden af denne transformation. Derfor er vi aktivt involveret i unge h\u00e5ndv\u00e6rkere og kvinder, hj\u00e6lper dem med at udvikle deres f\u00e6rdigheder, fremmer deres kreativitet og st\u00f8tter deres ambitioner.   <\/p>\n\n<p>I flere \u00e5r har <strong>vi v\u00e6ret stolte af at v\u00e6re partner i WorldSkills, b\u00e5de p\u00e5 nationalt og internationalt niveau.<\/strong> Dette engagement afspejler vores \u00f8nske om at st\u00f8tte ekspertise, transmission og innovation inden for h\u00e5ndv\u00e6rksfagene, is\u00e6r inden for tekstil og bekl\u00e6dning.   <\/p>\n\n<p>WorldSkills er mere end bare en konkurrence: Det er et globalt udstillingsvindue for unge menneskers f\u00e6rdigheder, en katalysator for deres passion og et springbr\u00e6t til professionel anerkendelse. Ved at st\u00f8tte disse unge mennesker i alle faser &#8211; fra forberedelse til international konkurrence &#8211; <strong>fremh\u00e6ver OberA skr\u00e6dderfagets nye ansigter<\/strong>, dem, der opfinder morgendagens v\u00e6rksteder i dag.   <\/p>\n\n<h2 class=\"wp-block-heading\">P\u00e5 vej mod en h\u00e5ndsyet fremtid  <\/h2>\n\n<p>Dette generationsskifte er en fantastisk mulighed for at genoprette skr\u00e6dderfagets prestige. Forudsat, selvf\u00f8lgelig, at vi ledsager denne overgang, st\u00f8tter \u00f8nsket om at l\u00e6re anderledes og bygger bro mellem tradition og modernitet.   <\/p>\n\n<p>Hos OberA tror vi p\u00e5 denne nye generation. Og vi er stolte af at v\u00e6re en del af deres rejse. <\/p>\n","protected":false},"excerpt":{"rendered":"<p>Skr\u00e6dder- og syv\u00e6rksteder har traditionelt v\u00e6ret forbundet med manuelt arbejde, som nogle gange anses for at v\u00e6re strengt, og de har l\u00e6nge haft et image, der h\u00e6nger fast i fortiden: st\u00f8v, d\u00e6mpet belysning, lange timer med ensformigt arbejde. Men det billede er ved at \u00e6ndre sig. <\/p>\n","protected":false},"author":13,"featured_media":120478,"comment_status":"open","ping_status":"closed","sticky":false,"template":"","format":"standard","meta":{"_acf_changed":false,"_seopress_robots_primary_cat":"none","_seopress_titles_title":"Les jeunes tailleurs r\u00e9inventent l\u2019atelier : vers un m\u00e9tier modernis\u00e9","_seopress_titles_desc":"Nouvelle g\u00e9n\u00e9ration, nouveaux ateliers : les jeunes tailleurs modernisent le m\u00e9tier avec cr\u00e9ativit\u00e9, innovation et exigence. OberA les accompagne.","_seopress_robots_index":"","footnotes":""},"categories":[295],"tags":[],"class_list":["post-114895","post","type-post","status-publish","format-standard","has-post-thumbnail","hentry","category-vores-raad","generate-columns","tablet-grid-50","mobile-grid-100","grid-parent","grid-50","no-featured-image-padding","resize-featured-image"],"acf":[],"_links":{"self":[{"href":"https:\/\/obera.fr\/da\/wp-json\/wp\/v2\/posts\/114895","targetHints":{"allow":["GET"]}}],"collection":[{"href":"https:\/\/obera.fr\/da\/wp-json\/wp\/v2\/posts"}],"about":[{"href":"https:\/\/obera.fr\/da\/wp-json\/wp\/v2\/types\/post"}],"author":[{"embeddable":true,"href":"https:\/\/obera.fr\/da\/wp-json\/wp\/v2\/users\/13"}],"replies":[{"embeddable":true,"href":"https:\/\/obera.fr\/da\/wp-json\/wp\/v2\/comments?post=114895"}],"version-history":[{"count":1,"href":"https:\/\/obera.fr\/da\/wp-json\/wp\/v2\/posts\/114895\/revisions"}],"predecessor-version":[{"id":114896,"href":"https:\/\/obera.fr\/da\/wp-json\/wp\/v2\/posts\/114895\/revisions\/114896"}],"wp:featuredmedia":[{"embeddable":true,"href":"https:\/\/obera.fr\/da\/wp-json\/wp\/v2\/media\/120478"}],"wp:attachment":[{"href":"https:\/\/obera.fr\/da\/wp-json\/wp\/v2\/media?parent=114895"}],"wp:term":[{"taxonomy":"category","embeddable":true,"href":"https:\/\/obera.fr\/da\/wp-json\/wp\/v2\/categories?post=114895"},{"taxonomy":"post_tag","embeddable":true,"href":"https:\/\/obera.fr\/da\/wp-json\/wp\/v2\/tags?post=114895"}],"curies":[{"name":"wp","href":"https:\/\/api.w.org\/{rel}","templated":true}]}}