{"id":133477,"date":"2025-11-04T11:42:40","date_gmt":"2025-11-04T09:42:40","guid":{"rendered":"https:\/\/obera.fr\/conseils\/maaling-af-indendoers-luftkvalitet-formaal-og-princip\/"},"modified":"2025-11-21T10:31:24","modified_gmt":"2025-11-21T08:31:24","slug":"maaling-af-indendoers-luftkvalitet-formaal-og-princip","status":"publish","type":"post","link":"https:\/\/obera.fr\/da\/vores-raad\/maaling-af-indendoers-luftkvalitet-formaal-og-princip\/","title":{"rendered":"M\u00e5ling af indend\u00f8rs luftkvalitet: Form\u00e5l og princip"},"content":{"rendered":"\n<p>If\u00f8lge WHO-data er der omkring 50.000 d\u00f8dsfald om \u00e5ret i Frankrig relateret til <strong>luftforurening<\/strong>, hvilket er 10 gange flere end trafikulykker! Desuden ansl\u00e5s det, at indend\u00f8rsluften i boliger eller erhvervslokaler er 5 til 10 gange mere forurenet end udend\u00f8rsmilj\u00f8et.<\/p>\n\n<p><\/p>\n\n<p><strong>Luftkvaliteten i virksomheder<\/strong> er derfor afg\u00f8rende, b\u00e5de for medarbejdernes sundhed og for virksomhedernes produktivitet. I denne sammenh\u00e6ng er implementeringen af et system til <strong>m\u00e5ling af indend\u00f8rs luftkvalitet<\/strong> blevet uundv\u00e6rlig. Hvilke parametre skal der tages h\u00f8jde for? Hvilke fordele giver <g id=\"gid_2\">overv\u00e5gning af luftkvaliteten<\/g>, og hvordan implementeres den? Opdag alle vores r\u00e5d.    <\/p>\n\n<p><\/p>\n\n<h2 class=\"wp-block-heading\" id=\"quels-sont-les-parametres-de-la-qualite-de-l-air-interieur\">Hvad er parametrene for indend\u00f8rs luftkvalitet?<\/h2>\n\n<p>Vurderingen af <a href=\"https:\/\/obera.fr\/da\/vores-raad\/qualite-l-air-interieur-critere-essentiel-industrie\/\">indend\u00f8rs luftkvalitet<\/a> er baseret p\u00e5 <strong>p\u00e5visning af forurenende stoffer og m\u00e5ling af visse fysiske v\u00e6rdier<\/strong> som temperatur og relativ luftfugtighed. <\/p>\n\n<h3 class=\"wp-block-heading\" id=\"la-concentration-en-polluants-et-particules\">Koncentrationen af forurenende stoffer og partikler<\/h3>\n\n<p>P\u00e5 kontoret eller i industribygninger er medarbejderne udsat for to store <strong>kilder til luftforurening<\/strong>:<\/p>\n\n<ul class=\"wp-block-list\">\n<li><strong>Flygtige organiske forbindelser (VOC&#8217;er)<\/strong> som formaldehyd, en gas, der produceres af kemikalier og byggematerialer;<\/li>\n\n\n\n<li><strong>faste eller flydende partikler<\/strong> suspenderet i luften, s\u00e5som st\u00f8v, aerosoler og mikroorganismer (vira, bakterier, skimmelsvamp osv.).<\/li>\n<\/ul>\n\n<p><strong>Virkningerne p\u00e5 sundhed og milj\u00f8<\/strong> stiger med koncentrationen af forurenende stoffer i luften og eksponeringstiden.<\/p>\n\n<h3 class=\"wp-block-heading\" id=\"la-temperature-et-le-niveau-d-humidite\">Temperatur og fugtighedsniveau<\/h3>\n\n<p>M\u00e5ling af indend\u00f8rs luftkvalitet omfatter ogs\u00e5 <strong>overv\u00e5gning af temperatur og relativ luftfugtighed<\/strong>. For h\u00f8je v\u00e6rdier bidrager til spredning af biologiske forurenende stoffer samt nedbrydning af materialer, f\u00e6rdige produkter og arbejdsmilj\u00f8et. Desuden forst\u00e6rker temperatur og fugtighed de irriterende virkninger af flygtige organiske forbindelser (VOC).  <\/p>\n\n<h2 class=\"wp-block-heading\" id=\"quel-est-l-interet-de-la-mesure-de-la-qualite-de-l-air-interieur\">Hvad er form\u00e5let med at m\u00e5le indend\u00f8rs luftkvalitet?<\/h2>\n\n<p>Opretholdelse af sund indend\u00f8rsluft i erhvervslokaler er en <strong>lovm\u00e6ssig forpligtelse<\/strong> for arbejdsgiveren. Reduktion af forureningsniveauet p\u00e5 kontoret repr\u00e6senterer ogs\u00e5 en <strong>produktivitetsgevinst<\/strong> for virksomhederne. <\/p>\n\n<h3 class=\"wp-block-heading\" id=\"respecter-les-valeurs-limites-d-exposition-professionnelle-vlep\">Overholdelse af gr\u00e6nsev\u00e6rdier for erhvervsm\u00e6ssig eksponering (VLEP)<\/h3>\n\n<p>P\u00e5lagt af arbejdsmilj\u00f8loven fasts\u00e6tter gr\u00e6nsev\u00e6rdierne for erhvervsm\u00e6ssig eksponering (VLEP) et <strong>maksimalt koncentrationsniveau for forurenende stoffer og partikler<\/strong> for at begr\u00e6nse virkningerne p\u00e5 medarbejdernes sundhed. For h\u00f8je v\u00e6rdier medf\u00f8rer suspension af arbejdspladsen, indtil der er implementeret foranstaltninger til at begr\u00e6nse medarbejderens eksponering. <\/p>\n\n<h3 class=\"wp-block-heading\" id=\"garantir-un-environnement-de-travail-sain-et-productif\">Sikre et sundt og produktivt arbejdsmilj\u00f8<\/h3>\n\n<p>Ud over det lovm\u00e6ssige aspekt har m\u00e5ling af indend\u00f8rs luftkvalitet en r\u00e6kke <a href=\"https:\/\/obera.fr\/da\/vores-raad\/comment-rafraichissement-evaporation-ameliorer-production-industrielle\/\">fordele for virksomhederne<\/a>:<\/p>\n\n<ul class=\"wp-block-list\">\n<li><strong>Forbedring af medarbejdernes sundhed<\/strong> hj\u00e6lper med at begr\u00e6nse frav\u00e6r og hyppigheden af sygemeldinger.<\/li>\n\n\n\n<li><strong>Reduktion af partikelaflejringer p\u00e5 udstyr og gulve<\/strong> giver besparelser p\u00e5 vedligeholdelse og service.<\/li>\n\n\n\n<li>Overv\u00e5gning af eksponeringsniveauet for forurenende stoffer og partikler sikrer <strong>kvaliteten af processer og f\u00e6rdige produkter<\/strong>.<\/li>\n<\/ul>\n\n<h2 class=\"wp-block-heading\" id=\"comment-mesurer-la-qualite-de-l-air-interieur\">Hvordan m\u00e5ler man indend\u00f8rs luftkvalitet?<\/h2>\n\n<p><strong><a href=\"https:\/\/obera.fr\/da\/vores-raad\/qai-diagnostic-qualite-de-l-air-interieur-batiments-industriels\/\">Diagnose af indend\u00f8rs luftkvalitet<\/a><\/strong> udg\u00f8r en f\u00f8rste vurdering af forureningsniveauet i dine bygninger. Regelm\u00e6ssig overv\u00e5gning skal derefter implementeres ved hj\u00e6lp af <strong>specifikt m\u00e5leudstyr<\/strong>. <\/p>\n\n<h3 class=\"wp-block-heading\" id=\"effectuer-un-diagnostic-qualite-de-l-air-interieur\">Udf\u00f8relse af diagnose af indend\u00f8rs luftkvalitet<\/h3>\n\n<p><strong>Diagnose af indend\u00f8rs luftkvalitet (IAQ)<\/strong> er et lovkrav for bygninger, der huser b\u00f8rn. Det vil blive p\u00e5kr\u00e6vet i alle offentlige bygninger fra 2023. Som ekspert inden for <a href=\"https:\/\/obera.fr\/da\/vores-raad\/traitement-air-industriel-guide-complet\/\">industriel luftbehandling<\/a> udf\u00f8rer OBERA en diagnose, der omfatter:  <\/p>\n\n<ul class=\"wp-block-list\">\n<li><strong>identifikation af kilder til luftforurening<\/strong> i dine lokaler;<\/li>\n\n\n\n<li><strong>m\u00e5ling af koncentrationen af partikler og forurenende stoffer<\/strong> (VOC&#8217;er, formaldehyd osv.).<\/li>\n<\/ul>\n\n<h3 class=\"wp-block-heading\" id=\"utiliser-un-appareil-de-mesure-de-la-qualite-de-l-air-interieur\">Brug af udstyr til m\u00e5ling af indend\u00f8rs luftkvalitet<\/h3>\n\n<p><a href=\"https:\/\/obera.fr\/da\/vores-raad\/analyse-qualite-l-air-interieur\/\">M\u00e5ling af indend\u00f8rs luftkvalitet<\/a> udf\u00f8res med udstyr, der kan detektere arten og koncentrationen af forurenende stoffer. Vores serie af <strong>industrielle og professionelle luftanalysatorer<\/strong> sikrer kontinuerlig overv\u00e5gning af indend\u00f8rs luftkvalitetsparametre: <\/p>\n\n<ul class=\"wp-block-list\">\n<li><strong>koncentration af gasformige forurenende stoffer<\/strong>: flygtige organiske forbindelser (VOC) og kuldioxid (CO2);<\/li>\n\n\n\n<li><strong>koncentration og st\u00f8rrelse af partikler<\/strong>: st\u00f8v og fine partikler PM 2,5 og PM 10 ;<\/li>\n\n\n\n<li><strong>temperatur og relativ luftfugtighed<\/strong>.<\/li>\n<\/ul>\n\n<p>Data overf\u00f8res direkte til computer, hvor v\u00e6rdierne vises i grafisk form. <strong>Realtidsanalyse<\/strong> muligg\u00f8r hurtig og effektiv handling i tilf\u00e6lde af m\u00e5linger, der ikke overholder VLEP. <\/p>\n\n<p>For mere <strong>information om m\u00e5ling af indend\u00f8rs luftkvalitet<\/strong> er du velkommen til at kontakte os. Vi inviterer dig ogs\u00e5 til at se vores r\u00e5d om implementering af et industrielt luftbehandlingssystem. <\/p>\n\n<blockquote class=\"wp-block-quote is-layout-flow wp-block-quote-is-layout-flow\">\n<p>L\u00e6s ogs\u00e5: En guide til <a href=\"https:\/\/obera.fr\/conseils\/rafraichissement-adiabatique-confort-thermique-naturel\/\">adiabatisk k\u00f8ling og naturlig termisk komfort.<\/a><\/p>\n<\/blockquote>\n","protected":false},"excerpt":{"rendered":"<p>If\u00f8lge data fra WHO ansl\u00e5s det, at Frankrig har n\u00e6sten 50.000 d\u00f8dsfald om \u00e5ret relateret til luftforurening, hvilket er 10 gange mere end trafikulykker! Desuden ansl\u00e5s det, at indend\u00f8rsluften i boliger eller erhvervslokaler er 5 til 10 gange mere forurenet end udend\u00f8rsmilj\u00f8et.<\/p>\n","protected":false},"author":13,"featured_media":95222,"comment_status":"open","ping_status":"closed","sticky":false,"template":"","format":"standard","meta":{"_acf_changed":false,"_seopress_robots_primary_cat":"none","_seopress_titles_title":"Mesure de la qualit\u00e9 de l\u2019air int\u00e9rieur : int\u00e9r\u00eat et principe","_seopress_titles_desc":"Selon les donn\u00e9es de l\u2019OMS, la France comptabiliserait pr\u00e8s de 50 000 d\u00e9c\u00e8s par an li\u00e9s \u00e0 la\u00a0pollution de l\u2019air, soit 10 fois plus que les accidents de la route !","_seopress_robots_index":"","footnotes":""},"categories":[295],"tags":[],"class_list":["post-133477","post","type-post","status-publish","format-standard","has-post-thumbnail","hentry","category-vores-raad","generate-columns","tablet-grid-50","mobile-grid-100","grid-parent","grid-50","no-featured-image-padding","resize-featured-image"],"acf":[],"_links":{"self":[{"href":"https:\/\/obera.fr\/da\/wp-json\/wp\/v2\/posts\/133477","targetHints":{"allow":["GET"]}}],"collection":[{"href":"https:\/\/obera.fr\/da\/wp-json\/wp\/v2\/posts"}],"about":[{"href":"https:\/\/obera.fr\/da\/wp-json\/wp\/v2\/types\/post"}],"author":[{"embeddable":true,"href":"https:\/\/obera.fr\/da\/wp-json\/wp\/v2\/users\/13"}],"replies":[{"embeddable":true,"href":"https:\/\/obera.fr\/da\/wp-json\/wp\/v2\/comments?post=133477"}],"version-history":[{"count":1,"href":"https:\/\/obera.fr\/da\/wp-json\/wp\/v2\/posts\/133477\/revisions"}],"predecessor-version":[{"id":133478,"href":"https:\/\/obera.fr\/da\/wp-json\/wp\/v2\/posts\/133477\/revisions\/133478"}],"wp:featuredmedia":[{"embeddable":true,"href":"https:\/\/obera.fr\/da\/wp-json\/wp\/v2\/media\/95222"}],"wp:attachment":[{"href":"https:\/\/obera.fr\/da\/wp-json\/wp\/v2\/media?parent=133477"}],"wp:term":[{"taxonomy":"category","embeddable":true,"href":"https:\/\/obera.fr\/da\/wp-json\/wp\/v2\/categories?post=133477"},{"taxonomy":"post_tag","embeddable":true,"href":"https:\/\/obera.fr\/da\/wp-json\/wp\/v2\/tags?post=133477"}],"curies":[{"name":"wp","href":"https:\/\/api.w.org\/{rel}","templated":true}]}}