{"id":133648,"date":"2025-09-23T15:00:00","date_gmt":"2025-09-23T13:00:00","guid":{"rendered":"https:\/\/obera.fr\/conseils\/naturlig-og-sikker-koeling-til-skoler-og-fritidsomraader-oberas-ic-loesning\/"},"modified":"2025-11-20T15:57:37","modified_gmt":"2025-11-20T13:57:37","slug":"naturlig-og-sikker-koeling-til-skoler-og-fritidsomraader-oberas-ic-loesning","status":"publish","type":"post","link":"https:\/\/obera.fr\/da\/skoler-og-videregaende-uddannelser\/naturlig-og-sikker-koeling-til-skoler-og-fritidsomraader-oberas-ic-loesning\/","title":{"rendered":"Naturlig og sikker k\u00f8ling til skoler og fritidsomr\u00e5der: OberAs IC-l\u00f8sning"},"content":{"rendered":"\n<h2 class=\"wp-block-heading\">Introduktion<\/h2>\n\n<div class=\"wp-block-columns is-layout-flex wp-container-core-columns-is-layout-28f84493 wp-block-columns-is-layout-flex\">\n<div class=\"wp-block-column is-layout-flow wp-block-column-is-layout-flow\" style=\"flex-basis:66.66%\">\n<p>Institutioner, der modtager b\u00f8rn og unge, skoler, vuggestuer, fritidscentre, aktivitetsrum eller skolegymnastiksale er s\u00e6rligt s\u00e5rbare over for hedeb\u00f8lger.<br\/>Termisk komfort er b\u00e5de et <strong>sundhedsm\u00e6ssigt, uddannelsesm\u00e6ssigt og lovm\u00e6ssigt<\/strong> problem. Alligevel har mange af disse bygninger ikke et passende klimaanl\u00e6g.<br\/><a href=\"https:\/\/obera.fr\/da\/produits\/rafraichisseurs-air\/rafraichisseurs-par-evaporation-ic\/\">Fordampningsluftk\u00f8lere i IC-serien<\/a>, tilbudt af <strong>OberA<\/strong>, udg\u00f8r en mobil, \u00f8konomisk og sundhedsvenlig l\u00f8sning til at opretholde en behagelig atmosf\u00e6re uden behov for ombygning eller forurening. <\/p>\n<\/div>\n\n\n\n<div class=\"wp-block-column is-layout-flow wp-block-column-is-layout-flow\" style=\"flex-basis:33.33%\">\n<figure class=\"wp-block-image aligncenter size-large is-resized\"><img decoding=\"async\" width=\"1024\" height=\"683\" src=\"https:\/\/obera.fr\/wp-content\/uploads\/2025\/08\/raf-ecoles-1024x683.png\" alt=\"K&#xF8;ling til skoler\" class=\"wp-image-128545\" style=\"width:282px;height:auto\" srcset=\"https:\/\/obera.fr\/wp-content\/uploads\/2025\/08\/raf-ecoles-1024x683.png 1024w, https:\/\/obera.fr\/wp-content\/uploads\/2025\/08\/raf-ecoles-300x200.png 300w, https:\/\/obera.fr\/wp-content\/uploads\/2025\/08\/raf-ecoles-768x512.png 768w, https:\/\/obera.fr\/wp-content\/uploads\/2025\/08\/raf-ecoles.png 1200w\" sizes=\"(max-width: 1024px) 100vw, 1024px\" \/><\/figure>\n<\/div>\n<\/div>\n\n<h2 class=\"wp-block-heading\">1. En s\u00e5rbar befolkning over for varme<\/h2>\n\n<ul class=\"wp-block-list\">\n<li>B\u00f8rn er s\u00e6rligt s\u00e5rbare over for h\u00f8je temperaturer: deres termoregulering er mindre effektiv, og deres koncentration falder hurtigt.<\/li>\n\n\n\n<li>Mange <a href=\"https:\/\/obera.fr\/da\/skoler-og-videregaende-uddannelser\/\">skoler eller vuggestuer er i gamle bygninger<\/a>, ofte d\u00e5rligt isolerede og d\u00e5rligt ventilerede.<\/li>\n\n\n\n<li><strong>Fritidsaktivitetsrum<\/strong>, kantiner eller soverum kan n\u00e5 kritiske temperaturer allerede om for\u00e5ret.<\/li>\n\n\n\n<li><strong>Skolegymnastiksale<\/strong>, ofte i metalkonstruktioner, bliver vanskelige at bruge om sommeren.<\/li>\n<\/ul>\n\n<h2 class=\"wp-block-heading\">2. En blid, mobil og sikker l\u00f8sning for b\u00f8rn<\/h2>\n\n<ul class=\"wp-block-list\">\n<li><strong>Fordampningsk\u00f8ling<\/strong> fungerer uden k\u00f8lemiddel, uden aggressiv bl\u00e6sning eller t\u00f8r luft.<\/li>\n\n\n\n<li>Luften filtreres, fugtes naturligt og fornyes, hvilket <strong>forbedrer indend\u00f8rs luftkvalitet<\/strong>.<\/li>\n\n\n\n<li>IC-modellerne er <strong>st\u00f8jsvage<\/strong> og egnet til kontinuerlig brug i f\u00f8lsomme milj\u00f8er.<\/li>\n\n\n\n<li>Ingen risiko for irritation, kondens eller ubehag for b\u00f8rn eller undervisningspersonale.<\/li>\n<\/ul>\n\n<h2 class=\"wp-block-heading\">3. IC-serien tilpasset uddannelses- og fritidsrum<\/h2>\n\n<div class=\"wp-block-columns is-layout-flex wp-container-core-columns-is-layout-28f84493 wp-block-columns-is-layout-flex\">\n<div class=\"wp-block-column is-layout-flow wp-block-column-is-layout-flow\">\n<h3 class=\"wp-block-heading has-text-align-center\">IC 12<\/h3>\n\n\n\n<figure class=\"wp-block-image size-large\"><img decoding=\"async\" width=\"1024\" height=\"1024\" src=\"https:\/\/obera.fr\/wp-content\/uploads\/2025\/07\/ic-12-2-1024x1024.png\" alt=\"ic 12\" class=\"wp-image-124143\" srcset=\"https:\/\/obera.fr\/wp-content\/uploads\/2025\/07\/ic-12-2-1024x1024.png 1024w, https:\/\/obera.fr\/wp-content\/uploads\/2025\/07\/ic-12-2-300x300.png 300w, https:\/\/obera.fr\/wp-content\/uploads\/2025\/07\/ic-12-2-150x150.png 150w, https:\/\/obera.fr\/wp-content\/uploads\/2025\/07\/ic-12-2-768x768.png 768w, https:\/\/obera.fr\/wp-content\/uploads\/2025\/07\/ic-12-2.png 1200w\" sizes=\"(max-width: 1024px) 100vw, 1024px\" \/><\/figure>\n\n\n\n<ul class=\"wp-block-list\">\n<li>Perfekt til klassev\u00e6relser, aktivitetsrum eller soverum<\/li>\n\n\n\n<li>Luftstr\u00f8m p\u00e5 12.000 m\u00b3\/t<\/li>\n\n\n\n<li>Kompakt, let at flytte, diskret<\/li>\n<\/ul>\n\n\n\n<p><\/p>\n<\/div>\n\n\n\n<div class=\"wp-block-column is-layout-flow wp-block-column-is-layout-flow\">\n<h3 class=\"wp-block-heading has-text-align-center\">IC 22<\/h3>\n\n\n\n<figure class=\"wp-block-image size-large\"><img decoding=\"async\" width=\"1024\" height=\"1024\" src=\"https:\/\/obera.fr\/wp-content\/uploads\/2025\/07\/ic-22-2-1024x1024.png\" alt=\"ic 22\" class=\"wp-image-124296\" srcset=\"https:\/\/obera.fr\/wp-content\/uploads\/2025\/07\/ic-22-2-1024x1024.png 1024w, https:\/\/obera.fr\/wp-content\/uploads\/2025\/07\/ic-22-2-300x300.png 300w, https:\/\/obera.fr\/wp-content\/uploads\/2025\/07\/ic-22-2-150x150.png 150w, https:\/\/obera.fr\/wp-content\/uploads\/2025\/07\/ic-22-2-768x768.png 768w, https:\/\/obera.fr\/wp-content\/uploads\/2025\/07\/ic-22-2.png 1200w\" sizes=\"(max-width: 1024px) 100vw, 1024px\" \/><\/figure>\n\n\n\n<ul class=\"wp-block-list\">\n<li>Ideel til skolekantiner, multifunktionelle rum, store b\u00f8rnehaveklasser<\/li>\n\n\n\n<li>Luftstr\u00f8m p\u00e5 22.000 m\u00b3\/t<\/li>\n\n\n\n<li>Stor kapacitetstank, forbedret hygiejne (UV-system til vandsterilisering)<\/li>\n<\/ul>\n\n\n\n<p><\/p>\n<\/div>\n\n\n\n<div class=\"wp-block-column is-layout-flow wp-block-column-is-layout-flow\">\n<h3 class=\"wp-block-heading has-text-align-center\">IC 30<\/h3>\n\n\n\n<figure class=\"wp-block-image size-large\"><img decoding=\"async\" width=\"1024\" height=\"1024\" src=\"https:\/\/obera.fr\/wp-content\/uploads\/2025\/07\/ic-30-4-1024x1024.png\" alt=\"ic 30\" class=\"wp-image-124370\" srcset=\"https:\/\/obera.fr\/wp-content\/uploads\/2025\/07\/ic-30-4-1024x1024.png 1024w, https:\/\/obera.fr\/wp-content\/uploads\/2025\/07\/ic-30-4-300x300.png 300w, https:\/\/obera.fr\/wp-content\/uploads\/2025\/07\/ic-30-4-150x150.png 150w, https:\/\/obera.fr\/wp-content\/uploads\/2025\/07\/ic-30-4-768x768.png 768w, https:\/\/obera.fr\/wp-content\/uploads\/2025\/07\/ic-30-4.png 1200w\" sizes=\"(max-width: 1024px) 100vw, 1024px\" \/><\/figure>\n\n\n\n<ul class=\"wp-block-list\">\n<li>Designet til gymnastiksale, lukkede g\u00e5rde eller fritidscentre, der modtager et stort antal b\u00f8rn<\/li>\n\n\n\n<li>Luftstr\u00f8m p\u00e5 30.000 m\u00b3\/t<\/li>\n\n\n\n<li>Effektiv k\u00f8ling af store rum uden st\u00f8jgener<\/li>\n<\/ul>\n\n\n\n<p><\/p>\n<\/div>\n<\/div>\n\n<div class=\"wp-block-buttons is-content-justification-center is-layout-flex wp-container-core-buttons-is-layout-a89b3969 wp-block-buttons-is-layout-flex\">\n<div class=\"wp-block-button\"><a class=\"wp-block-button__link wp-element-button\" href=\"https:\/\/obera.fr\/da\/produits\/rafraichisseurs-air\/rafraichisseurs-par-evaporation-ic\/\">Udforsk vores IC-serie<\/a><\/div>\n<\/div>\n\n<p><\/p>\n\n<h2 class=\"wp-block-heading\">Fordele for kommuner og uddannelsesinstitutioner<\/h2>\n\n<div class=\"wp-block-columns is-layout-flex wp-container-core-columns-is-layout-28f84493 wp-block-columns-is-layout-flex\">\n<div class=\"wp-block-column is-layout-flow wp-block-column-is-layout-flow\" style=\"flex-basis:66.66%\">\n<ul class=\"wp-block-list\">\n<li><strong>Forbedring af termisk komfort fra de f\u00f8rste varme dage<\/strong><\/li>\n\n\n\n<li><strong>Reduktion af varmestress<\/strong>, bedre koncentration og deltagelse fra b\u00f8rnene<\/li>\n\n\n\n<li><strong>Ingen fast installation p\u00e5kr\u00e6vet<\/strong>, ingen indgriben i bygningen<\/li>\n\n\n\n<li><strong>Fuld mobilitet<\/strong>: et apparat kan flyttes mellem flere rum eller bygninger<\/li>\n\n\n\n<li><strong>Meget lavt str\u00f8mforbrug<\/strong>, kompatibelt med energibesparelsespolitikker<\/li>\n\n\n\n<li><strong>Leje muligt<\/strong> for hedeb\u00f8lgeperioder eller sommeraktiviteter (fritidsklubber, feriecentre)<\/li>\n<\/ul>\n\n\n\n<p>At sikre komfortable, sikre og sunde l\u00e6rings- og modtagelsesforhold bliver en prioritet i lyset af klimaforandringerne. <strong>OberAs IC-k\u00f8lere<\/strong> tilbyder en blid, st\u00f8jsvag og mobil l\u00f8sning, der er perfekt kompatibel med uddannelsessektorens begr\u00e6nsninger og krav. <\/p>\n<\/div>\n\n\n\n<div class=\"wp-block-column is-layout-flow wp-block-column-is-layout-flow\" style=\"flex-basis:33.33%\">\n<figure class=\"wp-block-image aligncenter size-large is-resized\"><img decoding=\"async\" width=\"1024\" height=\"1024\" src=\"https:\/\/obera.fr\/wp-content\/uploads\/2025\/01\/image-avantages-1024x1024.jpg\" alt=\"Billedfordele\" class=\"wp-image-57732\" style=\"width:205px;height:auto\" srcset=\"https:\/\/obera.fr\/wp-content\/uploads\/2025\/01\/image-avantages-1024x1024.jpg 1024w, https:\/\/obera.fr\/wp-content\/uploads\/2025\/01\/image-avantages-300x300.jpg 300w, https:\/\/obera.fr\/wp-content\/uploads\/2025\/01\/image-avantages-150x150.jpg 150w, https:\/\/obera.fr\/wp-content\/uploads\/2025\/01\/image-avantages-768x768.jpg 768w, https:\/\/obera.fr\/wp-content\/uploads\/2025\/01\/image-avantages-400x400.jpg 400w, https:\/\/obera.fr\/wp-content\/uploads\/2025\/01\/image-avantages-600x600.jpg 600w, https:\/\/obera.fr\/wp-content\/uploads\/2025\/01\/image-avantages.jpg 1200w\" sizes=\"(max-width: 1024px) 100vw, 1024px\" \/><\/figure>\n<\/div>\n<\/div>\n","protected":false},"excerpt":{"rendered":"<p>Institutioner med b\u00f8rn og unge &#8211; skoler, vuggestuer, fritidscentre, aktivitetsrum eller skolegymnastiksale &#8211; er s\u00e6rligt s\u00e5rbare over for hedeb\u00f8lger.<\/p>\n","protected":false},"author":13,"featured_media":83735,"comment_status":"open","ping_status":"closed","sticky":false,"template":"","format":"standard","meta":{"_acf_changed":false,"_seopress_robots_primary_cat":"none","_seopress_titles_title":"OberA IC-k\u00f8leenheder: termisk komfort til skoler og fritidsordninger","_seopress_titles_desc":"Sikr b\u00f8rns velv\u00e6re og sikkerhed i varme perioder med OberAs mobile IC-k\u00f8leenheder: en naturlig, st\u00f8jsvag og \u00f8konomisk l\u00f8sning.","_seopress_robots_index":"","footnotes":""},"categories":[836],"tags":[416],"class_list":["post-133648","post","type-post","status-publish","format-standard","has-post-thumbnail","hentry","category-skoler-og-videregaende-uddannelser","tag-kolere","generate-columns","tablet-grid-50","mobile-grid-100","grid-parent","grid-50","no-featured-image-padding","resize-featured-image"],"acf":[],"_links":{"self":[{"href":"https:\/\/obera.fr\/da\/wp-json\/wp\/v2\/posts\/133648","targetHints":{"allow":["GET"]}}],"collection":[{"href":"https:\/\/obera.fr\/da\/wp-json\/wp\/v2\/posts"}],"about":[{"href":"https:\/\/obera.fr\/da\/wp-json\/wp\/v2\/types\/post"}],"author":[{"embeddable":true,"href":"https:\/\/obera.fr\/da\/wp-json\/wp\/v2\/users\/13"}],"replies":[{"embeddable":true,"href":"https:\/\/obera.fr\/da\/wp-json\/wp\/v2\/comments?post=133648"}],"version-history":[{"count":1,"href":"https:\/\/obera.fr\/da\/wp-json\/wp\/v2\/posts\/133648\/revisions"}],"predecessor-version":[{"id":133652,"href":"https:\/\/obera.fr\/da\/wp-json\/wp\/v2\/posts\/133648\/revisions\/133652"}],"wp:featuredmedia":[{"embeddable":true,"href":"https:\/\/obera.fr\/da\/wp-json\/wp\/v2\/media\/83735"}],"wp:attachment":[{"href":"https:\/\/obera.fr\/da\/wp-json\/wp\/v2\/media?parent=133648"}],"wp:term":[{"taxonomy":"category","embeddable":true,"href":"https:\/\/obera.fr\/da\/wp-json\/wp\/v2\/categories?post=133648"},{"taxonomy":"post_tag","embeddable":true,"href":"https:\/\/obera.fr\/da\/wp-json\/wp\/v2\/tags?post=133648"}],"curies":[{"name":"wp","href":"https:\/\/api.w.org\/{rel}","templated":true}]}}