{"id":133805,"date":"2025-09-12T10:08:00","date_gmt":"2025-09-12T08:08:00","guid":{"rendered":"https:\/\/obera.fr\/conseils\/hestevelfaerd-og-rytterkomfort-ic-koeleanlaeg-en-naturlig-loesning-til-hestemiljoeer\/"},"modified":"2025-11-21T11:27:17","modified_gmt":"2025-11-21T09:27:17","slug":"hestevelfaerd-og-rytterkomfort-ic-koeleanlaeg-en-naturlig-loesning-til-hestemiljoeer","status":"publish","type":"post","link":"https:\/\/obera.fr\/da\/ridning\/hestevelfaerd-og-rytterkomfort-ic-koeleanlaeg-en-naturlig-loesning-til-hestemiljoeer\/","title":{"rendered":"Hestevelf\u00e6rd og rytterkomfort: IC-k\u00f8leanl\u00e6g, en naturlig l\u00f8sning til hestemilj\u00f8er"},"content":{"rendered":"\n<div class=\"wp-block-columns is-layout-flex wp-container-core-columns-is-layout-28f84493 wp-block-columns-is-layout-flex\">\n<div class=\"wp-block-column is-layout-flow wp-block-column-is-layout-flow\" style=\"flex-basis:66.66%\">\n<h2 class=\"wp-block-heading\">Introduktion<\/h2>\n\n\n\n<p>I hesteverdenen er varme en stressfaktor for b\u00e5de heste og ryttere. I sommerperioden kan stalde, ridehaller og sadelrum blive kv\u00e6lende varme, hvilket kompromitterer hestenes pr\u00e6stationer, sikkerhed og sundhed.<br\/>De <a href=\"https:\/\/obera.fr\/da\/produits\/rafraichisseurs-air\/rafraichisseurs-par-evaporation-ic\/\">fordampningsk\u00f8lere fra IC-serien<\/a>, designet af <strong>OberA<\/strong>, tilbyder en perfekt l\u00f8sning til hestemilj\u00f8er: lydl\u00f8s, mobil, \u00f8konomisk og frem for alt sikker for dyrene. <\/p>\n<\/div>\n\n\n\n<div class=\"wp-block-column is-layout-flow wp-block-column-is-layout-flow\" style=\"flex-basis:33.33%\">\n<figure class=\"wp-block-image aligncenter size-large is-resized\"><img decoding=\"async\" width=\"1024\" height=\"1024\" src=\"https:\/\/obera.fr\/wp-content\/uploads\/2025\/08\/raf-milieu-equestre-1024x1024.png\" alt=\"k&#xF8;l hestemilj&#xF8;\" class=\"wp-image-128475\" style=\"width:252px;height:auto\" srcset=\"https:\/\/obera.fr\/wp-content\/uploads\/2025\/08\/raf-milieu-equestre-1024x1024.png 1024w, https:\/\/obera.fr\/wp-content\/uploads\/2025\/08\/raf-milieu-equestre-300x300.png 300w, https:\/\/obera.fr\/wp-content\/uploads\/2025\/08\/raf-milieu-equestre-150x150.png 150w, https:\/\/obera.fr\/wp-content\/uploads\/2025\/08\/raf-milieu-equestre-768x768.png 768w, https:\/\/obera.fr\/wp-content\/uploads\/2025\/08\/raf-milieu-equestre.png 1200w\" sizes=\"(max-width: 1024px) 100vw, 1024px\" \/><\/figure>\n<\/div>\n<\/div>\n\n<h2 class=\"wp-block-heading\">Termiske udfordringer i hestesektoren<\/h2>\n\n<ul class=\"wp-block-list\">\n<li>Heste er f\u00f8lsomme over for h\u00f8je temperaturer, med \u00f8get risiko for dehydrering, hedeslag, nedsat pr\u00e6station eller \u00e5ndedr\u00e6tsbesv\u00e6r.<\/li>\n\n\n\n<li><strong>Bokse og stalde<\/strong> opsamler varme og er sj\u00e6ldent mekanisk ventilerede.<\/li>\n\n\n\n<li><strong>Overd\u00e6kkede ridehaller<\/strong>, selvom de er beskyttet mod solen, bliver ofte kv\u00e6lende, n\u00e5r de er lukkede.<\/li>\n\n\n\n<li><strong>Plejeomr\u00e5der, baderum, sadelrum eller hvileomr\u00e5der<\/strong> er ogs\u00e5 p\u00e5virket af den omgivende varme.<\/li>\n\n\n\n<li>Under konkurrencer er det afg\u00f8rende at holde heste og teams under stabile termiske forhold.<\/li>\n<\/ul>\n\n<h2 class=\"wp-block-heading\">Adiabatisk k\u00f8ling: en hestevenlig l\u00f8sning<\/h2>\n\n<ul class=\"wp-block-list\">\n<li><strong>IC-k\u00f8lernes<\/strong> funktion er naturlig, uden gas, uden t\u00f8r luft og uden aggressiv luftstr\u00f8m.<\/li>\n\n\n\n<li>Den udsendte luft er <strong>k\u00f8lig, filtreret, befugtet<\/strong>, hvilket forhindrer termiske chok eller luftvejsirritation.<\/li>\n\n\n\n<li>Deres drift er <strong>lydl\u00f8s<\/strong>, hvilket <strong>ikke skaber nogen lydm\u00e6ssig stress for hestene<\/strong>.<\/li>\n\n\n\n<li>De g\u00f8r det muligt at <strong>k\u00f8le lokalt<\/strong> i f\u00f8lsomme omr\u00e5der (hvileomr\u00e5der, baderum, forberedelsesomr\u00e5der, sadelrum, overd\u00e6kkede folde).<\/li>\n<\/ul>\n\n<h2 class=\"wp-block-heading\">IC-modeller tilpasset hesteanl\u00e6g<\/h2>\n\n<div class=\"wp-block-columns is-layout-flex wp-container-core-columns-is-layout-28f84493 wp-block-columns-is-layout-flex\">\n<div class=\"wp-block-column is-layout-flow wp-block-column-is-layout-flow\">\n<h3 class=\"wp-block-heading has-text-align-center\">IC 12<\/h3>\n\n\n\n\n\n<ul class=\"wp-block-list\">\n<li>Ideel til sadelrum, isolerede bokse, strigleomr\u00e5der eller sm\u00e5 stalde<\/li>\n\n\n\n<li>Luftstr\u00f8m p\u00e5 12.000 m\u00b3\/t<\/li>\n\n\n\n<li>Nem at placere, let, mobil og diskret<\/li>\n<\/ul>\n<\/div>\n\n\n\n<div class=\"wp-block-column is-layout-flow wp-block-column-is-layout-flow\">\n<h3 class=\"wp-block-heading has-text-align-center\">IC 22<\/h3>\n\n\n\n\n\n<ul class=\"wp-block-list\">\n<li>Til overd\u00e6kkede ridehaller, avlsbygninger, konkurrencestalde<\/li>\n\n\n\n<li>Luftstr\u00f8m p\u00e5 22.000 m\u00b3\/t<\/li>\n\n\n\n<li>Stor vandtank, integreret UV-sterilisering for hygiejne<\/li>\n<\/ul>\n<\/div>\n\n\n\n<div class=\"wp-block-column is-layout-flow wp-block-column-is-layout-flow\">\n<h3 class=\"wp-block-heading has-text-align-center\">IC 30<\/h3>\n\n\n\n\n\n<ul class=\"wp-block-list\">\n<li>Til store hestebygninger, modtagelsesomr\u00e5der eller konkurrenceomr\u00e5der<\/li>\n\n\n\n<li>Luftstr\u00f8m p\u00e5 30.000 m\u00b3\/t<\/li>\n\n\n\n<li>Ideel l\u00f8sning til store volumener uden fast installation<\/li>\n<\/ul>\n\n\n\n<p><\/p>\n<\/div>\n<\/div>\n\n<div class=\"wp-block-buttons is-content-justification-center is-layout-flex wp-container-core-buttons-is-layout-a89b3969 wp-block-buttons-is-layout-flex\">\n<div class=\"wp-block-button\"><a class=\"wp-block-button__link wp-element-button\" href=\"https:\/\/obera.fr\/da\/produits\/rafraichisseurs-air\/\">Udforsk vores IC-serie<\/a><\/div>\n<\/div>\n\n<p><\/p>\n\n<h2 class=\"wp-block-heading\">Fordelene for hesteanl\u00e6g<\/h2>\n\n<div class=\"wp-block-columns is-layout-flex wp-container-core-columns-is-layout-28f84493 wp-block-columns-is-layout-flex\">\n<div class=\"wp-block-column is-layout-flow wp-block-column-is-layout-flow\" style=\"flex-basis:33.33%\">\n<figure class=\"wp-block-image aligncenter size-large is-resized\"><img decoding=\"async\" width=\"1024\" height=\"1024\" src=\"https:\/\/obera.fr\/wp-content\/uploads\/2025\/03\/conseil-raf-1024x1024.png\" alt=\"Tjek\" class=\"wp-image-77456\" style=\"width:253px;height:auto\" srcset=\"https:\/\/obera.fr\/wp-content\/uploads\/2025\/03\/conseil-raf-1024x1024.png 1024w, https:\/\/obera.fr\/wp-content\/uploads\/2025\/03\/conseil-raf-300x300.png 300w, https:\/\/obera.fr\/wp-content\/uploads\/2025\/03\/conseil-raf-150x150.png 150w, https:\/\/obera.fr\/wp-content\/uploads\/2025\/03\/conseil-raf-768x768.png 768w, https:\/\/obera.fr\/wp-content\/uploads\/2025\/03\/conseil-raf.png 1200w\" sizes=\"(max-width: 1024px) 100vw, 1024px\" \/><\/figure>\n<\/div>\n\n\n\n<div class=\"wp-block-column is-layout-flow wp-block-column-is-layout-flow\" style=\"flex-basis:66.66%\">\n<ul class=\"wp-block-list\">\n<li><strong>Forbedring af hestenes velv\u00e6re<\/strong>, s\u00e6nkning af kropstemperatur og varmestress<\/li>\n\n\n\n<li><strong>Komfort for ryttere og staldpersonale<\/strong>, is\u00e6r i pleje- eller udstyrsomr\u00e5der<\/li>\n\n\n\n<li><strong>Installation uden ombygning<\/strong>, mobile enheder der kan bruges med det samme<\/li>\n\n\n\n<li><strong>Energibesparelse<\/strong> sammenlignet med mekanisk ventilation eller uegnet aircondition<\/li>\n\n\n\n<li><strong>M\u00e5lrettet og s\u00e6sonbestemt brug<\/strong>, afh\u00e6ngigt af hedeb\u00f8lgeperioder eller under begivenheder<\/li>\n\n\n\n<li><strong>Leje muligt<\/strong> til sportsbegivenheder, kurser, konkurrencer og sommers\u00e6soner<\/li>\n<\/ul>\n\n\n\n<p>Hestesektoren er s\u00e6rligt udsat for <a href=\"https:\/\/obera.fr\/da\/vores-raad\/maksimal-arbejdstemperatur\/\">virkningerne af temperaturstigninger<\/a>. <strong>Luftk\u00f8lerne fra IC-serien<\/strong> giver et enkelt, effektivt og sikkert svar p\u00e5 at beskytte hestene, forbedre teamets komfort og sikre, at aktiviteterne forl\u00f8ber godt i alle s\u00e6soner. <\/p>\n<\/div>\n<\/div>\n","protected":false},"excerpt":{"rendered":"<p>I hestemilj\u00f8et er varme en stressfaktor for b\u00e5de heste og ryttere. I sommerperioden kan stalde, ridehaller og sadelrum blive kv\u00e6lende varme, hvilket kompromitterer hestenes pr\u00e6stationer, sikkerhed og sundhed. <\/p>\n","protected":false},"author":13,"featured_media":83735,"comment_status":"open","ping_status":"closed","sticky":false,"template":"","format":"standard","meta":{"_acf_changed":false,"_seopress_robots_primary_cat":"none","_seopress_titles_title":"OberA IC-k\u00f8leanl\u00e6g: hestevelf\u00e6rd og rytterkomfort","_seopress_titles_desc":"Giv heste og ryttere et friskt og sikkert milj\u00f8 med OberAs mobile IC-k\u00f8leanl\u00e6g: naturlige, st\u00f8jsvage og dyrevenlige.","_seopress_robots_index":"","footnotes":""},"categories":[855],"tags":[416],"class_list":["post-133805","post","type-post","status-publish","format-standard","has-post-thumbnail","hentry","category-ridning","tag-kolere","generate-columns","tablet-grid-50","mobile-grid-100","grid-parent","grid-50","no-featured-image-padding","resize-featured-image"],"acf":[],"_links":{"self":[{"href":"https:\/\/obera.fr\/da\/wp-json\/wp\/v2\/posts\/133805","targetHints":{"allow":["GET"]}}],"collection":[{"href":"https:\/\/obera.fr\/da\/wp-json\/wp\/v2\/posts"}],"about":[{"href":"https:\/\/obera.fr\/da\/wp-json\/wp\/v2\/types\/post"}],"author":[{"embeddable":true,"href":"https:\/\/obera.fr\/da\/wp-json\/wp\/v2\/users\/13"}],"replies":[{"embeddable":true,"href":"https:\/\/obera.fr\/da\/wp-json\/wp\/v2\/comments?post=133805"}],"version-history":[{"count":1,"href":"https:\/\/obera.fr\/da\/wp-json\/wp\/v2\/posts\/133805\/revisions"}],"predecessor-version":[{"id":133807,"href":"https:\/\/obera.fr\/da\/wp-json\/wp\/v2\/posts\/133805\/revisions\/133807"}],"wp:featuredmedia":[{"embeddable":true,"href":"https:\/\/obera.fr\/da\/wp-json\/wp\/v2\/media\/83735"}],"wp:attachment":[{"href":"https:\/\/obera.fr\/da\/wp-json\/wp\/v2\/media?parent=133805"}],"wp:term":[{"taxonomy":"category","embeddable":true,"href":"https:\/\/obera.fr\/da\/wp-json\/wp\/v2\/categories?post=133805"},{"taxonomy":"post_tag","embeddable":true,"href":"https:\/\/obera.fr\/da\/wp-json\/wp\/v2\/tags?post=133805"}],"curies":[{"name":"wp","href":"https:\/\/api.w.org\/{rel}","templated":true}]}}