{"id":134113,"date":"2025-09-10T15:38:00","date_gmt":"2025-09-10T13:38:00","guid":{"rendered":"https:\/\/obera.fr\/conseils\/forbedre-komfort-og-ydeevne-omkring-transportcontainere\/"},"modified":"2025-11-27T21:29:13","modified_gmt":"2025-11-27T19:29:13","slug":"forbedre-komfort-og-ydeevne-omkring-transportcontainere","status":"publish","type":"post","link":"https:\/\/obera.fr\/da\/transport-og-oplagring-logistik\/forbedre-komfort-og-ydeevne-omkring-transportcontainere\/","title":{"rendered":"Forbedre komfort og ydeevne omkring transportcontainere"},"content":{"rendered":"\n<h2 class=\"wp-block-heading\">Introduktion<\/h2>\n\n<div class=\"wp-block-columns is-layout-flex wp-container-core-columns-is-layout-28f84493 wp-block-columns-is-layout-flex\">\n<div class=\"wp-block-column is-layout-flow wp-block-column-is-layout-flow\" style=\"flex-basis:66.66%\">\n<p>I forsyningsk\u00e6den er containere allestedsn\u00e6rv\u00e6rende: De bruges til s\u00f8-, jernbane- eller vejtransport og passerer gennem hubs, lagre og l\u00e6sseomr\u00e5der, hvor klimaforholdene direkte kan p\u00e5virke driften.<br\/>Hede b\u00f8lger komplicerer arbejdet for operat\u00f8rer, p\u00e5virker sikkerheden for f\u00f8lsomme varer (f\u00f8devarer, kemikalier, l\u00e6gemidler) og s\u00e6nker tempoet.<br\/>De <a href=\"https:\/\/obera.fr\/da\/produits\/rafraichisseurs-air\/rafraichisseurs-par-evaporation-ic\/\">industrielle luftk\u00f8lere i IC-serien<\/a>, udviklet af <strong>OberA<\/strong>, er en fleksibel og effektiv l\u00f8sning til at forbedre arbejdsforholdene i disse milj\u00f8er uden at ty til fast klimaanl\u00e6g.<\/p>\n\n\n\n<p><\/p>\n<\/div>\n\n\n\n<div class=\"wp-block-column is-layout-flow wp-block-column-is-layout-flow\" style=\"flex-basis:33.33%\">\n<figure class=\"wp-block-image aligncenter size-large is-resized\"><img decoding=\"async\" width=\"1024\" height=\"683\" src=\"https:\/\/obera.fr\/wp-content\/uploads\/2025\/08\/raf-transport-1024x683.png\" alt=\"raf transport\" class=\"wp-image-128743\" style=\"width:293px;height:auto\" srcset=\"https:\/\/obera.fr\/wp-content\/uploads\/2025\/08\/raf-transport-1024x683.png 1024w, https:\/\/obera.fr\/wp-content\/uploads\/2025\/08\/raf-transport-300x200.png 300w, https:\/\/obera.fr\/wp-content\/uploads\/2025\/08\/raf-transport-768x512.png 768w, https:\/\/obera.fr\/wp-content\/uploads\/2025\/08\/raf-transport.png 1200w\" sizes=\"(max-width: 1024px) 100vw, 1024px\" \/><\/figure>\n<\/div>\n<\/div>\n\n<h2 class=\"wp-block-heading\">1. Logistikomr\u00e5der: omr\u00e5der med h\u00f8j termisk belastning<\/h2>\n\n<ul class=\"wp-block-list\">\n<li>L\u00e6sse- og losningsdokker er ofte \u00e5bne, d\u00e5rligt ventilerede og udsat for solstr\u00e5ling.<\/li>\n\n\n\n<li>Containerne bliver selv varmekilder, n\u00e5r de opbevares udend\u00f8rs eller \u00e5bnes i solen.<\/li>\n\n\n\n<li>Den varme luft, der er fanget i containerne, kan n\u00e5 over 50 \u00b0C, n\u00e5r de \u00e5bnes, hvilket skaber en risiko for operat\u00f8rerne.<\/li>\n\n\n\n<li><a href=\"https:\/\/obera.fr\/da\/transport-og-oplagring-logistik\/\">Logistikstr\u00f8mmene<\/a> intensiveres om sommeren, hvilket \u00f8ger belastningen ved fysisk arbejde i varmen.<\/li>\n<\/ul>\n\n<h2 class=\"wp-block-heading\">2. Den mobile adiabatiske l\u00f8sning: et operationelt svar<\/h2>\n\n<ul class=\"wp-block-list\">\n<li><strong>IC-fordampningsk\u00f8lere<\/strong> tilbyder et naturligt alternativ til klimaanl\u00e6g, uden arbejde eller k\u00f8lekredsl\u00f8b.<\/li>\n\n\n\n<li>De kan placeres <strong>i l\u00e6sse-\/losningsomr\u00e5der<\/strong>, <strong>ved indgangen til containere<\/strong> eller i <strong>inspektions- og sorteringsomr\u00e5der<\/strong>.<\/li>\n\n\n\n<li>Takket v\u00e6re deres h\u00f8je luftgennemstr\u00f8mning s\u00e6nker de lokalt den opfattede temperatur med flere grader, samtidig med at de sikrer <strong>konstant ventilation<\/strong>.<\/li>\n\n\n\n<li>Installationen sker <strong>uden infrastruktur<\/strong>, blot en elektrisk tilslutning med integreret vandtank eller nettilslutning.<\/li>\n<\/ul>\n\n<p><\/p>\n\n<h2 class=\"wp-block-heading\">3. IC-modellerne: tilpasset logistikplatforme<\/h2>\n\n<div class=\"wp-block-columns is-layout-flex wp-container-core-columns-is-layout-28f84493 wp-block-columns-is-layout-flex\">\n<div class=\"wp-block-column is-layout-flow wp-block-column-is-layout-flow\">\n<h3 class=\"wp-block-heading has-text-align-center\">IC 12<\/h3>\n\n\n\n<figure class=\"wp-block-image size-large\"><img decoding=\"async\" width=\"1024\" height=\"1024\" src=\"https:\/\/obera.fr\/wp-content\/uploads\/2025\/07\/ic-12-2-1024x1024.png\" alt=\"ic 12\" class=\"wp-image-124143\" srcset=\"https:\/\/obera.fr\/wp-content\/uploads\/2025\/07\/ic-12-2-1024x1024.png 1024w, https:\/\/obera.fr\/wp-content\/uploads\/2025\/07\/ic-12-2-300x300.png 300w, https:\/\/obera.fr\/wp-content\/uploads\/2025\/07\/ic-12-2-150x150.png 150w, https:\/\/obera.fr\/wp-content\/uploads\/2025\/07\/ic-12-2-768x768.png 768w, https:\/\/obera.fr\/wp-content\/uploads\/2025\/07\/ic-12-2.png 1200w\" sizes=\"(max-width: 1024px) 100vw, 1024px\" \/><\/figure>\n\n\n\n<ul class=\"wp-block-list\">\n<li>Til arbejdsstationer eller begr\u00e6nsede kajer<\/li>\n\n\n\n<li>Gennemstr\u00f8mning p\u00e5 12.000 m\u00b3\/t, kompakt format, hurtig at implementere<\/li>\n<\/ul>\n\n\n\n<p><\/p>\n<\/div>\n\n\n\n<div class=\"wp-block-column is-layout-flow wp-block-column-is-layout-flow\">\n<h3 class=\"wp-block-heading has-text-align-center\">IC 22<\/h3>\n\n\n\n<figure class=\"wp-block-image size-large\"><img decoding=\"async\" width=\"1024\" height=\"1024\" src=\"https:\/\/obera.fr\/wp-content\/uploads\/2025\/07\/ic-22-2-1024x1024.png\" alt=\"ic 22\" class=\"wp-image-124296\" srcset=\"https:\/\/obera.fr\/wp-content\/uploads\/2025\/07\/ic-22-2-1024x1024.png 1024w, https:\/\/obera.fr\/wp-content\/uploads\/2025\/07\/ic-22-2-300x300.png 300w, https:\/\/obera.fr\/wp-content\/uploads\/2025\/07\/ic-22-2-150x150.png 150w, https:\/\/obera.fr\/wp-content\/uploads\/2025\/07\/ic-22-2-768x768.png 768w, https:\/\/obera.fr\/wp-content\/uploads\/2025\/07\/ic-22-2.png 1200w\" sizes=\"(max-width: 1024px) 100vw, 1024px\" \/><\/figure>\n\n\n\n<ul class=\"wp-block-list\">\n<li>Til l\u00e6sseomr\u00e5der med h\u00f8j rotation eller logistiklagre<\/li>\n\n\n\n<li>Gennemstr\u00f8mning p\u00e5 22.000 m\u00b3\/t, effektiv til at k\u00f8le container transitomr\u00e5der<\/li>\n\n\n\n<li>Udstyret med et UV-system til vand, velegnet til kr\u00e6vende professionelle milj\u00f8er<\/li>\n<\/ul>\n\n\n\n<p><\/p>\n<\/div>\n\n\n\n<div class=\"wp-block-column is-layout-flow wp-block-column-is-layout-flow\">\n<h3 class=\"wp-block-heading has-text-align-center\">IC 30<\/h3>\n\n\n\n<figure class=\"wp-block-image size-large\"><img decoding=\"async\" width=\"1024\" height=\"1024\" src=\"https:\/\/obera.fr\/wp-content\/uploads\/2025\/07\/ic-30-4-1024x1024.png\" alt=\"ic 30\" class=\"wp-image-124370\" srcset=\"https:\/\/obera.fr\/wp-content\/uploads\/2025\/07\/ic-30-4-1024x1024.png 1024w, https:\/\/obera.fr\/wp-content\/uploads\/2025\/07\/ic-30-4-300x300.png 300w, https:\/\/obera.fr\/wp-content\/uploads\/2025\/07\/ic-30-4-150x150.png 150w, https:\/\/obera.fr\/wp-content\/uploads\/2025\/07\/ic-30-4-768x768.png 768w, https:\/\/obera.fr\/wp-content\/uploads\/2025\/07\/ic-30-4.png 1200w\" sizes=\"(max-width: 1024px) 100vw, 1024px\" \/><\/figure>\n\n\n\n<ul class=\"wp-block-list\">\n<li>Til store multimodale hubs, transit hangarer eller overd\u00e6kkede havneomr\u00e5der<\/li>\n\n\n\n<li>Gennemstr\u00f8mning p\u00e5 30.000 m\u00b3\/t, robust, autonom, designet til store volumener<\/li>\n<\/ul>\n\n\n\n<p><\/p>\n<\/div>\n<\/div>\n\n<div class=\"wp-block-buttons is-content-justification-center is-layout-flex wp-container-core-buttons-is-layout-a89b3969 wp-block-buttons-is-layout-flex\">\n<div class=\"wp-block-button\"><a class=\"wp-block-button__link wp-element-button\" href=\"https:\/\/obera.fr\/da\/produits\/rafraichisseurs-air\/rafraichisseurs-par-evaporation-ic\/\">Udforsk vores IC-serie<\/a><\/div>\n<\/div>\n\n<p><\/p>\n\n<h2 class=\"wp-block-heading\">4. Fordelene for logistikoperat\u00f8rer og transport\u00f8rer<\/h2>\n\n<ul class=\"wp-block-list\">\n<li><strong>Forbedring af den termiske komfort<\/strong> for de teams, der er ansvarlige for h\u00e5ndteringen<\/li>\n\n\n\n<li><strong>Reduktion af risici forbundet med termiske st\u00f8d<\/strong> ved \u00e5bning af containere<\/li>\n\n\n\n<li><strong>Opretholdelse af logistiktempoet<\/strong> selv i perioder med h\u00f8j varme<\/li>\n\n\n\n<li><strong>Ingen driftsstop for installation<\/strong>: enhederne er mobile og autonome<\/li>\n\n\n\n<li><strong>Reduktion af det samlede energiforbrug<\/strong> sammenlignet med faste systemer<\/li>\n\n\n\n<li><strong>Mulighed for s\u00e6sonbestemt leje<\/strong> for kun at d\u00e6kke sommerm\u00e5nederne<\/li>\n<\/ul>\n\n<p>I logistikmilj\u00f8er relateret til containerstr\u00f8mme er kontrol af den lokale temperatur et strategisk sp\u00f8rgsm\u00e5l, b\u00e5de for den operationelle ydeevne og for arbejdstagernes sikkerhed.<br\/>Med <strong>IC-serien<\/strong> tilbyder OberA en umiddelbart operationel, modul\u00e6r og \u00f8konomisk l\u00f8sning til effektivt at k\u00f8le de f\u00f8lsomme omr\u00e5der af logistiktransport.<\/p>\n","protected":false},"excerpt":{"rendered":"<p>I logistikk\u00e6den er containere allestedsn\u00e6rv\u00e6rende: brugt til s\u00f8transport, jernbanetransport eller vejtransport passerer de gennem hubs, lagre og lastezoner, hvor klimatiske forhold kan p\u00e5virke driften direkte.<\/p>\n","protected":false},"author":13,"featured_media":83735,"comment_status":"open","ping_status":"closed","sticky":false,"template":"","format":"standard","meta":{"_acf_changed":false,"_seopress_robots_primary_cat":"none","_seopress_titles_title":"IC-k\u00f8leenheder fra OberA: termisk komfort omkring logistikcontainere","_seopress_titles_desc":"Beskyt jeres teams mod hedeb\u00f8lger med IC-k\u00f8leenhederne fra OberA: mobil, naturlig og \u00f8konomisk l\u00f8sning til containeromr\u00e5der.","_seopress_robots_index":"","footnotes":""},"categories":[728],"tags":[416],"class_list":["post-134113","post","type-post","status-publish","format-standard","has-post-thumbnail","hentry","category-transport-og-oplagring-logistik","tag-kolere","generate-columns","tablet-grid-50","mobile-grid-100","grid-parent","grid-50","no-featured-image-padding","resize-featured-image"],"acf":[],"_links":{"self":[{"href":"https:\/\/obera.fr\/da\/wp-json\/wp\/v2\/posts\/134113","targetHints":{"allow":["GET"]}}],"collection":[{"href":"https:\/\/obera.fr\/da\/wp-json\/wp\/v2\/posts"}],"about":[{"href":"https:\/\/obera.fr\/da\/wp-json\/wp\/v2\/types\/post"}],"author":[{"embeddable":true,"href":"https:\/\/obera.fr\/da\/wp-json\/wp\/v2\/users\/13"}],"replies":[{"embeddable":true,"href":"https:\/\/obera.fr\/da\/wp-json\/wp\/v2\/comments?post=134113"}],"version-history":[{"count":1,"href":"https:\/\/obera.fr\/da\/wp-json\/wp\/v2\/posts\/134113\/revisions"}],"predecessor-version":[{"id":134117,"href":"https:\/\/obera.fr\/da\/wp-json\/wp\/v2\/posts\/134113\/revisions\/134117"}],"wp:featuredmedia":[{"embeddable":true,"href":"https:\/\/obera.fr\/da\/wp-json\/wp\/v2\/media\/83735"}],"wp:attachment":[{"href":"https:\/\/obera.fr\/da\/wp-json\/wp\/v2\/media?parent=134113"}],"wp:term":[{"taxonomy":"category","embeddable":true,"href":"https:\/\/obera.fr\/da\/wp-json\/wp\/v2\/categories?post=134113"},{"taxonomy":"post_tag","embeddable":true,"href":"https:\/\/obera.fr\/da\/wp-json\/wp\/v2\/tags?post=134113"}],"curies":[{"name":"wp","href":"https:\/\/api.w.org\/{rel}","templated":true}]}}