{"id":134120,"date":"2025-09-07T09:43:06","date_gmt":"2025-09-07T07:43:06","guid":{"rendered":"https:\/\/obera.fr\/conseils\/fordampningsbaserede-luftkoelere-en-fleksibel-og-oekonomisk-loesning-til-servicesektoren\/"},"modified":"2025-11-27T21:29:22","modified_gmt":"2025-11-27T19:29:22","slug":"fordampningsbaserede-luftkoelere-en-fleksibel-og-oekonomisk-loesning-til-servicesektoren","status":"publish","type":"post","link":"https:\/\/obera.fr\/da\/bank-forsikring-tertiaere-kontorer\/fordampningsbaserede-luftkoelere-en-fleksibel-og-oekonomisk-loesning-til-servicesektoren\/","title":{"rendered":"Fordampningsbaserede luftk\u00f8lere: en fleksibel og \u00f8konomisk l\u00f8sning til servicesektoren"},"content":{"rendered":"\n<h2 class=\"wp-block-heading\">Introduktion<\/h2>\n\n<div class=\"wp-block-columns is-layout-flex wp-container-core-columns-is-layout-28f84493 wp-block-columns-is-layout-flex\">\n<div class=\"wp-block-column is-layout-flow wp-block-column-is-layout-flow\" style=\"flex-basis:66.66%\">\n<p>I kontormilj\u00f8er, administrationer, offentlige bygninger, \u00e5bne kontorlandskaber, ventev\u00e6relser eller receptionsomr\u00e5der er styring af termisk komfort en afg\u00f8rende udfordring. Mange bygninger er dog d\u00e5rligt udstyret til at h\u00e5ndtere varme perioder, is\u00e6r n\u00e5r de ikke har aircondition.<br\/>OberAs <a href=\"https:\/\/obera.fr\/da\/produits\/rafraichisseurs-air\/rafraichisseurs-par-evaporation-ic\/\">fordampningsk\u00f8lere fra IC-serien<\/a> tilbyder et enkelt, milj\u00f8venligt og mobilt alternativ til at forbedre beboernes velv\u00e6re, samtidig med at omkostningerne holdes under kontrol.<\/p>\n<\/div>\n\n\n\n<div class=\"wp-block-column is-layout-flow wp-block-column-is-layout-flow\" style=\"flex-basis:33.33%\">\n<figure class=\"wp-block-image aligncenter size-large is-resized\"><img decoding=\"async\" width=\"1024\" height=\"683\" src=\"https:\/\/obera.fr\/wp-content\/uploads\/2025\/08\/raf-secteur-tertiaire-1-1024x683.png\" alt=\"k&#xF8;ling i servicesektoren\" class=\"wp-image-128792\" style=\"width:267px;height:auto\" srcset=\"https:\/\/obera.fr\/wp-content\/uploads\/2025\/08\/raf-secteur-tertiaire-1-1024x683.png 1024w, https:\/\/obera.fr\/wp-content\/uploads\/2025\/08\/raf-secteur-tertiaire-1-300x200.png 300w, https:\/\/obera.fr\/wp-content\/uploads\/2025\/08\/raf-secteur-tertiaire-1-768x512.png 768w, https:\/\/obera.fr\/wp-content\/uploads\/2025\/08\/raf-secteur-tertiaire-1.png 1200w\" sizes=\"(max-width: 1024px) 100vw, 1024px\" \/><\/figure>\n<\/div>\n<\/div>\n\n<p><\/p>\n\n<h2 class=\"wp-block-heading\">1. Hvorfor er k\u00f8ling et kritisk emne i servicesektoren?<\/h2>\n\n<ul class=\"wp-block-list\">\n<li>Mange \u00e6ldre erhvervsejendomme er ikke designet til at integrere et centraliseret klimaanl\u00e6g.<\/li>\n\n\n\n<li>Hedeb\u00f8lgeperioder skaber overophedning indend\u00f8rs, hvilket p\u00e5virker komfort, koncentration og produktivitet.<\/li>\n\n\n\n<li><a href=\"https:\/\/obera.fr\/da\/bank-forsikring-tertiaere-kontorer\/\">Servicesektoren<\/a> er ogs\u00e5 underlagt stigende standarder for indend\u00f8rs luftkvalitet (IAQ) og arbejdsforhold.<\/li>\n\n\n\n<li>At investere i en effektiv, ikke-invasiv og \u00f8konomisk l\u00f8sning bliver derfor afg\u00f8rende, is\u00e6r i en kontekst af energibesparelse.<\/li>\n<\/ul>\n\n<h2 class=\"wp-block-heading\">2. Den naturlige funktion af fordampningsk\u00f8lere<\/h2>\n\n<ul class=\"wp-block-list\">\n<li>IC-k\u00f8lerne udnytter et <strong>simpelt og velafpr\u00f8vet fysisk princip<\/strong>: varm luft suges ind, fugtes ved at passere gennem en pude og bl\u00e6ses derefter ud ved en reduceret temperatur.<\/li>\n\n\n\n<li>I mods\u00e6tning til aircondition er der <strong>hverken k\u00f8lemiddel<\/strong>, fast installation eller overdreven p\u00e5virkning af den omgivende luftfugtighed.<\/li>\n\n\n\n<li>Luften bliver <strong>fornyet og filtreret<\/strong>, hvilket forbedrer den oplevede kvalitet i lukkede rum.<\/li>\n\n\n\n<li>Frav\u00e6ret af udvendig varmeudledning muligg\u00f8r brug uden konflikt med byplanl\u00e6gnings- eller arkitektoniske krav.<\/li>\n<\/ul>\n\n<p><\/p>\n\n<h2 class=\"wp-block-heading\">3. IC-modellerne: en diskret, effektiv og fleksibel serie<\/h2>\n\n<p>IC-modellerne, der tilbydes af OberA, muligg\u00f8r tilpasning til alle servicemilj\u00f8er:<\/p>\n\n<div class=\"wp-block-columns is-layout-flex wp-container-core-columns-is-layout-28f84493 wp-block-columns-is-layout-flex\">\n<div class=\"wp-block-column is-layout-flow wp-block-column-is-layout-flow\">\n<h3 class=\"wp-block-heading has-text-align-center\">IC 12<\/h3>\n\n\n\n<figure class=\"wp-block-image size-large\"><img decoding=\"async\" width=\"1024\" height=\"1024\" src=\"https:\/\/obera.fr\/wp-content\/uploads\/2025\/07\/ic-12-2-1024x1024.png\" alt=\"ic 12\" class=\"wp-image-124143\" srcset=\"https:\/\/obera.fr\/wp-content\/uploads\/2025\/07\/ic-12-2-1024x1024.png 1024w, https:\/\/obera.fr\/wp-content\/uploads\/2025\/07\/ic-12-2-300x300.png 300w, https:\/\/obera.fr\/wp-content\/uploads\/2025\/07\/ic-12-2-150x150.png 150w, https:\/\/obera.fr\/wp-content\/uploads\/2025\/07\/ic-12-2-768x768.png 768w, https:\/\/obera.fr\/wp-content\/uploads\/2025\/07\/ic-12-2.png 1200w\" sizes=\"(max-width: 1024px) 100vw, 1024px\" \/><\/figure>\n\n\n\n<ul class=\"wp-block-list\">\n<li>Luftstr\u00f8m: 12.000 m\u00b3\/t<\/li>\n\n\n\n<li>Til kontorer, m\u00f8delokaler, receptionsomr\u00e5der eller ventev\u00e6relser<\/li>\n\n\n\n<li>Ultrakompakt, diskret, st\u00f8jsvag, nem at flytte<\/li>\n<\/ul>\n\n\n\n<p><\/p>\n<\/div>\n\n\n\n<div class=\"wp-block-column is-layout-flow wp-block-column-is-layout-flow\">\n<h3 class=\"wp-block-heading has-text-align-center\">IC 22<\/h3>\n\n\n\n<figure class=\"wp-block-image size-large\"><img decoding=\"async\" width=\"1024\" height=\"1024\" src=\"https:\/\/obera.fr\/wp-content\/uploads\/2025\/07\/ic-22-2-1024x1024.png\" alt=\"ic 22\" class=\"wp-image-124296\" srcset=\"https:\/\/obera.fr\/wp-content\/uploads\/2025\/07\/ic-22-2-1024x1024.png 1024w, https:\/\/obera.fr\/wp-content\/uploads\/2025\/07\/ic-22-2-300x300.png 300w, https:\/\/obera.fr\/wp-content\/uploads\/2025\/07\/ic-22-2-150x150.png 150w, https:\/\/obera.fr\/wp-content\/uploads\/2025\/07\/ic-22-2-768x768.png 768w, https:\/\/obera.fr\/wp-content\/uploads\/2025\/07\/ic-22-2.png 1200w\" sizes=\"(max-width: 1024px) 100vw, 1024px\" \/><\/figure>\n\n\n\n<ul class=\"wp-block-list\">\n<li>Luftstr\u00f8m: 22.000 m\u00b3\/t<\/li>\n\n\n\n<li>Til store \u00e5bne kontorlandskaber, kantiner, biblioteker eller lobbyer<\/li>\n\n\n\n<li>Udstyret med et UV-system til vandhygiejne og en stor tank<\/li>\n<\/ul>\n\n\n\n<p><\/p>\n<\/div>\n\n\n\n<div class=\"wp-block-column is-layout-flow wp-block-column-is-layout-flow\">\n<h3 class=\"wp-block-heading has-text-align-center\">IC 12<\/h3>\n\n\n\n<figure class=\"wp-block-image size-large\"><img decoding=\"async\" width=\"1024\" height=\"1024\" src=\"https:\/\/obera.fr\/wp-content\/uploads\/2025\/07\/ic-30-4-1024x1024.png\" alt=\"ic 30\" class=\"wp-image-124370\" srcset=\"https:\/\/obera.fr\/wp-content\/uploads\/2025\/07\/ic-30-4-1024x1024.png 1024w, https:\/\/obera.fr\/wp-content\/uploads\/2025\/07\/ic-30-4-300x300.png 300w, https:\/\/obera.fr\/wp-content\/uploads\/2025\/07\/ic-30-4-150x150.png 150w, https:\/\/obera.fr\/wp-content\/uploads\/2025\/07\/ic-30-4-768x768.png 768w, https:\/\/obera.fr\/wp-content\/uploads\/2025\/07\/ic-30-4.png 1200w\" sizes=\"(max-width: 1024px) 100vw, 1024px\" \/><\/figure>\n\n\n\n<ul class=\"wp-block-list\">\n<li>Luftstr\u00f8m: 30.000 m\u00b3\/t<\/li>\n\n\n\n<li>Til store rum, store \u00e5bne kontorlandskaber, kantiner, biblioteker eller lobbyer<\/li>\n\n\n\n<li>Udstyret med et UV-system til vandhygiejne og en stor tank<\/li>\n<\/ul>\n\n\n\n<p><\/p>\n<\/div>\n<\/div>\n\n<div class=\"wp-block-buttons is-content-justification-center is-layout-flex wp-container-core-buttons-is-layout-a89b3969 wp-block-buttons-is-layout-flex\">\n<div class=\"wp-block-button\"><a class=\"wp-block-button__link wp-element-button\" href=\"https:\/\/obera.fr\/da\/produits\/rafraichisseurs-air\/rafraichisseurs-par-evaporation-ic\/\">Udforsk vores IC-serie<\/a><\/div>\n<\/div>\n\n<p><\/p>\n\n<h2 class=\"wp-block-heading\">4. De vigtigste fordele for administratorer af serviceomr\u00e5der<\/h2>\n\n<ul class=\"wp-block-list\">\n<li><strong>\u00d8jeblikkelig termisk komfort<\/strong> i varme perioder uden behov for ombygning<\/li>\n\n\n\n<li><strong>Forbedring af arbejdsmilj\u00f8et<\/strong> og brugertilfredshed<\/li>\n\n\n\n<li><strong>Reduktion af energiforbruget<\/strong> sammenlignet med traditionel aircondition<\/li>\n\n\n\n<li><strong>Fleksibel brug<\/strong>: mobile enheder, der kun bruges i sommerperioden<\/li>\n\n\n\n<li><strong>Forenklet vedligeholdelse<\/strong>, kompatibel med multi-site management<\/li>\n\n\n\n<li><strong>Lejel\u00f8sning tilg\u00e6ngelig<\/strong>, ideel til at teste uden initial investering<\/li>\n<\/ul>\n\n<p>Servicesektoren st\u00e5r i stigende grad over for udfordringer med indend\u00f8rs luftkvalitet og termisk komfort. OberAs IC-k\u00f8lere udg\u00f8r en praktisk og b\u00e6redygtig l\u00f8sning, der im\u00f8dekommer de nuv\u00e6rende krav til ydeevne, n\u00f8jsomhed og trivsel p\u00e5 arbejdspladsen, uden de begr\u00e6nsninger, der er forbundet med traditionel aircondition. <\/p>\n","protected":false},"excerpt":{"rendered":"<p>I kontorer, administrationer, offentlige institutioner, \u00e5bne kontorlandskaber, ventev\u00e6relser eller receptionsomr\u00e5der er styring af termisk komfort en afg\u00f8rende udfordring. <\/p>\n","protected":false},"author":13,"featured_media":83735,"comment_status":"open","ping_status":"closed","sticky":false,"template":"","format":"standard","meta":{"_acf_changed":false,"_seopress_robots_primary_cat":"none","_seopress_titles_title":"IC OberA k\u00f8lere: fleksibel termisk komfort til servicesektoren","_seopress_titles_desc":"Giv medarbejdere og brugere frisk og sund luft med IC-k\u00f8lere fra OberA: en naturlig, mobil og energieffektiv l\u00f8sning.","_seopress_robots_index":"","footnotes":""},"categories":[908],"tags":[416],"class_list":["post-134120","post","type-post","status-publish","format-standard","has-post-thumbnail","hentry","category-bank-forsikring-tertiaere-kontorer","tag-kolere","generate-columns","tablet-grid-50","mobile-grid-100","grid-parent","grid-50","no-featured-image-padding","resize-featured-image"],"acf":[],"_links":{"self":[{"href":"https:\/\/obera.fr\/da\/wp-json\/wp\/v2\/posts\/134120","targetHints":{"allow":["GET"]}}],"collection":[{"href":"https:\/\/obera.fr\/da\/wp-json\/wp\/v2\/posts"}],"about":[{"href":"https:\/\/obera.fr\/da\/wp-json\/wp\/v2\/types\/post"}],"author":[{"embeddable":true,"href":"https:\/\/obera.fr\/da\/wp-json\/wp\/v2\/users\/13"}],"replies":[{"embeddable":true,"href":"https:\/\/obera.fr\/da\/wp-json\/wp\/v2\/comments?post=134120"}],"version-history":[{"count":1,"href":"https:\/\/obera.fr\/da\/wp-json\/wp\/v2\/posts\/134120\/revisions"}],"predecessor-version":[{"id":134125,"href":"https:\/\/obera.fr\/da\/wp-json\/wp\/v2\/posts\/134120\/revisions\/134125"}],"wp:featuredmedia":[{"embeddable":true,"href":"https:\/\/obera.fr\/da\/wp-json\/wp\/v2\/media\/83735"}],"wp:attachment":[{"href":"https:\/\/obera.fr\/da\/wp-json\/wp\/v2\/media?parent=134120"}],"wp:term":[{"taxonomy":"category","embeddable":true,"href":"https:\/\/obera.fr\/da\/wp-json\/wp\/v2\/categories?post=134120"},{"taxonomy":"post_tag","embeddable":true,"href":"https:\/\/obera.fr\/da\/wp-json\/wp\/v2\/tags?post=134120"}],"curies":[{"name":"wp","href":"https:\/\/api.w.org\/{rel}","templated":true}]}}