{"id":134133,"date":"2025-09-14T07:36:00","date_gmt":"2025-09-14T05:36:00","guid":{"rendered":"https:\/\/obera.fr\/conseils\/termisk-komfort-i-butiksomraader-ic-koeleenheder-den-mobile-loesning-til-butikker\/"},"modified":"2025-11-27T21:30:16","modified_gmt":"2025-11-27T19:30:16","slug":"termisk-komfort-i-butiksomraader-ic-koeleenheder-den-mobile-loesning-til-butikker","status":"publish","type":"post","link":"https:\/\/obera.fr\/da\/handel\/termisk-komfort-i-butiksomraader-ic-koeleenheder-den-mobile-loesning-til-butikker\/","title":{"rendered":"Termisk komfort i butiksomr\u00e5der: IC-k\u00f8leenheder, den mobile l\u00f8sning til butikker"},"content":{"rendered":"\n<h2 class=\"wp-block-heading\">Introduktion<\/h2>\n\n<div class=\"wp-block-columns is-layout-flex wp-container-core-columns-is-layout-28f84493 wp-block-columns-is-layout-flex\">\n<div class=\"wp-block-column is-layout-flow wp-block-column-is-layout-flow\" style=\"flex-basis:66.66%\">\n<p>Detailhandel er en sektor, hvor kundeoplevelsen er direkte p\u00e5virket af butiksmilj\u00f8et. I perioder med h\u00f8j varme kan indend\u00f8rstemperaturen hurtigt blive ubehagelig, endda afskr\u00e6kkende, for b\u00e5de kunder og personale. Ikke alle butikker er udstyret med aircondition eller kan b\u00e6re omkostningerne ved det.<br\/>De <a href=\"https:\/\/obera.fr\/da\/produits\/rafraichisseurs-air\/rafraichisseurs-par-evaporation-ic\/\">industrielle luftk\u00f8lere i IC-serien<\/a> udviklet af <strong>OberA<\/strong> g\u00f8r det muligt effektivt at k\u00f8le butiksomr\u00e5der uden ombygning, til lavere omkostninger og p\u00e5 en milj\u00f8venlig m\u00e5de.  <\/p>\n<\/div>\n\n\n\n<div class=\"wp-block-column is-layout-flow wp-block-column-is-layout-flow\" style=\"flex-basis:33.33%\">\n<figure class=\"wp-block-image aligncenter size-large is-resized\"><img decoding=\"async\" width=\"1024\" height=\"683\" src=\"https:\/\/obera.fr\/wp-content\/uploads\/2025\/08\/raf-point-de-vente-1024x683.png\" alt=\"luftk&#xF8;ling i butikker\" class=\"wp-image-128719\" style=\"width:300px;height:auto\" srcset=\"https:\/\/obera.fr\/wp-content\/uploads\/2025\/08\/raf-point-de-vente-1024x683.png 1024w, https:\/\/obera.fr\/wp-content\/uploads\/2025\/08\/raf-point-de-vente-300x200.png 300w, https:\/\/obera.fr\/wp-content\/uploads\/2025\/08\/raf-point-de-vente-768x512.png 768w, https:\/\/obera.fr\/wp-content\/uploads\/2025\/08\/raf-point-de-vente.png 1200w\" sizes=\"(max-width: 1024px) 100vw, 1024px\" \/><\/figure>\n<\/div>\n<\/div>\n\n<h2 class=\"wp-block-heading\">1. Termiske udfordringer i butiksomr\u00e5der<\/h2>\n\n<ul class=\"wp-block-list\">\n<li><strong>Kundernes opholdstid<\/strong>, deres k\u00f8b og servicekvaliteten p\u00e5virkes direkte af stigende temperaturer.<\/li>\n\n\n\n<li><a href=\"https:\/\/obera.fr\/da\/handel\/\">Butikker i bymidten<\/a> eller \u00e6ldre bygninger er ofte d\u00e5rligt isolerede, med vinduer der vender mod syd.<\/li>\n\n\n\n<li><strong>Supermarkeder, showrooms eller overd\u00e6kkede markeder<\/strong> oplever hurtigt stigende indend\u00f8rstemperaturer allerede fra for\u00e5ret.<\/li>\n\n\n\n<li>Varmen p\u00e5virker ogs\u00e5 <strong>f\u00f8lsomme produkter<\/strong>: tekstiler, kosmetik, friske varer i \u00e5bne k\u00f8lediske.<\/li>\n<\/ul>\n\n<h2 class=\"wp-block-heading\">2. Den naturlige og diskrete funktion af fordampningsk\u00f8lere<\/h2>\n\n<ul class=\"wp-block-list\">\n<li>IC-k\u00f8lernes system er baseret p\u00e5 <strong>adiabatisk k\u00f8ling<\/strong>: den varme luft suges ind gennem en fugtet pude, k\u00f8les ned og bl\u00e6ses ud i rummet.<\/li>\n\n\n\n<li>Der er <strong>ingen k\u00f8lemiddel<\/strong>, ingen kompressor og ingen fast installation n\u00f8dvendig.<\/li>\n\n\n\n<li>Luften fornyes og fugtes naturligt uden at udt\u00f8rre butiksmilj\u00f8et.<\/li>\n\n\n\n<li>Driften er <strong>lydl\u00f8s<\/strong>, hvilket g\u00f8r den kompatibel med offentlige steder.<\/li>\n<\/ul>\n\n<p><\/p>\n\n<h2 class=\"wp-block-heading\">3. IC-serien: modeller til alle butiksformater<\/h2>\n\n<div class=\"wp-block-columns is-layout-flex wp-container-core-columns-is-layout-28f84493 wp-block-columns-is-layout-flex\">\n<div class=\"wp-block-column is-layout-flow wp-block-column-is-layout-flow\">\n<h3 class=\"wp-block-heading has-text-align-center\">IC 12<\/h3>\n\n\n\n<figure class=\"wp-block-image size-large\"><img decoding=\"async\" width=\"1024\" height=\"1024\" src=\"https:\/\/obera.fr\/wp-content\/uploads\/2025\/07\/ic-12-2-1024x1024.png\" alt=\"ic 12\" class=\"wp-image-124143\" srcset=\"https:\/\/obera.fr\/wp-content\/uploads\/2025\/07\/ic-12-2-1024x1024.png 1024w, https:\/\/obera.fr\/wp-content\/uploads\/2025\/07\/ic-12-2-300x300.png 300w, https:\/\/obera.fr\/wp-content\/uploads\/2025\/07\/ic-12-2-150x150.png 150w, https:\/\/obera.fr\/wp-content\/uploads\/2025\/07\/ic-12-2-768x768.png 768w, https:\/\/obera.fr\/wp-content\/uploads\/2025\/07\/ic-12-2.png 1200w\" sizes=\"(max-width: 1024px) 100vw, 1024px\" \/><\/figure>\n\n\n\n<ul class=\"wp-block-list\">\n<li>Ideel til n\u00e6rbutikker, butikker, fris\u00f8rsaloner, agenturer<\/li>\n\n\n\n<li>Luftflow p\u00e5 12.000 m\u00b3\/t<\/li>\n\n\n\n<li>Meget kompakt, h\u00e5ndterbar, diskret, nem at placere bag en kasse eller i en gang<\/li>\n<\/ul>\n\n\n\n<p><\/p>\n<\/div>\n\n\n\n<div class=\"wp-block-column is-layout-flow wp-block-column-is-layout-flow\">\n<h3 class=\"wp-block-heading has-text-align-center\">IC 22<\/h3>\n\n\n\n<figure class=\"wp-block-image size-large\"><img decoding=\"async\" width=\"1024\" height=\"1024\" src=\"https:\/\/obera.fr\/wp-content\/uploads\/2025\/07\/ic-22-2-1024x1024.png\" alt=\"ic 22\" class=\"wp-image-124296\" srcset=\"https:\/\/obera.fr\/wp-content\/uploads\/2025\/07\/ic-22-2-1024x1024.png 1024w, https:\/\/obera.fr\/wp-content\/uploads\/2025\/07\/ic-22-2-300x300.png 300w, https:\/\/obera.fr\/wp-content\/uploads\/2025\/07\/ic-22-2-150x150.png 150w, https:\/\/obera.fr\/wp-content\/uploads\/2025\/07\/ic-22-2-768x768.png 768w, https:\/\/obera.fr\/wp-content\/uploads\/2025\/07\/ic-22-2.png 1200w\" sizes=\"(max-width: 1024px) 100vw, 1024px\" \/><\/figure>\n\n\n\n<ul class=\"wp-block-list\">\n<li>Velegnet til mellemstore butikker, \u00f8kologiske butikker, salgshaller, udstillingsomr\u00e5der<\/li>\n\n\n\n<li>Luftflow p\u00e5 22.000 m\u00b3\/t<\/li>\n\n\n\n<li>Stor tank, integreret UV-system for perfekt hygiejne, god autonomi<\/li>\n<\/ul>\n\n\n\n<p><\/p>\n<\/div>\n\n\n\n<div class=\"wp-block-column is-layout-flow wp-block-column-is-layout-flow\">\n<h3 class=\"wp-block-heading has-text-align-center\">IC 30<\/h3>\n\n\n\n<figure class=\"wp-block-image size-large\"><img decoding=\"async\" width=\"1024\" height=\"1024\" src=\"https:\/\/obera.fr\/wp-content\/uploads\/2025\/07\/ic-30-4-1024x1024.png\" alt=\"ic 30\" class=\"wp-image-124370\" srcset=\"https:\/\/obera.fr\/wp-content\/uploads\/2025\/07\/ic-30-4-1024x1024.png 1024w, https:\/\/obera.fr\/wp-content\/uploads\/2025\/07\/ic-30-4-300x300.png 300w, https:\/\/obera.fr\/wp-content\/uploads\/2025\/07\/ic-30-4-150x150.png 150w, https:\/\/obera.fr\/wp-content\/uploads\/2025\/07\/ic-30-4-768x768.png 768w, https:\/\/obera.fr\/wp-content\/uploads\/2025\/07\/ic-30-4.png 1200w\" sizes=\"(max-width: 1024px) 100vw, 1024px\" \/><\/figure>\n\n\n\n<ul class=\"wp-block-list\">\n<li>Designet til store butiksarealer, bilshowrooms, havecentre, overd\u00e6kkede markeder<\/li>\n\n\n\n<li>Luftflow p\u00e5 30.000 m\u00b3\/t<\/li>\n\n\n\n<li>Kraftig k\u00f8ling til omr\u00e5der med h\u00f8j kundestr\u00f8m<\/li>\n<\/ul>\n\n\n\n<p><\/p>\n<\/div>\n<\/div>\n\n<div class=\"wp-block-buttons is-content-justification-center is-layout-flex wp-container-core-buttons-is-layout-a89b3969 wp-block-buttons-is-layout-flex\">\n<div class=\"wp-block-button\"><a class=\"wp-block-button__link wp-element-button\" href=\"https:\/\/obera.fr\/da\/produits\/rafraichisseurs-air\/rafraichisseurs-par-evaporation-ic\/\">Udforsk vores IC-serie<\/a><\/div>\n<\/div>\n\n<p><\/p>\n\n<h2 class=\"wp-block-heading\">4. Fordele for butiksejere og butiksansvarlige<\/h2>\n\n<ul class=\"wp-block-list\">\n<li><strong>\u00d8jeblikkelig komfort<\/strong> for kunder og medarbejdere<\/li>\n\n\n\n<li><strong>\u00d8get opholdstid<\/strong> og potentiel oms\u00e6tning<\/li>\n\n\n\n<li><strong>Ingen tung installation<\/strong> eller \u00e6ndring af lokalet<\/li>\n\n\n\n<li><strong>Total mobilitet<\/strong>: mulighed for at flytte enheden mellem omr\u00e5der (lager, salgsareal)<\/li>\n\n\n\n<li><strong>Reduceret energiforbrug<\/strong>, kompatibel med CSR-forpligtelser<\/li>\n\n\n\n<li><strong>Leje mulig<\/strong> for s\u00e6sonm\u00e6ssige spidsbelastninger eller perioder med udsalg, messer eller kommercielle begivenheder<\/li>\n<\/ul>\n\n<h2 class=\"wp-block-heading\">Konklusion<\/h2>\n\n<p>I et kommercielt milj\u00f8, hvor kundekomfort er en strategisk prioritet, fremst\u00e5r OberAs IC-serie af luftk\u00f8lere som en effektiv, diskret og ubesv\u00e6ret l\u00f8sning. De giver butiksejere mulighed for at forblive konkurrencedygtige, selv under hedeb\u00f8lger. <\/p>\n","protected":false},"excerpt":{"rendered":"<p>Detailhandel er en sektor, hvor kundeoplevelsen er direkte p\u00e5virket af butiksmilj\u00f8et. I perioder med h\u00f8je temperaturer kan indend\u00f8rstemperaturen hurtigt blive ubehagelig og endda afskr\u00e6kkende for b\u00e5de kunder og personale.  <\/p>\n","protected":false},"author":13,"featured_media":83735,"comment_status":"open","ping_status":"closed","sticky":false,"template":"","format":"standard","meta":{"_acf_changed":false,"_seopress_robots_primary_cat":"none","_seopress_titles_title":"OberA IC-k\u00f8leenheder: termisk komfort til butikker og showrooms","_seopress_titles_desc":"Forbedr kundeoplevelsen og medarbejderkomforten med OberAs mobile IC-k\u00f8leenheder: en \u00f8konomisk og milj\u00f8venlig l\u00f8sning uden installation","_seopress_robots_index":"","footnotes":""},"categories":[914],"tags":[416],"class_list":["post-134133","post","type-post","status-publish","format-standard","has-post-thumbnail","hentry","category-handel","tag-kolere","generate-columns","tablet-grid-50","mobile-grid-100","grid-parent","grid-50","no-featured-image-padding","resize-featured-image"],"acf":[],"_links":{"self":[{"href":"https:\/\/obera.fr\/da\/wp-json\/wp\/v2\/posts\/134133","targetHints":{"allow":["GET"]}}],"collection":[{"href":"https:\/\/obera.fr\/da\/wp-json\/wp\/v2\/posts"}],"about":[{"href":"https:\/\/obera.fr\/da\/wp-json\/wp\/v2\/types\/post"}],"author":[{"embeddable":true,"href":"https:\/\/obera.fr\/da\/wp-json\/wp\/v2\/users\/13"}],"replies":[{"embeddable":true,"href":"https:\/\/obera.fr\/da\/wp-json\/wp\/v2\/comments?post=134133"}],"version-history":[{"count":1,"href":"https:\/\/obera.fr\/da\/wp-json\/wp\/v2\/posts\/134133\/revisions"}],"predecessor-version":[{"id":134137,"href":"https:\/\/obera.fr\/da\/wp-json\/wp\/v2\/posts\/134133\/revisions\/134137"}],"wp:featuredmedia":[{"embeddable":true,"href":"https:\/\/obera.fr\/da\/wp-json\/wp\/v2\/media\/83735"}],"wp:attachment":[{"href":"https:\/\/obera.fr\/da\/wp-json\/wp\/v2\/media?parent=134133"}],"wp:term":[{"taxonomy":"category","embeddable":true,"href":"https:\/\/obera.fr\/da\/wp-json\/wp\/v2\/categories?post=134133"},{"taxonomy":"post_tag","embeddable":true,"href":"https:\/\/obera.fr\/da\/wp-json\/wp\/v2\/tags?post=134133"}],"curies":[{"name":"wp","href":"https:\/\/api.w.org\/{rel}","templated":true}]}}