{"id":145512,"date":"2026-01-20T15:01:12","date_gmt":"2026-01-20T13:01:12","guid":{"rendered":"https:\/\/obera.fr\/conseils\/indaander-franskmaendene-sund-luft-paa-deres-arbejdsplads-om-vinteren\/"},"modified":"2026-03-02T12:22:02","modified_gmt":"2026-03-02T10:22:02","slug":"indaander-franskmaendene-sund-luft-paa-deres-arbejdsplads-om-vinteren","status":"publish","type":"post","link":"https:\/\/obera.fr\/da\/presse\/indaander-franskmaendene-sund-luft-paa-deres-arbejdsplads-om-vinteren\/","title":{"rendered":"Ind\u00e5nder franskm\u00e6ndene sund luft p\u00e5 deres arbejdsplads om vinteren?"},"content":{"rendered":"\n<p>OberA pr\u00e6senterer resultaterne af en <strong>ny unders\u00f8gelse* blandt 4.102 personer<\/strong>, som belyser et vedvarende misforhold mellem termisk komfort og luftkvalitet p\u00e5 arbejdspladsen: st\u00e6rkt omdiskuterede ideelle temperaturer, sj\u00e6lden udluftning om vinteren, frav\u00e6r af luftrensningsudstyr, d\u00e5rligt kontrolleret fugtighed og usikkerhed om de rette tiltag mod vira. Unders\u00f8gelsen understreger ogs\u00e5 en st\u00e6rk forventning til arbejdsgiverne: et stort flertal eftersp\u00f8rger konkrete tiltag for sundere indend\u00f8rsluft i virksomheder og offentlige lokaler. <\/p>\n\n<figure class=\"wp-block-image aligncenter size-full\"><img decoding=\"async\" width=\"315\" height=\"210\" src=\"https:\/\/obera.fr\/wp-content\/uploads\/2026\/02\/sondage-obera-image.png\" alt=\"sondage obera image\" class=\"wp-image-143875\" srcset=\"https:\/\/obera.fr\/wp-content\/uploads\/2026\/02\/sondage-obera-image.png 315w, https:\/\/obera.fr\/wp-content\/uploads\/2026\/02\/sondage-obera-image-300x200.png 300w\" sizes=\"(max-width: 315px) 100vw, 315px\" \/><\/figure>\n\n<h2 class=\"wp-block-heading\">Arbejdspladser med d\u00e5rlig temperaturregulering? <\/h2>\n\n<p>At fryse for meget eller have det for varmt p\u00e5 sin arbejdsplads kan blive et reelt problem. Men p\u00e5 dette emne har ikke alle den samme opfattelse af den ideelle temperatur.  <\/p>\n\n<p>If\u00f8lge INRS ligger referencerne for termisk komfort mellem 21 og 23\u00b0C, og dette interval foretr\u00e6kkes kun af 41%. <\/p>\n\n<p>Nogle foretr\u00e6kker mere beskedne indstillinger p\u00e5 19\u00b0C eller mindre ved 21%, hvilket er et niveau t\u00e6t p\u00e5 retningslinjerne for energibesparelser fremh\u00e6vet i offentlig kommunikation.<\/p>\n\n<h3 class=\"wp-block-heading\">Hvilken temperatur foretr\u00e6kker De at have p\u00e5 Deres arbejdsplads om vinteren?<\/h3>\n\n<figure class=\"wp-block-table\"><table class=\"has-fixed-layout\"><tbody><tr><td><strong>Svar <\/strong><\/td><td><strong>Procenter<\/strong><\/td><\/tr><tr><td>17\u00b0C <\/td><td>2 %<\/td><\/tr><tr><td>18\u00b0C <\/td><td>11 %<\/td><\/tr><tr><td>19\u00b0C <\/td><td>19 %<\/td><\/tr><tr><td>20\u00b0C <\/td><td>21 %<\/td><\/tr><tr><td>21\u00b0C <\/td><td>18 %<\/td><\/tr><tr><td>22\u00b0C <\/td><td>12 %<\/td><\/tr><tr><td>23\u00b0C <\/td><td>11 %<\/td><\/tr><tr><td>Mere end 24\u00b0C <\/td><td>5 %<\/td><\/tr><tr><td>Jeg ved ikke <\/td><td>1 %<\/td><\/tr><\/tbody><\/table><\/figure>\n\n<h3 class=\"wp-block-heading\">Franskm\u00e6ndene foretr\u00e6kker at have det varmt frem for fornyet luft<\/h3>\n\n<p>Hvis de skal v\u00e6lge, foretr\u00e6kker n\u00e6sten hver anden franskmand at have det godt varmt, selv om luften sj\u00e6ldent fornyes (48%), mod 41%, der prioriterer regelm\u00e6ssigt fornyet luft, selv om det betyder at acceptere en k\u00f8ligere atmosf\u00e6re. Endelig erkl\u00e6rer 11%, at de ikke kan v\u00e6lge, hvilket indikerer, at afvejningen afh\u00e6nger af situationen (vejr, kuldef\u00f8lsomhed, type lokaler). Disse resultater bekr\u00e6fter den termiske komforts betydning i opfattelsen af et sundt milj\u00f8, selv om offentlige anbefalinger understreger vigtigheden af daglig udluftning, ogs\u00e5 om vinteren.   <\/p>\n\n<h3 class=\"wp-block-heading\">Hvis De skal v\u00e6lge, hvad foretr\u00e6kker De:<\/h3>\n\n<figure class=\"wp-block-table\"><table class=\"has-fixed-layout\"><tbody><tr><td><strong>Svar <\/strong><\/td><td><strong>Procenter<\/strong><\/td><\/tr><tr><td><strong>At have det godt varmt, selv om luften sj\u00e6ldent fornyes <\/strong><\/td><td><strong>48 %<\/strong><\/td><\/tr><tr><td>At have det lidt k\u00f8ligere, men med regelm\u00e6ssigt fornyet luft <\/td><td>41 %<\/td><\/tr><tr><td>Jeg ved ikke \/ det afh\u00e6nger af situationen <\/td><td>11 %<\/td><\/tr><\/tbody><\/table><\/figure>\n\n<h2 class=\"wp-block-heading\">Franskm\u00e6ndene bekymrer sig om fugtigheden&#8230; men uden reel kontrol <\/h2>\n\n<p>Luftfugtigheden p\u00e5 arbejdspladsen er en meget udbredt bekymring: 90% af de adspurgte personer bekymrer sig om den, men kun 8% angiver, at den faktisk testes for at kende niveauet. Omvendt erkl\u00e6rer 82%, at de ikke har en klar opf\u00f8lgning (31% ved ikke, om der findes tests, og 51% bekr\u00e6fter, at ingen tester den), hvilket stemmer overens med konstateringer fra nationale unders\u00f8gelser om indend\u00f8rs luftkvalitet, der viser en st\u00e6rk uvidenhed om m\u00e5linger og deres styring i virksomheder.  <\/p>\n\n<p>Den relative fugtighed er imidlertid en anerkendt parameter for komfort og sundhed, med anbefalinger ofte omkring 40-60% for at begr\u00e6nse gener og ubalancer.<\/p>\n\n<h3 class=\"wp-block-heading\">Bekymrer De Dem om fugtigheden i luften p\u00e5 Deres arbejdsplads?<\/h3>\n\n<figure class=\"wp-block-table\"><table class=\"has-fixed-layout\"><tbody><tr><td><strong>Svar <\/strong><\/td><td><strong>Procenter<\/strong><\/td><\/tr><tr><td>Ja, den testes for at kende niveauet <\/td><td>8 %<\/td><\/tr><tr><td>Ja, men jeg ved ikke, om den testes <\/td><td>31 %<\/td><\/tr><tr><td>Ja, men ingen tester den <\/td><td>51 %<\/td><\/tr><tr><td>Nej, det bekymrer mig ikke <\/td><td>10 %<\/td><\/tr><\/tbody><\/table><\/figure>\n\n<h3 class=\"wp-block-heading\">Hvilken l\u00f8sning mod kollegernes mikrober? <\/h3>\n\n<p>Om vinteren er mikroberne i luften. Alligevel viser svarene stor usikkerhed om de rette reflekser for at undg\u00e5 smitte. S\u00e5ledes v\u00e6lger kun et relativt mindretal p\u00e5 31% den mest omfattende strategi: korte udluftninger + luftrenser. De \u00f8vrige 50% fordeler sig mellem en enkelt handling (vindue trods kulde\/forurening ved 21% eller luftrenser alene ved 29%), og 19% erkl\u00e6rer, at de ikke ved, hvilken holdning de skal indtage (11%), eller ikke g\u00f8r noget overhovedet (8%).    <\/p>\n\n<p>Alligevel er anbefalingerne ret klare og anbefaler udluftning og ventilation selv om vinteren via gentagne \u00e5bninger p\u00e5 f\u00e5 minutter. Tilf\u00f8rslen af frisk luft reducerer ophobningen af aerosoler.  <\/p>\n\n<p>HEPA-filtrering er ogs\u00e5 nyttig som supplement. <\/p>\n\n<h3 class=\"wp-block-heading\">For at reducere risiciene forbundet med luftb\u00e5rne mikrober (aerosoler) er det bedste svar if\u00f8lge Dem:<\/h3>\n\n<figure class=\"wp-block-table\"><table class=\"has-fixed-layout\"><tbody><tr><td><strong>Svar <\/strong><\/td><td><strong>Procenter<\/strong><\/td><\/tr><tr><td>\u00c5bne vinduet, selv om udeluften er meget kold og muligvis forurenet <\/td><td>21 %<\/td><\/tr><tr><td>Bruge en luftrenser (type HEPA, aktivt kul, m\u00e6tning, regenererbar) <\/td><td>29 %<\/td><\/tr><tr><td>Foretage korte regelm\u00e6ssige udluftninger og bruge en luftrenser <\/td><td>31 %<\/td><\/tr><tr><td>Ikke g\u00f8re noget overhovedet <\/td><td>8 %<\/td><\/tr><tr><td>Jeg ved ikke <\/td><td>11 %<\/td><\/tr><\/tbody><\/table><\/figure>\n\n<h2 class=\"wp-block-heading\">Stop de lukkede vinduer! <\/h2>\n\n<p>Udluftning p\u00e5 arbejdspladsen synes i vid udstr\u00e6kning utilstr\u00e6kkelig og d\u00e5rligt styret: kun 22% erkl\u00e6rer at \u00e5bne vinduerne mindst \u00e9n gang om dagen (7% flere gange, 15% \u00e9n gang), mens 54% g\u00f8r det sj\u00e6ldnere (21% nogle gange om ugen, 14% sj\u00e6ldent, 19% aldrig). Is\u00e6r svarer 24%, at de ikke ved det eller ikke har vinduer, hvilket indikerer mangel p\u00e5 retningslinjer og vanskeligheder med at anvende de rette tiltag.  <\/p>\n\n<h3 class=\"wp-block-heading\">Hvor ofte \u00e5bnes vinduerne om vinteren i Deres arbejdsomr\u00e5de?<\/h3>\n\n<figure class=\"wp-block-table\"><table class=\"has-fixed-layout\"><tbody><tr><td><strong>Svar <\/strong><\/td><td><strong>Procenter<\/strong><\/td><\/tr><tr><td>Flere gange om dagen <\/td><td>7 %<\/td><\/tr><tr><td>1 gang om dagen <\/td><td>15 %<\/td><\/tr><tr><td>Nogle gange om ugen <\/td><td>21 %<\/td><\/tr><tr><td>Sj\u00e6ldent <\/td><td>14 %<\/td><\/tr><tr><td>Aldrig <\/td><td>19 %<\/td><\/tr><tr><td>Jeg ved ikke \/ ingen vinduer <\/td><td>24 %<\/td><\/tr><\/tbody><\/table><\/figure>\n\n<h2 class=\"wp-block-heading\">D\u00e5rlig luft p\u00e5 arbejdspladsen? <\/h2>\n\n<p>Hvem har aldrig oplevet indeklemt luft p\u00e5 sin arbejdsplads? <\/p>\n\n<p>78% af franskm\u00e6ndene konstaterer det (31% ofte og 47% nogle gange), mod kun 17%, der ikke bem\u00e6rker noget (14% sj\u00e6ldent, 3% aldrig). <\/p>\n\n<p>Indend\u00f8rs luftkvalitet forbliver d\u00e5rligt styret og d\u00e5rligt forst\u00e5et. N\u00e5r luften virker indeklemt, ved mange faktisk ikke, hvilke l\u00f8sninger de skal aktivere (ventilation, korte og regelm\u00e6ssige udluftninger, filtrering). CO\u2082 er dog en nyttig mark\u00f8r for utilstr\u00e6kkeligt fornyet luft, og simple tiltag (udlufte\/ventilere) reducerer ophobningen af forurenende stoffer og aerosoler.   <\/p>\n\n<h3 class=\"wp-block-heading\">Har De nogensinde oplevet, at luften er indeklemt p\u00e5 arbejdspladsen om vinteren?<\/h3>\n\n<figure class=\"wp-block-table\"><table class=\"has-fixed-layout\"><tbody><tr><td><strong>Svar <\/strong><\/td><td><strong>Procenter<\/strong><\/td><\/tr><tr><td>Ja, ofte <\/td><td>31 %<\/td><\/tr><tr><td><strong>Ja, nogle gange <\/strong><\/td><td><strong>47 %<\/strong><\/td><\/tr><tr><td>Nej, sj\u00e6ldent <\/td><td>14 %<\/td><\/tr><tr><td>Nej, aldrig <\/td><td>3 %<\/td><\/tr><tr><td>Jeg ved ikke <\/td><td>5 %<\/td><\/tr><\/tbody><\/table><\/figure>\n\n<h2 class=\"wp-block-heading\">D\u00e5rlig h\u00e5ndtering ved sygdom <\/h2>\n\n<p>N\u00e5r en kollega har hoste eller fork\u00f8lelse, forbliver situationen i vid udstr\u00e6kning d\u00e5rligt h\u00e5ndteret af franskm\u00e6ndene. 43% erkl\u00e6rer at m\u00f8de syge p\u00e5 arbejde mod kun 25%, der bliver hjemme. For 29% afh\u00e6nger alt af konteksten og situationen.   <\/p>\n\n<p>Pr\u00e6sentismekulturen er stadig for udbredt i Frankrig, som Dares understreger: mere end \u00e9n sygedag ud af fire (27%) resulterer i tilstedev\u00e6relse p\u00e5 arbejdet. Anbefalinger fra folkesundhedsmyndighederne og sund fornuft minder om, at man ved symptomer skal begr\u00e6nse smitte (is\u00e6r ved at b\u00e6re maske p\u00e5 arbejdet, n\u00e5r man er syg) og anvende barriereforanstaltninger.  <\/p>\n\n<p>Disse resultater taler for operationelle retningslinjer i virksomheder (hjemmearbejde hvis muligt, tilbagevenden til kontoret med maske ved symptomer, forst\u00e6rket udluftning\/ventilation) for at undg\u00e5, at forebyggelsen hviler p\u00e5 individuel afvejning. <\/p>\n\n<h3 class=\"wp-block-heading\">N\u00e5r en kollega er syg (hoste\/fork\u00f8lelse), hvad sker der oftest?<\/h3>\n\n<figure class=\"wp-block-table\"><table class=\"has-fixed-layout\"><tbody><tr><td><strong>Svar <\/strong><\/td><td><strong>Procenter<\/strong><\/td><\/tr><tr><td>Han\/hun bliver hjemme <\/td><td>25 %<\/td><\/tr><tr><td><strong>Han\/hun kommer alligevel (af n\u00f8dvendighed) <\/strong><\/td><td><strong>43 %<\/strong><\/td><\/tr><tr><td>Det afh\u00e6nger af teamene \/ perioderne <\/td><td>29 %<\/td><\/tr><tr><td>Jeg ved ikke <\/td><td>3 %<\/td><\/tr><\/tbody><\/table><\/figure>\n\n<h3 class=\"wp-block-heading\">Hvad g\u00f8r franskm\u00e6ndene egentlig over for en syg kollega? <\/h3>\n\n<p>Siden Covid er visse reflekser blevet indskrevet i kollektive vaner. Over for en syg kollega er de mest n\u00e6vnte tiltag h\u00e5ndhygiejne\/desinfektion (53%) og afstandstagen (41%).  <\/p>\n\n<p>Derimod anvendes de mest strukturerende foranstaltninger i lukkede rum langt sj\u00e6ldnere, s\u00e5som forst\u00e6rket udluftning (27%) samt brug af maske (18%). <\/p>\n\n<p>Det mest chokerende er, at 37% af franskm\u00e6ndene ogs\u00e5 n\u00e6vner passive reaktioner (ikke \u00e6ndre deres adf\u00e6rd ved 25%, eller som ikke g\u00f8r noget overhovedet ved 12%). <\/p>\n\n<p>Denne svaghed i kollektive reflekser er i overensstemmelse med alle nationale konstateringer. Barriereforanstaltninger og brug af maske er faktisk faldet markant i befolkningen. Disse data taler for simple retningslinjer i virksomheder: gentagne korte udluftninger, mulighed for videom\u00f8der, masker til r\u00e5dighed, regler ved symptomer og is\u00e6r <a href=\"https:\/\/obera.fr\/da\/produits\/purificateurs-air\/\">luftrensningsudstyr<\/a>.   <\/p>\n\n<h3 class=\"wp-block-heading\">N\u00e5r en kollega er syg (hoste\/fork\u00f8lelse), hvad g\u00f8r De oftest? (maksimalt 3 valg) <\/h3>\n\n<figure class=\"wp-block-table\"><table class=\"has-fixed-layout\"><tbody><tr><td><strong>Svar <\/strong><\/td><td><strong>Procenter<\/strong><\/td><\/tr><tr><td>Jeg holder afstand og begr\u00e6nser ansigt-til-ansigt udvekslinger <\/td><td>41 %<\/td><\/tr><tr><td>Jeg b\u00e6rer maske (mindst ved m\u00f8der\/i n\u00e6rheden) <\/td><td>18 %<\/td><\/tr><tr><td>Jeg udlufter mere (jeg \u00e5bner vinduet, n\u00e5r det er muligt) <\/td><td>27 %<\/td><\/tr><tr><td>Jeg vasker\/desinficerer mine h\u00e6nder oftere og desinficerer min arbejdsplads <\/td><td>53 %<\/td><\/tr><tr><td>Jeg undg\u00e5r fysiske m\u00f8der \/ jeg anmoder om et videom\u00f8de <\/td><td>18 %<\/td><\/tr><tr><td>Jeg beder kollegaen om at tage hjem \/ arbejde hjemmefra (hvis muligt) <\/td><td>16 %<\/td><\/tr><tr><td>Jeg beder om at tage hjem for at arbejde hjemmefra (hvis muligt) <\/td><td>12 %<\/td><\/tr><tr><td>Jeg rapporterer det til en leder\/HR (hvis situationen udg\u00f8r et problem) <\/td><td>6 %<\/td><\/tr><tr><td>Jeg \u00e6ndrer intet \/ jeg finder mig i det <\/td><td>25 %<\/td><\/tr><tr><td>Jeg g\u00f8r intet overhovedet <\/td><td>12 %<\/td><\/tr><tr><td>Andet <\/td><td>3 %<\/td><\/tr><\/tbody><\/table><\/figure>\n\n<h2 class=\"wp-block-heading\">8 ud af 10 franskm\u00e6nd \u00f8nsker handling fra virksomheder og offentlige lokaler <\/h2>\n\n<p>Franskm\u00e6ndene udtrykker en meget st\u00e6rk forventning til virksomheder og offentlige lokaler: 83% mener, at der skal g\u00f8res mere for at garantere eksemplarisk luftkvalitet, heraf 56%, der vurderer, at &#8220;alt endnu skal g\u00f8res&#8221;. En forventning, der st\u00e5r i kontrast til den stadig ulige praksis i marken. <\/p>\n\n<p>Den indskriver sig ogs\u00e5 i et underskud af retningslinjer: en del af medarbejderne ved ikke, hvordan luftkvaliteten m\u00e5les eller styres, mens myndighederne anbefaler simple og effektive tiltag som regelm\u00e6ssig udluftning og opf\u00f8lgning af indikatorer (f.eks. CO\u2082 i visse etablissementer). <\/p>\n\n<p>Endelig viser de 11%, der mener, at det ikke er deres rolle, og de 6%, der ikke udtaler sig, at der stadig er et p\u00e6dagogisk arbejde at g\u00f8re vedr\u00f8rende indend\u00f8rsluftens sundhedsm\u00e6ssige p\u00e5virkning og bygningsforvalteres kollektive ansvar. <\/p>\n\n<h3 class=\"wp-block-heading\">Mener De, at virksomheder og alle offentlige lokaler b\u00f8r g\u00f8re mere for at sikre eksemplarisk luftkvalitet?<\/h3>\n\n<figure class=\"wp-block-table\"><table class=\"has-fixed-layout\"><tbody><tr><td><strong>Svar <\/strong><\/td><td><strong>Procenter<\/strong><\/td><\/tr><tr><td><strong>Ja, absolut, alt skal endnu g\u00f8res <\/strong><\/td><td><strong>56 %<\/strong><\/td><\/tr><tr><td>Ja, men de g\u00f8r allerede meget <\/td><td>27 %<\/td><\/tr><tr><td>Nej, det er ikke deres rolle <\/td><td>11 %<\/td><\/tr><tr><td>Jeg ved ikke \/ Udtaler sig ikke <\/td><td>6 %<\/td><\/tr><\/tbody><\/table><\/figure>\n\n<p><em>&#8220;Resultaterne af denne unders\u00f8gelse viser en farlig refleks: man prioriterer ofte at have det godt varmt p\u00e5 bekostning af sund luft. Om vinteren har man imidlertid ikke altid refleksen at \u00e5bne vinduerne s\u00e5 meget, som man burde. Det er derfor her, at luftrensningssystemer bliver essentielle: de supplerer effektivt udluftningen og g\u00f8r det muligt varigt at reducere belastningen af partikler og aerosoler i arbejdsomr\u00e5der uden at ofre komforten. Vi konfronteres l\u00f8bende med virksomheder, der undervurderer n\u00f8dvendigheden af at forbedre og styre luftkvaliteten for deres medarbejdere. En bevidstg\u00f8relse, der dog er vital&#8221;. <\/em><\/p>\n\n<h2 class=\"wp-block-heading\">Unders\u00f8gelsens metode<\/h2>\n\n<p>Unders\u00f8gelse gennemf\u00f8rt blandt en repr\u00e6sentativ stikpr\u00f8ve p\u00e5 4.102 personer bosiddende i Frankrig, 18 \u00e5r og \u00e6ldre. Unders\u00f8gelse gennemf\u00f8rt online i januar 2026 fra BuzzPress&#8217; respondentpanel (27.700 personer i Frankrig spurgt elektronisk via e-mail og p\u00e5 de sociale netv\u00e6rk Facebook og LinkedIn). Profiler af virksomheder n\u00e6vnt af respondenterne for deres arbejdsplads:   <\/p>\n\n<ul class=\"wp-block-list\">\n<li>Industri \/ produktion: 16% <\/li>\n\n\n\n<li>Service til privatpersoner (sundhed, socialt, hjemmehj\u00e6lp, butikker, restauration&#8230;): 27% <\/li>\n\n\n\n<li>Service til virksomheder (r\u00e5dgivning, IT, finans, kommunikation&#8230;): 24% <\/li>\n\n\n\n<li>Offentlig sektor \/ halvoffentlig (administrationer, undervisning, hospitaler&#8230;): 18% <\/li>\n\n\n\n<li>Byggeri \/ anl\u00e6g: 8% <\/li>\n\n\n\n<li>Transport \/ logistik: 6% <\/li>\n\n\n\n<li>Andet \/ udtaler sig ikke: 1% <\/li>\n<\/ul>\n\n<p>Svar kompileret og v\u00e6gtet i henhold til forudindstillede kvoter med henblik p\u00e5 at sikre stikpr\u00f8vens repr\u00e6sentativitet og for at opn\u00e5 en repr\u00e6sentativitet af den m\u00e5lrettede befolkning. Alle v\u00e6gtninger bygger p\u00e5 administrative data og p\u00e5 data indsamlet af INSEE. <\/p>\n\n<h2 class=\"wp-block-heading has-text-align-center\">De har talt om os!<\/h2>\n\n<div class=\"wp-block-columns are-vertically-aligned-center is-layout-flex wp-container-core-columns-is-layout-28f84493 wp-block-columns-is-layout-flex\">\n<div class=\"wp-block-column is-vertically-aligned-center is-layout-flow wp-block-column-is-layout-flow\">\n<figure class=\"wp-block-image aligncenter size-large\"><img decoding=\"async\" width=\"1024\" height=\"538\" src=\"https:\/\/obera.fr\/wp-content\/uploads\/2026\/02\/logo_de_doctissimo-1024x538.jpg\" alt=\"logo de doctissimo\" class=\"wp-image-143878\" srcset=\"https:\/\/obera.fr\/wp-content\/uploads\/2026\/02\/logo_de_doctissimo-1024x538.jpg 1024w, https:\/\/obera.fr\/wp-content\/uploads\/2026\/02\/logo_de_doctissimo-300x158.jpg 300w, https:\/\/obera.fr\/wp-content\/uploads\/2026\/02\/logo_de_doctissimo-768x403.jpg 768w, https:\/\/obera.fr\/wp-content\/uploads\/2026\/02\/logo_de_doctissimo.jpg 1200w\" sizes=\"(max-width: 1024px) 100vw, 1024px\" \/><figcaption class=\"wp-element-caption\"><a href=\"https:\/\/www.doctissimo.fr\/famille\/travail\/sante-et-travail\/43-des-francais-vont-travailler-malades-et-les-virus-sinvitent-en-salle-de-reunion-603072.htm\" data-type=\"link\" data-id=\"https:\/\/www.doctissimo.fr\/famille\/travail\/sante-et-travail\/43-des-francais-vont-travailler-malades-et-les-virus-sinvitent-en-salle-de-reunion-603072.htm\" target=\"_blank\" rel=\"noreferrer noopener nofollow\">Se artiklen<\/a><\/figcaption><\/figure>\n<\/div>\n\n\n\n<div class=\"wp-block-column is-vertically-aligned-center is-layout-flow wp-block-column-is-layout-flow\">\n<figure class=\"wp-block-image aligncenter size-large\"><img decoding=\"async\" width=\"1024\" height=\"1024\" src=\"https:\/\/obera.fr\/wp-content\/uploads\/2026\/02\/bfm_tv_logo-1024x1024.png\" alt=\"bfm tv logo\" class=\"wp-image-143879\" srcset=\"https:\/\/obera.fr\/wp-content\/uploads\/2026\/02\/bfm_tv_logo-1024x1024.png 1024w, https:\/\/obera.fr\/wp-content\/uploads\/2026\/02\/bfm_tv_logo-300x300.png 300w, https:\/\/obera.fr\/wp-content\/uploads\/2026\/02\/bfm_tv_logo-150x150.png 150w, https:\/\/obera.fr\/wp-content\/uploads\/2026\/02\/bfm_tv_logo-768x768.png 768w, https:\/\/obera.fr\/wp-content\/uploads\/2026\/02\/bfm_tv_logo.png 1200w\" sizes=\"(max-width: 1024px) 100vw, 1024px\" \/><figcaption class=\"wp-element-caption\"><a href=\"https:\/\/www.bfmtv.com\/sante\/video-selon-une-etude-43-des-francais-vont-travailler-en-etant-malades_VN-202601270111.html\" target=\"_blank\" rel=\"noreferrer noopener nofollow\">Se artiklen<\/a><\/figcaption><\/figure>\n<\/div>\n\n\n\n<div class=\"wp-block-column is-vertically-aligned-center is-layout-flow wp-block-column-is-layout-flow\">\n<figure class=\"wp-block-image aligncenter size-full\"><img decoding=\"async\" width=\"640\" height=\"360\" src=\"https:\/\/obera.fr\/wp-content\/uploads\/2026\/02\/laprovence-logo-media.jpg\" alt=\"laprovence logo media\" class=\"wp-image-143880\" srcset=\"https:\/\/obera.fr\/wp-content\/uploads\/2026\/02\/laprovence-logo-media.jpg 640w, https:\/\/obera.fr\/wp-content\/uploads\/2026\/02\/laprovence-logo-media-300x169.jpg 300w\" sizes=\"(max-width: 640px) 100vw, 640px\" \/><figcaption class=\"wp-element-caption\"><a href=\"https:\/\/www.laprovence.com\/article\/societe\/40354383352299\/peur-detre-mal-vu-a-leuro-pres-sans-teletravail-43-des-francais-vont-travailler-en-etant-malades\" data-type=\"link\" data-id=\"https:\/\/www.laprovence.com\/article\/societe\/40354383352299\/peur-detre-mal-vu-a-leuro-pres-sans-teletravail-43-des-francais-vont-travailler-en-etant-malades\" target=\"_blank\" rel=\"noreferrer noopener nofollow\">Se artiklen<\/a><\/figcaption><\/figure>\n<\/div>\n\n\n\n<div class=\"wp-block-column is-vertically-aligned-center is-layout-flow wp-block-column-is-layout-flow\">\n<figure class=\"wp-block-image aligncenter size-full\"><img decoding=\"async\" width=\"512\" height=\"512\" src=\"https:\/\/obera.fr\/wp-content\/uploads\/2026\/02\/corsematin-logo.png\" alt=\"corsematin logo\" class=\"wp-image-143881\" srcset=\"https:\/\/obera.fr\/wp-content\/uploads\/2026\/02\/corsematin-logo.png 512w, https:\/\/obera.fr\/wp-content\/uploads\/2026\/02\/corsematin-logo-300x300.png 300w, https:\/\/obera.fr\/wp-content\/uploads\/2026\/02\/corsematin-logo-150x150.png 150w\" sizes=\"(max-width: 512px) 100vw, 512px\" \/><\/figure>\n<\/div>\n\n\n\n<div class=\"wp-block-column is-vertically-aligned-center is-layout-flow wp-block-column-is-layout-flow\">\n<figure class=\"wp-block-image aligncenter size-full\"><img decoding=\"async\" width=\"500\" height=\"500\" src=\"https:\/\/obera.fr\/wp-content\/uploads\/2026\/02\/demotivteur-logo.jpg\" alt=\"demotivteur logo\" class=\"wp-image-143882\" srcset=\"https:\/\/obera.fr\/wp-content\/uploads\/2026\/02\/demotivteur-logo.jpg 500w, https:\/\/obera.fr\/wp-content\/uploads\/2026\/02\/demotivteur-logo-300x300.jpg 300w, https:\/\/obera.fr\/wp-content\/uploads\/2026\/02\/demotivteur-logo-150x150.jpg 150w\" sizes=\"(max-width: 500px) 100vw, 500px\" \/><figcaption class=\"wp-element-caption\"><a href=\"https:\/\/www.demotivateur.fr\/lifestyle\/43-des-francais-vont-travailler-en-etant-malades-selon-une-enquete-47039\" data-type=\"link\" data-id=\"https:\/\/www.demotivateur.fr\/lifestyle\/43-des-francais-vont-travailler-en-etant-malades-selon-une-enquete-47039\" target=\"_blank\" rel=\"noreferrer noopener nofollow\">Se artiklen<\/a><\/figcaption><\/figure>\n<\/div>\n<\/div>\n\n<div class=\"wp-block-columns are-vertically-aligned-center is-layout-flex wp-container-core-columns-is-layout-28f84493 wp-block-columns-is-layout-flex\">\n<div class=\"wp-block-column is-vertically-aligned-center is-layout-flow wp-block-column-is-layout-flow\">\n<figure class=\"wp-block-image aligncenter size-full\"><img decoding=\"async\" width=\"1024\" height=\"443\" src=\"https:\/\/obera.fr\/wp-content\/uploads\/2026\/02\/logo-msn.png\" alt=\"logo msn\" class=\"wp-image-143883\" srcset=\"https:\/\/obera.fr\/wp-content\/uploads\/2026\/02\/logo-msn.png 1024w, https:\/\/obera.fr\/wp-content\/uploads\/2026\/02\/logo-msn-300x130.png 300w, https:\/\/obera.fr\/wp-content\/uploads\/2026\/02\/logo-msn-768x332.png 768w\" sizes=\"(max-width: 1024px) 100vw, 1024px\" \/><figcaption class=\"wp-element-caption\"><a href=\"https:\/\/www.msn.com\/fr-ch\/actualite\/other\/pr%C3%A8s-d-un-salari%C3%A9-sur-deux-va-travailler-malgr%C3%A9-des-signes-de-maladie\/ar-AA1V3q6q\" data-type=\"link\" data-id=\"https:\/\/www.doctissimo.fr\/famille\/travail\/sante-et-travail\/43-des-francais-vont-travailler-malades-et-les-virus-sinvitent-en-salle-de-reunion-603072.htm\" target=\"_blank\" rel=\"noreferrer noopener nofollow\">Se artiklen<\/a><\/figcaption><\/figure>\n<\/div>\n\n\n\n<div class=\"wp-block-column is-vertically-aligned-center is-layout-flow wp-block-column-is-layout-flow\">\n<figure class=\"wp-block-image aligncenter size-large\"><img decoding=\"async\" width=\"1024\" height=\"349\" src=\"https:\/\/obera.fr\/wp-content\/uploads\/2026\/02\/logo-orange-1024x349.jpg\" alt=\"logo orange\" class=\"wp-image-143884\" srcset=\"https:\/\/obera.fr\/wp-content\/uploads\/2026\/02\/logo-orange-1024x349.jpg 1024w, https:\/\/obera.fr\/wp-content\/uploads\/2026\/02\/logo-orange-300x102.jpg 300w, https:\/\/obera.fr\/wp-content\/uploads\/2026\/02\/logo-orange-768x262.jpg 768w, https:\/\/obera.fr\/wp-content\/uploads\/2026\/02\/logo-orange-1536x523.jpg 1536w, https:\/\/obera.fr\/wp-content\/uploads\/2026\/02\/logo-orange.jpg 1659w\" sizes=\"(max-width: 1024px) 100vw, 1024px\" \/><figcaption class=\"wp-element-caption\"><a href=\"https:\/\/actu.orange.fr\/videos\/france\/selon-une-etude-43-des-francais-vont-travailler-en-etant-malades-CNT000002mZ3oz.html\" target=\"_blank\" rel=\"noreferrer noopener nofollow\">Se artiklen<\/a><\/figcaption><\/figure>\n<\/div>\n\n\n\n<div class=\"wp-block-column is-vertically-aligned-center is-layout-flow wp-block-column-is-layout-flow\">\n<figure class=\"wp-block-image aligncenter size-full\"><img decoding=\"async\" width=\"259\" height=\"195\" src=\"https:\/\/obera.fr\/wp-content\/uploads\/2026\/02\/logo-maxiflash.png\" alt=\"logo maxiflash\" class=\"wp-image-143885\"\/><figcaption class=\"wp-element-caption\"><a href=\"https:\/\/haguenau.maxi-flash.com\/etude-les-francais-travaillent-meme-malades\/\" data-type=\"link\" data-id=\"https:\/\/www.laprovence.com\/article\/societe\/40354383352299\/peur-detre-mal-vu-a-leuro-pres-sans-teletravail-43-des-francais-vont-travailler-en-etant-malades\" target=\"_blank\" rel=\"noreferrer noopener nofollow\">Se artiklen<\/a><\/figcaption><\/figure>\n<\/div>\n\n\n\n<div class=\"wp-block-column is-vertically-aligned-center is-layout-flow wp-block-column-is-layout-flow\">\n<figure class=\"wp-block-image aligncenter size-full\"><img decoding=\"async\" width=\"368\" height=\"108\" src=\"https:\/\/obera.fr\/wp-content\/uploads\/2026\/02\/logo_echo_mardi.png\" alt=\"logo echo mardi\" class=\"wp-image-143886\" srcset=\"https:\/\/obera.fr\/wp-content\/uploads\/2026\/02\/logo_echo_mardi.png 368w, https:\/\/obera.fr\/wp-content\/uploads\/2026\/02\/logo_echo_mardi-300x88.png 300w\" sizes=\"(max-width: 368px) 100vw, 368px\" \/><figcaption class=\"wp-element-caption\"><a href=\"https:\/\/www.echodumardi.com\/actualite\/43-des-francais-declarent-aller-travailler-meme-en-etant-malades\/amp\/\" data-type=\"link\" data-id=\"https:\/\/www.echodumardi.com\/actualite\/43-des-francais-declarent-aller-travailler-meme-en-etant-malades\/amp\/\" target=\"_blank\" rel=\"noreferrer noopener nofollow\">Se artiklen<\/a><\/figcaption><\/figure>\n<\/div>\n\n\n\n<div class=\"wp-block-column is-vertically-aligned-center is-layout-flow wp-block-column-is-layout-flow\">\n<p class=\"has-text-align-center\">Og meget mere&#8230;<\/p>\n<\/div>\n<\/div>\n","protected":false},"excerpt":{"rendered":"<p>OberA pr\u00e6senterer resultaterne af en ny unders\u00f8gelse* blandt 4.102 personer, som belyser et vedvarende misforhold mellem termisk komfort og luftkvalitet p\u00e5 arbejdspladsen: st\u00e6rkt omdiskuterede ideelle temperaturer, sj\u00e6lden udluftning om vinteren, frav\u00e6r af luftrensningsudstyr, d\u00e5rligt kontrolleret fugtighed og usikkerhed om de rette tiltag mod vira. Unders\u00f8gelsen understreger ogs\u00e5 en st\u00e6rk forventning til arbejdsgiverne: et stort flertal eftersp\u00f8rger konkrete tiltag for sundere indend\u00f8rsluft i virksomheder og offentlige lokaler. Arbejdspladser med d\u00e5rlig temperaturregulering? At fryse for meget eller have det for varmt p\u00e5 sin arbejdsplads kan blive et reelt problem. Men p\u00e5 dette emne har ikke alle den samme opfattelse af den ideelle &#8230; <\/p>\n<p class=\"read-more-container\"><a title=\"Ind\u00e5nder franskm\u00e6ndene sund luft p\u00e5 deres arbejdsplads om vinteren?\" class=\"read-more button\" href=\"https:\/\/obera.fr\/da\/presse\/indaander-franskmaendene-sund-luft-paa-deres-arbejdsplads-om-vinteren\/#more-145512\" aria-label=\"Read more about Ind\u00e5nder franskm\u00e6ndene sund luft p\u00e5 deres arbejdsplads om vinteren?\">Lire la suite<\/a><\/p>\n","protected":false},"author":13,"featured_media":0,"comment_status":"open","ping_status":"closed","sticky":false,"template":"","format":"standard","meta":{"_acf_changed":false,"_seopress_robots_primary_cat":"none","_seopress_titles_title":"Unders\u00f8gelse af luftkvaliteten p\u00e5 arbejdspladsen om vinteren - OberA","_seopress_titles_desc":"OberA pr\u00e6senterer resultaterne af en ny unders\u00f8gelse blandt 4.102 personer, som belyser et misforhold mellem termisk komfort og luftkvalitet p\u00e5 arbejdspladsen","_seopress_robots_index":"","footnotes":""},"categories":[992],"tags":[303],"class_list":["post-145512","post","type-post","status-publish","format-standard","hentry","category-presse","tag-entete-lille","generate-columns","tablet-grid-50","mobile-grid-100","grid-parent","grid-50","no-featured-image-padding"],"acf":[],"_links":{"self":[{"href":"https:\/\/obera.fr\/da\/wp-json\/wp\/v2\/posts\/145512","targetHints":{"allow":["GET"]}}],"collection":[{"href":"https:\/\/obera.fr\/da\/wp-json\/wp\/v2\/posts"}],"about":[{"href":"https:\/\/obera.fr\/da\/wp-json\/wp\/v2\/types\/post"}],"author":[{"embeddable":true,"href":"https:\/\/obera.fr\/da\/wp-json\/wp\/v2\/users\/13"}],"replies":[{"embeddable":true,"href":"https:\/\/obera.fr\/da\/wp-json\/wp\/v2\/comments?post=145512"}],"version-history":[{"count":1,"href":"https:\/\/obera.fr\/da\/wp-json\/wp\/v2\/posts\/145512\/revisions"}],"predecessor-version":[{"id":145514,"href":"https:\/\/obera.fr\/da\/wp-json\/wp\/v2\/posts\/145512\/revisions\/145514"}],"wp:attachment":[{"href":"https:\/\/obera.fr\/da\/wp-json\/wp\/v2\/media?parent=145512"}],"wp:term":[{"taxonomy":"category","embeddable":true,"href":"https:\/\/obera.fr\/da\/wp-json\/wp\/v2\/categories?post=145512"},{"taxonomy":"post_tag","embeddable":true,"href":"https:\/\/obera.fr\/da\/wp-json\/wp\/v2\/tags?post=145512"}],"curies":[{"name":"wp","href":"https:\/\/api.w.org\/{rel}","templated":true}]}}