{"id":53615,"date":"2023-04-18T10:02:38","date_gmt":"2023-04-18T08:02:38","guid":{"rendered":"https:\/\/obera.fr\/conseils\/hvordan-kraever-den-franske-arbejdslov-at-arbejdspladserne-opdateres\/"},"modified":"2025-04-23T09:13:14","modified_gmt":"2025-04-23T07:13:14","slug":"code-du-travail-et-canicule-lobligation-de-rafraichir-les-locaux","status":"publish","type":"post","link":"https:\/\/obera.fr\/da\/vores-raad\/code-du-travail-et-canicule-lobligation-de-rafraichir-les-locaux\/","title":{"rendered":"Hvordan kr\u00e6ver arbejdsloven, at arbejdspladserne skal opdateres?"},"content":{"rendered":"\n<p>Med klimaforandringerne<strong> oplever Frankrig mere intense og hyppigere hedeb\u00f8lger<\/strong>. If\u00f8lge M\u00e9t\u00e9o France oplevede Frankrig f\u00f8r 1989 i gennemsnit 1,7 dage med hedeb\u00f8lger om \u00e5ret. I det seneste \u00e5rti er tallet steget til 9,4 dage. M\u00e9t\u00e9o France forudser, at antallet af hedeb\u00f8lger vil v\u00e6re fordoblet inden 2050.   <\/p>\n\n<p>Disse perioder med intens varme skaber <strong>unormalt h\u00f8je temperaturer<\/strong> og udg\u00f8r en sundhedsrisiko for arbejderne. Der er risiko for dehydrering, udmattelse, hedeslag osv. Disse risici kan blive tydelige fra de allerf\u00f8rste dage med varme. <\/p>\n\n<p>Den franske <strong>arbejdslov<\/strong> siger, at arbejdsgiveren skal tr\u00e6ffe de n\u00f8dvendige foranstaltninger for at garantere <a href=\"https:\/\/obera.fr\/da\/vores-raad\/qualite-de-lair-etablissements-de-sante\/\">arbejdstagernes sikkerhed og beskytte deres helbred<\/a> i forbindelse med temperaturstigninger. Disse foranstaltninger vedr\u00f8rer : <\/p>\n\n<ul class=\"wp-block-list\">\n<li><strong>installation af ventilation<\/strong> i overensstemmelse med reglerne (artikel R4222-1 i den franske arbejdslov).<\/li>\n\n\n\n<li><strong>giver medarbejderne <\/strong>beskyttelse mod ekstrem varme.<\/li>\n\n\n\n<li><strong>Gratis frisk vand.<\/strong><\/li>\n<\/ul>\n\n<p>Arbejdsgiveren tilpasser disse foranstaltninger ved at henvise til <strong>M\u00e9t\u00e9o Frances meteorologiske overv\u00e5gning <\/strong>ssystem, som advarer om hedeb\u00f8lger, der udg\u00f8r en sundhedsrisiko. Dette system er kendetegnet ved temperaturt\u00e6rskler for hver afdeling, som ikke m\u00e5 overskrides. <\/p>\n\n<figure class=\"wp-block-image aligncenter size-full is-resized\"><img decoding=\"async\" width=\"500\" height=\"500\" src=\"https:\/\/obera.fr\/wp-content\/uploads\/2023\/06\/france_ete-1.png\" alt=\"france ete 1\" class=\"wp-image-23220\" style=\"width:375px;height:375px\" srcset=\"https:\/\/obera.fr\/wp-content\/uploads\/2023\/06\/france_ete-1.png 500w, https:\/\/obera.fr\/wp-content\/uploads\/2023\/06\/france_ete-1-300x300.png 300w, https:\/\/obera.fr\/wp-content\/uploads\/2023\/06\/france_ete-1-150x150.png 150w\" sizes=\"(max-width: 500px) 100vw, 500px\" \/><\/figure>\n\n<p><strong>Bl\u00e5 alarm:<\/strong> <strong>spids <\/strong>af intens <strong>varme <\/strong>over 1 eller 2 dage, der overstiger t\u00e6rskelv\u00e6rdien, eller <strong>vedvarende episode<\/strong> af <strong>varme<\/strong> (mere end 3 dage) med temperaturer t\u00e6t p\u00e5 afdelingens t\u00e6rskelv\u00e6rdi. Disse h\u00e6ndelser udg\u00f8r en sundhedsrisiko for arbejdere, der er overeksponeret for varme i milj\u00f8er som farverier, vaskerier, k\u00f8kkener, st\u00f8berier osv. Det er en hurtig og effektiv l\u00f8sning at installere mobile k\u00f8lere i n\u00e6rheden af overeksponerede arbejdere.  <\/p>\n\n<p><strong>Orange alarm:<\/strong> <strong>Varmeb\u00f8lge<\/strong>, der varer 3 dage og n\u00e6tter i tr\u00e6k og overskrider minimums- og maksimumsgr\u00e6nserne. Ogs\u00e5 her er den hurtige og relevante l\u00f8sning en <a href=\"https:\/\/obera.fr\/da\/vores-rad\/mobile-adiabatiske-luftkoelere-en-fleksibel-praktisk-loesning-til-industrielle-anvendelser\/\">mobil adiabatisk k\u00f8ler<\/a> til medarbejdere, der uds\u00e6ttes for varme som f\u00f8lge af deres fysiske aktivitet eller det termiske milj\u00f8 p\u00e5 arbejdspladsen. <\/p>\n\n<p><strong>R\u00f8d alarm:<\/strong> <strong>ekstrem hedeb\u00f8lge. <\/strong>Varmeb\u00f8lge af us\u00e6dvanlig varighed og intensitet med forv\u00e6rrende faktorer, der har stor indflydelse p\u00e5 alle typer medarbejderes helbred, og som kan have afledte effekter p\u00e5 virksomhedens kontinuitet.<\/p>\n\n<div class=\"wp-block-columns is-layout-flex wp-container-core-columns-is-layout-28f84493 wp-block-columns-is-layout-flex\">\n<div class=\"wp-block-column is-layout-flow wp-block-column-is-layout-flow\" style=\"flex-basis:50%\">\n<p>En r\u00f8d alarm udl\u00f8ser automatisk lovm\u00e6ssige forpligtelser. Hver dag skal arbejdsgiveren revurdere risikoen for arbejdstagerne under hensyntagen til: \u00e6ndringer i temperaturen i l\u00f8bet af dagen, arbejdets art og arbejdstagernes alder og sundhedstilstand. Hvis arbejdsgiveren ikke g\u00f8r det, kan medarbejderen indbringe sagen for arbejdstilsynet eller det sociale og \u00f8konomiske udvalg eller g\u00f8re brug af sin fortrydelsesret.  <\/p>\n\n\n\n<p>I tilf\u00e6lde af en r\u00f8d alarm er<strong>arbejdsgiverne n\u00f8dt til at<\/strong> reagere hurtigt. Ans\u00e6ttelse af luftfriskere er svaret p\u00e5 dette problem. Jo h\u00f8jere temperatur, jo mere effektiv er k\u00f8leren. I tilf\u00e6lde af r\u00f8d alarm skal k\u00f8leren have en tilstr\u00e6kkelig h\u00f8j luftstr\u00f8m til at opretholde en behagelig temperatur. Det kan ogs\u00e5 v\u00e6re en god id\u00e9 at leje flere k\u00f8lebokse for at bek\u00e6mpe en ekstrem hedeb\u00f8lge effektivt.    <\/p>\n<\/div>\n\n\n\n<div class=\"wp-block-column is-layout-flow wp-block-column-is-layout-flow\" style=\"flex-basis:50%\">\n<figure class=\"wp-block-embed is-type-video is-provider-youtube wp-block-embed-youtube wp-embed-aspect-16-9 wp-has-aspect-ratio\"><div class=\"wp-block-embed__wrapper\">\n<iframe title=\"Rafraichisseur d&#039;air - Gamme IC - OberA\" width=\"1200\" height=\"675\" src=\"https:\/\/www.youtube.com\/embed\/NG-Ssy2oM70?feature=oembed\" frameborder=\"0\" allow=\"accelerometer; autoplay; clipboard-write; encrypted-media; gyroscope; picture-in-picture; web-share\" referrerpolicy=\"strict-origin-when-cross-origin\" allowfullscreen><\/iframe>\n<\/div><\/figure>\n<\/div>\n<\/div>\n\n<div style=\"height:20px\" aria-hidden=\"true\" class=\"wp-block-spacer\"><\/div>\n\n<div class=\"wp-block-buttons is-content-justification-center is-layout-flex wp-container-core-buttons-is-layout-a89b3969 wp-block-buttons-is-layout-flex\">\n<div class=\"wp-block-button\"><a class=\"wp-block-button__link wp-element-button\" href=\"https:\/\/obera.fr\/da\/contact\/\">BRUG FOR PERSONLIG R\u00c5DGIVNING?<\/a><\/div>\n<\/div>\n","protected":false},"excerpt":{"rendered":"<p>Med klimaforandringerne oplever Frankrig mere intense og hyppigere hedeb\u00f8lger. If\u00f8lge M\u00e9t\u00e9o France oplevede Frankrig f\u00f8r 1989 i gennemsnit 1,7 dage med hedeb\u00f8lger om \u00e5ret. I det seneste \u00e5rti er tallet steget til 9,4 dage. M\u00e9t\u00e9o France forudser, at antallet af hedeb\u00f8lger vil v\u00e6re fordoblet inden 2050.   <\/p>\n","protected":false},"author":4,"featured_media":85443,"comment_status":"closed","ping_status":"closed","sticky":false,"template":"","format":"standard","meta":{"_acf_changed":false,"_seopress_robots_primary_cat":"none","_seopress_titles_title":"Kr\u00e6ver arbejdsloven forfriskninger p\u00e5 arbejdspladsen?","_seopress_titles_desc":"I henhold til arbejdsloven er arbejdsgivere forpligtet til at s\u00f8rge for, at deres lokaler holdes k\u00f8lige under hedeb\u00f8lger. F\u00e5 mere at vide om de foranstaltninger, der skal iv\u00e6rks\u00e6ttes. ","_seopress_robots_index":"","footnotes":""},"categories":[295],"tags":[303],"class_list":["post-53615","post","type-post","status-publish","format-standard","has-post-thumbnail","hentry","category-vores-raad","tag-entete-lille","generate-columns","tablet-grid-50","mobile-grid-100","grid-parent","grid-50","no-featured-image-padding","resize-featured-image"],"acf":[],"_links":{"self":[{"href":"https:\/\/obera.fr\/da\/wp-json\/wp\/v2\/posts\/53615","targetHints":{"allow":["GET"]}}],"collection":[{"href":"https:\/\/obera.fr\/da\/wp-json\/wp\/v2\/posts"}],"about":[{"href":"https:\/\/obera.fr\/da\/wp-json\/wp\/v2\/types\/post"}],"author":[{"embeddable":true,"href":"https:\/\/obera.fr\/da\/wp-json\/wp\/v2\/users\/4"}],"replies":[{"embeddable":true,"href":"https:\/\/obera.fr\/da\/wp-json\/wp\/v2\/comments?post=53615"}],"version-history":[{"count":3,"href":"https:\/\/obera.fr\/da\/wp-json\/wp\/v2\/posts\/53615\/revisions"}],"predecessor-version":[{"id":86150,"href":"https:\/\/obera.fr\/da\/wp-json\/wp\/v2\/posts\/53615\/revisions\/86150"}],"wp:featuredmedia":[{"embeddable":true,"href":"https:\/\/obera.fr\/da\/wp-json\/wp\/v2\/media\/85443"}],"wp:attachment":[{"href":"https:\/\/obera.fr\/da\/wp-json\/wp\/v2\/media?parent=53615"}],"wp:term":[{"taxonomy":"category","embeddable":true,"href":"https:\/\/obera.fr\/da\/wp-json\/wp\/v2\/categories?post=53615"},{"taxonomy":"post_tag","embeddable":true,"href":"https:\/\/obera.fr\/da\/wp-json\/wp\/v2\/tags?post=53615"}],"curies":[{"name":"wp","href":"https:\/\/api.w.org\/{rel}","templated":true}]}}