{"id":66218,"date":"2022-05-24T16:54:00","date_gmt":"2022-05-24T14:54:00","guid":{"rendered":"https:\/\/obera.fr\/conseils\/qualite-air-salle-classe\/"},"modified":"2025-05-06T10:15:46","modified_gmt":"2025-05-06T08:15:46","slug":"qualite-air-salle-classe","status":"publish","type":"post","link":"https:\/\/obera.fr\/da\/vores-raad\/qualite-air-salle-classe\/","title":{"rendered":"Hvilken luftkvalitet er der i klassev\u00e6relset?"},"content":{"rendered":"\n<p><strong> Kvaliteten af luften i et klassev\u00e6relse<\/strong> kan p\u00e5virke b\u00e5de elevernes koncentration og deres velbefindende i skolen. Den kan v\u00e6re \u00e5rsag til hovedpine eller \u00f8jenirritation og har v\u00e6ret genstand for et dekret, der g\u00e6lder fra 2018 i visse institutioner.   <\/p>\n\n<p>Her ser vi p\u00e5 <strong>regler<\/strong> og <strong>forureningsbegr\u00e6nsende udstyr<\/strong> til et klassev\u00e6relse.<\/p>\n\n<h2 class=\"wp-block-heading\">Luftkvalitet i klassev\u00e6relset: regler<\/h2>\n\n<p>I 2013 tog sundheds- og milj\u00f8ministerierne sp\u00f8rgsm\u00e5let om forurening i det offentlige rum op. De lancerede en handlingsplan som bilag til den nationale sundheds- og milj\u00f8plan.   <\/p>\n\n<h3 class=\"wp-block-heading\">Ber\u00f8rte virksomheder<\/h3>\n\n<p>Artikel L. 221-8 og R. 221-30 i den franske milj\u00f8lov foreskriver, at <strong>overv\u00e5gning af indend\u00f8rs luftkvalitet<\/strong> skal omfatte :  <\/p>\n\n<ul class=\"wp-block-list\">\n<li>B\u00f8rnepasningsfaciliteter for b\u00f8rn under 6 \u00e5r, f.eks. vuggestuer og b\u00f8rnehaver;<\/li>\n\n\n\n<li>Alle grundskoler og gymnasier;<\/li>\n\n\n\n<li>Fritidscentre.<\/li>\n<\/ul>\n\n<h3 class=\"wp-block-heading\">Dato for implementering<\/h3>\n\n<p>Dekret 2015-1000 af 17. august 2015 indf\u00f8rer <strong>overv\u00e5gning af luftkvaliteten i klassev\u00e6relser<\/strong> fra januar :  <\/p>\n\n<ul class=\"wp-block-list\">\n<li>2018 for alle grundskoler og b\u00f8rnehaver;<\/li>\n\n\n\n<li>2020 for fritidscentre, coll\u00e8ges og <a href=\"https:\/\/obera.fr\/conseils\/un-lycee-nous-fait-confiance\/\">lyc\u00e9es<\/a>.<\/li>\n<\/ul>\n\n<p>For andre institutioner, der er \u00e5bne for offentligheden, er datoen for overholdelse sat til 1. januar 2023.<\/p>\n\n<h2 class=\"wp-block-heading\">Luftkvalitet i skoler: overv\u00e5gning<\/h2>\n\n<p>I henhold til loven har <strong>luftkvalitetsoverv\u00e5gningssystemet for en klasse<\/strong> 2 komponenter:  <\/p>\n\n<ul class=\"wp-block-list\">\n<li>En revision af ventilationssystemer;<\/li>\n\n\n\n<li>En kampagne for at m\u00e5le forurenende stoffer.<\/li>\n<\/ul>\n\n<p>Det betyder, at man skal kontrollere, at<strong> luftcirkulationssystemet<\/strong> er tilg\u00e6ngeligt.<\/p>\n\n<h3 class=\"wp-block-heading\">Vurdering af ventilation<\/h3>\n\n<p>Det diagnostiske afsnit vurderer ventilationsforholdene i et klassev\u00e6relse. Den vurderer is\u00e6r tilstanden af klasselokalets ventilations\u00e5bninger. <\/p>\n\n<p>Bem\u00e6rk, at denne vurdering kan udf\u00f8res af virksomhedens tekniske afdeling.  <\/p>\n\n<h3 class=\"wp-block-heading\">Pr\u00f8vetagning af forurenende stoffer  <\/h3>\n\n<p>Pr\u00f8ver taget p\u00e5 stedet kan bruges til n\u00f8jagtigt at m\u00e5le niveauet af :<\/p>\n\n<ul class=\"wp-block-list\">\n<li>Formaldehyd ;<\/li>\n\n\n\n<li>Benzen ;<\/li>\n\n\n\n<li>Perklorethylen ;<\/li>\n\n\n\n<li>CO2 ;<\/li>\n\n\n\n<li>Og s\u00e5 videre.<\/li>\n<\/ul>\n\n<p>Derefter udf\u00f8res to serier af tests med ca. 6 m\u00e5neders mellemrum.<\/p>\n\n<h2 class=\"wp-block-heading\">M\u00e5ling af luftforurening i klassev\u00e6relset<\/h2>\n\n<p>Installation af CO2-sensorer er en m\u00e5de at overv\u00e5ge <a href=\"https:\/\/obera.fr\/da\/vores-raad\/qualite-l-air-interieur-critere-essentiel-industrie\/\" data-type=\"post\" data-id=\"5884\">luftkvaliteten<\/a> n\u00f8jagtigt p\u00e5. OberA forsyner alle skoler med <strong>udstyr til m\u00e5ling af luftkvaliteten i klassev\u00e6relset<\/strong>. De er lige s\u00e5 enkle at bruge, som de er effektive.    <\/p>\n\n<h3 class=\"wp-block-heading\">CO2-sensoren<\/h3>\n\n<p>Denne lille boks kontrollerer luftkvaliteten i et klassev\u00e6relse i realtid, eller mere pr\u00e6cist manglen p\u00e5 ventilation. En <a href=\"https:\/\/obera.fr\/da\/produits\/analyseurs-air\/capteur-co2-obcare\/\">CO2-sensor<\/a> m\u00e5ler pr\u00e6cist og viser koncentrationen af kuldioxid i ppm (parts per million). N\u00e5r sk\u00e6rmen er r\u00f8d, er det tid til at ventilere lokalet ved at \u00e5bne vinduerne eller bruge en luftrenser.    <\/p>\n\n<div class=\"wp-block-columns is-layout-flex wp-container-core-columns-is-layout-28f84493 wp-block-columns-is-layout-flex\">\n<div class=\"wp-block-column is-layout-flow wp-block-column-is-layout-flow\">\n<figure class=\"wp-block-image aligncenter size-medium\"><img decoding=\"async\" width=\"300\" height=\"225\" src=\"https:\/\/obera.fr\/wp-content\/uploads\/2022\/01\/Capteur-CO2-OberA-300x225.jpg\" alt=\"obera co2-sensor\" class=\"wp-image-8381\" srcset=\"https:\/\/obera.fr\/wp-content\/uploads\/2022\/01\/Capteur-CO2-OberA-300x225.jpg 300w, https:\/\/obera.fr\/wp-content\/uploads\/2022\/01\/Capteur-CO2-OberA-1024x768.jpg 1024w, https:\/\/obera.fr\/wp-content\/uploads\/2022\/01\/Capteur-CO2-OberA-768x576.jpg 768w, https:\/\/obera.fr\/wp-content\/uploads\/2022\/01\/Capteur-CO2-OberA-1536x1152.jpg 1536w, https:\/\/obera.fr\/wp-content\/uploads\/2022\/01\/Capteur-CO2-OberA-2048x1536.jpg 2048w\" sizes=\"(max-width: 300px) 100vw, 300px\" \/><figcaption class=\"wp-element-caption\">OBCAR CO2-sensor<\/figcaption><\/figure>\n<\/div>\n\n\n\n<div class=\"wp-block-column is-layout-flow wp-block-column-is-layout-flow\"><\/div>\n<\/div>\n\n<h3 class=\"wp-block-heading\">Luftanalysatoren<\/h3>\n\n<p>Vores luftanalysator giver problemfri overv\u00e5gning af de <strong>forurenende stoffer, der kan v\u00e6re til stede i et klassev\u00e6relse<\/strong>. Denne diskrete, tilsluttede enhed analyserer n\u00f8jagtigt koncentrationen af fine partikler, VOC&#8217;er, temperatur, luftfugtighed og CO2-niveauer i et klassev\u00e6relse. De r\u00e5 data hentes derefter og vises p\u00e5 en graf.    <\/p>\n\n<blockquote class=\"wp-block-quote is-layout-flow wp-block-quote-is-layout-flow\">\n<p>Denne enhed har en alarm, n\u00e5r t\u00e6rsklen p\u00e5 800 ppm CO2, som anbefales af sundhedsministeriet, overskrides.  <\/p>\n<\/blockquote>\n\n<p>Som du sikkert har bem\u00e6rket, kr\u00e6ver <strong>lovgivningen<\/strong> nu, at luftkvaliteten overv\u00e5ges i klassev\u00e6relset. Hos <a href=\"https:\/\/obera.fr\/da\/\">OberA<\/a> har vi enkle overv\u00e5gningsapparater, der kan advare dig, n\u00e5r kuldioxidniveauet er for h\u00f8jt. Du skal blot lufte ud i lokalet eller bruge en luftrenser for at vende tilbage til et sundt milj\u00f8. T\u00f8v ikke med at <strong>kontakte os for mere information<\/strong>.   <\/p>\n\n<div class=\"wp-block-buttons is-horizontal is-content-justification-center is-layout-flex wp-container-core-buttons-is-layout-03627597 wp-block-buttons-is-layout-flex\">\n<div class=\"wp-block-button has-custom-width wp-block-button__width-100\"><a class=\"wp-block-button__link wp-element-button\" href=\"https:\/\/obera.fr\/da\/kontakt-os\/\">F\u00e5 flere oplysninger<\/a><\/div>\n<\/div>\n","protected":false},"excerpt":{"rendered":"<p>Kvaliteten af luften i et klassev\u00e6relse kan p\u00e5virke b\u00e5de elevernes koncentration og deres velbefindende i skolen. Den kan v\u00e6re \u00e5rsag til hovedpine eller \u00f8jenirritation og har v\u00e6ret genstand for et dekret, der g\u00e6lder fra 2018 i visse institutioner.   <\/p>\n","protected":false},"author":4,"featured_media":95588,"comment_status":"open","ping_status":"closed","sticky":false,"template":"","format":"standard","meta":{"_acf_changed":false,"_seopress_robots_primary_cat":"none","_seopress_titles_title":"Qualit\u00e9 de l'air salle de classe: r\u00e9glementation et dispositifs","_seopress_titles_desc":"Comment doit \u00eatre la qualit\u00e9 de l\u2019air dans une salle de classe ? OberA vous dit tout sur la r\u00e9glementation et les dispositifs de contr\u00f4le.","_seopress_robots_index":"","footnotes":""},"categories":[295],"tags":[303],"class_list":["post-66218","post","type-post","status-publish","format-standard","has-post-thumbnail","hentry","category-vores-raad","tag-entete-lille","generate-columns","tablet-grid-50","mobile-grid-100","grid-parent","grid-50","no-featured-image-padding","resize-featured-image"],"acf":[],"_links":{"self":[{"href":"https:\/\/obera.fr\/da\/wp-json\/wp\/v2\/posts\/66218","targetHints":{"allow":["GET"]}}],"collection":[{"href":"https:\/\/obera.fr\/da\/wp-json\/wp\/v2\/posts"}],"about":[{"href":"https:\/\/obera.fr\/da\/wp-json\/wp\/v2\/types\/post"}],"author":[{"embeddable":true,"href":"https:\/\/obera.fr\/da\/wp-json\/wp\/v2\/users\/4"}],"replies":[{"embeddable":true,"href":"https:\/\/obera.fr\/da\/wp-json\/wp\/v2\/comments?post=66218"}],"version-history":[{"count":4,"href":"https:\/\/obera.fr\/da\/wp-json\/wp\/v2\/posts\/66218\/revisions"}],"predecessor-version":[{"id":95664,"href":"https:\/\/obera.fr\/da\/wp-json\/wp\/v2\/posts\/66218\/revisions\/95664"}],"wp:featuredmedia":[{"embeddable":true,"href":"https:\/\/obera.fr\/da\/wp-json\/wp\/v2\/media\/95588"}],"wp:attachment":[{"href":"https:\/\/obera.fr\/da\/wp-json\/wp\/v2\/media?parent=66218"}],"wp:term":[{"taxonomy":"category","embeddable":true,"href":"https:\/\/obera.fr\/da\/wp-json\/wp\/v2\/categories?post=66218"},{"taxonomy":"post_tag","embeddable":true,"href":"https:\/\/obera.fr\/da\/wp-json\/wp\/v2\/tags?post=66218"}],"curies":[{"name":"wp","href":"https:\/\/api.w.org\/{rel}","templated":true}]}}