{"id":67413,"date":"2020-11-20T16:38:52","date_gmt":"2020-11-20T14:38:52","guid":{"rendered":"https:\/\/obera.fr\/conseils\/qualite-air-evolution-societe\/"},"modified":"2025-05-07T10:14:52","modified_gmt":"2025-05-07T08:14:52","slug":"qualite-air-evolution-societe","status":"publish","type":"post","link":"https:\/\/obera.fr\/da\/vores-raad\/qualite-air-evolution-societe\/","title":{"rendered":"Luftkvalitet: \u00e6ndringer i samfundet"},"content":{"rendered":"\n<h2 class=\"wp-block-heading\" id=\"evolution-future-de-la-reglementation\">Fremtidig udvikling af lovgivningen<\/h2>\n\n<p><em><strong>Forurening med fine partikler er i stigende grad i nyhederne. Vi h\u00f8rer meget om luftforurening i byomr\u00e5der, om toppe i finpartikelforurening&#8230; <\/strong><\/em><\/p>\n\n<p><em><strong>P\u00e5 nuv\u00e6rende tidspunkt er der ingen regler for ultrafine partikler i de europ\u00e6iske standarder. Men skandaler udfordrer nu denne tendens.   <\/strong><\/em><\/p>\n\n<h2 class=\"wp-block-heading\" id=\"focus-sur-les-particules-les-plus-fines\">Fokus p\u00e5 de fineste partikler<\/h2>\n\n<h3 class=\"wp-block-heading\" id=\"fos-sur-mer\">Fos-sur-mer<\/h3>\n\n<p>I 2017 var der dobbelt s\u00e5 mange lungeinfektioner, kr\u00e6fttilf\u00e6lde og hjertesygdomme i Fos-sur-Mer som noget andet sted i Frankrig. Byen ligger i en af Europas st\u00f8rste industrizoner, som omfatter raffinaderier, oliedepoter og et stort st\u00e5lv\u00e6rk&#8230; <\/p>\n\n<p>Efter at have analyseret partikeludledningen fandt forskerne ud af, at resultaterne l\u00e5 inden for normen for partikler st\u00f8rre end PM 2,5. Det har dog vist sig, at disse fabrikker producerer et stort antal PM 1-partikler samt VOC&#8217;er og CMR&#8217;er, hvilket g\u00f8r deres emissioner ekstremt giftige. Desv\u00e6rre er m\u00e5linger af PM 1-partikelkoncentrationer kun foretaget for ganske nylig. Det videnskabelige samfund er enigt om, at de er hoved\u00e5rsagen til den markante stigning i sygdomme i dette omr\u00e5de.   <\/p>\n\n<p>Association de D\u00e9fense et de Protection du Littoral du Golf de Fos sur Mer har taget problemet op for at foresl\u00e5 l\u00f8sninger til at forbedre luftkvaliteten, overv\u00e5ge udledningen af luftforurenende stoffer og tage retslige skridt.<\/p>\n\n<h3 class=\"wp-block-heading\" id=\"les-pics-de-pollution-aux-particules-ultrafines-dans-les-villes\">Forurening med ultrafine partikler topper i byerne<\/h3>\n\n<p>Storbyer i Frankrig og resten af verden oplever j\u00e6vnligt spidsbelastninger med ultrafine partikler. If\u00f8lge det franske sundhedsministerium b\u00f8r folk reducere deres fysiske aktivitet s\u00e5 meget som muligt, undg\u00e5 at g\u00e5 ud og konsultere en l\u00e6ge, hvis de udvikler symptomer&#8230; <\/p>\n\n<p>Men fabrikker, v\u00e6rksteder og lagerbygninger, hvor de forurenende stoffer fra fremstillings- og h\u00e5ndteringsprocesserne ikke (eller kun i ringe grad) opfanges, udvikler forurening, der svarer til spidsbelastningerne i de st\u00f8rre byer. I teorien burde de samme anbefalinger g\u00e6lde for medarbejderne, hvilket ville f\u00f8re til et betydeligt fald i produktiviteten. <\/p>\n\n<h2 class=\"wp-block-heading\" id=\"aujourd-hui-il-y-a-peu-d-obligations-relatives-aux-particules-ultrafines-mais-qu-en-est-il-de-demain\">I dag er der kun f\u00e5 forpligtelser i forbindelse med ultrafine partikler, men hvad med i morgen?<\/h2>\n\n<p>Denne type skandale, d\u00f8deligheden i forbindelse med luftforurening, stigningen i sygdomme for\u00e5rsaget af fine partikler osv. f\u00e5r myndighederne til at v\u00e6re mere p\u00e5 vagt. Det er tilf\u00e6ldet i vores byer med restriktioner for de mest forurenende k\u00f8ret\u00f8jer, sundhedsm\u00e6ssige og sociale foranstaltninger osv. <\/p>\n\n<p>Som f\u00f8lge heraf er sikkerhedsbestemmelserne for fine partikler blevet sk\u00e6rpet. I dag m\u00e5les b\u00e5de diameteren og sammens\u00e6tningen af de forurenende stoffer. Desuden er der sket en stigning i straffen for erhvervssygdomme.  <\/p>\n","protected":false},"excerpt":{"rendered":"<p>Forurening med fine partikler er i stigende grad i nyhederne. Vi h\u00f8rer meget om luftforurening i byomr\u00e5der og om toppe i finpartikelforurening &#8230; Find ud af, hvordan luftkvaliteten udvikler sig i vores samfund. <\/p>\n","protected":false},"author":4,"featured_media":81394,"comment_status":"closed","ping_status":"closed","sticky":false,"template":"","format":"standard","meta":{"_acf_changed":false,"_seopress_robots_primary_cat":"none","_seopress_titles_title":"Qualit\u00e9 de l\u2019air : \u00e9volution de la soci\u00e9t\u00e9","_seopress_titles_desc":"La pollution aux particules fines revient de plus en plus souvent au-devant de l\u2019actualit\u00e9. On entend tr\u00e8s souvent parler de la pollution de l\u2019air en milieu urbain.","_seopress_robots_index":"","footnotes":""},"categories":[295],"tags":[],"class_list":["post-67413","post","type-post","status-publish","format-standard","has-post-thumbnail","hentry","category-vores-raad","generate-columns","tablet-grid-50","mobile-grid-100","grid-parent","grid-50","no-featured-image-padding","resize-featured-image"],"acf":[],"_links":{"self":[{"href":"https:\/\/obera.fr\/da\/wp-json\/wp\/v2\/posts\/67413","targetHints":{"allow":["GET"]}}],"collection":[{"href":"https:\/\/obera.fr\/da\/wp-json\/wp\/v2\/posts"}],"about":[{"href":"https:\/\/obera.fr\/da\/wp-json\/wp\/v2\/types\/post"}],"author":[{"embeddable":true,"href":"https:\/\/obera.fr\/da\/wp-json\/wp\/v2\/users\/4"}],"replies":[{"embeddable":true,"href":"https:\/\/obera.fr\/da\/wp-json\/wp\/v2\/comments?post=67413"}],"version-history":[{"count":1,"href":"https:\/\/obera.fr\/da\/wp-json\/wp\/v2\/posts\/67413\/revisions"}],"predecessor-version":[{"id":67415,"href":"https:\/\/obera.fr\/da\/wp-json\/wp\/v2\/posts\/67413\/revisions\/67415"}],"wp:featuredmedia":[{"embeddable":true,"href":"https:\/\/obera.fr\/da\/wp-json\/wp\/v2\/media\/81394"}],"wp:attachment":[{"href":"https:\/\/obera.fr\/da\/wp-json\/wp\/v2\/media?parent=67413"}],"wp:term":[{"taxonomy":"category","embeddable":true,"href":"https:\/\/obera.fr\/da\/wp-json\/wp\/v2\/categories?post=67413"},{"taxonomy":"post_tag","embeddable":true,"href":"https:\/\/obera.fr\/da\/wp-json\/wp\/v2\/tags?post=67413"}],"curies":[{"name":"wp","href":"https:\/\/api.w.org\/{rel}","templated":true}]}}