{"id":67436,"date":"2020-11-20T16:32:55","date_gmt":"2020-11-20T14:32:55","guid":{"rendered":"https:\/\/obera.fr\/conseils\/facteurs-de-risque\/"},"modified":"2025-05-07T10:12:25","modified_gmt":"2025-05-07T08:12:25","slug":"facteurs-de-risque","status":"publish","type":"post","link":"https:\/\/obera.fr\/da\/vores-raad\/facteurs-de-risque\/","title":{"rendered":"Luftforurening: Risikofaktorer"},"content":{"rendered":"\n<p>Ud over at have en meget st\u00e6rk \u00f8kologisk indvirkning, som vi ofte h\u00f8rer om i medierne, er luftforurening meget skadelig for vores helbred.<br\/>If\u00f8lge en unders\u00f8gelse udf\u00f8rt af Dr. Rob Beelen (University of Utrecht i Holland) og offentliggjort i det medicinske tidsskrift The Lancet i 2013 \u00f8ger en stigning p\u00e5 5 mikrogram pr. kubikmeter i PM2.5-koncentrationen d\u00f8deligheden med 7 %.<\/p>\n\n<h2 class=\"wp-block-heading\" id=\"diametre-des-polluants\">Diameter af forurenende stoffer<\/h2>\n\n<p>Tabellen ovenfor giver en indikation af den gennemsnitlige st\u00f8rrelse af forskellige forurenende stoffer. Jo grovere partikel, jo mere kan kroppen bek\u00e6mpe den; omvendt, jo finere partikel, jo st\u00f8rre risiko. <\/p>\n\n<p>Der findes to typer af partikler. Dem med en diameter p\u00e5 mere end 10 \u00b5m, som er synlige for det blotte \u00f8je, is\u00e6r p\u00e5 solrige dage, og partikler, der er mindre end PM 10, som er usynlige for \u00f8jet. Sidstn\u00e6vnte udg\u00f8r st\u00f8rstedelen af st\u00f8vet og er ogs\u00e5 de farligste. Fordi deres masse er s\u00e5 lav, er de desuden udsat for luftstr\u00f8mme og spredes meget let. Alle aerosoler falder ind under denne kategori.    <\/p>\n\n<figure class=\"wp-block-image aligncenter size-large is-resized\"><img decoding=\"async\" src=\"https:\/\/obera.fr\/wp-content\/uploads\/2020\/11\/4-temps-de-sedimentation-1024x376.jpg\" alt=\"4 Sedimentationstid\" class=\"wp-image-1841\" width=\"1024\" height=\"376\" srcset=\"https:\/\/obera.fr\/wp-content\/uploads\/2020\/11\/4-temps-de-sedimentation-1024x376.jpg 1024w, https:\/\/obera.fr\/wp-content\/uploads\/2020\/11\/4-temps-de-sedimentation-300x110.jpg 300w, https:\/\/obera.fr\/wp-content\/uploads\/2020\/11\/4-temps-de-sedimentation-768x282.jpg 768w, https:\/\/obera.fr\/wp-content\/uploads\/2020\/11\/4-temps-de-sedimentation-1536x564.jpg 1536w, https:\/\/obera.fr\/wp-content\/uploads\/2020\/11\/4-temps-de-sedimentation-2048x752.jpg 2048w\" sizes=\"(max-width: 1024px) 100vw, 1024px\" \/><\/figure>\n\n<h2 class=\"wp-block-heading\" id=\"la-granulometrie-des-poussieres-et-leurs-effets\">St\u00f8vgranulometri og dens virkninger<\/h2>\n\n<p>Diagrammet ovenfor viser, hvor meget partikler tr\u00e6nger ind i kroppen alt efter deres diameter. Jo finere de er, jo dybere vil de s\u00e6tte sig i kroppen, og jo sv\u00e6rere vil de v\u00e6re at udskille. <\/p>\n\n<p>Naturligvis kan kroppen ekspektorere st\u00f8v takket v\u00e6re dens lungefimreh\u00e5r. Disse vil skubbe partiklen l\u00e6ngere op i ford\u00f8jelseskanalen og eliminere den gennem ford\u00f8jelsen. Men visse befolkningsgrupper er mere s\u00e5rbare. Rygere har f.eks. betydeligt f\u00e6rre fimreh\u00e5r i lungerne, s\u00e5 det tager l\u00e6ngere tid for dem at udskille partikler. Astmatikere er mere f\u00f8lsomme over for luftforurening&#8230;    <\/p>\n\n<p>En af de vigtigste faktorer for partikeltoksicitet er biopersistens: den tid, det tager for kroppen at udskille st\u00f8vet.<\/p>\n\n<p>En anden faktor er PM1. Disse partikler er s\u00e5 fine, at de passerer gennem lungebl\u00e6rerne og vandrer direkte ind i blodbanen. Dette er is\u00e6r tilf\u00e6ldet med cigaretr\u00f8g, vira, pesticider osv.  <\/p>\n\n<figure class=\"wp-block-image aligncenter size-full is-resized\"><img decoding=\"async\" src=\"https:\/\/obera.fr\/wp-content\/uploads\/2020\/11\/4-fraction-poussieres.jpg\" alt=\"4 St&#xF8;vfraktion\" class=\"wp-image-1840\" width=\"500\" height=\"526\" srcset=\"https:\/\/obera.fr\/wp-content\/uploads\/2020\/11\/4-fraction-poussieres.jpg 500w, https:\/\/obera.fr\/wp-content\/uploads\/2020\/11\/4-fraction-poussieres-285x300.jpg 285w\" sizes=\"(max-width: 500px) 100vw, 500px\" \/><\/figure>\n\n<h2 class=\"wp-block-heading\" id=\"temps-de-sedimentation\">Sedimentationstid<\/h2>\n\n<p>Alle partikler udf\u00e6ldes. Men n\u00e5r det g\u00e6lder ultrafine partikler, kan det tage flere dage, f\u00f8r de l\u00e6gger sig p\u00e5 jorden. <\/p>\n\n<p>Det er st\u00f8vets masse og densitet, der bestemmer dets bundf\u00e6ldningshastighed. Jo lavere masse, jo l\u00e6ngere tid vil det tage at bundf\u00e6lde, og jo mere f\u00f8lsomt vil det v\u00e6re over for luftstr\u00f8mme. <\/p>\n\n<p>S\u00e5 hvis vi ville vente p\u00e5, at alt st\u00f8vet lagde sig, skulle vi teoretisk set stoppe arbejdet helt i 15 dage. Da det n\u00e6sten aldrig er tilf\u00e6ldet, forbliver de fineste partikler altid i suspension og koncentreres. <\/p>\n\n<figure class=\"wp-block-image aligncenter size-large is-resized\"><img decoding=\"async\" src=\"https:\/\/obera.fr\/wp-content\/uploads\/2020\/11\/4-taille-de-particules-1024x844.jpg\" alt=\"4 Partikelst&#xF8;rrelse\" class=\"wp-image-1839\" width=\"1024\" height=\"844\" srcset=\"https:\/\/obera.fr\/wp-content\/uploads\/2020\/11\/4-taille-de-particules-1024x844.jpg 1024w, https:\/\/obera.fr\/wp-content\/uploads\/2020\/11\/4-taille-de-particules-300x247.jpg 300w, https:\/\/obera.fr\/wp-content\/uploads\/2020\/11\/4-taille-de-particules-768x633.jpg 768w, https:\/\/obera.fr\/wp-content\/uploads\/2020\/11\/4-taille-de-particules-1536x1266.jpg 1536w, https:\/\/obera.fr\/wp-content\/uploads\/2020\/11\/4-taille-de-particules-2048x1688.jpg 2048w\" sizes=\"(max-width: 1024px) 100vw, 1024px\" \/><\/figure>\n\n<p>Find ud af <a href=\"https:\/\/obera.fr\/da\/vores-raad\/poussiere-solvant-industrie\/\">, hvad st\u00f8v og opl\u00f8sningsmidler er i industrien,<\/a> ved at l\u00e6se vores dedikerede artikel samt <a href=\"https:\/\/obera.fr\/conseils\/traitement-air-industriel-guide-complet\/\">den komplette guide til industriel luftbehandling<\/a>.  <\/p>\n","protected":false},"excerpt":{"rendered":"<p>Luftforurening er meget skadelig for vores helbred. If\u00f8lge en unders\u00f8gelse foretaget af Dr. Rob Beelen i Holland i 2013 \u00f8ger en stigning p\u00e5 5 mikrogram pr. kubikmeter i PM2.5-koncentrationen d\u00f8deligheden med 7 %. F\u00e5 mere at vide om de risikofaktorer, der er forbundet med forurening.  <\/p>\n","protected":false},"author":4,"featured_media":99234,"comment_status":"closed","ping_status":"closed","sticky":false,"template":"","format":"standard","meta":{"_acf_changed":false,"_seopress_robots_primary_cat":"none","_seopress_titles_title":"Pollution de l\u2019air : Facteurs de risque pour la sant\u00e9","_seopress_titles_desc":"Outre un impact \u00e9cologique tr\u00e8s fort dont on entend souvent parler dans les m\u00e9dias, la pollution de l\u2019air est tr\u00e8s nocive pour notre sant\u00e9.","_seopress_robots_index":"","footnotes":""},"categories":[295],"tags":[303],"class_list":["post-67436","post","type-post","status-publish","format-standard","has-post-thumbnail","hentry","category-vores-raad","tag-entete-lille","generate-columns","tablet-grid-50","mobile-grid-100","grid-parent","grid-50","no-featured-image-padding","resize-featured-image"],"acf":[],"_links":{"self":[{"href":"https:\/\/obera.fr\/da\/wp-json\/wp\/v2\/posts\/67436","targetHints":{"allow":["GET"]}}],"collection":[{"href":"https:\/\/obera.fr\/da\/wp-json\/wp\/v2\/posts"}],"about":[{"href":"https:\/\/obera.fr\/da\/wp-json\/wp\/v2\/types\/post"}],"author":[{"embeddable":true,"href":"https:\/\/obera.fr\/da\/wp-json\/wp\/v2\/users\/4"}],"replies":[{"embeddable":true,"href":"https:\/\/obera.fr\/da\/wp-json\/wp\/v2\/comments?post=67436"}],"version-history":[{"count":2,"href":"https:\/\/obera.fr\/da\/wp-json\/wp\/v2\/posts\/67436\/revisions"}],"predecessor-version":[{"id":99273,"href":"https:\/\/obera.fr\/da\/wp-json\/wp\/v2\/posts\/67436\/revisions\/99273"}],"wp:featuredmedia":[{"embeddable":true,"href":"https:\/\/obera.fr\/da\/wp-json\/wp\/v2\/media\/99234"}],"wp:attachment":[{"href":"https:\/\/obera.fr\/da\/wp-json\/wp\/v2\/media?parent=67436"}],"wp:term":[{"taxonomy":"category","embeddable":true,"href":"https:\/\/obera.fr\/da\/wp-json\/wp\/v2\/categories?post=67436"},{"taxonomy":"post_tag","embeddable":true,"href":"https:\/\/obera.fr\/da\/wp-json\/wp\/v2\/tags?post=67436"}],"curies":[{"name":"wp","href":"https:\/\/api.w.org\/{rel}","templated":true}]}}