{"id":67567,"date":"2021-05-06T11:22:12","date_gmt":"2021-05-06T09:22:12","guid":{"rendered":"https:\/\/obera.fr\/conseils\/aeration-covid-salles-classes-cantines-refectoire-lycees\/"},"modified":"2025-05-07T09:56:47","modified_gmt":"2025-05-07T07:56:47","slug":"aeration-covid-salles-classes-cantines-refectoire-lycees","status":"publish","type":"post","link":"https:\/\/obera.fr\/da\/vores-raad\/aeration-covid-salles-classes-cantines-refectoire-lycees\/","title":{"rendered":"Ventilation og COVID-19: OberA udstyrer klassev\u00e6relser, kantiner og cafeterier p\u00e5 mange franske skoler og lyc\u00e9es!"},"content":{"rendered":"\n<h2 class=\"wp-block-heading\">Anti-bakterielle udluftningsl\u00f8sninger i undervisningen<\/h2>\n\n<p>At l\u00e6re sammen er vigtigt for b\u00f8rn og teenagere. Og det bedste er, at det altid er muligt i klassev\u00e6relset, s\u00e5 l\u00e6nge luften er ren og de sanit\u00e6re forhold overholdes. <\/p>\n\n<figure class=\"wp-block-image alignright size-large is-resized\"><img decoding=\"async\" src=\"https:\/\/obera.fr\/wp-content\/uploads\/2021\/05\/image_ecole-covid-1024x768.jpg\" alt=\"ventilation covid skole\" class=\"wp-image-5610\" width=\"527\" height=\"395\" srcset=\"https:\/\/obera.fr\/wp-content\/uploads\/2021\/05\/image_ecole-covid-1024x768.jpg 1024w, https:\/\/obera.fr\/wp-content\/uploads\/2021\/05\/image_ecole-covid-300x225.jpg 300w, https:\/\/obera.fr\/wp-content\/uploads\/2021\/05\/image_ecole-covid-768x576.jpg 768w, https:\/\/obera.fr\/wp-content\/uploads\/2021\/05\/image_ecole-covid-1536x1152.jpg 1536w, https:\/\/obera.fr\/wp-content\/uploads\/2021\/05\/image_ecole-covid.jpg 2016w\" sizes=\"(max-width: 527px) 100vw, 527px\" \/><figcaption class=\"wp-element-caption\">Ventilation af et klassev\u00e6relse med OBERA<\/figcaption><\/figure>\n\n<p>En r\u00e6kke franske regioner har besluttet at finansiere hele eller dele af udgifterne til <a href=\"https:\/\/obera.fr\/da\/produits\/purificateurs-air\/covid-19-anti-virus-og-anti-bakterielle-luftrensere\/\" data-type=\"page\" data-id=\"5161\">luftrensere<\/a> og at hj\u00e6lpe uddannelsesinstitutioner med at anskaffe dem:<\/p>\n\n<ul class=\"wp-block-list\">\n<li>Regionen Auvergne-Rh\u00f4ne-Alpes har stemt for en regional investeringsplan p\u00e5 10 millioner euro til <a href=\"https:\/\/obera.fr\/da\/produits\/purificateurs-air\/\" data-type=\"page\">rensning af luften<\/a> i regionens gymnasier og h\u00f8jskoler.  <\/li>\n\n\n\n<li>Regionen Ile-de-France yder st\u00f8tte p\u00e5 op til 10.000 euro til gymnasier og lokale myndigheder til indk\u00f8b af sundhedsrelateret udstyr som f.eks. luftrensere.<\/li>\n<\/ul>\n\n<p>Med tilbagevenden til ansigt-til-ansigt-undervisning og brug af kantiner og spisesale er der brug <strong>for luftrensere til at behandle omr\u00e5der med h\u00f8je koncentrationer af mennesker<\/strong> og\/eller omr\u00e5der med et stort antal elever p\u00e5 samme tid. Luftrensere kan behandle luften i disse omr\u00e5der med, hvad der svarer til ca. fire til ti rumvolumen\u00e6ndringer i timen.   <\/p>\n\n<blockquote class=\"wp-block-quote is-layout-flow wp-block-quote-is-layout-flow\">\n<p>Dette <strong>reducerer antallet af partikler og vira i suspension betydeligt<\/strong> (-85% i gennemsnit) og renser luften i rummet betydeligt.<\/p>\n<\/blockquote>\n\n<div class=\"wp-block-buttons is-horizontal is-content-justification-center is-layout-flex wp-container-core-buttons-is-layout-03627597 wp-block-buttons-is-layout-flex\">\n<div class=\"wp-block-button\"><a class=\"wp-block-button__link wp-element-button\" href=\"https:\/\/obera.fr\/da\/contact\/\">Jeg vil gerne finde ud af mere<\/a><\/div>\n<\/div>\n\n<h2 class=\"wp-block-heading\">Udluftning af coronavirus<\/h2>\n\n<div class=\"wp-block-columns is-layout-flex wp-container-core-columns-is-layout-28f84493 wp-block-columns-is-layout-flex\">\n<div class=\"wp-block-column is-vertically-aligned-center is-layout-flow wp-block-column-is-layout-flow\" style=\"flex-basis:66.66%\">\n<p>For at <strong>reducere smitterisikoen indend\u00f8rs betydeligt<\/strong> er det dog n\u00f8dvendigt med regelm\u00e6ssig ventilation. Det er dog ikke altid muligt (n\u00e5r rummene ikke har vinduer, eller n\u00e5r det er for koldt). I s\u00e5danne tilf\u00e6lde kan l\u00f8sningen v\u00e6re at installere en luftrenser og<strong>sensorer<\/strong> til l\u00f8bende<strong>m\u00e5ling af<\/strong> luftkvalitetsparametre.  <\/p>\n\n\n\n<h3 class=\"wp-block-heading\">Luftrensere til trods: Du er stadig n\u00f8dt til at lufte ud!<\/h3>\n\n\n\n<p>Nogle institutioner har ogs\u00e5 valgt at udstyre sig med <a href=\"https:\/\/obera.fr\/da\/produits\/purificateurs-air\/covid-19-anti-virus-og-anti-bakterielle-luftrensere\/virbox-anti-virus-luftrenser\/\" data-type=\"page\" data-id=\"4902\">CO2-sensorer<\/a>, der l\u00f8bende m\u00e5ler koncentrationen af CO2 og udl\u00f8ser ventilation, hvis den anbefalede gr\u00e6nsev\u00e6rdi overskrides.<\/p>\n<\/div>\n\n\n\n<div class=\"wp-block-column is-vertically-aligned-center is-layout-flow wp-block-column-is-layout-flow\" style=\"flex-basis:33.33%\">\n<figure class=\"wp-block-image aligncenter size-full is-resized\"><img decoding=\"async\" src=\"https:\/\/obera.fr\/wp-content\/uploads\/2021\/05\/Sans-titre-20.jpg\" alt=\"Udluftning af rum gennem vinduer\" class=\"wp-image-5607\" width=\"250\" height=\"250\" srcset=\"https:\/\/obera.fr\/wp-content\/uploads\/2021\/05\/Sans-titre-20.jpg 500w, https:\/\/obera.fr\/wp-content\/uploads\/2021\/05\/Sans-titre-20-300x300.jpg 300w, https:\/\/obera.fr\/wp-content\/uploads\/2021\/05\/Sans-titre-20-150x150.jpg 150w\" sizes=\"(max-width: 250px) 100vw, 250px\" \/><\/figure>\n<\/div>\n<\/div>\n\n<h2 class=\"wp-block-heading\">Et sjovt v\u00e6rkt\u00f8j: bl\u00e5 LED: alt er godt; r\u00f8d LED: du skal lufte ud<\/h2>\n\n<p>En r\u00e6kke l\u00e6rerforeninger opfordrer til, at der installeres <strong>CO2-sensorer<\/strong> til l\u00f8bende overv\u00e5gning af luftkvaliteten.<\/p>\n\n<p><strong>Mange unders\u00f8gelser anbefaler brug af CO2-sensorer indend\u00f8rs<\/strong>. I den forbindelse ville det v\u00e6re klogt at anvende dem i alle klassev\u00e6relser. Disse m\u00e5leinstrumenter sl\u00e5r alarm, n\u00e5r der er behov for at ventilere. Disse sensorer er et godt v\u00e6rkt\u00f8j til at synligg\u00f8re luftkvaliteten i klassev\u00e6relserne:     <\/p>\n\n<blockquote class=\"wp-block-quote is-layout-flow wp-block-quote-is-layout-flow\">\n<p>&#8220;I rummene viser de, hvorn\u00e5r gr\u00e6nserne er n\u00e5et, og vinduerne skal \u00e5bnes.&#8221;  <\/p>\n<\/blockquote>\n","protected":false},"excerpt":{"rendered":"<p>For at reducere risikoen for overf\u00f8rsel af Covid-19-virus har OberA udstyret klassev\u00e6relserne, kantinerne og spisesalene p\u00e5 mange franske skoler og lyc\u00e9er!<\/p>\n","protected":false},"author":4,"featured_media":98827,"comment_status":"open","ping_status":"closed","sticky":false,"template":"","format":"standard","meta":{"_acf_changed":false,"_seopress_robots_primary_cat":"none","_seopress_titles_title":"A\u00e9ration et COVID-19 : OBERA \u00e9quipe lyc\u00e9es fran\u00e7ais !","_seopress_titles_desc":"OberA met en place dans les \u00e9coles, des syst\u00e8mes de purification d'air efficace contre les virus et bact\u00e9ries pour prot\u00e9ger les \u00e9l\u00e8ves et le corps enseignant.","_seopress_robots_index":"","footnotes":""},"categories":[295],"tags":[303],"class_list":["post-67567","post","type-post","status-publish","format-standard","has-post-thumbnail","hentry","category-vores-raad","tag-entete-lille","generate-columns","tablet-grid-50","mobile-grid-100","grid-parent","grid-50","no-featured-image-padding","resize-featured-image"],"acf":[],"_links":{"self":[{"href":"https:\/\/obera.fr\/da\/wp-json\/wp\/v2\/posts\/67567","targetHints":{"allow":["GET"]}}],"collection":[{"href":"https:\/\/obera.fr\/da\/wp-json\/wp\/v2\/posts"}],"about":[{"href":"https:\/\/obera.fr\/da\/wp-json\/wp\/v2\/types\/post"}],"author":[{"embeddable":true,"href":"https:\/\/obera.fr\/da\/wp-json\/wp\/v2\/users\/4"}],"replies":[{"embeddable":true,"href":"https:\/\/obera.fr\/da\/wp-json\/wp\/v2\/comments?post=67567"}],"version-history":[{"count":2,"href":"https:\/\/obera.fr\/da\/wp-json\/wp\/v2\/posts\/67567\/revisions"}],"predecessor-version":[{"id":98865,"href":"https:\/\/obera.fr\/da\/wp-json\/wp\/v2\/posts\/67567\/revisions\/98865"}],"wp:featuredmedia":[{"embeddable":true,"href":"https:\/\/obera.fr\/da\/wp-json\/wp\/v2\/media\/98827"}],"wp:attachment":[{"href":"https:\/\/obera.fr\/da\/wp-json\/wp\/v2\/media?parent=67567"}],"wp:term":[{"taxonomy":"category","embeddable":true,"href":"https:\/\/obera.fr\/da\/wp-json\/wp\/v2\/categories?post=67567"},{"taxonomy":"post_tag","embeddable":true,"href":"https:\/\/obera.fr\/da\/wp-json\/wp\/v2\/tags?post=67567"}],"curies":[{"name":"wp","href":"https:\/\/api.w.org\/{rel}","templated":true}]}}