{"id":67598,"date":"2021-05-20T17:28:46","date_gmt":"2021-05-20T15:28:46","guid":{"rendered":"https:\/\/obera.fr\/conseils\/mesure-de-la-qualite-de-l-air-interieur-interet-principe\/"},"modified":"2025-05-07T09:38:39","modified_gmt":"2025-05-07T07:38:39","slug":"mesure-de-la-qualite-de-l-air-interieur-interet-principe","status":"publish","type":"post","link":"https:\/\/obera.fr\/da\/vores-raad\/mesure-de-la-qualite-de-l-air-interieur-interet-principe\/","title":{"rendered":"M\u00e5ling af indend\u00f8rs luftkvalitet: interesse og princip"},"content":{"rendered":"\n<p>If\u00f8lge tal fra WHO er Frankrig skyld i n\u00e6sten 50.000 d\u00f8dsfald om \u00e5ret p\u00e5 grund af <strong>luftforurening<\/strong>, 10 gange flere end p\u00e5 grund af trafikulykker! Desuden ansl\u00e5s det, at luften inde i et hjem eller en virksomhed er 5 til 10 gange mere forurenet end luften udenfor. <\/p>\n\n<p><strong>Luftkvaliteten i virksomheder<\/strong> er derfor et afg\u00f8rende sp\u00f8rgsm\u00e5l, ikke kun for medarbejdernes sundhed, men ogs\u00e5 for virksomhedernes produktivitet. Derfor er det vigtigt at etablere et system til <strong>m\u00e5ling af indend\u00f8rs luftkvalitet<\/strong>. Hvilke parametre skal der tages h\u00f8jde for? Hvad er fordelene ved at <strong>overv\u00e5ge luftkvaliteten<\/strong>, og hvordan g\u00f8r man det? Find ud af alle vores r\u00e5d.    <\/p>\n\n<h2 class=\"wp-block-heading\" id=\"quels-sont-les-parametres-de-la-qualite-de-l-air-interieur\">Hvad er parametrene for indend\u00f8rs luftkvalitet?<\/h2>\n\n<p><a href=\"https:\/\/obera.fr\/da\/vores-raad\/qualite-l-air-interieur-critere-essentiel-industrie\/\" data-type=\"URL\" data-id=\"https:\/\/obera.fr\/conseils\/qualite-l-air-interieur-critere-essentiel-industrie\/\">Indend\u00f8rs luftkvalitet<\/a> vurderes ved at <strong>lede efter forurenende stoffer og m\u00e5le fysiske v\u00e6rdier<\/strong> som temperatur og relativ luftfugtighed.<\/p>\n\n<h3 class=\"wp-block-heading\" id=\"la-concentration-en-polluants-et-particules\">Koncentrationen af forurenende stoffer og partikler<\/h3>\n\n<p>P\u00e5 kontoret eller i industribygninger uds\u00e6ttes medarbejderne for to store<strong> kilder til luftforurening<\/strong>:<\/p>\n\n<ul class=\"wp-block-list\">\n<li><strong>Flygtige organiske forbindelser (VOC&#8217;er)<\/strong> som formaldehyd, en gas, der produceres af kemikalier og byggematerialer;<\/li>\n\n\n\n<li><strong>faste eller flydende partikler,<\/strong> der sv\u00e6ver i luften, f.eks. st\u00f8v, aerosoler og mikroorganismer (vira, bakterier, skimmelsvamp osv.).<\/li>\n<\/ul>\n\n<p><strong>Virkningerne p\u00e5 sundhed og milj\u00f8<\/strong> stiger med koncentrationen af forurenende stoffer i luften og den tid, man er udsat for dem.<\/p>\n\n<h3 class=\"wp-block-heading\" id=\"la-temperature-et-le-niveau-d-humidite\">Temperatur og luftfugtighed<\/h3>\n\n<p>Indend\u00f8rs luftkvalitet m\u00e5les ogs\u00e5 ved at <strong>overv\u00e5ge temperatur og relativ luftfugtighed<\/strong>. For h\u00f8je v\u00e6rdier bidrager til spredning af biologiske forurenende stoffer og nedbrydning af materialer, f\u00e6rdige produkter og arbejdsmilj\u00f8et. Desuden forst\u00e6rker temperatur og luftfugtighed de irriterende virkninger af flygtige organiske forbindelser (VOC&#8217;er).  <\/p>\n\n<h2 class=\"wp-block-heading\" id=\"quel-est-l-interet-de-la-mesure-de-la-qualite-de-l-air-interieur\">Hvorfor m\u00e5le indend\u00f8rs luftkvalitet?<\/h2>\n\n<p>Det er en <strong>lovbestemt forpligtelse<\/strong> for arbejdsgivere at opretholde et sundt indeklima p\u00e5 arbejdspladsen. At reducere forureningsniveauet p\u00e5 kontoret er ogs\u00e5 en<strong> produktivitetsgevinst<\/strong> for virksomhederne. <\/p>\n\n<h3 class=\"wp-block-heading\" id=\"respecter-les-valeurs-limites-d-exposition-professionnelle-vlep\">Overhold gr\u00e6nsev\u00e6rdierne for erhvervsm\u00e6ssig eksponering (OEL)<\/h3>\n\n<p>Gr\u00e6nsev\u00e6rdier for erhvervsm\u00e6ssig eksponering (OELV&#8217;er), der er p\u00e5lagt af den franske arbejdslovgivning, fasts\u00e6tter <strong>et maksimalt koncentrationsniveau for forurenende stoffer og partikler for<\/strong> at begr\u00e6nse virkningerne p\u00e5 medarbejdernes helbred. For h\u00f8je v\u00e6rdier f\u00f8rer til suspendering af arbejdet, indtil der er truffet foranstaltninger til at begr\u00e6nse medarbejderens eksponering. <\/p>\n\n<h3 class=\"wp-block-heading\" id=\"garantir-un-environnement-de-travail-sain-et-productif\">Sikre et sundt og produktivt arbejdsmilj\u00f8<\/h3>\n\n<p>Ud over at v\u00e6re et lovkrav har m\u00e5ling af indend\u00f8rs luftkvalitet en r\u00e6kke <a href=\"https:\/\/obera.fr\/da\/vores-raad\/comment-rafraichissement-evaporation-ameliorer-production-industrielle\/\" data-type=\"URL\" data-id=\"https:\/\/obera.fr\/conseils\/comment-rafraichissement-evaporation-ameliorer-production-industrielle\/\">fordele for virksomheder:<\/a> <\/p>\n\n<ul class=\"wp-block-list\">\n<li><strong>Forbedring af medarbejdernes sundhed<\/strong> hj\u00e6lper med at begr\u00e6nse frav\u00e6ret og hyppigheden af sygefrav\u00e6r.<\/li>\n\n\n\n<li><strong>Reduktionen af partikelaflejringer p\u00e5 apparater og gulve<\/strong> betyder besparelser p\u00e5 service og vedligeholdelse.<\/li>\n\n\n\n<li>Overv\u00e5gning af eksponeringsniveauer for forurenende stoffer og partikler sikrer <strong>kvaliteten af processer og f\u00e6rdige produkter.<\/strong><\/li>\n<\/ul>\n\n<h2 class=\"wp-block-heading\" id=\"comment-mesurer-la-qualite-de-l-air-interieur\">Hvordan m\u00e5ler man indend\u00f8rs luftkvalitet?<\/h2>\n\n<p>Den <strong><a href=\"https:\/\/obera.fr\/da\/vores-raad\/qai-diagnostic-qualite-de-l-air-interieur-batiments-industriels\/\" data-type=\"URL\" data-id=\"https:\/\/obera.fr\/conseils\/qai-diagnostic-qualite-de-l-air-interieur-batiments-industriels\/\">diagnose af indend\u00f8rs luftkvalitet<\/a><\/strong> er en indledende vurdering af forureningsniveauet i dine bygninger. Derefter skal der foretages regelm\u00e6ssig overv\u00e5gning ved hj\u00e6lp af <strong>specifikt m\u00e5leudstyr<\/strong>. <\/p>\n\n<h3 class=\"wp-block-heading\" id=\"effectuer-un-diagnostic-qualite-de-l-air-interieur\">Udf\u00f8r en diagnose af indend\u00f8rs luftkvalitet<\/h3>\n\n<p><strong>Test af indend\u00f8rs luftkvalitet (IAQ)<\/strong> er et lovkrav for bygninger, der bruges af b\u00f8rn. Det vil v\u00e6re obligatorisk i alle virksomheder, der er \u00e5bne for offentligheden, fra 2023. Som ekspert inden for <a href=\"https:\/\/obera.fr\/conseils\/traitement-air-industriel-guide-complet\/\" data-type=\"post\" data-id=\"1420\">industriel luftbehandling<\/a> udf\u00f8rer OBERA en diagnose, der omfatter :  <\/p>\n\n<ul class=\"wp-block-list\">\n<li>at <strong>identificere kilder til luftforurening<\/strong> p\u00e5 dit omr\u00e5de;<\/li>\n\n\n\n<li><strong>m\u00e5ling af koncentrationen af partikler og forurenende stoffer<\/strong> (VOC&#8217;er, formaldehyd osv.).<\/li>\n<\/ul>\n\n<h3 class=\"wp-block-heading\" id=\"utiliser-un-appareil-de-mesure-de-la-qualite-de-l-air-interieur\">Brug et apparat til at m\u00e5le indend\u00f8rs luftkvalitet<\/h3>\n\n<p><a href=\"https:\/\/obera.fr\/conseils\/analyse-qualite-l-air-interieur\/\" data-type=\"URL\" data-id=\"https:\/\/obera.fr\/conseils\/analyse-qualite-l-air-interieur\/\">Indend\u00f8rs luftkvalitet m\u00e5les<\/a> ved hj\u00e6lp af udstyr, der er i stand til at registrere arten og koncentrationen af forurenende stoffer. Vores udvalg af<strong>industrielle og professionelle luftanalysatorer<\/strong> sikrer kontinuerlig overv\u00e5gning af parametre for indend\u00f8rs luftkvalitet: <\/p>\n\n<ul class=\"wp-block-list\">\n<li><strong>koncentration af gasformige forurenende stoffer<\/strong>: flygtige organiske forbindelser (VOC) og kuldioxid (CO2);<\/li>\n\n\n\n<li><strong>koncentration og st\u00f8rrelse af partikler<\/strong>: st\u00f8v og fine partikler PM 2,5 og PM 10 ;<\/li>\n\n\n\n<li><strong>temperatur og relativ luftfugtighed<\/strong>.<\/li>\n<\/ul>\n\n<p>Dataene overf\u00f8res direkte til computeren, hvor v\u00e6rdierne vises i grafisk form.<strong>Realtidsanalyse<\/strong> g\u00f8r det muligt at handle hurtigt og effektivt i tilf\u00e6lde af m\u00e5linger, der ikke overholder TLV&#8217;erne. <\/p>\n\n<p>Kontakt os for at f\u00e5 flere<strong>oplysninger om m\u00e5ling af indend\u00f8rs luftkvalitet<\/strong>. Du kan ogs\u00e5 l\u00e6se vores r\u00e5d om ops\u00e6tning af et industrielt luftbehandlingssystem. <\/p>\n\n<blockquote class=\"wp-block-quote is-layout-flow wp-block-quote-is-layout-flow\">\n<p>L\u00e6s ogs\u00e5: En guide til <a href=\"https:\/\/obera.fr\/conseils\/rafraichissement-adiabatique-confort-thermique-naturel\/\" data-type=\"URL\" data-id=\"https:\/\/obera.fr\/conseils\/rafraichissement-adiabatique-confort-thermique-naturel\/\">adiabatisk k\u00f8ling og naturlig termisk komfort.<\/a><\/p>\n<\/blockquote>\n","protected":false},"excerpt":{"rendered":"<p>Luftkvaliteten p\u00e5 arbejdspladsen er et afg\u00f8rende sp\u00f8rgsm\u00e5l, ikke kun for medarbejdernes helbred, men ogs\u00e5 for produktiviteten. Derfor er det vigtigt at etablere et system til m\u00e5ling af indend\u00f8rs luftkvalitet. Find alle vores r\u00e5d om emnet.  <\/p>\n","protected":false},"author":4,"featured_media":89655,"comment_status":"open","ping_status":"closed","sticky":false,"template":"","format":"standard","meta":{"_acf_changed":false,"_seopress_robots_primary_cat":"none","_seopress_titles_title":"Pourquoi est-il important de mesurer la qualit\u00e9 de l'air int\u00e9rieur ?","_seopress_titles_desc":"La qualit\u00e9 de l'air en entreprise constitue un enjeu crucial, pour la sant\u00e9 des travailleurs, mais aussi pour la productivit\u00e9 des \u00e9tablissements. La mesure de la qualit\u00e9 de l'air s'av\u00e8re incontournable.","_seopress_robots_index":"","footnotes":""},"categories":[295],"tags":[],"class_list":["post-67598","post","type-post","status-publish","format-standard","has-post-thumbnail","hentry","category-vores-raad","generate-columns","tablet-grid-50","mobile-grid-100","grid-parent","grid-50","no-featured-image-padding","resize-featured-image"],"acf":[],"_links":{"self":[{"href":"https:\/\/obera.fr\/da\/wp-json\/wp\/v2\/posts\/67598","targetHints":{"allow":["GET"]}}],"collection":[{"href":"https:\/\/obera.fr\/da\/wp-json\/wp\/v2\/posts"}],"about":[{"href":"https:\/\/obera.fr\/da\/wp-json\/wp\/v2\/types\/post"}],"author":[{"embeddable":true,"href":"https:\/\/obera.fr\/da\/wp-json\/wp\/v2\/users\/4"}],"replies":[{"embeddable":true,"href":"https:\/\/obera.fr\/da\/wp-json\/wp\/v2\/comments?post=67598"}],"version-history":[{"count":2,"href":"https:\/\/obera.fr\/da\/wp-json\/wp\/v2\/posts\/67598\/revisions"}],"predecessor-version":[{"id":98391,"href":"https:\/\/obera.fr\/da\/wp-json\/wp\/v2\/posts\/67598\/revisions\/98391"}],"wp:featuredmedia":[{"embeddable":true,"href":"https:\/\/obera.fr\/da\/wp-json\/wp\/v2\/media\/89655"}],"wp:attachment":[{"href":"https:\/\/obera.fr\/da\/wp-json\/wp\/v2\/media?parent=67598"}],"wp:term":[{"taxonomy":"category","embeddable":true,"href":"https:\/\/obera.fr\/da\/wp-json\/wp\/v2\/categories?post=67598"},{"taxonomy":"post_tag","embeddable":true,"href":"https:\/\/obera.fr\/da\/wp-json\/wp\/v2\/tags?post=67598"}],"curies":[{"name":"wp","href":"https:\/\/api.w.org\/{rel}","templated":true}]}}