{"id":86799,"date":"2022-07-29T16:36:45","date_gmt":"2022-07-29T14:36:45","guid":{"rendered":"https:\/\/obera.fr\/conseils\/rafraichissement-conteneurs-maritimes\/"},"modified":"2025-04-23T09:28:31","modified_gmt":"2025-04-23T07:28:31","slug":"rafraichissement-conteneurs-maritimes","status":"publish","type":"post","link":"https:\/\/obera.fr\/da\/vores-raad\/rafraichissement-conteneurs-maritimes\/","title":{"rendered":"Casestudie : Varmeproblemer under losning af skibscontainere"},"content":{"rendered":"\n<p>Varmeproblem i maritime containere. Containerne var over 50 grader varme, hvilket tvang virksomheden til at vente i gennemsnit mere end halvanden time med \u00e5bne d\u00f8re for at kunne regulere temperaturen og begynde at losse. I dette tilf\u00e6lde udg\u00f8r den kv\u00e6lende varme et reelt tidstab for virksomheden, men ogs\u00e5 en risiko for operat\u00f8rerne.  <\/p>\n\n<figure class=\"wp-block-image aligncenter size-large is-resized\"><img decoding=\"async\" src=\"https:\/\/obera.fr\/wp-content\/uploads\/2022\/07\/Rafraihisseurs-adiabatique-conteneurs-maritimes-1024x465.jpg\" alt=\"adiabatiske k&#xF8;lere til skibscontainere\" class=\"wp-image-13892\" width=\"768\" height=\"349\" srcset=\"https:\/\/obera.fr\/wp-content\/uploads\/2022\/07\/Rafraihisseurs-adiabatique-conteneurs-maritimes-1024x465.jpg 1024w, https:\/\/obera.fr\/wp-content\/uploads\/2022\/07\/Rafraihisseurs-adiabatique-conteneurs-maritimes-300x136.jpg 300w, https:\/\/obera.fr\/wp-content\/uploads\/2022\/07\/Rafraihisseurs-adiabatique-conteneurs-maritimes-768x349.jpg 768w, https:\/\/obera.fr\/wp-content\/uploads\/2022\/07\/Rafraihisseurs-adiabatique-conteneurs-maritimes.jpg 1100w\" sizes=\"(max-width: 768px) 100vw, 768px\" \/><\/figure>\n\n<h2 class=\"wp-block-heading\"><strong>Adiabatiske luftk\u00f8lere: en enkel, hurtig og effektiv l\u00f8sning!<\/strong><\/h2>\n\n<p>OberA foreslog derefter sin effektive l\u00f8sning med adiabatiske luftk\u00f8lere. Denne enkle, hurtige og effektive l\u00f8sning gjorde det muligt for virksomheden at indhente den tabte tid ved at drive luft ved 22 grader og n\u00e5 en omgivelsestemperatur p\u00e5 32 grader. Operat\u00f8rerne kan nu afl\u00e6sse containere hurtigere og under bedre forhold. <\/p>\n\n<h2 class=\"wp-block-heading\"><strong>Vi er henrykte!<\/strong><\/h2>\n\n<p>B\u00e5de medarbejderne og virksomheden er meget tilfredse med det luftk\u00f8lingssystem, der er blevet installeret. Medarbejdernes velbefindende og virksomhedens produktivitet er blevet forbedret til en lavere pris. <\/p>\n\n<h2 class=\"wp-block-heading\"><strong>Sp\u00f8rgsm\u00e5l rejst af virksomheden<\/strong><\/h2>\n\n<h3 class=\"wp-block-heading\">Hvordan fungerer det?<\/h3>\n\n<div class=\"wp-block-columns is-layout-flex wp-container-core-columns-is-layout-28f84493 wp-block-columns-is-layout-flex\">\n<div class=\"wp-block-column is-layout-flow wp-block-column-is-layout-flow\" style=\"flex-basis:33.33%\">\n<figure class=\"wp-block-image size-full\"><img decoding=\"async\" width=\"900\" height=\"500\" src=\"https:\/\/obera.fr\/wp-content\/uploads\/2022\/07\/Fonctionnement-rafraichisseurs-adiabatique1.jpg\" alt=\"Drift af adiabatisk k&#xF8;ler\" class=\"wp-image-13887\" srcset=\"https:\/\/obera.fr\/wp-content\/uploads\/2022\/07\/Fonctionnement-rafraichisseurs-adiabatique1.jpg 900w, https:\/\/obera.fr\/wp-content\/uploads\/2022\/07\/Fonctionnement-rafraichisseurs-adiabatique1-300x167.jpg 300w, https:\/\/obera.fr\/wp-content\/uploads\/2022\/07\/Fonctionnement-rafraichisseurs-adiabatique1-768x427.jpg 768w\" sizes=\"(max-width: 900px) 100vw, 900px\" \/><\/figure>\n<\/div>\n\n\n\n<div class=\"wp-block-column is-vertically-aligned-center is-layout-flow wp-block-column-is-layout-flow\" style=\"flex-basis:66.66%\">\n<p>Princippet i adiabatisk k\u00f8ling er ganske enkelt at bruge vandets fordampningsevne til at indfange de kalorier, der findes i luften, og dermed reducere k\u00f8lerens udgangstemperatur. Luften afk\u00f8les naturligt ved at passere gennem det vandfyldte honeycomb-panel. <\/p>\n<\/div>\n<\/div>\n\n<h3 class=\"wp-block-heading\">Hvor mange grader g\u00e5r i praksis tabt p\u00e5 grund af luftfriskere?<\/h3>\n\n<p>N\u00e5r EcoClim-enhederne er korrekt dimensioneret, kan de opn\u00e5 en gennemsnitlig stigning p\u00e5 10 til 12 grader mellem den omgivende luft og den luft, der forlader enhederne. Dette kan v\u00e6re h\u00f8jere, hvor varmen er mere ekstrem. <\/p>\n\n<figure class=\"wp-block-image aligncenter size-full is-resized\"><img decoding=\"async\" src=\"https:\/\/obera.fr\/wp-content\/uploads\/2022\/07\/image-768x347-1.jpg\" alt=\"Adiabatiske k&#xF8;lere med temperaturfor&#xF8;gelse\" class=\"wp-image-13906\" width=\"576\" height=\"260\" srcset=\"https:\/\/obera.fr\/wp-content\/uploads\/2022\/07\/image-768x347-1.jpg 768w, https:\/\/obera.fr\/wp-content\/uploads\/2022\/07\/image-768x347-1-300x136.jpg 300w\" sizes=\"(max-width: 576px) 100vw, 576px\" \/><\/figure>\n\n<h3 class=\"wp-block-heading\">Hvilket overfladeareal kan afk\u00f8les? Skal jeg udstyre hele mit rum? <\/h3>\n\n<p>De overfladearealer, vi kan k\u00f8le med vores udvalg af adiabatiske luftk\u00f8lere, sp\u00e6nder fra 80 til 150 m\u00b2 for EcoClim 12 til et overfladeareal p\u00e5 op til 400 m\u00b2 for EcoClim 30.<\/p>\n\n<p>Der er flere mulige placeringer:<\/p>\n\n<ul class=\"wp-block-list\">\n<li>Opdater en hel zone ved at gange antallet af enheder<\/li>\n\n\n\n<li>Skab \u00f8er af coolness til faste arbejdsstationer<\/li>\n\n\n\n<li>Opfriskning af containere og andre lukkede rum<\/li>\n<\/ul>\n\n<figure class=\"wp-block-image aligncenter size-full is-resized\"><img decoding=\"async\" src=\"https:\/\/obera.fr\/wp-content\/uploads\/2022\/07\/Rafraichisseurs-dair-superficie.jpg\" alt=\"luftfriskere til overfladen\" class=\"wp-image-13901\" width=\"750\" height=\"225\" srcset=\"https:\/\/obera.fr\/wp-content\/uploads\/2022\/07\/Rafraichisseurs-dair-superficie.jpg 1000w, https:\/\/obera.fr\/wp-content\/uploads\/2022\/07\/Rafraichisseurs-dair-superficie-300x90.jpg 300w, https:\/\/obera.fr\/wp-content\/uploads\/2022\/07\/Rafraichisseurs-dair-superficie-768x230.jpg 768w\" sizes=\"(max-width: 750px) 100vw, 750px\" \/><\/figure>\n\n<h3 class=\"wp-block-heading\">Og hvad med st\u00f8vet?<\/h3>\n\n<p>Ved at omr\u00f8re luften er det muligt for EcoClim-enhederne at oph\u00e6nge st\u00f8v, n\u00e5r de t\u00e6ndes. P\u00e5 grund af den meget h\u00f8je luftgennemstr\u00f8mning forsvinder dette st\u00f8v hurtigt ved at f\u00f8lge luftstr\u00f8mmen, og efter nogle f\u00e5 sekunder er der ikke mere st\u00f8v i str\u00f8mmen. Takket v\u00e6re honeycomb-panelet, der fungerer som et grovpartikelfilter, hvirvler enheden ikke st\u00f8v op, men suspenderer kun det st\u00f8v, der allerede er til stede. For at forhindre dette har vi installeret filtpuder opstr\u00f8ms for at forhindre det st\u00f8v, der allerede er til stede, i at passere igennem.     <\/p>\n\n<h3 class=\"wp-block-heading\">Er der en risiko for mit helbred?<\/h3>\n\n<p>N\u00e5r der bruges vand, opst\u00e5r sp\u00f8rgsm\u00e5let om den mulige bakteriev\u00e6kst i apparaterne.<\/p>\n\n<p>For at bek\u00e6mpe dette problem har vi udstyret alle vores apparater med UVC-lamper for at desinficere vandet permanent og forhindre mikrobiel, bakteriel og svampev\u00e6kst.<\/p>\n\n<p>Kuldeperioder for\u00e5rsaget af et airconditionsystem er ikke et problem, n\u00e5r man bruger EcoClim, og det er der flere grunde til:<\/p>\n\n<ul class=\"wp-block-list\">\n<li>Temperaturen vil ikke falde til under 20\/21 grader<\/li>\n\n\n\n<li>Vi t\u00f8rrer ikke luften ud med disse apparater<\/li>\n<\/ul>\n\n<h3 class=\"wp-block-heading\">Hvad er vedligeholdelsescyklussen? Hvilke produkter bruges? <\/h3>\n\n<p>EcoClims skal serviceres, f\u00f8r de opbevares, p\u00e5 f\u00f8lgende m\u00e5de:<\/p>\n\n<ul class=\"wp-block-list\">\n<li>T\u00f8mning af vandtanken<\/li>\n\n\n\n<li>T\u00f8r honeycomb-panelerne ved at t\u00e6nde for ventilationsfunktionen i 2 til 3 timer.<\/li>\n\n\n\n<li>Brug et probiotisk baseret reng\u00f8ringsprodukt, som vi tilbyder, for at undg\u00e5 at beskadige cellulosepladen.<\/li>\n<\/ul>\n\n<h3 class=\"wp-block-heading\">Er der nogen forbrugsvarer, der skal skiftes?<\/h3>\n\n<p>Hvis vedligeholdelsen udf\u00f8res korrekt (cellulosepaneler t\u00f8rres, tanken t\u00f8mmes), er der ingen forbrugsvarer, der skal udskiftes.<\/p>\n\n<h3 class=\"wp-block-heading\">Hvad er oberA&#8217;s adiabatiske luftk\u00f8leres autonomi?<\/h3>\n\n<p>Afh\u00e6ngigt af temperatur- og fugtighedsforhold kan enheder med et fuldt reservoir k\u00f8re i 5 til 8 timer. De kan ogs\u00e5 tilsluttes direkte til vandforsyningen med en sv\u00f8mmer installeret i enheden for at regulere niveauet. <\/p>\n\n<h3 class=\"wp-block-heading\">Hvilke forholdsregler skal man tage, n\u00e5r man flytter dem?<\/h3>\n\n<p>ecoCLIMs er mobile apparater, som kr\u00e6ver nogle f\u00e5 forholdsregler, n\u00e5r de fyldes med vand. Enhedernes tyngdepunkt er ret lavt, n\u00e5r de er fyldte, hvilket begr\u00e6nser risikoen for, at de v\u00e6lter. N\u00e5r de er tomme, skal du v\u00e6re mere forsigtig, da ventilatoren er den tungeste del, og det er p\u00e5 denne side, du skal holde den. Pr\u00f8v at bruge den p\u00e5 flade overflader s\u00e5 meget som muligt.  <\/p>\n\n<h3 class=\"wp-block-heading\">Hvor langt v\u00e6k fra operat\u00f8rerne skal den adiabatiske luftk\u00f8ler placeres?<\/h3>\n\n<p>ecoCLIM 12 og 22 er udstyret med justerbare lameller, der g\u00f8r det muligt at styre luftstr\u00f8mmen optimalt og rette den mod gulvet eller loftet. Operat\u00f8rerne placerer normalt enhederne t\u00e6t p\u00e5 arbejdsomr\u00e5det. I mods\u00e6tning til en simpel ventilator opfrisker disse enheder den omgivende luft, s\u00e5 du kan m\u00e6rke k\u00f8ligheden, selv n\u00e5r luftstr\u00f8mmen er slukket.  <\/p>\n\n<h3 class=\"wp-block-heading\">Er der forhindringer i luftstr\u00f8mmen gennem apparatet? Er det et problem?<\/h3>\n\n<p>Enhederne fungerer bedst p\u00e5 \u00e5bne marker, men luften vil altid finde en vej, selv om der er forhindringer p\u00e5 vejen. De kan f.eks. bruges til at k\u00f8le maskiner og personale bag dem. <\/p>\n\n<p>Hvis du har yderligere sp\u00f8rgsm\u00e5l, er du velkommen til at l\u00e6se vores <a href=\"https:\/\/obera.fr\/conseils\/faq-rafraichisseurs-air-adiabatique\/\">FAQ om adiabatiske luftk\u00f8lere<\/a>.<\/p>\n","protected":false},"excerpt":{"rendered":"<p>Vil du gerne forbedre forholdene for dine medarbejdere og undg\u00e5 varmerelaterede problemer ved losning af skibscontainere? L\u00e6s vores casestudie om, hvordan vi l\u00f8ste dette problem med vores adiabatiske luftk\u00f8lere ecoCLIM.   <\/p>\n","protected":false},"author":4,"featured_media":86020,"comment_status":"closed","ping_status":"closed","sticky":false,"template":"","format":"standard","meta":{"_acf_changed":false,"_seopress_robots_primary_cat":"none","_seopress_titles_title":"Casestudie af varme under losning af skibscontainere","_seopress_titles_desc":"Find ud af, hvordan vi l\u00f8ste et varmeproblem under afl\u00e6sning af skibscontainere.","_seopress_robots_index":"","footnotes":""},"categories":[295],"tags":[303],"class_list":["post-86799","post","type-post","status-publish","format-standard","has-post-thumbnail","hentry","category-vores-raad","tag-entete-lille","generate-columns","tablet-grid-50","mobile-grid-100","grid-parent","grid-50","no-featured-image-padding","resize-featured-image"],"acf":[],"_links":{"self":[{"href":"https:\/\/obera.fr\/da\/wp-json\/wp\/v2\/posts\/86799","targetHints":{"allow":["GET"]}}],"collection":[{"href":"https:\/\/obera.fr\/da\/wp-json\/wp\/v2\/posts"}],"about":[{"href":"https:\/\/obera.fr\/da\/wp-json\/wp\/v2\/types\/post"}],"author":[{"embeddable":true,"href":"https:\/\/obera.fr\/da\/wp-json\/wp\/v2\/users\/4"}],"replies":[{"embeddable":true,"href":"https:\/\/obera.fr\/da\/wp-json\/wp\/v2\/comments?post=86799"}],"version-history":[{"count":1,"href":"https:\/\/obera.fr\/da\/wp-json\/wp\/v2\/posts\/86799\/revisions"}],"predecessor-version":[{"id":86816,"href":"https:\/\/obera.fr\/da\/wp-json\/wp\/v2\/posts\/86799\/revisions\/86816"}],"wp:featuredmedia":[{"embeddable":true,"href":"https:\/\/obera.fr\/da\/wp-json\/wp\/v2\/media\/86020"}],"wp:attachment":[{"href":"https:\/\/obera.fr\/da\/wp-json\/wp\/v2\/media?parent=86799"}],"wp:term":[{"taxonomy":"category","embeddable":true,"href":"https:\/\/obera.fr\/da\/wp-json\/wp\/v2\/categories?post=86799"},{"taxonomy":"post_tag","embeddable":true,"href":"https:\/\/obera.fr\/da\/wp-json\/wp\/v2\/tags?post=86799"}],"curies":[{"name":"wp","href":"https:\/\/api.w.org\/{rel}","templated":true}]}}