{"id":96158,"date":"2021-11-12T20:06:49","date_gmt":"2021-11-12T18:06:49","guid":{"rendered":"https:\/\/obera.fr\/conseils\/rafraichisseur-air-salle-sport\/"},"modified":"2025-05-06T10:38:56","modified_gmt":"2025-05-06T08:38:56","slug":"rafraichisseur-air-salle-sport","status":"publish","type":"post","link":"https:\/\/obera.fr\/da\/vores-raad\/rafraichisseur-air-salle-sport\/","title":{"rendered":"OberA udstyrer en sportshal med en fordampningsluftk\u00f8ler"},"content":{"rendered":"\n<h2 class=\"wp-block-heading\">Reducer varmen<\/h2>\n\n<div class=\"wp-block-columns is-layout-flex wp-container-core-columns-is-layout-28f84493 wp-block-columns-is-layout-flex\">\n<div class=\"wp-block-column is-layout-flow wp-block-column-is-layout-flow\">\n<figure class=\"wp-block-image size-full is-resized\"><img decoding=\"async\" width=\"556\" height=\"417\" src=\"https:\/\/obera.fr\/wp-content\/uploads\/2021\/11\/Image4.png\" alt=\"Adiabatisk k&#xF8;ler til sportshal\" class=\"wp-image-7536\" srcset=\"https:\/\/obera.fr\/wp-content\/uploads\/2021\/11\/Image4.png 556w, https:\/\/obera.fr\/wp-content\/uploads\/2021\/11\/Image4-300x225.png 300w\" sizes=\"(max-width: 556px) 100vw, 556px\" \/><\/figure>\n<\/div>\n\n\n\n<div class=\"wp-block-column is-vertically-aligned-center is-layout-flow wp-block-column-is-layout-flow\" style=\"flex-basis:600px\">\n<p class=\"has-text-align-left\">OberA har udstyret sportshallen i spaen i Eug\u00e9nie-les-bains med en EcoCLIM 22 adiabatisk luftk\u00f8ler.  <\/p>\n\n\n\n<p class=\"has-text-align-left\">Da bygningen ligger direkte under taget, var varmen meget h\u00f8j og n\u00e5ede op p\u00e5 30 grader i sportshallen. Ved at installere vores EcoCLIM22-system blev temperaturen reduceret med mere end 5 grader.   <\/p>\n\n\n\n<p class=\"has-text-align-left\"><a href=\"https:\/\/obera.fr\/conseils\/ou-utiliser-rafraichissement-evaporation\/\">Renoveringen kan m\u00e6rkes og er meget v\u00e6rdsat af kunderne,<\/a> som nu kan bruge fitnesscentret under bedre forhold.<\/p>\n\n\n\n<div class=\"wp-block-buttons is-horizontal is-content-justification-center is-layout-flex wp-container-core-buttons-is-layout-03627597 wp-block-buttons-is-layout-flex\">\n<div class=\"wp-block-button\"><a class=\"wp-block-button__link wp-element-button\" href=\"https:\/\/obera.fr\/conseils\/qualite-l-air-interieur-critere-essentiel-industrie\/\">L\u00e6s guiden til indend\u00f8rs luftkvalitet<\/a><\/div>\n<\/div>\n<\/div>\n<\/div>\n\n<h3 class=\"wp-block-heading\"><strong>\u00d8ger fordampningsk\u00f8lere risikoen for virus- og bakterieinfektioner?<\/strong><\/h3>\n\n<div class=\"wp-block-columns is-layout-flex wp-container-core-columns-is-layout-28f84493 wp-block-columns-is-layout-flex\">\n<div class=\"wp-block-column is-layout-flow wp-block-column-is-layout-flow\" style=\"flex-basis:50%\">\n<p>Tv\u00e6rtimod! Dette sp\u00f8rgsm\u00e5l stilles ofte, fordi det er baseret p\u00e5 en falsk antagelse om, at adiabatiske luftfriskere f\u00f8rer til en lille stigning i luftfugtigheden og en v\u00e6kst i virus-, bakterie- og svamperisici. Vores adiabatiske luftfriskere er udstyret med forfiltre og en UV-lampe, der <strong>behandler luften og fjerner de partikler<\/strong>, der fremmer spredningen af virus og bakterier.  <\/p>\n<\/div>\n\n\n\n<div class=\"wp-block-column is-layout-flow wp-block-column-is-layout-flow\" style=\"flex-basis:50%\">\n<figure class=\"wp-block-embed is-type-video is-provider-youtube wp-block-embed-youtube wp-embed-aspect-16-9 wp-has-aspect-ratio\"><div class=\"wp-block-embed__wrapper\">\n<iframe title=\"Rafraichisseur d&#039;air - Gamme IC - OberA\" width=\"1200\" height=\"675\" src=\"https:\/\/www.youtube.com\/embed\/NG-Ssy2oM70?feature=oembed\" frameborder=\"0\" allow=\"accelerometer; autoplay; clipboard-write; encrypted-media; gyroscope; picture-in-picture; web-share\" referrerpolicy=\"strict-origin-when-cross-origin\" allowfullscreen><\/iframe>\n<\/div><\/figure>\n<\/div>\n<\/div>\n\n<h3 class=\"wp-block-heading\"><strong>Er luftstr\u00f8mmen ikke for st\u00e6rk for kunderne i fitnesscentret?<\/strong><\/h3>\n\n<p>I lighed med det tidligere sp\u00f8rgsm\u00e5l om lyd kan nogle kunder i fitnesscentret v\u00e6re f\u00f8lsomme over for den <a href=\"https:\/\/obera.fr\/da\/vores-raad\/choisir-rafraichisseur-d-air-industriel-reguler-temperature\/\">luftstr\u00f8m, der genereres af luftk\u00f8leren<\/a>. For at afhj\u00e6lpe dette problem kan vi blot <strong>flytte vores enheder l\u00e6ngere v\u00e6k<\/strong>, hvis rummets overflade tillader det, eller <strong>s\u00e6nke luftstr\u00f8mmens hastighed ved hj\u00e6lp af den regulator, der er<\/strong> monteret p\u00e5 alle enhederne i vores sortiment af luftfriskere. <\/p>\n\n<h3 class=\"wp-block-heading\"><strong>Bliver jeg ikke syg af at svede og fryse?<\/strong><\/h3>\n\n<p>Nej. Vores <a href=\"https:\/\/obera.fr\/conseils\/rafraichissement-air-evaporation-production-automobile\/\">adiabatiske luftfriskere<\/a> <strong>fungerer ikke som et airconditionanl\u00e6g, der udt\u00f8rrer luften<\/strong> for at opn\u00e5 et fald i temperaturen. Det er denne proces, der udt\u00f8rrer n\u00e6sens slimhinder og bihuler og for\u00e5rsager rhinitis (l\u00f8bende n\u00e6se) og bihulebet\u00e6ndelseslignende smerter.  <\/p>\n\n<p>Vores luftfriskere <strong>fungerer efter princippet om vandfordampning<\/strong>, som forbruger de kalorier, der er i luften, og dermed skaber et fald i temperaturen <strong>uden at for\u00e5rsage en kuldeperiode<\/strong>.<\/p>\n\n<div class=\"wp-block-buttons is-content-justification-center is-layout-flex wp-container-core-buttons-is-layout-a89b3969 wp-block-buttons-is-layout-flex\">\n<div class=\"wp-block-button\"><a class=\"wp-block-button__link wp-element-button\" href=\"https:\/\/obera.fr\/conseils\/faq-rafraichisseurs-air-adiabatique\/\">Se vores FAQ om OberA adiabatiske luftfriskere<\/a><\/div>\n<\/div>\n\n<h2 class=\"wp-block-heading\">Kontakt os<\/h2>\n\n<p>Hvis du har et lignende projekt eller andre sp\u00f8rgsm\u00e5l, s\u00e5 t\u00f8v ikke med at kontakte os. En salgsrepr\u00e6sentant vil kontakte dig for at hj\u00e6lpe dig med at l\u00f8se dine luftbehandlingsproblemer.   <\/p>\n","protected":false},"excerpt":{"rendered":"<p>OberA har udstyret sportshallen i Eug\u00e9nie-les-bains spa med en EcoCLIM 22 adiabatisk luftk\u00f8ler. Implementeringen af vores EcoCLIM22-program har resulteret i en temperaturs\u00e6nkning p\u00e5 mere end 5 grader.  <\/p>\n","protected":false},"author":4,"featured_media":96083,"comment_status":"closed","ping_status":"closed","sticky":false,"template":"","format":"standard","meta":{"_acf_changed":false,"_seopress_robots_primary_cat":"none","_seopress_titles_title":"Sportshallen er udstyret med en fordampningsluftk\u00f8ler","_seopress_titles_desc":"OberA har udstyret sportshallen i Eug\u00e9nie-les-bains spa med en adiabatisk luftk\u00f8ler. Her er fordelene ved denne installation. ","_seopress_robots_index":"","footnotes":""},"categories":[295],"tags":[303],"class_list":["post-96158","post","type-post","status-publish","format-standard","has-post-thumbnail","hentry","category-vores-raad","tag-entete-lille","generate-columns","tablet-grid-50","mobile-grid-100","grid-parent","grid-50","no-featured-image-padding","resize-featured-image"],"acf":[],"_links":{"self":[{"href":"https:\/\/obera.fr\/da\/wp-json\/wp\/v2\/posts\/96158","targetHints":{"allow":["GET"]}}],"collection":[{"href":"https:\/\/obera.fr\/da\/wp-json\/wp\/v2\/posts"}],"about":[{"href":"https:\/\/obera.fr\/da\/wp-json\/wp\/v2\/types\/post"}],"author":[{"embeddable":true,"href":"https:\/\/obera.fr\/da\/wp-json\/wp\/v2\/users\/4"}],"replies":[{"embeddable":true,"href":"https:\/\/obera.fr\/da\/wp-json\/wp\/v2\/comments?post=96158"}],"version-history":[{"count":3,"href":"https:\/\/obera.fr\/da\/wp-json\/wp\/v2\/posts\/96158\/revisions"}],"predecessor-version":[{"id":96190,"href":"https:\/\/obera.fr\/da\/wp-json\/wp\/v2\/posts\/96158\/revisions\/96190"}],"wp:featuredmedia":[{"embeddable":true,"href":"https:\/\/obera.fr\/da\/wp-json\/wp\/v2\/media\/96083"}],"wp:attachment":[{"href":"https:\/\/obera.fr\/da\/wp-json\/wp\/v2\/media?parent=96158"}],"wp:term":[{"taxonomy":"category","embeddable":true,"href":"https:\/\/obera.fr\/da\/wp-json\/wp\/v2\/categories?post=96158"},{"taxonomy":"post_tag","embeddable":true,"href":"https:\/\/obera.fr\/da\/wp-json\/wp\/v2\/tags?post=96158"}],"curies":[{"name":"wp","href":"https:\/\/api.w.org\/{rel}","templated":true}]}}