{"id":118480,"date":"2025-06-30T15:30:10","date_gmt":"2025-06-30T13:30:10","guid":{"rendered":"https:\/\/obera.fr\/ratschlage\/rafraichisseur-garage\/"},"modified":"2026-02-04T15:51:38","modified_gmt":"2026-02-04T13:51:38","slug":"rafraichisseur-garage","status":"publish","type":"post","link":"https:\/\/obera.fr\/de\/auto-und-lkw\/rafraichisseur-garage\/","title":{"rendered":"Luftk\u00fchler f\u00fcr Garage und Werkstatt"},"content":{"rendered":"\n<div class=\"wp-block-columns is-layout-flex wp-container-core-columns-is-layout-28f84493 wp-block-columns-is-layout-flex\">\n<div class=\"wp-block-column is-layout-flow wp-block-column-is-layout-flow\" style=\"flex-basis:66.66%\">\n<p>Jeden Sommer verwandeln sich Autowerkst\u00e4tten und Mechanikerwerkst\u00e4tten in wahre Hitzekessel. Zwischen der Au\u00dfentemperatur und der von Motoren und Maschinen abgegebenen W\u00e4rme kann die Temperatur f\u00fcr die Mechaniker schnell unertr\u00e4glich werden. <\/p>\n\n\n\n<p>Doch das Arbeiten in einer \u00fcberhitzten Atmosph\u00e4re ist nicht nur eine Frage des Unbehagens: <strong>\u00fcber 26 \u00b0C verlangsamt sich die Produktivit\u00e4t, und bei etwa 30 \u00b0C kann sie um die H\u00e4lfte sinken<\/strong>. Es geht auch um Sicherheit und Gesundheit: Hitzschl\u00e4ge, verminderte Wachsamkeit, Unwohlsein\u2026 <\/p>\n\n\n\n<p>Das <strong>INRS<\/strong> (Institut National de Recherche et de S\u00e9curit\u00e9) empfiehlt, bereits ab <strong>28 \u00b0C in Werkst\u00e4tten<\/strong> Ma\u00dfnahmen zum Schutz der Mitarbeiter zu ergreifen.<\/p>\n\n\n\n<p>Angesichts der zunehmenden Hitzewellen ist die K\u00fchlung einer Autowerkstatt kein Luxus mehr, sondern eine Notwendigkeit f\u00fcr den Komfort und die Effizienz Ihrer Teams.<\/p>\n<\/div>\n\n\n\n<div class=\"wp-block-column is-layout-flow wp-block-column-is-layout-flow\" style=\"flex-basis:33.33%\">\n<figure class=\"wp-block-image aligncenter size-full is-resized\"><img decoding=\"async\" width=\"612\" height=\"612\" src=\"https:\/\/obera.fr\/wp-content\/uploads\/2025\/06\/istockphoto-629496278-612x612-1.jpg\" alt=\"Autowerkstatt\" class=\"wp-image-118791\" style=\"width:326px;height:auto\" srcset=\"https:\/\/obera.fr\/wp-content\/uploads\/2025\/06\/istockphoto-629496278-612x612-1.jpg 612w, https:\/\/obera.fr\/wp-content\/uploads\/2025\/06\/istockphoto-629496278-612x612-1-300x300.jpg 300w, https:\/\/obera.fr\/wp-content\/uploads\/2025\/06\/istockphoto-629496278-612x612-1-150x150.jpg 150w\" sizes=\"(max-width: 612px) 100vw, 612px\" \/><\/figure>\n<\/div>\n<\/div>\n\n<h2 class=\"wp-block-heading\">Klassische L\u00f6sungen, die f\u00fcr Autowerkst\u00e4tten ungeeignet sind<\/h2>\n\n<p>Nat\u00fcrlich denkt man zuerst an Ventilatoren oder Klimaanlagen, um eine Werkstatt zu k\u00fchlen. Ein Ventilator sorgt f\u00fcr einen Luftstrom, w\u00e4lzt aber oft nur warme Luft um, ohne die Temperatur wirklich zu senken. <\/p>\n\n<p>Herk\u00f6mmliche Klimaanlagen sto\u00dfen in einer Garage schnell an ihre Grenzen: kostspielige und komplexe Installation, die Notwendigkeit, T\u00fcren geschlossen zu halten (wenig realistisch in einer Werkstatt, in der st\u00e4ndig Verkehr herrscht und Tore h\u00e4ufig ge\u00f6ffnet sind), ganz zu schweigen von einem hohen Stromverbrauch.<\/p>\n\n<p>Viele Garagen sind, abgesehen von sehr speziellen F\u00e4llen, schlichtweg nicht klimatisiert, da <strong>die K\u00fchlung eines gro\u00dfen, offenen Raumes mittels Klimaanlage energieintensiv und teuer w\u00e4re<\/strong>.<\/p>\n\n<p>Es bedarf daher einer Alternative, die besser f\u00fcr gro\u00dfe, offene Werkst\u00e4tten geeignet ist \u2013 wirtschaftlich, effizient und einfach zu installieren.<\/p>\n\n<blockquote class=\"wp-block-quote is-layout-flow wp-block-quote-is-layout-flow\">\n<p>Entdecken Sie: <a href=\"https:\/\/obera.fr\/de\/ratschlage\/differences-entre-rafraichisseur-climatiseur\/\" data-type=\"link\" data-id=\"https:\/\/obera.fr\/conseils\/differences-entre-rafraichisseur-climatiseur\/\">Die Unterschiede zwischen einem Luftk\u00fchler und einer Klimaanlage<\/a><\/p>\n<\/blockquote>\n\n<h2 class=\"wp-block-heading\">Eine konkrete und bew\u00e4hrte L\u00f6sung: OberA industrielle Luftk\u00fchler<\/h2>\n\n<p>OberA bietet eine leistungsstarke, langlebige und einfach zu installierende K\u00fchll\u00f6sung. Unsere K\u00fchler der IC-Reihe eignen sich perfekt <strong>f\u00fcr den Einsatz in Automobilumgebungen<\/strong> wie Garagen, Wartungs-, Reparatur- und Produktionswerkst\u00e4tten. <\/p>\n\n<p><br\/>Unsere ICs sind f\u00fcr alle Fl\u00e4chen von 80 bis 400m\u00b2 geeignet und bieten Ihrem Sektor :<br\/><\/p>\n\n<ul class=\"wp-block-list\">\n<li>Eine technologische Innovation, die auf einem historischen und nat\u00fcrlichen Prinzip basiert: der Verdunstung von Wasser.<\/li>\n\n\n\n<li>15x geringere Betriebskosten als eine Klimaanlage<\/li>\n\n\n\n<li>Ein umfassendes Angebot f\u00fcr alle Ihre Bed\u00fcrfnisse und Einschr\u00e4nkungen<\/li>\n\n\n\n<li>Eine sehr geringe CO2-Bilanz (ohne K\u00e4ltemittel), die keine warme Luft freisetzt (kein &#8222;W\u00e4rmeinsel&#8220;-Effekt)<\/li>\n\n\n\n<li>Eine Reihe von Qualit\u00e4tsprodukten, die in Frankreich hergestellt werden<\/li>\n\n\n\n<li>Eine praktische, anpassungsf\u00e4hige und mobile &#8222;Plug and Play&#8220;-L\u00f6sung<\/li>\n\n\n\n<li>Schnelle und kosteng\u00fcnstige Wartung<\/li>\n\n\n\n<li>5 Jahre Garantie<br\/><\/li>\n<\/ul>\n\n<p>Mit der patentierten &#8222;Pureflow&#8220;-Innovation bietet OberA eine <strong>Kombination aus K\u00fchlung und Reinigung<\/strong>, um eine hohe Luftqualit\u00e4t in Ihren Autowerkst\u00e4tten und Garagen zu gew\u00e4hrleisten.<\/p>\n\n<div class=\"wp-block-columns is-layout-flex wp-container-core-columns-is-layout-28f84493 wp-block-columns-is-layout-flex\">\n<div class=\"wp-block-column is-layout-flow wp-block-column-is-layout-flow\">\n<h3 class=\"wp-block-heading has-text-align-center\">IC 12<\/h3>\n\n\n\n<figure class=\"wp-block-image aligncenter size-full is-resized\"><a href=\"https:\/\/obera.fr\/de\/produits\/rafraichisseurs-air\/rafraichisseurs-par-evaporation-ic\/\"><img decoding=\"async\" width=\"1200\" height=\"1200\" src=\"https:\/\/obera.fr\/wp-content\/uploads\/2025\/04\/img-ic-12.png\" alt=\"img ic 12\" class=\"wp-image-87231\" style=\"object-fit:cover;width:300px;height:300px\" srcset=\"https:\/\/obera.fr\/wp-content\/uploads\/2025\/04\/img-ic-12.png 1200w, https:\/\/obera.fr\/wp-content\/uploads\/2025\/04\/img-ic-12-300x300.png 300w, https:\/\/obera.fr\/wp-content\/uploads\/2025\/04\/img-ic-12-1024x1024.png 1024w, https:\/\/obera.fr\/wp-content\/uploads\/2025\/04\/img-ic-12-150x150.png 150w, https:\/\/obera.fr\/wp-content\/uploads\/2025\/04\/img-ic-12-768x768.png 768w\" sizes=\"(max-width: 1200px) 100vw, 1200px\" \/><\/a><\/figure>\n<\/div>\n\n\n\n<div class=\"wp-block-column is-layout-flow wp-block-column-is-layout-flow\">\n<h3 class=\"wp-block-heading has-text-align-center\">IC 22<\/h3>\n\n\n\n<figure class=\"wp-block-image aligncenter size-full is-resized\"><a href=\"https:\/\/obera.fr\/de\/produits\/rafraichisseurs-air\/rafraichisseurs-par-evaporation-ic\/\"><img decoding=\"async\" width=\"1200\" height=\"1200\" src=\"https:\/\/obera.fr\/wp-content\/uploads\/2025\/04\/img-ic-22.png\" alt=\"img ic 22\" class=\"wp-image-87254\" style=\"object-fit:cover;width:300px;height:300px\" srcset=\"https:\/\/obera.fr\/wp-content\/uploads\/2025\/04\/img-ic-22.png 1200w, https:\/\/obera.fr\/wp-content\/uploads\/2025\/04\/img-ic-22-300x300.png 300w, https:\/\/obera.fr\/wp-content\/uploads\/2025\/04\/img-ic-22-1024x1024.png 1024w, https:\/\/obera.fr\/wp-content\/uploads\/2025\/04\/img-ic-22-150x150.png 150w, https:\/\/obera.fr\/wp-content\/uploads\/2025\/04\/img-ic-22-768x768.png 768w\" sizes=\"(max-width: 1200px) 100vw, 1200px\" \/><\/a><\/figure>\n<\/div>\n\n\n\n<div class=\"wp-block-column is-layout-flow wp-block-column-is-layout-flow\">\n<h3 class=\"wp-block-heading has-text-align-center\">IC 30<\/h3>\n\n\n\n<figure class=\"wp-block-image aligncenter size-full is-resized\"><a href=\"https:\/\/obera.fr\/de\/produits\/rafraichisseurs-air\/rafraichisseurs-par-evaporation-ic\/\"><img decoding=\"async\" width=\"1200\" height=\"1200\" src=\"https:\/\/obera.fr\/wp-content\/uploads\/2025\/04\/img-ic-30.png\" alt=\"img ic 30\" class=\"wp-image-87278\" style=\"object-fit:cover;width:300px;height:300px\" srcset=\"https:\/\/obera.fr\/wp-content\/uploads\/2025\/04\/img-ic-30.png 1200w, https:\/\/obera.fr\/wp-content\/uploads\/2025\/04\/img-ic-30-300x300.png 300w, https:\/\/obera.fr\/wp-content\/uploads\/2025\/04\/img-ic-30-1024x1024.png 1024w, https:\/\/obera.fr\/wp-content\/uploads\/2025\/04\/img-ic-30-150x150.png 150w, https:\/\/obera.fr\/wp-content\/uploads\/2025\/04\/img-ic-30-768x768.png 768w\" sizes=\"(max-width: 1200px) 100vw, 1200px\" \/><\/a><\/figure>\n<\/div>\n<\/div>\n\n<div class=\"wp-block-buttons is-content-justification-center is-layout-flex wp-container-core-buttons-is-layout-a89b3969 wp-block-buttons-is-layout-flex\">\n<div class=\"wp-block-button\"><a class=\"wp-block-button__link has-text-align-center wp-element-button\" href=\"https:\/\/obera.fr\/de\/produits\/rafraichisseurs-air\/\"><strong>Entdecken Sie unsere K\u00fchlschr\u00e4nke<\/strong><\/a><\/div>\n<\/div>\n\n<div style=\"height:81px\" aria-hidden=\"true\" class=\"wp-block-spacer\"><\/div>\n\n<h2 class=\"wp-block-heading\">Das Prinzip des Verdunstungsluftk\u00fchlers<\/h2>\n\n<p>Das Funktionsprinzip ist <strong>so alt wie nat\u00fcrlich<\/strong>: Es basiert auf der Verdunstung von Wasser.<\/p>\n\n<p>Konkret saugt das Ger\u00e4t die warme Umgebungsluft an und leitet sie durch ein feuchtes Medium (ein wassergetr\u00e4nktes Pad). Beim Verdunsten nimmt das Wasser die W\u00e4rme aus der Luft auf, wodurch die Temperatur sinkt, bevor frische Luft in den Raum zur\u00fcckgef\u00fchrt wird. <\/p>\n\n<p><strong>Dieser Prozess der <a href=\"https:\/\/obera.fr\/de\/ratschlage\/transformation-adiabatique-reversible\/\" data-type=\"link\" data-id=\"https:\/\/obera.fr\/conseils\/transformation-adiabatique-reversible\/\">adiabatischen K\u00fchlung<\/a> kann die gef\u00fchlte Temperatur um mehrere Grad senken<\/strong>, ohne K\u00e4ltemittel oder Kompressor. Der Effekt ist vergleichbar mit der Frische, die man in der N\u00e4he eines Wasserfalls oder beim Aufh\u00e4ngen nasser W\u00e4sche vor einem offenen Fenster empfindet. <\/p>\n\n<p>Je w\u00e4rmer und trockener die Luft ist, desto effektiver ist die Verdunstungsk\u00fchlung. Und im Gegensatz zu einer Klimaanlage kann man l\u00fcften und die T\u00fcren offen lassen: Dieses Ger\u00e4t <strong>funktioniert ideal in gro\u00dfen R\u00e4umen und bel\u00fcfteten Bereichen<\/strong>, was es zu einer besonders geeigneten L\u00f6sung f\u00fcr Garagen und Werkst\u00e4tten macht. <\/p>\n\n<h2 class=\"wp-block-heading\">Erfahrungsbericht der Volkswagen Fabris Werkstatt in Irmstett (67)<\/h2>\n\n<div class=\"wp-block-columns is-layout-flex wp-container-core-columns-is-layout-28f84493 wp-block-columns-is-layout-flex\">\n<div class=\"wp-block-column is-layout-flow wp-block-column-is-layout-flow\" style=\"flex-basis:80%\">\n<p>Die <strong>Volkswagenwerkstatt Fabris<\/strong> im Departement Bas-Rhin sah sich wie jedes Jahr mit einem starken Temperaturanstieg in ihrer Werkstatt konfrontiert.<br\/>Um den Komfort ihrer Mechaniker zu verbessern, boten wir ihr einen mehrt\u00e4gigen Test unseres Modells IC 12 an, um die<strong>Wirksamkeit unserer<\/strong> Made In France<strong>K\u00fchll\u00f6sung<\/strong> zu beweisen.<\/p>\n\n\n\n<h3 class=\"wp-block-heading\">Sofortige Ergebnisse<\/h3>\n\n\n\n<blockquote class=\"wp-block-quote is-layout-flow wp-block-quote-is-layout-flow\">\n<p>&#8222;Es ist ganz einfach, meine Mechaniker konnten es nicht glauben, aber nach einigen Minuten der Nutzung sahen wir, dass die Temperatur deutlich sank. Wir haben nicht nur <strong>an Komfort gewonnen<\/strong>, sondern auch an Effizienz. Die Atmosph\u00e4re in der Werkstatt ist entspannter und die Arbeitsbedingungen sind viel besser.  <br\/><br\/>Herr Fabris, Chef des Autohauses FABRIS.<\/p>\n<\/blockquote>\n<\/div>\n\n\n\n<div class=\"wp-block-column is-layout-flow wp-block-column-is-layout-flow\" style=\"flex-basis:50%\"><style>.kb-gallery-id-118196_6fa53f-8e .kadence-blocks-gallery-item .kb-gal-image-radius, .kb-gallery-id-118196_6fa53f-8e .kb-slide-item .kb-gal-image-radius img{border-radius:0px 0px 0px 0px;;}.kb-gallery-wrap-id-118196_6fa53f-8e.wp-block-kadence-advancedgallery{overflow:visible;}.kb-gallery-wrap-id-118196_6fa53f-8e.wp-block-kadence-advancedgallery .kt-blocks-carousel{overflow:visible;}<\/style><div class=\"kb-gallery-wrap-id-118196_6fa53f-8e alignnone wp-block-kadence-advancedgallery\"><div class=\"kb-gallery-ul kb-gallery-non-static kb-gallery-type-slider kb-gallery-id-118196_6fa53f-8e kb-gallery-caption-style-bottom-hover kb-gallery-filter-none\" data-image-filter=\"none\" data-lightbox-caption=\"true\"><div class=\"kt-blocks-carousel splide kt-carousel-container-dotstyle-dark kt-carousel-arrowstyle-whiteondark kt-carousel-dotstyle-dark kb-slider-group-arrow kb-slider-arrow-position-center\" data-slider-anim-speed=\"400\" data-slider-scroll=\"1\" data-slider-arrows=\"true\" data-slider-fade=\"true\" data-slider-dots=\"true\" data-slider-type=\"slider\" data-slider-hover-pause=\"false\" data-slider-auto=\"\" data-slider-speed=\"7000\" data-show-pause-button=\"false\"><div class=\"splide__track\"><ul class=\"kt-blocks-carousel-init kb-blocks-slider splide__list\"><li class=\"kb-slide-item kb-gallery-slide-item splide__slide\"><div class=\"kadence-blocks-gallery-item\"><div class=\"kadence-blocks-gallery-item-inner\"><figure class=\"kb-gallery-figure kadence-blocks-gallery-item-hide-caption\"><div class=\"kb-gal-image-radius\"><div class=\"kb-gallery-image-contain kadence-blocks-gallery-intrinsic kb-gallery-image-ratio-land32 kb-has-image-ratio-land32\" ><img decoding=\"async\" src=\"https:\/\/obera.fr\/wp-content\/uploads\/2025\/06\/raf-ic-12-secteur-automobile.3-1024x1024.png\" width=\"1024\" height=\"1024\" alt=\"raf ic 12 secteur automobile\" data-full-image=\"https:\/\/obera.fr\/wp-content\/uploads\/2025\/06\/raf-ic-12-secteur-automobile.3.png\" data-light-image=\"https:\/\/obera.fr\/wp-content\/uploads\/2025\/06\/raf-ic-12-secteur-automobile.3.png\" data-id=\"118287\" class=\"wp-image-118287 skip-lazy\" srcset=\"https:\/\/obera.fr\/wp-content\/uploads\/2025\/06\/raf-ic-12-secteur-automobile.3-1024x1024.png 1024w, https:\/\/obera.fr\/wp-content\/uploads\/2025\/06\/raf-ic-12-secteur-automobile.3-300x300.png 300w, https:\/\/obera.fr\/wp-content\/uploads\/2025\/06\/raf-ic-12-secteur-automobile.3-150x150.png 150w, https:\/\/obera.fr\/wp-content\/uploads\/2025\/06\/raf-ic-12-secteur-automobile.3-768x768.png 768w, https:\/\/obera.fr\/wp-content\/uploads\/2025\/06\/raf-ic-12-secteur-automobile.3.png 1200w\" sizes=\"(max-width: 1024px) 100vw, 1024px\" \/><\/div><\/div><\/figure><\/div><\/div><\/li><li class=\"kb-slide-item kb-gallery-slide-item splide__slide\"><div class=\"kadence-blocks-gallery-item\"><div class=\"kadence-blocks-gallery-item-inner\"><figure class=\"kb-gallery-figure kadence-blocks-gallery-item-hide-caption\"><div class=\"kb-gal-image-radius\"><div class=\"kb-gallery-image-contain kadence-blocks-gallery-intrinsic kb-gallery-image-ratio-land32 kb-has-image-ratio-land32\" ><img decoding=\"async\" src=\"https:\/\/obera.fr\/wp-content\/uploads\/2025\/06\/raf-ic-12-secteur-automobile.2-1024x1024.png\" width=\"1024\" height=\"1024\" alt=\"raf ic 12 secteur\" data-full-image=\"https:\/\/obera.fr\/wp-content\/uploads\/2025\/06\/raf-ic-12-secteur-automobile.2.png\" data-light-image=\"https:\/\/obera.fr\/wp-content\/uploads\/2025\/06\/raf-ic-12-secteur-automobile.2.png\" data-id=\"118313\" class=\"wp-image-118313 skip-lazy\" srcset=\"https:\/\/obera.fr\/wp-content\/uploads\/2025\/06\/raf-ic-12-secteur-automobile.2-1024x1024.png 1024w, https:\/\/obera.fr\/wp-content\/uploads\/2025\/06\/raf-ic-12-secteur-automobile.2-300x300.png 300w, https:\/\/obera.fr\/wp-content\/uploads\/2025\/06\/raf-ic-12-secteur-automobile.2-150x150.png 150w, https:\/\/obera.fr\/wp-content\/uploads\/2025\/06\/raf-ic-12-secteur-automobile.2-768x768.png 768w, https:\/\/obera.fr\/wp-content\/uploads\/2025\/06\/raf-ic-12-secteur-automobile.2.png 1200w\" sizes=\"(max-width: 1024px) 100vw, 1024px\" \/><\/div><\/div><\/figure><\/div><\/div><\/li><li class=\"kb-slide-item kb-gallery-slide-item splide__slide\"><div class=\"kadence-blocks-gallery-item\"><div class=\"kadence-blocks-gallery-item-inner\"><figure class=\"kb-gallery-figure kadence-blocks-gallery-item-hide-caption\"><div class=\"kb-gal-image-radius\"><div class=\"kb-gallery-image-contain kadence-blocks-gallery-intrinsic kb-gallery-image-ratio-land32 kb-has-image-ratio-land32\" ><img decoding=\"async\" src=\"https:\/\/obera.fr\/wp-content\/uploads\/2025\/06\/raf-ic-12-secteur-automobile-1024x1024.png\" width=\"1024\" height=\"1024\" alt=\"raf ic 12 secteur garage\" data-full-image=\"https:\/\/obera.fr\/wp-content\/uploads\/2025\/06\/raf-ic-12-secteur-automobile.png\" data-light-image=\"https:\/\/obera.fr\/wp-content\/uploads\/2025\/06\/raf-ic-12-secteur-automobile.png\" data-id=\"118337\" class=\"wp-image-118337 skip-lazy\" srcset=\"https:\/\/obera.fr\/wp-content\/uploads\/2025\/06\/raf-ic-12-secteur-automobile-1024x1024.png 1024w, https:\/\/obera.fr\/wp-content\/uploads\/2025\/06\/raf-ic-12-secteur-automobile-300x300.png 300w, https:\/\/obera.fr\/wp-content\/uploads\/2025\/06\/raf-ic-12-secteur-automobile-150x150.png 150w, https:\/\/obera.fr\/wp-content\/uploads\/2025\/06\/raf-ic-12-secteur-automobile-768x768.png 768w, https:\/\/obera.fr\/wp-content\/uploads\/2025\/06\/raf-ic-12-secteur-automobile.png 1200w\" sizes=\"(max-width: 1024px) 100vw, 1024px\" \/><\/div><\/div><\/figure><\/div><\/div><\/li><li class=\"kb-slide-item kb-gallery-slide-item splide__slide\"><div class=\"kadence-blocks-gallery-item\"><div class=\"kadence-blocks-gallery-item-inner\"><figure class=\"kb-gallery-figure kadence-blocks-gallery-item-hide-caption\"><div class=\"kb-gal-image-radius\"><div class=\"kb-gallery-image-contain kadence-blocks-gallery-intrinsic kb-gallery-image-ratio-land32 kb-has-image-ratio-land32\" ><img decoding=\"async\" src=\"https:\/\/obera.fr\/wp-content\/uploads\/2025\/06\/raf-ic-12-secteur-automobile.4-1024x1024.png\" width=\"1024\" height=\"1024\" alt=\"raf ic 12\" data-full-image=\"https:\/\/obera.fr\/wp-content\/uploads\/2025\/06\/raf-ic-12-secteur-automobile.4.png\" data-light-image=\"https:\/\/obera.fr\/wp-content\/uploads\/2025\/06\/raf-ic-12-secteur-automobile.4.png\" data-id=\"118361\" class=\"wp-image-118361 skip-lazy\" srcset=\"https:\/\/obera.fr\/wp-content\/uploads\/2025\/06\/raf-ic-12-secteur-automobile.4-1024x1024.png 1024w, https:\/\/obera.fr\/wp-content\/uploads\/2025\/06\/raf-ic-12-secteur-automobile.4-300x300.png 300w, https:\/\/obera.fr\/wp-content\/uploads\/2025\/06\/raf-ic-12-secteur-automobile.4-150x150.png 150w, https:\/\/obera.fr\/wp-content\/uploads\/2025\/06\/raf-ic-12-secteur-automobile.4-768x768.png 768w, https:\/\/obera.fr\/wp-content\/uploads\/2025\/06\/raf-ic-12-secteur-automobile.4.png 1200w\" sizes=\"(max-width: 1024px) 100vw, 1024px\" \/><\/div><\/div><\/figure><\/div><\/div><\/li><li class=\"kb-slide-item kb-gallery-slide-item splide__slide\"><div class=\"kadence-blocks-gallery-item\"><div class=\"kadence-blocks-gallery-item-inner\"><figure class=\"kb-gallery-figure kadence-blocks-gallery-item-hide-caption\"><div class=\"kb-gal-image-radius\"><div class=\"kb-gallery-image-contain kadence-blocks-gallery-intrinsic kb-gallery-image-ratio-land32 kb-has-image-ratio-land32\" ><img decoding=\"async\" src=\"https:\/\/obera.fr\/wp-content\/uploads\/2025\/06\/raf-ic-12-secteur-automobile.1-1024x1024.png\" width=\"1024\" height=\"1024\" alt=\"raf ic 12 secteur auto\" data-full-image=\"https:\/\/obera.fr\/wp-content\/uploads\/2025\/06\/raf-ic-12-secteur-automobile.1.png\" data-light-image=\"https:\/\/obera.fr\/wp-content\/uploads\/2025\/06\/raf-ic-12-secteur-automobile.1.png\" data-id=\"118387\" class=\"wp-image-118387 skip-lazy\" srcset=\"https:\/\/obera.fr\/wp-content\/uploads\/2025\/06\/raf-ic-12-secteur-automobile.1-1024x1024.png 1024w, https:\/\/obera.fr\/wp-content\/uploads\/2025\/06\/raf-ic-12-secteur-automobile.1-300x300.png 300w, https:\/\/obera.fr\/wp-content\/uploads\/2025\/06\/raf-ic-12-secteur-automobile.1-150x150.png 150w, https:\/\/obera.fr\/wp-content\/uploads\/2025\/06\/raf-ic-12-secteur-automobile.1-768x768.png 768w, https:\/\/obera.fr\/wp-content\/uploads\/2025\/06\/raf-ic-12-secteur-automobile.1.png 1200w\" sizes=\"(max-width: 1024px) 100vw, 1024px\" \/><\/div><\/div><\/figure><\/div><\/div><\/li><\/ul><\/div><\/div><\/div><\/div><\/div>\n<\/div>\n\n<p><br\/>Nach dem Erfolg unserer L\u00f6sung entschied sich die Volkswagen Garage Fabris f\u00fcr den Kauf von <strong>2 OberA K\u00fchlern<\/strong>, ein gro\u00dfer Fortschritt f\u00fcr den Komfort der Mechaniker bei diesen immer wiederkehrenden Hitzeperioden.<\/p>\n\n<h2 class=\"wp-block-heading\"><strong>OberA Luftk\u00fchler: Eine konkrete und bew\u00e4hrte L\u00f6sung<\/strong><\/h2>\n\n<p><strong>OberA bietet DIE leistungsstarke, nachhaltige und einfach zu installierende K\u00fchll\u00f6sung f\u00fcr Garagen und Werkst\u00e4tten.<\/strong> Als Spezialist f\u00fcr industrielle Luftbehandlung haben wir die Verdunstungsk\u00fchler-Reihe <strong>IC<\/strong> entwickelt, die perfekt auf automobile Umgebungen (Wartungswerkst\u00e4tten, Reparaturwerkst\u00e4tten, Produktionsst\u00e4tten) zugeschnitten ist.<\/p>\n\n<p><strong>Drei Modelle<\/strong> werden angeboten, um alle Arbeitsfl\u00e4chen abzudecken, von etwa <strong>80 m\u00b2 bis zu 400 m\u00b2<\/strong>. Ob Sie eine kleine Werkstatt oder eine gro\u00dfe Garage haben, es gibt ein <strong>OberA IC<\/strong> Modell, das auf Ihre Bed\u00fcrfnisse zugeschnitten ist. <\/p>\n\n<p>Die OberA Luftk\u00fchler bieten <strong>zahlreiche Vorteile<\/strong> zur effektiven K\u00fchlung eines professionellen Raumes:<\/p>\n\n<ul class=\"wp-block-list\">\n<li><strong>Nat\u00fcrliche und bew\u00e4hrte Technologie<\/strong>: Die K\u00fchlung erfolgt durch Wasserverdunstung, ein umweltfreundliches Verfahren, das auf einem historischen Naturprinzip beruht.<br\/><\/li>\n\n\n\n<li><strong>Extrem energiesparend<\/strong>: Ein OberA Luftk\u00fchler verbraucht bis zu <em>15-mal weniger<\/em> als eine herk\u00f6mmliche Klimaanlage (bis zu <strong>80 % weniger Strom als eine Klimaanlage<\/strong>). Er ben\u00f6tigt lediglich eine Standard-220-V-Stromversorgung und einen moderaten Wasserverbrauch (etwa <strong>10 bis 15 Liter Wasser pro Stunde<\/strong> f\u00fcr ein mittleres Modell). <\/li>\n\n\n\n<li><strong>Keine aufwendige Installation<\/strong>: kein Au\u00dfenger\u00e4t, keine komplizierten Leitungen oder Rohre: Die Ger\u00e4te sind <strong>mobil und \u201ePlug &amp; Play\u201c<\/strong>, sie werden einfach angeschlossen und k\u00f6nnen je nach Bedarf verschoben werden. Sie vermeiden kostspielige Arbeiten und k\u00f6nnen die zu k\u00fchlenden Bereiche sehr einfach gezielt ansteuern. <br\/><\/li>\n\n\n\n<li><strong>Umweltfreundlich<\/strong>: Da sie ohne K\u00e4ltemittel funktionieren, geben sie <strong>keine warme Luft nach au\u00dfen<\/strong> ab (kein <em>W\u00e4rmeinsel-Effekt<\/em> in der N\u00e4he der Garage) und beeintr\u00e4chtigen die Ozonschicht nicht. Zudem befeuchtet die Verdunstung die Luft leicht, wodurch die unangenehm trockene Luft, die von herk\u00f6mmlichen Klimaanlagen ausgeblasen wird, vermieden wird. <br\/><\/li>\n\n\n\n<li><strong>Verbesserte Luftqualit\u00e4t<\/strong>: Dank der patentierten Innovation <strong>Pureflow<\/strong> <strong>k\u00fchlt<\/strong> jeder OberA Luftk\u00fchler die Luft in Ihrer Werkstatt <strong><em>und<\/em><\/strong><strong> reinigt sie<\/strong>. Ein hocheffizientes Filtersystem f\u00e4ngt Staubpartikel auf (ideal in oft staubigen Automobilumgebungen), w\u00e4hrend eine UV-Lampe und\/oder ein Ionisator Keime und Ger\u00fcche eliminiert, um eine optimale Luftqualit\u00e4t zu gew\u00e4hrleisten. <br\/><\/li>\n\n\n\n<li><strong>Praktikabilit\u00e4t und Mobilit\u00e4t<\/strong>: Auf Rollen montiert, lassen sich diese Luftk\u00fchler leicht bewegen, um der Werkstattorganisation zu folgen oder einen bestimmten Arbeitsplatz gezielt zu k\u00fchlen. Ihr kompaktes Format passt durch Standardt\u00fcren und sie lassen sich genau dort installieren, wo Sie sie ben\u00f6tigen, sei es im Mechanikbereich, im Empfang oder in der N\u00e4he empfindlicher Arbeitspl\u00e4tze. <br\/><\/li>\n\n\n\n<li><strong>Einfache und schnelle Wartung<\/strong>: Schluss mit aufwendigen Wartungsarbeiten! Die OberA Systeme sind so konzipiert, dass sie die Verschmutzung minimieren (insbesondere dank Pureflow, das die Ablagerung von Kalk und Algen reduziert). Die geringe erforderliche Wartung (Reinigung der Verdunstungsfilter, Entleeren des Tanks\u2026) ist einfach intern durchzuf\u00fchren und kosteng\u00fcnstig.  <br\/><\/li>\n\n\n\n<li><strong>5 Jahre Garantie<\/strong>: Als Zeichen des Vertrauens von OberA in die Zuverl\u00e4ssigkeit seiner Produkte ist die IC-Reihe mit einer 5-Jahres-Garantie abgedeckt. Sie investieren beruhigt in eine dauerhafte L\u00f6sung f\u00fcr Ihre Garage. <br\/><\/li>\n<\/ul>\n\n<p>Ein OberA Luftk\u00fchler ist nicht nur ein \u201egro\u00dfer Ventilator\u201c: Es ist eine <strong>effiziente, umweltbewusste und nachhaltige<\/strong> K\u00fchll\u00f6sung, die die Arbeitsbedingungen in Autowerkst\u00e4tten deutlich verbessert. Viele Fachleute haben sie bereits eingef\u00fchrt, um der dr\u00fcckenden Hitze in ihren R\u00e4umlichkeiten ein Ende zu setzen. <\/p>\n\n<h2 class=\"wp-block-heading\">F\u00fcr k\u00fchlere und produktivere Werkst\u00e4tten<\/h2>\n\n<p>Eine Garage oder Autowerkstatt zu k\u00fchlen, ist keine unl\u00f6sbare Herausforderung mehr. Moderne L\u00f6sungen wie der Verdunstungsluftk\u00fchler erm\u00f6glichen es, <strong>mehrere Grad Komfort<\/strong> einfach zu gewinnen, ohne die Nachteile einer klassischen Klimaanlage. <\/p>\n\n<p>Die OberA IC-Reihe etabliert sich mit ihrer bew\u00e4hrten Effizienz und ihren zahlreichen Vorteilen als <strong>Verb\u00fcndeter der Garagisten<\/strong>, um den immer hei\u00dfer werdenden Sommern zu begegnen.<\/p>\n\n<p>Indem Sie die Gesundheit Ihrer Mitarbeiter sch\u00fctzen und ihre Arbeitsbedingungen verbessern, investieren Sie auch in die <strong>Leistung Ihres Unternehmens<\/strong>: weniger Erm\u00fcdung, mehr Motivation und eine bessere Produktivit\u00e4t, selbst w\u00e4hrend einer Hitzewelle.<\/p>\n\n<p>Z\u00f6gern Sie nicht, die OberA Luftk\u00fchler zu entdecken und unsere Experten zu kontaktieren, um die am besten geeignete K\u00fchll\u00f6sung f\u00fcr Ihre Garage oder Werkstatt zu finden. Ihre Mechaniker werden es Ihnen danken, dass Sie ihnen endlich einen Hauch frischer Luft mitten im Sommer bieten! <\/p>\n\n<h2 class=\"wp-block-heading\">Sind Sie eine Werkstatt oder im Automobilsektor t\u00e4tig? Entdecken Sie die konkreten Vorteile von frischerer Luft in Ihrer Werkstatt. <\/h2>\n\n<p>Die Bek\u00e4mpfung der Hitze in einer mechanischen Werkstatt ist nicht l\u00e4nger eine Option: Sie ist eine <strong>Herausforderung f\u00fcr die Gesundheit, die Leistung und das Wohlbefinden am Arbeitsplatz.<\/strong><\/p>\n\n<ul class=\"wp-block-list\">\n<li>Wie die Garage Fabris, TESTEN oder VERMIETEN Sie unser Sortiment an IC-K\u00fchlern.<\/li>\n\n\n\n<li>Kontaktieren Sie uns jetzt f\u00fcr eine schnelle Diagnose Ihres Bedarfs an industrieller K\u00fchlung.<\/li>\n<\/ul>\n\n<p><\/p>\n\n<p>Der Komfort Ihrer Mitarbeiter wartet nicht, handeln Sie jetzt mit den L\u00f6sungen von OberA!<\/p>\n\n<div style=\"height:51px\" aria-hidden=\"true\" class=\"wp-block-spacer\"><\/div>\n\n<div class=\"wp-block-buttons is-content-justification-center is-layout-flex wp-container-core-buttons-is-layout-a89b3969 wp-block-buttons-is-layout-flex\">\n<div class=\"wp-block-button\"><a class=\"wp-block-button__link has-text-align-center wp-element-button\" href=\"https:\/\/obera.fr\/de\/contact\/\"><strong><strong>Kontaktiere uns<\/strong><\/strong><\/a><\/div>\n\n\n\n<div class=\"wp-block-button\"><a class=\"wp-block-button__link has-text-align-center wp-element-button\" href=\"https:\/\/obera.fr\/de\/location-appareil-industriel\/\"><strong><strong>Vermieten Sie unsere Ger\u00e4te<\/strong><\/strong><\/a><\/div>\n<\/div>\n","protected":false},"excerpt":{"rendered":"<p>Der Automobilsektor ist \u00fcberhitzt und die Hitze in den Garagen und Werkst\u00e4tten<br \/>\nwird zu einer Plage f\u00fcr die Fachleute in diesem Sektor.<\/p>\n","protected":false},"author":13,"featured_media":120441,"comment_status":"open","ping_status":"closed","sticky":false,"template":"","format":"standard","meta":{"_acf_changed":false,"_seopress_robots_primary_cat":"none","_seopress_titles_title":"OberA K\u00fchler: Schluss mit der Hitze in Autowerkst\u00e4tten","_seopress_titles_desc":"OberA bietet eine effektive L\u00f6sung gegen die Hitze in Werkst\u00e4tten: Komfort, Sicherheit und Leistung dank seiner industriellen Luftk\u00fchler.","_seopress_robots_index":"","footnotes":""},"categories":[582],"tags":[422],"class_list":["post-118480","post","type-post","status-publish","format-standard","has-post-thumbnail","hentry","category-auto-und-lkw","tag-luftkuhler","generate-columns","tablet-grid-50","mobile-grid-100","grid-parent","grid-50","no-featured-image-padding","resize-featured-image"],"acf":[],"_links":{"self":[{"href":"https:\/\/obera.fr\/de\/wp-json\/wp\/v2\/posts\/118480","targetHints":{"allow":["GET"]}}],"collection":[{"href":"https:\/\/obera.fr\/de\/wp-json\/wp\/v2\/posts"}],"about":[{"href":"https:\/\/obera.fr\/de\/wp-json\/wp\/v2\/types\/post"}],"author":[{"embeddable":true,"href":"https:\/\/obera.fr\/de\/wp-json\/wp\/v2\/users\/13"}],"replies":[{"embeddable":true,"href":"https:\/\/obera.fr\/de\/wp-json\/wp\/v2\/comments?post=118480"}],"version-history":[{"count":15,"href":"https:\/\/obera.fr\/de\/wp-json\/wp\/v2\/posts\/118480\/revisions"}],"predecessor-version":[{"id":140316,"href":"https:\/\/obera.fr\/de\/wp-json\/wp\/v2\/posts\/118480\/revisions\/140316"}],"wp:featuredmedia":[{"embeddable":true,"href":"https:\/\/obera.fr\/de\/wp-json\/wp\/v2\/media\/120441"}],"wp:attachment":[{"href":"https:\/\/obera.fr\/de\/wp-json\/wp\/v2\/media?parent=118480"}],"wp:term":[{"taxonomy":"category","embeddable":true,"href":"https:\/\/obera.fr\/de\/wp-json\/wp\/v2\/categories?post=118480"},{"taxonomy":"post_tag","embeddable":true,"href":"https:\/\/obera.fr\/de\/wp-json\/wp\/v2\/tags?post=118480"}],"curies":[{"name":"wp","href":"https:\/\/api.w.org\/{rel}","templated":true}]}}