{"id":11982,"date":"2021-10-25T16:07:28","date_gmt":"2021-10-25T14:07:28","guid":{"rendered":"https:\/\/obera.fr\/ratschlage\/faq-adiabatische-luftkuehler\/"},"modified":"2025-05-07T08:57:54","modified_gmt":"2025-05-07T06:57:54","slug":"faq-rafraichisseurs-air-adiabatique","status":"publish","type":"post","link":"https:\/\/obera.fr\/de\/ratschlage\/faq-rafraichisseurs-air-adiabatique\/","title":{"rendered":"FAQ Adiabatische Luftk\u00fchler"},"content":{"rendered":"\n<p>Erh\u00f6hen Verdunstungsk\u00fchler das Risiko einer Legion\u00e4rskrankheit? Und kann ich es nutzen, wenn ich in der Stahlindustrie arbeite? Ist es laut?  <\/p>\n\n<p>Dieser Artikel enth\u00e4lt unsere Antworten auf die am h\u00e4ufigsten gestellten Fragen zur Verdunstungsk\u00fchlung.<\/p>\n\n<h2 class=\"wp-block-heading\">Erh\u00f6hen Verdunstungsk\u00fchlger\u00e4te das Risiko von Infektionen und anderen Gesundheitsproblemen ?<\/h2>\n\n<p>Nein, im Gegenteil! Diese Frage basiert in der Regel auf der falschen Annahme, dass Verdunstungsk\u00fchler, die <strong>eine leichte Erh\u00f6hung der Luftfeuchtigkeit bewirken<\/strong> k\u00f6nnen, auch das Risiko des Wachstums von Viren, Bakterien und Pilzen erh\u00f6hen. Alle <strong><a href=\"https:\/\/obera.fr\/de\/produits\/rafraichisseurs-air\/\" data-type=\"page\" data-id=\"368\">OberA-Luftk\u00fchler<\/a> sind mit Vorfiltern und einer UV-Lampe ausgestattet<\/strong>, die die Luft aufbereiten und so Partikel entfernen, die die Ausbreitung von Viren und Bakterien beg\u00fcnstigen. <\/p>\n\n<p>Die positiven Auswirkungen der Nutzung der Verdunstungsk\u00fchlung sind in der Tat gut dokumentiert. Die Verdunstungsk\u00fchlung liefert nicht nur saubere, frische und gefilterte Luft, sondern verbraucht auch deutlich <strong>weniger Energie<\/strong> und ist <strong>einfacher zu warten<\/strong>.  Sie erfordert nicht den Einsatz sch\u00e4dlicher FCKW-Gase &#8211; im Gegensatz zu vielen Klimaanlagen.<\/p>\n\n<h2 class=\"wp-block-heading\">Ich arbeite mit Stahlprodukten, daher m\u00f6chte ich keine Feuchtigkeit in meiner Arbeitsumgebung, da ich Korrosionsrisiken vermeiden m\u00f6chte. Bedeutet dies, dass die Verdunstungsk\u00fchlung nicht verwendet werden kann?<\/h2>\n\n<p>Unsere K\u00fchler verdampfen Wasser ? Dieses Wasser findet man in Form von Dampf vor und nicht in Form von Fl\u00fcssigkeit (Mikrotr\u00f6pfchen). Die <strong>Luftfeuchtigkeit wird zwar je nach Umgebung zwischen 2 % und 5 % steigen<\/strong>.<\/p>\n\n<p><strong>Um den Anstieg der Luftfeuchtigkeit<\/strong> in Ihrer Umgebung zu verhindern, k\u00f6nnen Sie einige Dinge tun.<\/p>\n\n<ul class=\"wp-block-list\">\n<li><strong>Erh\u00f6hen Sie die Bel\u00fcftung<\/strong> (offene T\u00fcren und Fenster). Je mehr gel\u00fcftet wird, desto geringer ist der Anstieg der Luftfeuchtigkeit.   <\/li>\n\n\n\n<li><strong>\u00dcberwachen Sie die Temperatur und die Luftfeuchtigkeit<\/strong>, um sie jederzeit auf dem richtigen Niveau zu halten. Unsere Verdunstungsk\u00fchler werden standardm\u00e4\u00dfig mit der M\u00f6glichkeit geliefert, dies \u00fcber das <strong>eingebaute Bedienfeld<\/strong> zu tun.   <\/li>\n<\/ul>\n\n<p>Wir sprechen oft von punktuellen Erfrischungen mit tragbaren K\u00fchlern. Das bedeutet, dass von der Gesamtfl\u00e4che nur ein Teil gek\u00fchlt wird. Daher ist <strong>der Effekt auf die Gesamtfeuchtigkeit<\/strong> in der Regel viel <strong>geringer als 2-5%<\/strong>. Bedenken Sie auch, dass leistungsstarke Verdunstungsk\u00fchler die warme und feuchte Luft tats\u00e4chlich aus dem Geb\u00e4ude verdr\u00e4ngen.    <\/p>\n\n<h2 class=\"wp-block-heading\">Erh\u00f6ht die Verdunstungsk\u00fchlung das Risiko einer Legion\u00e4rskrankheit, weil sie Wasser verwendet ?<\/h2>\n\n<p>Legionella ist ein Bakterium, das <strong>in Warmwassersystemen w<\/strong>\u00e4chst. Unsere Ger\u00e4te sind mit UV-Lampen ausgestattet. 100% des Wassers, das auf die K\u00fchlpaneele tropft, wird mit UV-Licht behandelt. <\/p>\n\n<p>Dar\u00fcber hinaus <strong>wird<\/strong> die <strong>Legion\u00e4rskrankheit durch das Einatmen eines Aerosols von Wasser \u00fcbertragen<\/strong>, das mit Legionella-Bakterien <strong>kontaminiert<\/strong> ist. <strong>Unsere Ger\u00e4te verspr\u00fchen<\/strong> jedoch <strong>keine Aerosole<\/strong>. Wasser wird verdampft oder als Dampf transportiert, nicht in fl\u00fcssiger Form. <\/p>\n\n<p>Das Risiko ist daher \u00e4u\u00dferst gering und nicht gr\u00f6\u00dfer als bei einer herk\u00f6mmlichen Klimaanlage.<\/p>\n\n<h2 class=\"wp-block-heading\">Kann der Ger\u00e4uschpegel von Verdunstungsluftk\u00fchlern gesenkt werden ?<\/h2>\n\n<p>In unseren Hauptm\u00e4rkten (Industrie, Logistik, Produktion) <strong>liegen<\/strong> die Ger\u00e4uschpegel <strong>unserer Ger\u00e4te in der Regel unter dem bestehenden L\u00e4rmniveau<\/strong>. Dar\u00fcber hinaus ist die Bedeutung des K\u00fchleffekts weitaus gr\u00f6\u00dfer als die der Schallreduzierung. Unsere K\u00fchler sind <strong>mit einer Geschwindigkeitsregelung ausgestattet<\/strong>, so dass Sie <strong>die Geschwindigkeit und damit den Ton<\/strong> bei Bedarf <strong>reduzieren<\/strong> k\u00f6nnen. Je kleiner der K\u00fchler, desto niedriger ist der Ger\u00e4uschpegel. Der Ger\u00e4uschpegel unserer Ger\u00e4te liegt bei 66 dB.    <\/p>\n\n<h2 class=\"wp-block-heading\">Was kann ich tun, um den Luftstrom an meine Bed\u00fcrfnisse anzupassen ?<\/h2>\n\n<p>\u00c4hnlich wie bei Frage 4 zum Thema Ton kann es in einer Fabrikhalle vorkommen, dass manche Personen den Luftstrom als st\u00f6rend empfinden. In diesem Fall ist es m\u00f6glich,<strong>das Ger\u00e4t weiter weg zu stellen oder die Richtung des Luftstroms zu regulieren<\/strong>. Unsere K\u00fchler verf\u00fcgen \u00fcber Einstellr\u00e4der, mit denen Sie <strong>die Richtung des Luftstroms kontrollieren<\/strong> k\u00f6nnen. Es ist auch m\u00f6glich, <strong>die Geschwindigkeit<\/strong> \u00fcber das Bedienfeld des Ger\u00e4tes zu <strong>regulieren<\/strong> und so <strong>den Luftstrom zu verringern<\/strong>.   <\/p>\n\n<p>Alternativ kann <strong>der K\u00fchler auch an einer h\u00f6heren<\/strong> Stelle aufgestellt werden, um sicherzustellen, dass die Luft nicht auf Personen gerichtet wird (die k\u00fchle Luft bewegt sich immer nach unten, die K\u00fchlung ist also auch bei dieser L\u00f6sung gew\u00e4hrleistet).<\/p>\n\n<h2 class=\"wp-block-heading\">Warum sollte man sich die M\u00fche machen, Geld f\u00fcr Komfort auszugeben &#8211; Es ist billiger, darauf zu verzichten, nicht wahr ?<\/h2>\n\n<p>Die Kosten f\u00fcr die Installation, den Betrieb und das Gesamteigentum sind in der Tat recht begrenzt, so dass die Verdunstungsk\u00fchlung im Hinblick auf die Nutzung eine <strong>finanziell gesunde L\u00f6sung<\/strong> darstellt. Dar\u00fcber hinaus sind Mitarbeiter, die in hei\u00dfen Umgebungen arbeiten m\u00fcssen, Hitzestress ausgesetzt, was sowohl die Sicherheit als auch die Produktivit\u00e4t beeintr\u00e4chtigen wird. Im Gegensatz dazu wird das Arbeiten <strong>mit einer angenehmen Raumtemperatur ihre Konzentration und ihre F\u00e4higkeit, effektiv zu arbeiten, verbessern.<\/strong><\/p>\n\n<h2 class=\"wp-block-heading\">Wie reinige ich meinen Luftk\u00fchler und wie bewahre ich ihn auf am Ende der hei\u00dfen Jahreszeit ?<\/h2>\n\n<p>Wenn die Arbeitsumgebung staubig oder schmutzig ist, m\u00fcssen Sie die H\u00e4ufigkeit der Reinigung und Entleerung erh\u00f6hen. Wir empfehlen, <strong>den Wassertank<\/strong> w\u00e4hrend der Nutzungszeit <strong>einmal im Monat zu leeren<\/strong> und <strong>mit klarem Wasser zu reinigen<\/strong>.<\/p>\n\n<p>\u00dcberwinterung der Luftk\u00fchler am Ende der Jahreszeit.<\/p>\n\n<p>Die Platten m\u00fcssen nicht ausgetauscht werden, wenn sie am Ende der Jahreszeit trocken gelagert werden.<\/p>\n\n<p>Dazu m\u00fcssen Sie am Ende jeder Jahreszeit und vor der \u00dcberwinterung der Verdunstungsk\u00fchlger\u00e4te :<\/p>\n\n<ul class=\"wp-block-list\">\n<li><strong>Die Ger\u00e4te entleeren<\/strong><\/li>\n\n\n\n<li>Sie mit <strong>klarem Wasser durchsp\u00fclen<\/strong>.<\/li>\n\n\n\n<li><strong>Lassen Sie die Ger\u00e4te mit klarem Wasser durchlaufen<\/strong> und f\u00fcgen Sie eventuell Essigreiniger hinzu.<\/li>\n\n\n\n<li>Die <strong>Ger\u00e4te vollst\u00e4ndig entleeren<\/strong><\/li>\n\n\n\n<li><strong>Die Ger\u00e4te mindestens 6 Stunden ohne Wasserzirkulation laufen lassen<\/strong>, um die Platten und das Ger\u00e4t zu trocknen.<\/li>\n<\/ul>\n\n<h2 class=\"wp-block-heading\">Haben Sie noch eine Frage ?<\/h2>\n\n<p>Wenn Sie weitere Fragen haben, z\u00f6gern Sie bitte nicht, uns zu kontaktieren. Ein Mitarbeiter wird Ihnen antworten und Sie bei Ihrem Projekt zur Lufterfrischung begleiten.<\/p>\n\n<div class=\"wp-block-buttons is-horizontal is-content-justification-center is-layout-flex wp-container-core-buttons-is-layout-03627597 wp-block-buttons-is-layout-flex\">\n<div class=\"wp-block-button\"><a class=\"wp-block-button__link wp-element-button\" href=\"https:\/\/obera.fr\/de\/contact\/\">Weitere Informationen<\/a><\/div>\n<\/div>\n","protected":false},"excerpt":{"rendered":"<p>Dieser Artikel bietet unsere Antwort auf die am h\u00e4ufigsten gestellten Fragen zur Verdunstungsk\u00fchlung.<\/p>\n","protected":false},"author":4,"featured_media":90316,"comment_status":"closed","ping_status":"closed","sticky":false,"template":"","format":"standard","meta":{"_acf_changed":false,"_seopress_robots_primary_cat":"none","_seopress_titles_title":"Adiabatische Luftk\u00fchler : H\u00e4ufig gestellte Fragen","_seopress_titles_desc":"Finden Sie unsere Antworten auf die am h\u00e4ufigsten gestellten Fragen zu unseren adiabatischen Luftk\u00fchlern in unseren FAQs.","_seopress_robots_index":"yes","footnotes":""},"categories":[7],"tags":[19],"class_list":["post-11982","post","type-post","status-publish","format-standard","has-post-thumbnail","hentry","category-ratschlage","tag-entete-klein","generate-columns","tablet-grid-50","mobile-grid-100","grid-parent","grid-50","no-featured-image-padding","resize-featured-image"],"acf":[],"_links":{"self":[{"href":"https:\/\/obera.fr\/de\/wp-json\/wp\/v2\/posts\/11982","targetHints":{"allow":["GET"]}}],"collection":[{"href":"https:\/\/obera.fr\/de\/wp-json\/wp\/v2\/posts"}],"about":[{"href":"https:\/\/obera.fr\/de\/wp-json\/wp\/v2\/types\/post"}],"author":[{"embeddable":true,"href":"https:\/\/obera.fr\/de\/wp-json\/wp\/v2\/users\/4"}],"replies":[{"embeddable":true,"href":"https:\/\/obera.fr\/de\/wp-json\/wp\/v2\/comments?post=11982"}],"version-history":[{"count":4,"href":"https:\/\/obera.fr\/de\/wp-json\/wp\/v2\/posts\/11982\/revisions"}],"predecessor-version":[{"id":97573,"href":"https:\/\/obera.fr\/de\/wp-json\/wp\/v2\/posts\/11982\/revisions\/97573"}],"wp:featuredmedia":[{"embeddable":true,"href":"https:\/\/obera.fr\/de\/wp-json\/wp\/v2\/media\/90316"}],"wp:attachment":[{"href":"https:\/\/obera.fr\/de\/wp-json\/wp\/v2\/media?parent=11982"}],"wp:term":[{"taxonomy":"category","embeddable":true,"href":"https:\/\/obera.fr\/de\/wp-json\/wp\/v2\/categories?post=11982"},{"taxonomy":"post_tag","embeddable":true,"href":"https:\/\/obera.fr\/de\/wp-json\/wp\/v2\/tags?post=11982"}],"curies":[{"name":"wp","href":"https:\/\/api.w.org\/{rel}","templated":true}]}}