{"id":120850,"date":"2025-07-08T15:06:08","date_gmt":"2025-07-08T13:06:08","guid":{"rendered":"https:\/\/obera.fr\/ratschlage\/chaleur-parking-enjeu-urbain\/"},"modified":"2025-11-21T11:24:17","modified_gmt":"2025-11-21T09:24:17","slug":"chaleur-parking-enjeu-urbain","status":"publish","type":"post","link":"https:\/\/obera.fr\/de\/ratschlage\/chaleur-parking-enjeu-urbain\/","title":{"rendered":"Hitze in Parkh\u00e4usern: ein untersch\u00e4tztes st\u00e4dtisches Problem"},"content":{"rendered":"\n<p><strong>Tiefgaragen<\/strong> sind wohlbekannte st\u00e4dtische Hotspots: schlecht bel\u00fcftet, sehr mineralhaltig, eingeschlossen.<br\/>Dennoch werden diese R\u00e4ume selten in den <strong>Pl\u00e4nen zur Anpassung an den Klimawandel<\/strong> ber\u00fccksichtigt, obwohl sie im Herzen unserer St\u00e4dte liegen, stark frequentiert sind und oft w\u00e4rmer als drau\u00dfen sind.<\/p>\n\n<h2 class=\"wp-block-heading\">Unsichtbare Stadtd\u00e4mpfer<\/h2>\n\n<p><strong>Tiefgaragen<\/strong>, die f\u00fcr die Lagerung von Fahrzeugen konzipiert wurden, <strong>sind oft geschlossen<\/strong>, mineralisch, schlecht bel\u00fcftet und von Beton umgeben. Das Ergebnis: Sobald es drau\u00dfen hei\u00df wird, verwandeln sich diese R\u00e4ume in echte W\u00e4rmefallen. Die<strong> Temperaturen steigen<\/strong> in Hitzeperioden<strong> leicht auf \u00fcber 40\u00b0C<\/strong>, in der Tiefe sogar noch h\u00f6her.  <br\/><br\/>Die Folgen sind vielf\u00e4ltig:<\/p>\n\n<ul class=\"wp-block-list\">\n<li><strong>Gro\u00dfe Unannehmlichkeiten f\u00fcr die Nutzer<\/strong>, insbesondere f\u00fcr \u00e4ltere Menschen und Familien.<\/li>\n\n\n\n<li><strong>Gesundheitsrisiken f\u00fcr<\/strong> Wartungspersonal oder Personal vor Ort.<\/li>\n\n\n\n<li><strong>Vorzeitiger Verschlei\u00df von<\/strong> hitzeempfindlichen technischen <strong>Ger\u00e4ten<\/strong>.<\/li>\n\n\n\n<li><strong>Schlechtes Image des \u00f6ffentlichen Dienstes<\/strong>, der als alt oder vernachl\u00e4ssigt wahrgenommen wird.<\/li>\n<\/ul>\n\n<p>Und dieses Problem wird sich mit dem prognostizierten Temperaturanstieg in<br\/>den kommenden Jahren noch versch\u00e4rfen.<\/p>\n\n<h2 class=\"wp-block-heading\">Es gibt L\u00f6sungen: SEMEPA in Aix-en-Provence<\/h2>\n\n<p>In Aix-en-Provence entschied sich SEMEPA f\u00fcr einen Kurswechsel. Da es in den Parkh\u00e4usern im Stadtzentrum immer ungem\u00fctlicher wurde, wurde 2025 im Parkhaus Rotonde eine <strong>innovative L\u00f6sung<\/strong> eingef\u00fchrt: 12 <a href=\"https:\/\/obera.fr\/de\/produits\/rafraichisseurs-air\/\">adiabatische XXL-K\u00fchler<\/a>, die in den unterirdischen G\u00e4ngen installiert wurden.<br\/>Das Prinzip?<strong>Nat\u00fcrliche Verdunstung von Wasser<\/strong>, ohne Klimaanlage, ohne umweltsch\u00e4dliche Fl\u00fcssigkeiten, ohne L\u00e4rm.<br\/>Ergebnis: bis zu -4\u00b0C um jedes Ger\u00e4t herum und ein Gef\u00fchl von erneuerter Luft.  <br\/><br\/>Sehen Sie sich die vollst\u00e4ndige Reportage \u00fcber diese innovative L\u00f6sung an: <a href=\"https:\/\/www.francebleu.fr\/infos\/transports\/des-ventilateurs-xxl-dans-le-plus-grand-parking-d-aix-en-provence-5428694\"><em>https:\/\/www.francebleu.fr\/infos\/transports\/des-ventilateurs-xxl-dans-le-plus-grand-parking-d-aix-en-provence-5428694<\/em><\/a><\/p>\n\n<div class=\"wp-block-columns is-layout-flex wp-container-core-columns-is-layout-28f84493 wp-block-columns-is-layout-flex\">\n<div class=\"wp-block-column is-layout-flow wp-block-column-is-layout-flow\">\n<figure class=\"wp-block-image aligncenter size-large is-resized\"><img decoding=\"async\" width=\"819\" height=\"1024\" src=\"https:\/\/obera.fr\/wp-content\/uploads\/2025\/07\/image-ici-819x1024.jpg\" alt=\"W&#xE4;rme Parkplatz\" class=\"wp-image-120729\" style=\"width:457px;height:auto\" srcset=\"https:\/\/obera.fr\/wp-content\/uploads\/2025\/07\/image-ici-819x1024.jpg 819w, https:\/\/obera.fr\/wp-content\/uploads\/2025\/07\/image-ici-240x300.jpg 240w, https:\/\/obera.fr\/wp-content\/uploads\/2025\/07\/image-ici-768x960.jpg 768w, https:\/\/obera.fr\/wp-content\/uploads\/2025\/07\/image-ici.jpg 1080w\" sizes=\"(max-width: 819px) 100vw, 819px\" \/><\/figure>\n<\/div>\n\n\n\n<div class=\"wp-block-column is-layout-flow wp-block-column-is-layout-flow\">\n<figure class=\"wp-block-image aligncenter size-large is-resized\"><img decoding=\"async\" width=\"728\" height=\"1024\" src=\"https:\/\/obera.fr\/wp-content\/uploads\/2025\/07\/image-ici-affiche-728x1024.jpg\" alt=\"Hitze in Parkh&#xE4;usern\" class=\"wp-image-120752\" style=\"width:426px;height:auto\" srcset=\"https:\/\/obera.fr\/wp-content\/uploads\/2025\/07\/image-ici-affiche-728x1024.jpg 728w, https:\/\/obera.fr\/wp-content\/uploads\/2025\/07\/image-ici-affiche-213x300.jpg 213w, https:\/\/obera.fr\/wp-content\/uploads\/2025\/07\/image-ici-affiche-768x1081.jpg 768w, https:\/\/obera.fr\/wp-content\/uploads\/2025\/07\/image-ici-affiche-1092x1536.jpg 1092w, https:\/\/obera.fr\/wp-content\/uploads\/2025\/07\/image-ici-affiche.jpg 1280w\" sizes=\"(max-width: 728px) 100vw, 728px\" \/><\/figure>\n<\/div>\n<\/div>\n\n<h2 class=\"wp-block-heading\">Unsere Luftk\u00fchler passen sich st\u00e4dtischen Parkpl\u00e4tzen an<\/h2>\n\n<p>Die adiabatische K\u00fchltechnologie von OberA eignet sich perfekt f\u00fcr Tiefgaragen, wo Hitze, stehende Luft und schlechte Bel\u00fcftung eine echte Herausforderung darstellen.<br\/><br\/>Robust, leise und ohne K\u00e4ltemittel gew\u00e4hrleisten unsere <a href=\"https:\/\/obera.fr\/de\/ratschlage\/rafraichissement-adiabatique-confort-thermique-naturel\/\">K\u00fchlger\u00e4te eine nat\u00fcrliche und sparsame K\u00fchlung<\/a>, w\u00e4hrend sie eine gute Luftqualit\u00e4t aufrechterhalten. Einfach zu installieren (Fassade, Dach oder mobil) und pflegeleicht, liefern sie bis zu 30.000 m\u00b3\/h Luftdurchsatz f\u00fcr optimalen Komfort im Herzen der Stadt.<br\/><br\/>Um unsere Produkte kennen zu lernen und gemeinsam mit Ihnen die<strong> Erfrischung Ihrer R\u00e4ume<\/strong> zu planen, wenden Sie sich an unsere Teams. Wir helfen Ihnen bei der Auswahl der Ger\u00e4te, die am besten zu Ihren Anforderungen und Zielen passen. <\/p>\n\n<div style=\"height:40px\" aria-hidden=\"true\" class=\"wp-block-spacer\"><\/div>\n\n<div class=\"wp-block-buttons is-content-justification-center is-layout-flex wp-container-core-buttons-is-layout-a89b3969 wp-block-buttons-is-layout-flex\">\n<div class=\"wp-block-button\"><a class=\"wp-block-button__link wp-element-button\" href=\"https:\/\/obera.fr\/de\/contact\/\">Kontaktiere uns<\/a><\/div>\n\n\n\n<div class=\"wp-block-button\"><a class=\"wp-block-button__link has-text-align-center wp-element-button\" href=\"https:\/\/obera.fr\/de\/location-appareil-industriel\/\">Vermieten Sie unsere Ger\u00e4te<\/a><\/div>\n<\/div>\n","protected":false},"excerpt":{"rendered":"<p>Tiefgaragen sind bekannte st\u00e4dtische Hotspots: schlecht bel\u00fcftet, sehr mineralhaltig, eingeschlossen.<\/p>\n","protected":false},"author":13,"featured_media":120866,"comment_status":"open","ping_status":"closed","sticky":false,"template":"","format":"standard","meta":{"_acf_changed":false,"_seopress_robots_primary_cat":"none","_seopress_titles_title":"Tiefgaragen: Nat\u00fcrliche K\u00fchlung bei starker Hitze","_seopress_titles_desc":"OberA bietet eine adiabatische L\u00f6sung zur K\u00fchlung von st\u00e4dtischen Parkpl\u00e4tzen: -4\u00b0C ohne Klimaanlage, ohne L\u00e4rm, ohne sch\u00e4dliche Fl\u00fcssigkeiten. Beispiel in Aix-en-Provence. ","_seopress_robots_index":"","footnotes":""},"categories":[7],"tags":[],"class_list":["post-120850","post","type-post","status-publish","format-standard","has-post-thumbnail","hentry","category-ratschlage","generate-columns","tablet-grid-50","mobile-grid-100","grid-parent","grid-50","no-featured-image-padding","resize-featured-image"],"acf":[],"_links":{"self":[{"href":"https:\/\/obera.fr\/de\/wp-json\/wp\/v2\/posts\/120850","targetHints":{"allow":["GET"]}}],"collection":[{"href":"https:\/\/obera.fr\/de\/wp-json\/wp\/v2\/posts"}],"about":[{"href":"https:\/\/obera.fr\/de\/wp-json\/wp\/v2\/types\/post"}],"author":[{"embeddable":true,"href":"https:\/\/obera.fr\/de\/wp-json\/wp\/v2\/users\/13"}],"replies":[{"embeddable":true,"href":"https:\/\/obera.fr\/de\/wp-json\/wp\/v2\/comments?post=120850"}],"version-history":[{"count":2,"href":"https:\/\/obera.fr\/de\/wp-json\/wp\/v2\/posts\/120850\/revisions"}],"predecessor-version":[{"id":133784,"href":"https:\/\/obera.fr\/de\/wp-json\/wp\/v2\/posts\/120850\/revisions\/133784"}],"wp:featuredmedia":[{"embeddable":true,"href":"https:\/\/obera.fr\/de\/wp-json\/wp\/v2\/media\/120866"}],"wp:attachment":[{"href":"https:\/\/obera.fr\/de\/wp-json\/wp\/v2\/media?parent=120850"}],"wp:term":[{"taxonomy":"category","embeddable":true,"href":"https:\/\/obera.fr\/de\/wp-json\/wp\/v2\/categories?post=120850"},{"taxonomy":"post_tag","embeddable":true,"href":"https:\/\/obera.fr\/de\/wp-json\/wp\/v2\/tags?post=120850"}],"curies":[{"name":"wp","href":"https:\/\/api.w.org\/{rel}","templated":true}]}}