{"id":134193,"date":"2025-08-25T10:00:00","date_gmt":"2025-08-25T08:00:00","guid":{"rendered":"https:\/\/obera.fr\/ratschlage\/luftkuehler-fuer-die-gastronomie\/"},"modified":"2025-11-27T21:33:21","modified_gmt":"2025-11-27T19:33:21","slug":"luftkuehler-fuer-die-gastronomie","status":"publish","type":"post","link":"https:\/\/obera.fr\/de\/restaurants-und-unterkunfte\/luftkuehler-fuer-die-gastronomie\/","title":{"rendered":"Luftk\u00fchler f\u00fcr die Gastronomie"},"content":{"rendered":"\n<p>Bei OberA wissen wir, wie <strong>wichtig es ist, eine Mahlzeit im Freien zu genie\u00dfen<\/strong>, besonders an sch\u00f6nen Sommertagen. Starke Hitze kann diesen geselligen Moment jedoch schnell in ein unangenehmes Erlebnis verwandeln. Deshalb freuen wir uns, Ihnen unsere j\u00fcngste Zusammenarbeit mit dem Restaurant Manicook in Fegersheim bekannt zu geben. Wir hatten das Vergn\u00fcgen, ihre wundersch\u00f6ne Terrasse mit <a href=\"https:\/\/obera.fr\/de\/produits\/rafraichisseurs-air\/\">adiabatischen Luftk\u00fchlern<\/a> auszustatten, um allen Liebhabern guter K\u00fcche <strong>optimalen Komfort<\/strong> zu garantieren.   <\/p>\n\n<div class=\"wp-block-columns is-layout-flex wp-container-core-columns-is-layout-28f84493 wp-block-columns-is-layout-flex\">\n<div class=\"wp-block-column is-vertically-aligned-center is-layout-flow wp-block-column-is-layout-flow\" style=\"flex-basis:50%\">\n<h2 class=\"wp-block-heading\">Angenehme Frische zu jeder Jahreszeit<\/h2>\n\n\n\n<p>Das Vergn\u00fcgen, auf der Terrasse zu essen, kann sich <strong>schnell in Unannehmlichkeiten verwandeln, wenn die Hitze erdr\u00fcckend wird<\/strong>. Hier kommen unsere adiabatischen Luftk\u00fchler ins Spiel. Dank ihrer innovativen Technologie erm\u00f6glichen sie es, eine angenehme Temperatur aufrechtzuerhalten und gleichzeitig die f\u00fcr maximalen Komfort notwendige Feuchtigkeit zu bewahren.  <\/p>\n<\/div>\n\n\n\n<div class=\"wp-block-column is-vertically-aligned-center is-layout-flow wp-block-column-is-layout-flow\" style=\"flex-basis:50%\">\n<figure class=\"wp-block-image aligncenter size-large is-resized\"><img decoding=\"async\" width=\"768\" height=\"1024\" src=\"https:\/\/obera.fr\/wp-content\/uploads\/2025\/07\/20250630_115711-768x1024.jpg\" alt=\"K&#xFC;hler f&#xFC;r die Gastronomie\" class=\"wp-image-119134\" style=\"width:254px;height:auto\" srcset=\"https:\/\/obera.fr\/wp-content\/uploads\/2025\/07\/20250630_115711-768x1024.jpg 768w, https:\/\/obera.fr\/wp-content\/uploads\/2025\/07\/20250630_115711-225x300.jpg 225w, https:\/\/obera.fr\/wp-content\/uploads\/2025\/07\/20250630_115711-1152x1536.jpg 1152w, https:\/\/obera.fr\/wp-content\/uploads\/2025\/07\/20250630_115711-1536x2048.jpg 1536w, https:\/\/obera.fr\/wp-content\/uploads\/2025\/07\/20250630_115711-scaled.jpg 1920w\" sizes=\"(max-width: 768px) 100vw, 768px\" \/><\/figure>\n<\/div>\n<\/div>\n\n<h2 class=\"wp-block-heading\">Wie funktioniert das?<\/h2>\n\n<p>Die <a href=\"https:\/\/obera.fr\/de\/ratschlage\/le-principe-de-fonctionnement-du-refroidissement-adiabatique-air-eau-evaporation\/\">adiabatischen Luftk\u00fchler funktionieren nach dem Prinzip der Wasserverdunstung<\/a>. Indem sie warme Luft durch feuchte Filter leiten, senken sie die Umgebungstemperatur. Diese nat\u00fcrliche Methode ist nicht nur effektiv, sondern auch <strong>umweltfreundlich<\/strong>. Vorbei sind die Mahlzeiten unter dr\u00fcckender Hitze, willkommen Frische und Geselligkeit!   <\/p>\n\n<h3 class=\"wp-block-heading\">Eine umweltfreundliche L\u00f6sung<\/h3>\n\n<p>In einer Welt, in der Nachhaltigkeit unerl\u00e4sslich ist, stellen unsere <strong>Luftk\u00fchler eine umweltfreundliche L\u00f6sung<\/strong> dar. Sie verbrauchen weniger Energie als herk\u00f6mmliche Klimaanlagen und bieten dennoch eine effiziente K\u00fchlung. Durch die Wahl dieser Technologie zeigt das <strong>Restaurant Manicook<\/strong> sein Engagement f\u00fcr die Umwelt und garantiert gleichzeitig ein unvergleichliches kulinarisches Erlebnis.  <\/p>\n\n<h3 class=\"wp-block-heading\">Vorteile unserer K\u00fchler<\/h3>\n\n<ul class=\"wp-block-list\">\n<li><strong>Energieeinsparung:<\/strong> Senken Sie Ihre Stromrechnungen und bieten Sie Ihren Kunden gleichzeitig eine angenehme Umgebung.<\/li>\n\n\n\n<li><strong>Einfache Installation:<\/strong> Unsere Ger\u00e4te sind einfach zu installieren und f\u00fcgen sich perfekt in den vorhandenen Raum ein.<\/li>\n\n\n\n<li><strong>Minimaler Wartungsaufwand:<\/strong> Unsere K\u00fchler sind auf Langlebigkeit ausgelegt und erfordern wenig Wartung, w\u00e4hrend sie leistungsf\u00e4hig bleiben.<\/li>\n<\/ul>\n\n<h2 class=\"wp-block-heading\">Genie\u00dfen Sie in aller Ruhe<\/h2>\n\n<p>Stellen Sie sich vor, Ihre Kunden genie\u00dfen ein k\u00f6stliches Gericht in angenehmer Atmosph\u00e4re, ohne von der erdr\u00fcckenden Sommerhitze gest\u00f6rt zu werden. Dank unserer Installation k\u00f6nnen Ihre G\u00e4ste nun <strong>ihre Mahlzeit in aller Ruhe genie\u00dfen<\/strong>. Ob f\u00fcr ein Familienessen, ein romantisches Abendessen oder ein Essen mit Freunden, die gek\u00fchlte Terrasse schafft einen idealen Rahmen, um die <strong>kulinarischen Spezialit\u00e4ten<\/strong>, die Sie mit Leidenschaft anbieten, zu genie\u00dfen.  <\/p>\n\n<h2 class=\"wp-block-heading\">Die IC-Reihe<\/h2>\n\n<p>Unsere Luftk\u00fchler-Reihe <strong>besteht aus drei Ger\u00e4ten<\/strong>, die alle zur Miete verf\u00fcgbar sind. Sie haben auch die M\u00f6glichkeit, <g id=\"gid_1\">mehrere Einheiten zu kombinieren<\/g>, um gr\u00f6\u00dfere Bereiche zu k\u00fchlen. Entdecken Sie unsere Auswahl:  <\/p>\n\n<div class=\"wp-block-columns is-layout-flex wp-container-core-columns-is-layout-28f84493 wp-block-columns-is-layout-flex\">\n<div class=\"wp-block-column is-vertically-aligned-center is-layout-flow wp-block-column-is-layout-flow\">\n<figure class=\"wp-block-image aligncenter size-full is-resized\"><a href=\"https:\/\/obera.fr\/de\/produits\/rafraichisseurs-air\/rafraichisseurs-par-evaporation-ic\/\"><img decoding=\"async\" width=\"1200\" height=\"1200\" src=\"https:\/\/obera.fr\/wp-content\/uploads\/2025\/04\/img-ic-12.png\" alt=\"img ic 12\" class=\"wp-image-87231\" style=\"object-fit:cover;width:200px;height:auto\" srcset=\"https:\/\/obera.fr\/wp-content\/uploads\/2025\/04\/img-ic-12.png 1200w, https:\/\/obera.fr\/wp-content\/uploads\/2025\/04\/img-ic-12-300x300.png 300w, https:\/\/obera.fr\/wp-content\/uploads\/2025\/04\/img-ic-12-1024x1024.png 1024w, https:\/\/obera.fr\/wp-content\/uploads\/2025\/04\/img-ic-12-150x150.png 150w, https:\/\/obera.fr\/wp-content\/uploads\/2025\/04\/img-ic-12-768x768.png 768w\" sizes=\"(max-width: 1200px) 100vw, 1200px\" \/><\/a><figcaption class=\"wp-element-caption\">IC12<\/figcaption><\/figure>\n<\/div>\n\n\n\n<div class=\"wp-block-column is-vertically-aligned-center is-layout-flow wp-block-column-is-layout-flow\">\n<figure class=\"wp-block-image aligncenter size-full is-resized\"><a href=\"https:\/\/obera.fr\/de\/produits\/rafraichisseurs-air\/rafraichisseurs-par-evaporation-ic\/\"><img decoding=\"async\" width=\"1200\" height=\"1200\" src=\"https:\/\/obera.fr\/wp-content\/uploads\/2025\/04\/img-ic-22.png\" alt=\"img ic 22\" class=\"wp-image-87254\" style=\"object-fit:cover;width:288px;height:auto\" srcset=\"https:\/\/obera.fr\/wp-content\/uploads\/2025\/04\/img-ic-22.png 1200w, https:\/\/obera.fr\/wp-content\/uploads\/2025\/04\/img-ic-22-300x300.png 300w, https:\/\/obera.fr\/wp-content\/uploads\/2025\/04\/img-ic-22-1024x1024.png 1024w, https:\/\/obera.fr\/wp-content\/uploads\/2025\/04\/img-ic-22-150x150.png 150w, https:\/\/obera.fr\/wp-content\/uploads\/2025\/04\/img-ic-22-768x768.png 768w\" sizes=\"(max-width: 1200px) 100vw, 1200px\" \/><\/a><figcaption class=\"wp-element-caption\">IC22<\/figcaption><\/figure>\n<\/div>\n\n\n\n<div class=\"wp-block-column is-layout-flow wp-block-column-is-layout-flow\">\n<figure class=\"wp-block-image aligncenter size-full\"><a href=\"https:\/\/obera.fr\/de\/produits\/rafraichisseurs-air\/rafraichisseurs-par-evaporation-ic\/\"><img decoding=\"async\" width=\"1200\" height=\"1200\" src=\"https:\/\/obera.fr\/wp-content\/uploads\/2025\/04\/img-ic-30.png\" alt=\"img ic 30\" class=\"wp-image-87278\" style=\"object-fit:cover\" srcset=\"https:\/\/obera.fr\/wp-content\/uploads\/2025\/04\/img-ic-30.png 1200w, https:\/\/obera.fr\/wp-content\/uploads\/2025\/04\/img-ic-30-300x300.png 300w, https:\/\/obera.fr\/wp-content\/uploads\/2025\/04\/img-ic-30-1024x1024.png 1024w, https:\/\/obera.fr\/wp-content\/uploads\/2025\/04\/img-ic-30-150x150.png 150w, https:\/\/obera.fr\/wp-content\/uploads\/2025\/04\/img-ic-30-768x768.png 768w\" sizes=\"(max-width: 1200px) 100vw, 1200px\" \/><\/a><figcaption class=\"wp-element-caption\">IC30<\/figcaption><\/figure>\n<\/div>\n<\/div>\n\n<div class=\"wp-block-columns is-layout-flex wp-container-core-columns-is-layout-28f84493 wp-block-columns-is-layout-flex\">\n<div class=\"wp-block-column is-layout-flow wp-block-column-is-layout-flow\">\n<p class=\"has-text-align-center\">Durchfluss: 12.000 m3\/h<br\/>Behandelte Fl\u00e4che: 150 m2<br\/>Tankinhalt: 70L<\/p>\n<\/div>\n\n\n\n<div class=\"wp-block-column is-layout-flow wp-block-column-is-layout-flow\">\n<p class=\"has-text-align-center\">Durchfluss: 22.000 m3\/h<br\/>Behandelte Fl\u00e4che: 250 m2<br\/>Tankinhalt: 130L<\/p>\n<\/div>\n\n\n\n<div class=\"wp-block-column is-layout-flow wp-block-column-is-layout-flow\">\n<p class=\"has-text-align-center\">Durchfluss: 30.000 m3\/h<br\/>Behandelte Fl\u00e4che: 400 m2<br\/>Tankinhalt: 280L<\/p>\n<\/div>\n<\/div>\n\n<div style=\"height:50px\" aria-hidden=\"true\" class=\"wp-block-spacer\"><\/div>\n\n<div class=\"wp-block-buttons is-content-justification-center is-layout-flex wp-container-core-buttons-is-layout-a89b3969 wp-block-buttons-is-layout-flex\">\n<div class=\"wp-block-button\"><a class=\"wp-block-button__link wp-element-button\" href=\"https:\/\/obera.fr\/de\/contact\/\">Kontaktiere uns<\/a><\/div>\n\n\n\n<div class=\"wp-block-button\"><a class=\"wp-block-button__link has-text-align-center wp-element-button\" href=\"https:\/\/obera.fr\/de\/location-appareil-industriel\/\">Vermieten Sie unsere Ger\u00e4te<\/a><\/div>\n<\/div>\n","protected":false},"excerpt":{"rendered":"<p>Bei OberA wissen wir, wie wichtig es ist, eine Mahlzeit im Freien zu genie\u00dfen, besonders an sch\u00f6nen Sommertagen. Allerdings k\u00f6nnen hohe Temperaturen diesen geselligen Moment schnell in ein unangenehmes Erlebnis verwandeln.  <\/p>\n","protected":false},"author":13,"featured_media":31822,"comment_status":"open","ping_status":"closed","sticky":false,"template":"","format":"standard","meta":{"_acf_changed":false,"_seopress_robots_primary_cat":"none","_seopress_titles_title":"Luftk\u00fchler: Terrassenkomfort f\u00fcr Restaurants","_seopress_titles_desc":"Obera stattet das Restaurant Manicook mit adiabatischen K\u00fchlern aus, um diesen Sommer Frische, Komfort und Umweltvertr\u00e4glichkeit auf der Terrasse zu bieten.","_seopress_robots_index":"","footnotes":""},"categories":[926],"tags":[422],"class_list":["post-134193","post","type-post","status-publish","format-standard","has-post-thumbnail","hentry","category-restaurants-und-unterkunfte","tag-luftkuhler","generate-columns","tablet-grid-50","mobile-grid-100","grid-parent","grid-50","no-featured-image-padding","resize-featured-image"],"acf":[],"_links":{"self":[{"href":"https:\/\/obera.fr\/de\/wp-json\/wp\/v2\/posts\/134193","targetHints":{"allow":["GET"]}}],"collection":[{"href":"https:\/\/obera.fr\/de\/wp-json\/wp\/v2\/posts"}],"about":[{"href":"https:\/\/obera.fr\/de\/wp-json\/wp\/v2\/types\/post"}],"author":[{"embeddable":true,"href":"https:\/\/obera.fr\/de\/wp-json\/wp\/v2\/users\/13"}],"replies":[{"embeddable":true,"href":"https:\/\/obera.fr\/de\/wp-json\/wp\/v2\/comments?post=134193"}],"version-history":[{"count":1,"href":"https:\/\/obera.fr\/de\/wp-json\/wp\/v2\/posts\/134193\/revisions"}],"predecessor-version":[{"id":134196,"href":"https:\/\/obera.fr\/de\/wp-json\/wp\/v2\/posts\/134193\/revisions\/134196"}],"wp:featuredmedia":[{"embeddable":true,"href":"https:\/\/obera.fr\/de\/wp-json\/wp\/v2\/media\/31822"}],"wp:attachment":[{"href":"https:\/\/obera.fr\/de\/wp-json\/wp\/v2\/media?parent=134193"}],"wp:term":[{"taxonomy":"category","embeddable":true,"href":"https:\/\/obera.fr\/de\/wp-json\/wp\/v2\/categories?post=134193"},{"taxonomy":"post_tag","embeddable":true,"href":"https:\/\/obera.fr\/de\/wp-json\/wp\/v2\/tags?post=134193"}],"curies":[{"name":"wp","href":"https:\/\/api.w.org\/{rel}","templated":true}]}}