{"id":32572,"date":"2020-11-20T16:20:07","date_gmt":"2020-11-20T14:20:07","guid":{"rendered":"https:\/\/obera.fr\/ratschlage\/quels-sont-les-risques-en-cas-de-non-respect-des-vlep\/"},"modified":"2025-05-07T10:21:02","modified_gmt":"2025-05-07T08:21:02","slug":"vlep-quels-risques-cas-de-non-respect-reglementation","status":"publish","type":"post","link":"https:\/\/obera.fr\/de\/ratschlage\/vlep-quels-risques-cas-de-non-respect-reglementation\/","title":{"rendered":"Quels sont les risques en cas de non respect des VLEP ?"},"content":{"rendered":"\n<h2 class=\"wp-block-heading\">Qu&#8217;est ce que la VLEP ?<\/h2>\n\n<p>Le code du travail \u2013 Article R4412-149 donne toutes les valeurs l\u00e9gales \u00e0 respecter. On distinguera deux types d\u2019expositions : l\u2019exposition sur une journ\u00e9e (8h) ou pour une p\u00e9riode de 15 minutes. <\/p>\n\n<p><a href=\"https:\/\/obera.fr\/de\/ratschlage\/valeur-limite-exposition-professionnelle-ou-vlep\/\" data-type=\"URL\" data-id=\"https:\/\/obera.fr\/conseils\/valeur-limite-exposition-professionnelle-ou-vlep\/\">Les valeurs limites d\u2019exposition professionnelle<\/a> (VLEP) sont exprim\u00e9es sous forme d\u2019une concentration dans l\u2019air pour une substance chimique donn\u00e9e et pour un temps r\u00e8glementaire. Es wird davon ausgegangen, dass nur eine Exposition gegen\u00fcber h\u00f6heren Konzentrationen oder \u00fcber einen l\u00e4ngeren Zeitraum gesundheitliche Folgen haben wird.<\/p>\n\n<p>Le code du travail nous indique les valeurs pour certains produits. Mais il en existe de nombreux non r\u00e9f\u00e9renc\u00e9s. Es wird daher empfohlen, sich entweder auf die von INRS ver\u00f6ffentlichte Liste oder auf die von ausl\u00e4ndischen Organisationen, insbesondere in Deutschland (GESTIS-Datenbank), ver\u00f6ffentlichten Werte zu beziehen.  <\/p>\n\n<blockquote class=\"wp-block-quote is-layout-flow wp-block-quote-is-layout-flow\">\n<p>\u00c0 lire aussi : <a href=\"https:\/\/obera.fr\/de\/ratschlage\/reglementation-vlep-evaluation-risque-chimique-lieu-de-travail\/\" data-type=\"post\" data-id=\"6575\">R\u00e9glementation VLEP, quelle \u00e9valuation du risque chimique sur le lieu de travail ?<\/a><\/p>\n<\/blockquote>\n\n<h3 class=\"wp-block-heading\">Poussi\u00e8res sans effets sp\u00e9cifiques<\/h3>\n\n<p>Le taux \u00e0 respecter pour les poussi\u00e8res sans influence sp\u00e9cifique sur la sant\u00e9 est de :<\/p>\n\n<ul class=\"wp-block-list\">\n<li>10mg\/m3 pour les particules sup\u00e9rieures \u00e0 10\u00b5m<\/li>\n\n\n\n<li>5mg\/m3 pour les PM 10.<\/li>\n<\/ul>\n\n<p>Malheureusement peu de particules r\u00e9pondent \u00e0 cette description. Selbst Staub, der uns harmlos erscheint (Kieselerde, Lehm, Kalkstein&#8230;) kann einen gro\u00dfen Einfluss auf unsere Gesundheit haben, wenn es sich um feine Partikel handelt. <\/p>\n\n<h3 class=\"wp-block-heading\"><strong>Staub, f\u00fcr den ein besonderer Arbeitsplatzgrenzwert gilt<\/strong><\/h3>\n\n<p>Alle St\u00e4ube haben einen bestimmten Arbeitsplatzgrenzwert. Dieser Wert entspricht der zeitgewichteten durchschnittlichen Konzentration von Partikeln, die \u00fcber einen Zeitraum von 8 Stunden in den Atembereich des Arbeitnehmers gelangen d\u00fcrfen. Der Arbeitsplatzgrenzwert soll den Bediener mittel- und langfristig vor den sch\u00e4dlichen Auswirkungen dieses Schadstoffs sch\u00fctzen.  <\/p>\n\n<blockquote class=\"wp-block-quote is-layout-flow wp-block-quote-is-layout-flow\">\n<p>Weiterf\u00fchrende Fragen: <a href=\"https:\/\/obera.fr\/de\/ratschlage\/vlep-filtration-de-poussiere-reglementation\/\" data-type=\"post\" data-id=\"6346\">Staubfiltration und PMWS und Vorschriften<\/a>.<\/p>\n<\/blockquote>\n\n<h3 class=\"wp-block-heading\">Staub, f\u00fcr den ein Kurzzeitgrenzwert (KZGW) gilt<\/h3>\n\n<p>Der STEL ist der maximale Grenzwert, dem der Bediener \u00fcber einen Zeitraum von 15 Minuten ausgesetzt sein kann. Dieser Wert soll den Bediener vor sofortigen oder kurzfristigen toxischen Wirkungen sch\u00fctzen. Laut ANSES ist es jedoch &#8220; <em>nicht das Ziel, das Auftreten m\u00f6glicher chronischer Gesundheitsfolgen zu verhindern, die sich aus wiederholten Expositionen ergeben k\u00f6nnten<\/em> &#8222;. Und: &#8220; <em>Anderen Stoffen wird ein AGW-15min empfohlen, der regulatorisch der Konzentration von Chemikalien entspricht, die \u00fcber einen Zeitraum von 15 Minuten gemessen wird, obwohl ihr toxikologisches Profil zeigt, dass sie bei einer Expositionszeit von weit weniger als 15 Minuten schwerwiegende und potenziell irreversible Wirkungen hervorrufen k\u00f6nnen<\/em> &#8220; <em>.<\/em>    <\/p>\n\n<p>Obwohl die Gesetzgebung Normen vorschreibt, bleiben die Risiken f\u00fcr das Personal hoch. <strong>Das INRS empfiehlt dringend, diese Werte deutlich zu unterschreiten, um das Risiko von Berufskrankheiten zu vermeiden<\/strong>.<\/p>\n\n<h2 class=\"wp-block-heading\">Welche strafrechtlichen Risiken bestehen f\u00fcr den Unternehmensleiter?<\/h2>\n\n<p>Die Erforschung der Feinstaubbelastung erlebte ihren Aufschwung mit dem Asbestproblem. Obwohl die sch\u00e4dlichen Auswirkungen von Feinstaub noch nicht bekannt waren, wurden Unternehmen aufgrund von Berufskrankheiten verklagt. <\/p>\n\n<p>Der Arbeitgeber kann <strong>zivilrechtlich haftbar<\/strong> gemacht werden, wenn die Berufskrankheit oder der Arbeitsunfall durch das Verschulden des Arbeitgebers entstanden ist (oder entstehen kann), d.h. wenn der Arbeitgeber seine gesetzlichen Verpflichtungen in Bezug auf das Arbeitsgesetzbuch nicht erf\u00fcllt hat. Die zivilrechtliche Haftung des Arbeitgebers f\u00fchrt zu einer Entsch\u00e4digung in Form von Schadenersatz, der vom Unternehmen (oder seiner Haftpflichtversicherung) zus\u00e4tzlich zur Grundentsch\u00e4digung gezahlt wird. <\/p>\n\n<p>Der kranke Arbeitnehmer erh\u00e4lt die folgenden Leistungen:<\/p>\n\n<ul class=\"wp-block-list\">\n<li>Kosten\u00fcbernahme f\u00fcr medizinische Versorgung durch das Unternehmen.<\/li>\n\n\n\n<li>Kompensatorisches Tagegeld.<\/li>\n\n\n\n<li>Eine Rente im Falle von Invalidit\u00e4t.<\/li>\n<\/ul>\n\n<p>Dar\u00fcber hinaus muss der Arbeitgeber zus\u00e4tzliche Leistungen in H\u00f6he von <strong>90 % des Bruttolohns w\u00e4hrend der ersten 30 Tage<\/strong> des Arbeitsausfalls und <strong>66,66 % w\u00e4hrend der folgenden 30 Tage<\/strong> zahlen, au\u00dfer in Sonderf\u00e4llen.<\/p>\n\n<p><strong>Wir sehen am Beispiel von Asbest, dass ein Unternehmen vor Gericht gehen kann, wenn ein Arbeitnehmer eine Berufskrankheit entwickelt, auch wenn die sch\u00e4dlichen Auswirkungen nicht bekannt sind. Es liegt in der Verantwortung des Arbeitgebers, seine Mitarbeiter zu sch\u00fctzen. <\/strong><\/p>\n\n<p>Schlie\u00dflich kann auch die F\u00fchrungskraft oder der Sicherheitsbeauftragte mit Sanktionen belegt werden. Gem\u00e4\u00df Artikel 223-1 des Strafgesetzbuches &#8222;Die direkte Gef\u00e4hrdung eines anderen durch Tod oder Verletzungen, die zu einer dauerhaften Verst\u00fcmmelung oder Behinderung f\u00fchren k\u00f6nnen, durch die offensichtlich bewusste Verletzung einer besonderen, gesetzlich oder durch Vorschriften vorgeschriebenen Vorsichts- oder Sicherheitsanforderung wird mit einem Jahr Gef\u00e4ngnis und 15.000 Euro Geldstrafe bestraft&#8220;. <\/p>\n","protected":false},"excerpt":{"rendered":"<p>Le code du travail est tr\u00e8s clair sur le respect des valeurs-limites d&#8217;exposition professionnelle (VLEP) avec l&#8217;article R4412-149. Deux types d&#8217;expositions sont \u00e0 distinguer : l&#8217;exposition sur une p\u00e9riode de 8 h et de 15 minutes. Retrouvez notre guide sur les valeurs l\u00e9gales \u00e0 respecter.    <\/p>\n","protected":false},"author":4,"featured_media":99109,"comment_status":"open","ping_status":"closed","sticky":false,"template":"","format":"standard","meta":{"_acf_changed":false,"_seopress_robots_primary_cat":"none","_seopress_titles_title":"Quels sont les risques en cas de non respect des VLEP ?","_seopress_titles_desc":"Le code du travail donne toutes les valeurs l\u00e9gales \u00e0 respecter. On distinguera deux types d\u2019expositions : l\u2019exposition sur une journ\u00e9e ou pour une p\u00e9riode de 15 minutes. ","_seopress_robots_index":"","footnotes":""},"categories":[7],"tags":[],"class_list":["post-32572","post","type-post","status-publish","format-standard","has-post-thumbnail","hentry","category-ratschlage","generate-columns","tablet-grid-50","mobile-grid-100","grid-parent","grid-50","no-featured-image-padding","resize-featured-image"],"acf":[],"_links":{"self":[{"href":"https:\/\/obera.fr\/de\/wp-json\/wp\/v2\/posts\/32572","targetHints":{"allow":["GET"]}}],"collection":[{"href":"https:\/\/obera.fr\/de\/wp-json\/wp\/v2\/posts"}],"about":[{"href":"https:\/\/obera.fr\/de\/wp-json\/wp\/v2\/types\/post"}],"author":[{"embeddable":true,"href":"https:\/\/obera.fr\/de\/wp-json\/wp\/v2\/users\/4"}],"replies":[{"embeddable":true,"href":"https:\/\/obera.fr\/de\/wp-json\/wp\/v2\/comments?post=32572"}],"version-history":[{"count":7,"href":"https:\/\/obera.fr\/de\/wp-json\/wp\/v2\/posts\/32572\/revisions"}],"predecessor-version":[{"id":99503,"href":"https:\/\/obera.fr\/de\/wp-json\/wp\/v2\/posts\/32572\/revisions\/99503"}],"wp:featuredmedia":[{"embeddable":true,"href":"https:\/\/obera.fr\/de\/wp-json\/wp\/v2\/media\/99109"}],"wp:attachment":[{"href":"https:\/\/obera.fr\/de\/wp-json\/wp\/v2\/media?parent=32572"}],"wp:term":[{"taxonomy":"category","embeddable":true,"href":"https:\/\/obera.fr\/de\/wp-json\/wp\/v2\/categories?post=32572"},{"taxonomy":"post_tag","embeddable":true,"href":"https:\/\/obera.fr\/de\/wp-json\/wp\/v2\/tags?post=32572"}],"curies":[{"name":"wp","href":"https:\/\/api.w.org\/{rel}","templated":true}]}}