{"id":32591,"date":"2020-11-20T16:32:55","date_gmt":"2020-11-20T14:32:55","guid":{"rendered":"https:\/\/obera.fr\/ratschlage\/luftverschmutzung-risikofaktoren\/"},"modified":"2025-05-07T10:12:22","modified_gmt":"2025-05-07T08:12:22","slug":"facteurs-de-risque","status":"publish","type":"post","link":"https:\/\/obera.fr\/de\/ratschlage\/facteurs-de-risque\/","title":{"rendered":"Luftverschmutzung: Risikofaktoren"},"content":{"rendered":"\n<p>Abgesehen von den starken \u00f6kologischen Auswirkungen, \u00fcber die oft in den Medien berichtet wird, ist die Luftverschmutzung sehr sch\u00e4dlich f\u00fcr unsere Gesundheit.<br\/>Laut einer Studie von Dr. Rob Beelen (Universit\u00e4t Utrecht in den Niederlanden), die 2013 in der medizinischen Fachzeitschrift The Lancet ver\u00f6ffentlicht wurde, erh\u00f6ht ein Anstieg der PM2,5-Konzentration um 5 Mikrogramm pro Kubikmeter die Sterblichkeit um 7 %.<\/p>\n\n<h2 class=\"wp-block-heading\" id=\"diametre-des-polluants\">Durchmesser der Schadstoffe<\/h2>\n\n<p>Die obige Tabelle zeigt die durchschnittliche Gr\u00f6\u00dfe verschiedener Schadstoffe. Je gr\u00f6ber ein Partikel ist, desto besser kann der K\u00f6rper dagegen ank\u00e4mpfen; umgekehrt gilt: je feiner, desto gr\u00f6\u00dfer die Gefahr.<\/p>\n\n<p>Es gibt zwei Arten von Partikeln. Partikel mit einem Durchmesser von mehr als 10 \u00b5m, die mit blo\u00dfem Auge sichtbar sind, vor allem an sonnigen Tagen, und Partikel unterhalb von PM 10, die f\u00fcr das Auge unsichtbar sind. Diese machen den gr\u00f6\u00dften Teil des Staubs aus und sind auch die gef\u00e4hrlichsten. Au\u00dferdem sind sie aufgrund ihrer geringen Masse anf\u00e4llig f\u00fcr Luftstr\u00f6mungen und k\u00f6nnen sich leicht verteilen. Alle Aerosole fallen in diese Kategorie.<\/p>\n\n<figure class=\"wp-block-image aligncenter size-large is-resized\"><img decoding=\"async\" src=\"https:\/\/obera.fr\/wp-content\/uploads\/2020\/11\/4-temps-de-sedimentation-1024x376.jpg\" alt=\"4 Sedimentationszeit\" class=\"wp-image-1841\" width=\"1024\" height=\"376\" srcset=\"https:\/\/obera.fr\/wp-content\/uploads\/2020\/11\/4-temps-de-sedimentation-1024x376.jpg 1024w, https:\/\/obera.fr\/wp-content\/uploads\/2020\/11\/4-temps-de-sedimentation-300x110.jpg 300w, https:\/\/obera.fr\/wp-content\/uploads\/2020\/11\/4-temps-de-sedimentation-768x282.jpg 768w, https:\/\/obera.fr\/wp-content\/uploads\/2020\/11\/4-temps-de-sedimentation-1536x564.jpg 1536w, https:\/\/obera.fr\/wp-content\/uploads\/2020\/11\/4-temps-de-sedimentation-2048x752.jpg 2048w\" sizes=\"(max-width: 1024px) 100vw, 1024px\" \/><\/figure>\n\n<h2 class=\"wp-block-heading\" id=\"la-granulometrie-des-poussieres-et-leurs-effets\">Die Korngr\u00f6\u00dfe des Staubs und seine Auswirkungen<\/h2>\n\n<p>Das obige Diagramm zeigt den Grad der Penetration von Partikeln in den K\u00f6rper in Abh\u00e4ngigkeit von ihrem Durchmesser. Je feiner sie sind, desto tiefer werden sie in den K\u00f6rper eindringen und desto schwieriger wird es, sie auszuscheiden.<\/p>\n\n<p>Der K\u00f6rper kann den Staub auf nat\u00fcrliche Weise durch die Flimmerh\u00e4rchen in der Lunge aushusten. Diese schieben den Partikel immer weiter nach oben in den Verdauungstrakt und scheiden ihn durch die Verdauung aus. Einige Bev\u00f6lkerungsgruppen sind jedoch anf\u00e4lliger. Bei Rauchern sind die Flimmerh\u00e4rchen in der Lunge stark reduziert, so dass es l\u00e4nger dauert, diese auszuscheiden. Asthmatiker sind empfindlicher gegen\u00fcber Luftverschmutzung&#8230;<\/p>\n\n<p>Ein vorherrschender Faktor f\u00fcr die Toxizit\u00e4t von Partikeln ist die Biopersistenz: die Zeit, die der K\u00f6rper ben\u00f6tigt, um den Staub auszusto\u00dfen.<\/p>\n\n<p>Ein weiterer Faktor ist PM 1. Diese Partikel sind so fein, dass sie die Lungenbl\u00e4schen passieren und direkt in den Blutkreislauf wandern. Dies gilt insbesondere f\u00fcr Zigarettenrauch, Viren, Pestizide&#8230;<\/p>\n\n<figure class=\"wp-block-image aligncenter size-full is-resized\"><img decoding=\"async\" src=\"https:\/\/obera.fr\/wp-content\/uploads\/2020\/11\/4-fraction-poussieres.jpg\" alt=\"4 Staubfraktion\" class=\"wp-image-1840\" width=\"500\" height=\"526\" srcset=\"https:\/\/obera.fr\/wp-content\/uploads\/2020\/11\/4-fraction-poussieres.jpg 500w, https:\/\/obera.fr\/wp-content\/uploads\/2020\/11\/4-fraction-poussieres-285x300.jpg 285w\" sizes=\"(max-width: 500px) 100vw, 500px\" \/><\/figure>\n\n<h2 class=\"wp-block-heading\" id=\"temps-de-sedimentation\">Sedimentationszeit<\/h2>\n\n<p>Alle Partikel fallen aus. Bei ultrafeinen Partikeln kann es jedoch mehrere Tage dauern, bis sich die Partikel am Boden absetzen.<\/p>\n\n<p>Die Masse und die Dichte des Staubs bestimmen seine Sedimentationsgeschwindigkeit. Je kleiner die Masse, desto l\u00e4nger dauert es, bis sie niederschl\u00e4gt und desto empfindlicher reagiert sie auf Luftstr\u00f6mungen.<\/p>\n\n<p>Theoretisch m\u00fcsste der Betrieb 15 Tage lang komplett eingestellt werden, wenn man warten wollte, bis sich der gesamte Staub gelegt hat. Da dies fast nie der Fall ist, bleiben die feinsten Partikel immer in der Schwebe und konzentrieren sich.<\/p>\n\n<figure class=\"wp-block-image aligncenter size-large is-resized\"><img decoding=\"async\" src=\"https:\/\/obera.fr\/wp-content\/uploads\/2020\/11\/4-taille-de-particules-1024x844.jpg\" alt=\"4 Partikelgr&#xF6;&#xDF;e\" class=\"wp-image-1839\" width=\"1024\" height=\"844\" srcset=\"https:\/\/obera.fr\/wp-content\/uploads\/2020\/11\/4-taille-de-particules-1024x844.jpg 1024w, https:\/\/obera.fr\/wp-content\/uploads\/2020\/11\/4-taille-de-particules-300x247.jpg 300w, https:\/\/obera.fr\/wp-content\/uploads\/2020\/11\/4-taille-de-particules-768x633.jpg 768w, https:\/\/obera.fr\/wp-content\/uploads\/2020\/11\/4-taille-de-particules-1536x1266.jpg 1536w, https:\/\/obera.fr\/wp-content\/uploads\/2020\/11\/4-taille-de-particules-2048x1688.jpg 2048w\" sizes=\"(max-width: 1024px) 100vw, 1024px\" \/><\/figure>\n\n<p>Lesen Sie unseren Artikel \u00fcber <a href=\"https:\/\/obera.fr\/de\/ratschlage\/poussiere-solvant-industrie\/\">Staub und L\u00f6sungsmittel in der Industrie<\/a> sowie <a href=\"https:\/\/obera.fr\/de\/ratschlage\/der-umfassende-leitfaden-zur-industriellen-luftbehandlung\/\">den vollst\u00e4ndigen Leitfaden zur industriellen Luftbehandlung<\/a>.  <\/p>\n","protected":false},"excerpt":{"rendered":"<p>Die Luftverschmutzung ist sehr sch\u00e4dlich f\u00fcr unsere Gesundheit. Laut einer Studie von Dr. Rob Beelen in den Niederlanden aus dem Jahr 2013 erh\u00f6ht ein Anstieg der PM2,5-Konzentration um 5 Mikrogramm pro Kubikmeter die Sterblichkeit um 7 %. Finden Sie die Risikofaktoren f\u00fcr Umweltverschmutzung.<\/p>\n","protected":false},"author":4,"featured_media":99238,"comment_status":"closed","ping_status":"closed","sticky":false,"template":"","format":"standard","meta":{"_acf_changed":false,"_seopress_robots_primary_cat":"none","_seopress_titles_title":"Pollution de l\u2019air : Facteurs de risque pour la sant\u00e9","_seopress_titles_desc":"Outre un impact \u00e9cologique tr\u00e8s fort dont on entend souvent parler dans les m\u00e9dias, la pollution de l\u2019air est tr\u00e8s nocive pour notre sant\u00e9.","_seopress_robots_index":"","footnotes":""},"categories":[7],"tags":[19],"class_list":["post-32591","post","type-post","status-publish","format-standard","has-post-thumbnail","hentry","category-ratschlage","tag-entete-klein","generate-columns","tablet-grid-50","mobile-grid-100","grid-parent","grid-50","no-featured-image-padding","resize-featured-image"],"acf":[],"_links":{"self":[{"href":"https:\/\/obera.fr\/de\/wp-json\/wp\/v2\/posts\/32591","targetHints":{"allow":["GET"]}}],"collection":[{"href":"https:\/\/obera.fr\/de\/wp-json\/wp\/v2\/posts"}],"about":[{"href":"https:\/\/obera.fr\/de\/wp-json\/wp\/v2\/types\/post"}],"author":[{"embeddable":true,"href":"https:\/\/obera.fr\/de\/wp-json\/wp\/v2\/users\/4"}],"replies":[{"embeddable":true,"href":"https:\/\/obera.fr\/de\/wp-json\/wp\/v2\/comments?post=32591"}],"version-history":[{"count":4,"href":"https:\/\/obera.fr\/de\/wp-json\/wp\/v2\/posts\/32591\/revisions"}],"predecessor-version":[{"id":99271,"href":"https:\/\/obera.fr\/de\/wp-json\/wp\/v2\/posts\/32591\/revisions\/99271"}],"wp:featuredmedia":[{"embeddable":true,"href":"https:\/\/obera.fr\/de\/wp-json\/wp\/v2\/media\/99238"}],"wp:attachment":[{"href":"https:\/\/obera.fr\/de\/wp-json\/wp\/v2\/media?parent=32591"}],"wp:term":[{"taxonomy":"category","embeddable":true,"href":"https:\/\/obera.fr\/de\/wp-json\/wp\/v2\/categories?post=32591"},{"taxonomy":"post_tag","embeddable":true,"href":"https:\/\/obera.fr\/de\/wp-json\/wp\/v2\/tags?post=32591"}],"curies":[{"name":"wp","href":"https:\/\/api.w.org\/{rel}","templated":true}]}}