{"id":32597,"date":"2020-11-20T16:38:52","date_gmt":"2020-11-20T14:38:52","guid":{"rendered":"https:\/\/obera.fr\/ratschlage\/luftqualitaet-gesellschaftlicher-wandel\/"},"modified":"2025-05-07T11:04:54","modified_gmt":"2025-05-07T09:04:54","slug":"qualite-air-evolution-societe","status":"publish","type":"post","link":"https:\/\/obera.fr\/de\/ratschlage\/qualite-air-evolution-societe\/","title":{"rendered":"Luftqualit\u00e4t: Gesellschaftlicher Wandel"},"content":{"rendered":"\n<h2 class=\"wp-block-heading\" id=\"evolution-future-de-la-reglementation\">Zuk\u00fcnftige Entwicklungen in der Gesetzgebung<\/h2>\n\n<p><em><strong>Die Feinstaubbelastung r\u00fcckt immer mehr in den Vordergrund. Wir h\u00f6ren oft von der Luftverschmutzung in st\u00e4dtischen Gebieten, von Spitzenbelastungen durch Feinstaub&#8230;<\/strong><\/em><\/p>\n\n<p><em><strong>Derzeit gibt es in Europa keine Vorschriften f\u00fcr ultrafeine Partikel. Aber Skandale stellen diesen Trend in Frage.  <\/strong><\/em><\/p>\n\n<h2 class=\"wp-block-heading\" id=\"focus-sur-les-particules-les-plus-fines\">Fokus auf die feinsten Partikel<\/h2>\n\n<h3 class=\"wp-block-heading\" id=\"fos-sur-mer\">Fos-sur-mer<\/h3>\n\n<p>Im Jahr 2017 gab es in Fos-sur-Mer doppelt so viele Lungeninfektionen, Krebs- und Herzerkrankungen wie anderswo in Frankreich. Die Stadt liegt in einem der gro\u00dfen Industriegebiete Europas, das Raffinerien, \u00d6llager und ein riesiges Stahlwerk umfasst&#8230;.<\/p>\n\n<p>Nach der Analyse der Partikelemissionen fanden die Wissenschaftler Ergebnisse innerhalb der Norm f\u00fcr Partikel, die gr\u00f6\u00dfer als PM 2,5 sind. Es wurde jedoch nachgewiesen, dass diese Fabriken zahlreiche PM 1-Partikel, VOCs, CMRs usw. produzieren, was ihre Ausd\u00fcnstungen extrem giftig macht. Leider sind die Messungen der PM 1-Konzentrationen noch sehr jung. Die wissenschaftliche Gemeinschaft ist sich einig, dass sie die Hauptverantwortlichen f\u00fcr den eklatanten Anstieg von Krankheiten in diesem Arbeitsgebiet sind.<\/p>\n\n<p>Die Association de D\u00e9fense et de Protection du Littoral du Golf de Fos sur Mer hat sich der Sache angenommen, um L\u00f6sungen zur Verbesserung der Luftqualit\u00e4t vorzuschlagen, den Aussto\u00df von Luftschadstoffen zu \u00fcberwachen und rechtliche Schritte einzuleiten.<\/p>\n\n<h3 class=\"wp-block-heading\" id=\"les-pics-de-pollution-aux-particules-ultrafines-dans-les-villes\">Spitzenbelastungen durch ultrafeine Partikel in den St\u00e4dten<\/h3>\n\n<p>Gro\u00dfst\u00e4dte in Frankreich und der ganzen Welt werden regelm\u00e4\u00dfig von Spitzenbelastungen durch ultrafeine Partikel betroffen. Nach Angaben des Gesundheitsministeriums sollten Sie k\u00f6rperliche Aktivit\u00e4ten auf ein Minimum reduzieren, nicht ausgehen und bei Auftreten von Symptomen einen Arzt aufsuchen&#8230;.<\/p>\n\n<p>Fabriken, Werkst\u00e4tten und Lagerh\u00e4user, in denen die bei der Herstellung und Handhabung entstehenden Schadstoffe nicht (oder nur unzureichend) erfasst werden, entwickeln eine Verschmutzung, die den Spitzenwerten in Gro\u00dfst\u00e4dten \u00e4hnelt. Die gleichen Empfehlungen sollten theoretisch auch f\u00fcr Arbeitnehmer gelten, was zu einem erheblichen R\u00fcckgang der Produktivit\u00e4t f\u00fchren w\u00fcrde.<\/p>\n\n<h2 class=\"wp-block-heading\" id=\"aujourd-hui-il-y-a-peu-d-obligations-relatives-aux-particules-ultrafines-mais-qu-en-est-il-de-demain\">Heute gibt es nur wenige Verpflichtungen in Bezug auf ultrafeine Partikel, aber was ist mit morgen?<\/h2>\n\n<p>Diese Art von Skandalen, die Sterblichkeitsrate im Zusammenhang mit der Luftverschmutzung, die Zunahme von Krankheiten, die durch Feinstaub verursacht werden, usw. veranlassen die Beh\u00f6rden zu gr\u00f6\u00dferer Wachsamkeit. Dies ist der Fall in unseren St\u00e4dten mit der Beschr\u00e4nkung von Fahrzeugen, die die Umwelt am st\u00e4rksten verschmutzen, Gesundheits- und Sozialma\u00dfnahmen usw. In den St\u00e4dten, in denen wir t\u00e4tig sind, haben wir eine Reihe von Ma\u00dfnahmen ergriffen, um die Umwelt zu sch\u00fctzen.<\/p>\n\n<p>Dies f\u00fchrt zu einer Versch\u00e4rfung der Sicherheitsbestimmungen in Bezug auf Feinstaub. Heutzutage werden sowohl der Durchmesser als auch die Zusammensetzung der Schadstoffe gemessen. Dar\u00fcber hinaus gibt es eine Zunahme der Sanktionen bei Berufskrankheiten.<\/p>\n","protected":false},"excerpt":{"rendered":"<p>Die Feinstaubbelastung r\u00fcckt immer mehr in den Vordergrund. Wir h\u00f6ren oft von der Luftverschmutzung in st\u00e4dtischen Gebieten, von Spitzenbelastungen durch Feinstaub&#8230; Finden Sie heraus, wie sich die Luftqualit\u00e4t in unserer Gesellschaft entwickelt hat.<\/p>\n","protected":false},"author":4,"featured_media":81398,"comment_status":"closed","ping_status":"closed","sticky":false,"template":"","format":"standard","meta":{"_acf_changed":false,"_seopress_robots_primary_cat":"none","_seopress_titles_title":"Luftqualit\u00e4t: Gesellschaftlicher Wandel","_seopress_titles_desc":"Die Feinstaubbelastung r\u00fcckt immer mehr in den Vordergrund. Die Luftverschmutzung in St\u00e4dten ist oft ein Thema.","_seopress_robots_index":"","footnotes":""},"categories":[7],"tags":[],"class_list":["post-32597","post","type-post","status-publish","format-standard","has-post-thumbnail","hentry","category-ratschlage","generate-columns","tablet-grid-50","mobile-grid-100","grid-parent","grid-50","no-featured-image-padding","resize-featured-image"],"acf":[],"_links":{"self":[{"href":"https:\/\/obera.fr\/de\/wp-json\/wp\/v2\/posts\/32597","targetHints":{"allow":["GET"]}}],"collection":[{"href":"https:\/\/obera.fr\/de\/wp-json\/wp\/v2\/posts"}],"about":[{"href":"https:\/\/obera.fr\/de\/wp-json\/wp\/v2\/types\/post"}],"author":[{"embeddable":true,"href":"https:\/\/obera.fr\/de\/wp-json\/wp\/v2\/users\/4"}],"replies":[{"embeddable":true,"href":"https:\/\/obera.fr\/de\/wp-json\/wp\/v2\/comments?post=32597"}],"version-history":[{"count":4,"href":"https:\/\/obera.fr\/de\/wp-json\/wp\/v2\/posts\/32597\/revisions"}],"predecessor-version":[{"id":99655,"href":"https:\/\/obera.fr\/de\/wp-json\/wp\/v2\/posts\/32597\/revisions\/99655"}],"wp:featuredmedia":[{"embeddable":true,"href":"https:\/\/obera.fr\/de\/wp-json\/wp\/v2\/media\/81398"}],"wp:attachment":[{"href":"https:\/\/obera.fr\/de\/wp-json\/wp\/v2\/media?parent=32597"}],"wp:term":[{"taxonomy":"category","embeddable":true,"href":"https:\/\/obera.fr\/de\/wp-json\/wp\/v2\/categories?post=32597"},{"taxonomy":"post_tag","embeddable":true,"href":"https:\/\/obera.fr\/de\/wp-json\/wp\/v2\/tags?post=32597"}],"curies":[{"name":"wp","href":"https:\/\/api.w.org\/{rel}","templated":true}]}}