{"id":36522,"date":"2023-04-26T15:38:09","date_gmt":"2023-04-26T13:38:09","guid":{"rendered":"https:\/\/obera.fr\/ratschlage\/senkung-der-arbeitsplatzgrenzwerte-fuer-staub-ab-dem-1-juli-2023\/"},"modified":"2025-04-25T09:48:33","modified_gmt":"2025-04-25T07:48:33","slug":"evolution-des-valeurs-limites-dexposition-des-poussieres","status":"publish","type":"post","link":"https:\/\/obera.fr\/de\/conseils\/evolution-des-valeurs-limites-dexposition-des-poussieres\/","title":{"rendered":"Senkung der Arbeitsplatzgrenzwerte f\u00fcr Staub ab dem 1. Juli 2023"},"content":{"rendered":"\n<p>Am 1. Januar 2022 wurden die <strong>Arbeitsplatzgrenzwerte <\/strong>f\u00fcr <strong>St\u00e4ube, die als ohne spezifische Auswirkungen gelten,<\/strong> bereits ge\u00e4ndert. Die Grenzwerte werden jedoch erneut gesenkt, um die Gesundheit der Arbeitnehmer, die diesen Stoffen ausgesetzt sind, besser zu sch\u00fctzen. Ab dem<strong> 1. Juli 2023<\/strong> werden die <strong>Arbeitsplatzgrenzwerte<\/strong> (AGW) f\u00fcr Staub ohne spezifische Auswirkungen in Frankreich <strong>gesenkt <\/strong>.  <\/p>\n\n<p>St\u00e4ube ohne spezifische Wirkungen sind St\u00e4ube, die nicht als krebserzeugend, erbgutver\u00e4ndernd oder <a href=\"https:\/\/obera.fr\/de\/ratschlage\/cmr\/\">fortpflanzungsgef\u00e4hrdend (<strong>CMR<\/strong>)<\/a> eingestuft sind. <strong>Dies bedeutet<\/strong> jedoch <strong>nicht, dass sie f\u00fcr die Gesundheit<\/strong> der Arbeitnehmer ungef\u00e4hrlich sind. St\u00e4ube ohne spezifische Wirkungen k\u00f6nnen <strong>Reizungen der Atemwege<\/strong> und<strong> Gesundheitsst\u00f6rungen<\/strong> wie <strong>Lungenerkrankungen<\/strong> verursachen.  <\/p>\n\n<div class=\"wp-block-buttons is-horizontal is-content-justification-center is-layout-flex wp-container-core-buttons-is-layout-03627597 wp-block-buttons-is-layout-flex\">\n<div class=\"wp-block-button\"><a class=\"wp-block-button__link wp-element-button\" href=\"https:\/\/obera.fr\/de\/contact\/\">Weitere Informationen<\/a><\/div>\n<\/div>\n\n<figure class=\"wp-block-image alignright size-full is-resized\"><img decoding=\"async\" width=\"500\" height=\"500\" src=\"https:\/\/obera.fr\/wp-content\/uploads\/2024\/09\/vlep.png\" alt=\"Halbkreis mit verschiedenen Farben von dunkelgr&#xFC;n bis rot und einer Nadel, die auf eine Farbe zeigt.\" class=\"wp-image-33979\" style=\"width:301px;height:auto\" srcset=\"https:\/\/obera.fr\/wp-content\/uploads\/2024\/09\/vlep.png 500w, https:\/\/obera.fr\/wp-content\/uploads\/2024\/09\/vlep-300x300.png 300w, https:\/\/obera.fr\/wp-content\/uploads\/2024\/09\/vlep-150x150.png 150w, https:\/\/obera.fr\/wp-content\/uploads\/2024\/09\/vlep-24x24.png 24w, https:\/\/obera.fr\/wp-content\/uploads\/2024\/09\/vlep-48x48.png 48w, https:\/\/obera.fr\/wp-content\/uploads\/2024\/09\/vlep-96x96.png 96w\" sizes=\"(max-width: 500px) 100vw, 500px\" \/><\/figure>\n\n<h2 class=\"wp-block-heading\">Was ist ein Arbeitsplatzgrenzwert?<\/h2>\n\n<p>Ein <a href=\"https:\/\/obera.fr\/de\/ratschlage\/valeur-limite-exposition-professionnelle-ou-vlep\/\">Arbeitsplatzgrenzwert ist ein Grenzwert f\u00fcr die Exposition am Arbeitsplatz<\/a>, der die maximal zul\u00e4ssige Konzentration eines Stoffes in der Atemluft eines Arbeitnehmers \u00fcber einen bestimmten Zeitraum definiert. Arbeitsplatzgrenzwerte werden verwendet, um die <strong>Gesundheit von Arbeitnehmern<\/strong> vor den sch\u00e4dlichen Auswirkungen bestimmter Stoffe zu sch\u00fctzen. <\/p>\n\n<p>Es gibt zwei Arten von Arbeitsplatzgrenzwerten (AGW):  <\/p>\n\n<h3 class=\"wp-block-heading\">der Kurzzeit-Luftschadstoffgrenzwert<\/h3>\n\n<p>Der Kurzzeitgrenzwert ist ein Grenzwert, der die <strong>maximale Menge eines Stoffes<\/strong> festlegt, der ein Arbeitnehmer f\u00fcr einen kurzen Zeitraum, in der Regel 15 Minuten, ausgesetzt werden darf. Dieser Grenzwert wird verwendet, um den Arbeitnehmer vor den unmittelbaren Auswirkungen der Exposition gegen\u00fcber einem Stoff zu sch\u00fctzen, wie z.B. <strong>Reizungen oder allergische Reaktionen<\/strong>. <\/p>\n\n<h3 class=\"wp-block-heading\">der langfristige Arbeitsplatzgrenzwert<\/h3>\n\n<p>Der langfristige <strong>Arbeitsplatzgrenzwert<\/strong> ist ein Grenzwert, der die <strong>maximale Menge eines Stoffes<\/strong> festlegt, der ein Arbeitnehmer \u00fcber einen l\u00e4ngeren Zeitraum ausgesetzt werden darf, in der Regel 8 Stunden pro Tag und 40 Stunden pro Woche. Dieser Grenzwert wird verwendet, um <strong>den Arbeitnehmer vor den langfristigen Auswirkungen <\/strong>der Exposition gegen\u00fcber einem Stoff zu <strong>sch\u00fctzen <\/strong>, wie z.B. Atemwegserkrankungen oder Krebs. <\/p>\n\n<p>Arbeitsplatzgrenzwerte werden von den Gesundheitsbeh\u00f6rden festgelegt, um die Gesundheit der Arbeitnehmer vor den<strong> sch\u00e4dlichen Auswirkungen bestimmter Stoffe<\/strong> zu sch\u00fctzen. F\u00fcr Arbeitgeber ist es wichtig, die <a href=\"https:\/\/obera.fr\/de\/ratschlage\/quels-sont-les-risques-en-cas-de-non-respect-des-vlep\/\">f\u00fcr ihre T\u00e4tigkeiten geltenden Arbeitsplatzgrenzwerte<\/a> zu kennen und die notwendigen Pr\u00e4ventionsma\u00dfnahmen zu ergreifen, um die <strong>Sicherheit und Gesundheit ihrer Arbeitnehmer<\/strong> zu gew\u00e4hrleisten. <\/p>\n\n<h2 class=\"wp-block-heading\">Was bedeutet das?<\/h2>\n\n<p>Die betroffenen Unternehmen m\u00fcssen <strong>bis zum 1. Juli 2023<\/strong> die notwendigen Ma\u00dfnahmen ergreifen, um sicherzustellen, dass ihre Arbeitnehmer vor den sch\u00e4dlichen Auswirkungen dieses Staubs gesch\u00fctzt sind. Dies kann die Einf\u00fchrung von Pr\u00e4ventionsma\u00dfnahmen wie Bel\u00fcftung,<strong>Absaugung an der Quelle<\/strong> oder in der Umgebung, die Bereitstellung von<strong>pers\u00f6nlichen Schutzausr\u00fcstungen<\/strong>oder die Begrenzung der Exposition gegen\u00fcber Staub beinhalten. <\/p>\n\n<figure class=\"wp-block-image aligncenter size-large is-resized\"><img decoding=\"async\" width=\"1024\" height=\"293\" src=\"https:\/\/obera.fr\/wp-content\/uploads\/2023\/04\/vlep-en-mgm3-1-1024x293.png\" alt=\"Entwicklung der Arbeitsplatzgrenzwerte Juli 2023\" class=\"wp-image-22450\" style=\"width:768px;height:220px\" srcset=\"https:\/\/obera.fr\/wp-content\/uploads\/2023\/04\/vlep-en-mgm3-1-1024x293.png 1024w, https:\/\/obera.fr\/wp-content\/uploads\/2023\/04\/vlep-en-mgm3-1-300x86.png 300w, https:\/\/obera.fr\/wp-content\/uploads\/2023\/04\/vlep-en-mgm3-1-768x219.png 768w, https:\/\/obera.fr\/wp-content\/uploads\/2023\/04\/vlep-en-mgm3-1.png 1400w\" sizes=\"(max-width: 1024px) 100vw, 1024px\" \/><\/figure>\n\n<div class=\"wp-block-buttons is-horizontal is-content-justification-center is-layout-flex wp-container-core-buttons-is-layout-03627597 wp-block-buttons-is-layout-flex\">\n<div class=\"wp-block-button\"><a class=\"wp-block-button__link wp-element-button\" href=\"https:\/\/obera.fr\/de\/contact\/\">Weitere Informationen<\/a><\/div>\n<\/div>\n\n<h2 class=\"wp-block-heading\">Wie k\u00f6nnen Sie den Arbeitsplatzgrenzwert einhalten?<\/h2>\n\n<p>Die Ger\u00e4te von OberA wurden entwickelt, um <strong>die Luft in der Umgebung<\/strong> oder direkt an der Quelle zu <strong>behandeln<\/strong> und Schadstoffe zu entfernen, um die PMW-Grenzwerte einzuhalten und die Gesundheit der Mitarbeiter zu sch\u00fctzen. Die Ger\u00e4te k\u00f6nnen in <strong>verschiedenen Arten von Arbeitsumgebungen<\/strong> wie Werkst\u00e4tten, Fabriken, Labors usw. eingesetzt werden. <\/p>\n\n<p>Durch die Einhaltung der Arbeitsplatzgrenzwerte k\u00f6nnen die Ger\u00e4te von OberA die<strong>Produktivit\u00e4t der Mitarbeiter verbessern<\/strong>. Eine l\u00e4ngere Exposition gegen\u00fcber sch\u00e4dlichen Substanzen kann zu M\u00fcdigkeit, Kopfschmerzen, Reizungen oder Atembeschwerden f\u00fchren, was sich negativ auf die Leistung der Arbeitnehmer auswirken kann. Durch den Schutz der Gesundheit der Mitarbeiter tragen die Ger\u00e4te von OberA dazu bei, <strong>das Wohlbefinden und die Effizienz am Arbeitsplatz<\/strong> zu <strong>verbessern<\/strong>.  <\/p>\n\n<p>Schlie\u00dflich k\u00f6nnen die Ger\u00e4te von OberA durch die Einhaltung der Arbeitsplatzgrenzwerte<strong>Arbeitsausf\u00e4lle aufgrund von Gesundheitsproblemen<\/strong>, die durch die Exposition gegen\u00fcber sch\u00e4dlichen Substanzen verursacht werden,<strong>verhindern<\/strong>. Dies tr\u00e4gt dazu bei, die Kosten f\u00fcr die Unternehmen zu senken und die Kontinuit\u00e4t der Gesch\u00e4ftst\u00e4tigkeit zu gew\u00e4hrleisten. <\/p>\n\n<div class=\"wp-block-buttons is-content-justification-center is-layout-flex wp-container-core-buttons-is-layout-a89b3969 wp-block-buttons-is-layout-flex\">\n<div class=\"wp-block-button\"><a class=\"wp-block-button__link wp-element-button\" href=\"https:\/\/obera.fr\/de\/produits\/\">Sehen Sie sich unsere Produkte an<\/a><\/div>\n<\/div>\n","protected":false},"excerpt":{"rendered":"<p>Zum 1. Januar 2022 wurden die Arbeitsplatzgrenzwerte f\u00fcr Staub, von dem angenommen wird, dass er keine spezifischen Auswirkungen hat, bereits ge\u00e4ndert. Ab dem 1. Juli 2023 werden die Arbeitsplatzgrenzwerte f\u00fcr Staub, von dem man annimmt, dass er keine spezifischen Auswirkungen hat, in Frankreich erneut gesenkt.<\/p>\n","protected":false},"author":4,"featured_media":89584,"comment_status":"closed","ping_status":"closed","sticky":false,"template":"","format":"standard","meta":{"_acf_changed":false,"_seopress_robots_primary_cat":"1","_seopress_titles_title":"Senkung der Arbeitsplatzgrenzwerte f\u00fcr Staub ab dem 1. Juli 2023","_seopress_titles_desc":"Ab dem 1. Juli 2023 werden die Arbeitsplatzgrenzwerte f\u00fcr Staub, von dem angenommen wird, dass er keine spezifischen Auswirkungen hat, gesenkt, um die Arbeiter besser zu sch\u00fctzen.","_seopress_robots_index":"","footnotes":""},"categories":[7],"tags":[19],"class_list":["post-36522","post","type-post","status-publish","format-standard","has-post-thumbnail","hentry","category-ratschlage","tag-entete-klein","generate-columns","tablet-grid-50","mobile-grid-100","grid-parent","grid-50","no-featured-image-padding","resize-featured-image"],"acf":[],"_links":{"self":[{"href":"https:\/\/obera.fr\/de\/wp-json\/wp\/v2\/posts\/36522","targetHints":{"allow":["GET"]}}],"collection":[{"href":"https:\/\/obera.fr\/de\/wp-json\/wp\/v2\/posts"}],"about":[{"href":"https:\/\/obera.fr\/de\/wp-json\/wp\/v2\/types\/post"}],"author":[{"embeddable":true,"href":"https:\/\/obera.fr\/de\/wp-json\/wp\/v2\/users\/4"}],"replies":[{"embeddable":true,"href":"https:\/\/obera.fr\/de\/wp-json\/wp\/v2\/comments?post=36522"}],"version-history":[{"count":3,"href":"https:\/\/obera.fr\/de\/wp-json\/wp\/v2\/posts\/36522\/revisions"}],"predecessor-version":[{"id":89619,"href":"https:\/\/obera.fr\/de\/wp-json\/wp\/v2\/posts\/36522\/revisions\/89619"}],"wp:featuredmedia":[{"embeddable":true,"href":"https:\/\/obera.fr\/de\/wp-json\/wp\/v2\/media\/89584"}],"wp:attachment":[{"href":"https:\/\/obera.fr\/de\/wp-json\/wp\/v2\/media?parent=36522"}],"wp:term":[{"taxonomy":"category","embeddable":true,"href":"https:\/\/obera.fr\/de\/wp-json\/wp\/v2\/categories?post=36522"},{"taxonomy":"post_tag","embeddable":true,"href":"https:\/\/obera.fr\/de\/wp-json\/wp\/v2\/tags?post=36522"}],"curies":[{"name":"wp","href":"https:\/\/api.w.org\/{rel}","templated":true}]}}