{"id":43617,"date":"2021-10-25T16:07:28","date_gmt":"2021-10-25T14:07:28","guid":{"rendered":"https:\/\/obera.fr\/ratschlage\/faq-adiabatische-luftkuehler-2\/"},"modified":"2024-10-30T16:10:47","modified_gmt":"2024-10-30T14:10:47","slug":"faq-adiabatische-luftkuehler-2","status":"publish","type":"post","link":"https:\/\/obera.fr\/de\/ratschlage\/faq-adiabatische-luftkuehler-2\/","title":{"rendered":"FAQ Adiabatische Luftk\u00fchler"},"content":{"rendered":"\n<p>Erh\u00f6hen Verdunstungsluftk\u00fchler das Risiko der Legion\u00e4rskrankheit? Und kann ich sie verwenden, wenn ich in der Stahlindustrie arbeite? Sind sie laut?    <\/p>\n\n<p>Dieser Artikel gibt Antworten auf h\u00e4ufig gestellte Fragen zur <a href=\"https:\/\/obera.fr\/de\/ratschlage\/comment-rafraichissement-evaporation-ameliorer-production-industrielle\/\">Verdunstungsk\u00fchlung<\/a>.<\/p>\n\n<h2 class=\"wp-block-heading\">Erh\u00f6hen Verdunstungsk\u00fchler das Risiko von Infektionen und anderen Gesundheitsproblemen?<\/h2>\n\n<p>Nein, ganz im Gegenteil! Diese Frage beruht h\u00e4ufig auf der falschen Annahme, dass Verdunstungsk\u00fchler zwar <strong>die Luftfeuchtigkeit leicht erh\u00f6hen<\/strong>, aber auch das Risiko von Viren-, Bakterien- und Pilzwachstum steigern. Alle <strong><a href=\"https:\/\/obera.fr\/en\/rafraichisseurs-air\/\" data-type=\"page\" data-id=\"368\">OberA Verdunstungsk\u00fchler<\/a> sind mit Vorfiltern und einer UV-Lampe ausgestattet<\/strong>, die <a href=\"https:\/\/obera.fr\/conseils\/qualite-l-air-interieur-critere-essentiel-industrie\/\" data-type=\"post\" data-id=\"5884\">die Luft behandeln, um<\/a>Partikel <a href=\"https:\/\/obera.fr\/conseils\/qualite-l-air-interieur-critere-essentiel-industrie\/\" data-type=\"post\" data-id=\"5884\">zu entfernen<\/a>, die die Verbreitung von Viren und Bakterien erleichtern.    <\/p>\n\n<p>Die positiven Auswirkungen der Verdunstung sind in der Tat gut bekannt. <a href=\"https:\/\/obera.fr\/de\/ratschlage\/traitement-air-industriel-guide-complet\/\" data-type=\"URL\" data-id=\"https:\/\/obera.fr\/conseils\/traitement-air-industriel-guide-complet\/\">Die Verdunstungsk\u00fchlung<\/a> <a href=\"https:\/\/obera.fr\/de\/ratschlage\/traitement-air-industriel-guide-complet\/\" data-type=\"URL\" data-id=\"https:\/\/obera.fr\/conseils\/traitement-air-industriel-guide-complet\/\">sorgt<\/a> nicht nur <a href=\"https:\/\/obera.fr\/de\/ratschlage\/traitement-air-industriel-guide-complet\/\" data-type=\"URL\" data-id=\"https:\/\/obera.fr\/conseils\/traitement-air-industriel-guide-complet\/\">f\u00fcr<\/a> <a href=\"https:\/\/obera.fr\/de\/ratschlage\/traitement-air-industriel-guide-complet\/\" data-type=\"URL\" data-id=\"https:\/\/obera.fr\/conseils\/traitement-air-industriel-guide-complet\/\">saubere<\/a>, frische und gefilterte Luft, sie verbraucht auch viel <strong>weniger Energie<\/strong> und ist <strong>einfacher zu warten<\/strong>. Im Gegensatz zu vielen Klimaanlagen werden hier keine sch\u00e4dlichen FCKW-Gase verwendet.    <\/p>\n\n<h2 class=\"wp-block-heading\">Ich arbeite mit Stahlprodukten und m\u00f6chte daher keine Feuchtigkeit in meiner Arbeitsumgebung, um jedes Korrosionsrisiko zu vermeiden. Hei\u00dft das, dass ich keine Verdunstungsk\u00fchlung verwenden kann?   <\/h2>\n\n<p>Verdampfen unsere K\u00fchlboxen Wasser? Das Wasser in der K\u00fchlbox ist nicht fl\u00fcssig, sondern dampff\u00f6rmig (Mikrotr\u00f6pfchen). Die <strong> Luftfeuchtigkeit steigt je nach Umgebung zwischen 2% und 5%<\/strong>.    <\/p>\n\n<p>Es gibt ein paar Dinge, die Sie tun k\u00f6nnen, um <strong>eine erh\u00f6hte Luftfeuchtigkeit<\/strong> in Ihrer Umgebung <strong>zu verhindern<\/strong>.<\/p>\n\n<ul class=\"wp-block-list\">\n<li><strong>Erh\u00f6hen Sie die Bel\u00fcftung<\/strong>(\u00f6ffnen Sie T\u00fcren und Fenster). Mehr Bel\u00fcftung bedeutet weniger Feuchtigkeit. Je mehr Sie l\u00fcften, desto weniger steigt die Luftfeuchtigkeit.    <\/li>\n\n\n\n<li><strong>\u00dcberwacht Temperatur und Luftfeuchtigkeit, um sie<\/strong>auf dem richtigen Niveau <strong>zu halten<\/strong>. Unsere Verdunstungsk\u00fchler verf\u00fcgen \u00fcber ein <strong>integriertes Bedienfeld<\/strong> zur Einstellung des Niveaus.   <\/li>\n<\/ul>\n\n<p>Tragbare K\u00fchlger\u00e4te werden normalerweise zur K\u00fchlung eines bestimmten Bereichs verwendet. Das bedeutet, dass nur ein Teil der Gesamtfl\u00e4che gek\u00fchlt wird. Daher ist der<strong>Gesamteffekt auf die Luftfeuchtigkeit<\/strong> in der Regel <strong>viel geringer als 2-5%<\/strong>. Denken Sie daran, dass leistungsstarke Verdunstungsk\u00fchler warme, feuchte Luft aus dem Geb\u00e4ude abf\u00fchren.     <\/p>\n\n<h2 class=\"wp-block-heading\">Erh\u00f6ht die Verdunstungsk\u00fchlung das Risiko von Legionellen, weil sie Wasser verwendet?<\/h2>\n\n<p>Legionella ist ein Bakterium, das <strong>sich in Hei\u00dfwassersystemen entwickelt<\/strong>. Unsere Anlagen sind mit UV-Lampen ausgestattet. 100% des Wassers, das \u00fcber die K\u00fchlplatten flie\u00dft, wird mit UV-Licht behandelt.    <\/p>\n\n<p>Au\u00dferdem wird die <strong>Legionellose durch das Einatmen von Aerosolen aus Wasser \u00fcbertragen, das<\/strong> mit dem Legionellenbakterium <strong>kontaminiert ist<\/strong>. Unsere Ger\u00e4te <strong>setzen keine Aerosole frei<\/strong>. Das Wasser wird verdampft oder in Form von Dampf transportiert, nicht als Fl\u00fcssigkeit.    <\/p>\n\n<p>Das Risiko ist also \u00e4u\u00dferst gering und nicht h\u00f6her als bei herk\u00f6mmlichen Klimaanlagen.<\/p>\n\n<h2 class=\"wp-block-heading\">Kann ich den Ger\u00e4uschpegel eines Verdunstungsluftk\u00fchlers reduzieren?<\/h2>\n\n<p>Der Ger\u00e4uschpegel <strong>unserer Ger\u00e4te ist im Allgemeinen niedriger als in unseren<\/strong>Kernm\u00e4rkten (Industrie, Logistik, Fertigung). Au\u00dferdem \u00fcbersteigt die Bedeutung des K\u00fchleffekts bei weitem die der Ger\u00e4uschreduzierung. Unsere K\u00fchlger\u00e4te sind <strong>mit einer Geschwindigkeitsregelung ausgestattet<\/strong>, um <strong>die Geschwindigkeit und damit den L\u00e4rm zu reduzieren<\/strong>, falls erforderlich. Je kleiner der K\u00fchler ist, desto niedriger ist der Ger\u00e4uschpegel. Der Ger\u00e4uschpegel unserer Ger\u00e4te liegt bei 66 dB.     <\/p>\n\n<blockquote class=\"wp-block-quote is-layout-flow wp-block-quote-is-layout-flow\">\n<p>Lesen Sie auch : <a href=\"https:\/\/obera.fr\/de\/ratschlage\/ou-utiliser-rafraichissement-evaporation\/\" data-type=\"post\" data-id=\"7093\">Wo kann ich Verdunstungsk\u00fchlung einsetzen?<\/a><\/p>\n<\/blockquote>\n\n<h2 class=\"wp-block-heading\">Was kann ich tun, um den Luftstrom zu regulieren?<\/h2>\n\n<p>\u00c4hnlich wie bei Frage 4 kann der Luftstrom von manchen Menschen in einer Fabrik als st\u00f6rend empfunden werden. In diesem Fall k\u00f6nnen Sie <strong>das Ger\u00e4t weiter weg stellen oder die Richtung des Luftstroms anpassen<\/strong>. Unsere Luftk\u00fchler haben verstellbare Lamellen, mit denen Sie <strong>die Richtung des Luftstroms steuern<\/strong> k\u00f6nnen. Sie k\u00f6nnen auch <strong>die Geschwindigkeit<\/strong> \u00fcber das Bedienfeld <strong>einstellen<\/strong> und <strong>den Luftstrom des Ger\u00e4ts reduzieren<\/strong>.     <\/p>\n\n<p>Eine andere L\u00f6sung besteht darin, <strong>die K\u00fchlbox h\u00f6her zu platzieren<\/strong>, um zu vermeiden, dass die Luft auf Personen gerichtet wird (kalte Luft bewegt sich immer nach unten, so dass auch diese L\u00f6sung eine ausreichende K\u00fchlung gew\u00e4hrleistet).<\/p>\n\n<h2 class=\"wp-block-heading\">Warum sollten Sie Geld f\u00fcr Komfort ausgeben: Es ist doch billiger, darauf zu verzichten, oder?<\/h2>\n\n<p>Die Kosten f\u00fcr Installation, Betrieb und Verwaltung sind recht gering, so dass die Verdunstungsk\u00fchlung <strong>kosteng\u00fcnstig ist<\/strong>. Au\u00dferdem sind Mitarbeiter, die in hei\u00dfen Umgebungen arbeiten, einem Hitzestress ausgesetzt, der sowohl ihre Sicherheit als auch ihre <a href=\"https:\/\/obera.fr\/de\/ratschlage\/comment-rafraichissement-evaporation-ameliorer-production-industrielle\/\" data-type=\"post\" data-id=\"7081\">Produktivit\u00e4t<\/a> beeintr\u00e4chtigen kann. Die Arbeit in einer angenehmen Umgebung <strong>verbessert ihre Konzentration und ihre F\u00e4higkeit, effizient zu arbeiten<\/strong>.   <\/p>\n\n<h2 class=\"wp-block-heading\">Wie kann ich meinen Luftk\u00fchler am Ende der hei\u00dfen Jahreszeit reinigen und aufbewahren?<\/h2>\n\n<p>Wenn Ihre Arbeitsumgebung staubig oder schmutzig ist, sollten Sie den Spender h\u00e4ufiger reinigen und leeren. Wir empfehlen, <strong>den Wassertank einmal im Monat zu leeren<\/strong>, wenn er in Gebrauch ist, und <strong>ihn mit sauberem Wasser zu reinigen<\/strong>.   <\/p>\n\n<p>Luftk\u00fchler am Ende der Saison f\u00fcr den Winter vorbereiten<\/p>\n\n<p>Die Paneele m\u00fcssen nicht gewechselt werden, wenn sie am Ende der Saison trocken gelagert werden.<\/p>\n\n<p>Wir empfehlen Ihnen, am Ende jeder Saison die folgenden Arbeiten auszuf\u00fchren, bevor Sie den Verdunstungsk\u00fchler f\u00fcr den Winter einlagern:<\/p>\n\n<ul class=\"wp-block-list\">\n<li><strong>Leeren Sie die Einheiten<\/strong><\/li>\n\n\n\n<li>Sp\u00fclen Sie <strong>mit klarem Wasser<\/strong> nach.<\/li>\n\n\n\n<li><strong>Lassen Sie die Ger\u00e4te mit sauberem Wasser laufen<\/strong> und f\u00fcgen Sie bei Bedarf wei\u00dfen Essig hinzu.<\/li>\n\n\n\n<li><strong>Lassen Sie sie vollst\u00e4ndig abtropfen<\/strong><\/li>\n\n\n\n<li><strong>Lassen Sie sie mindestens 6 Stunden lang ohne Wasser laufen<\/strong>, um die Platten und das Ger\u00e4t zu trocknen.<\/li>\n<\/ul>\n\n<h2 class=\"wp-block-heading\">Haben Sie eine weitere Frage?<\/h2>\n\n<p>Z\u00f6gern Sie nicht, uns zu kontaktieren, wenn Sie weitere Fragen haben. Einer unserer Mitarbeiter wird Ihre Fragen beantworten und Ihnen helfen, Ihr <a href=\"https:\/\/obera.fr\/de\/ratschlage\/rafraichissement-adiabatique-confort-thermique-naturel\/\" data-type=\"URL\" data-id=\"https:\/\/obera.fr\/conseils\/rafraichissement-adiabatique-confort-thermique-naturel\/\">Klimatisierungsprojekt<\/a> zu realisieren.   <\/p>\n\n<div class=\"wp-block-buttons is-horizontal is-content-justification-center is-layout-flex wp-container-core-buttons-is-layout-03627597 wp-block-buttons-is-layout-flex\">\n<div class=\"wp-block-button\"><a class=\"wp-block-button__link wp-element-button\" href=\"https:\/\/obera.fr\/de\/contact\/\">Weitere Informationen<\/a><\/div>\n<\/div>\n","protected":false},"excerpt":{"rendered":"<p>Dieser Artikel gibt Antworten auf h\u00e4ufig gestellte Fragen zur Verdunstungsk\u00fchlung.<\/p>\n","protected":false},"author":4,"featured_media":11214,"comment_status":"closed","ping_status":"closed","sticky":false,"template":"","format":"standard","meta":{"_acf_changed":false,"_seopress_robots_primary_cat":"none","_seopress_titles_title":"Adiabatische K\u00fchler: H\u00e4ufig gestellte Fragen - OberA","_seopress_titles_desc":"Antworten auf h\u00e4ufig gestellte Fragen zu unseren adiabatischen Luftk\u00fchlern finden Sie in unseren FAQ.","_seopress_robots_index":"","footnotes":""},"categories":[7],"tags":[19],"class_list":["post-43617","post","type-post","status-publish","format-standard","has-post-thumbnail","hentry","category-ratschlage","tag-entete-klein","generate-columns","tablet-grid-50","mobile-grid-100","grid-parent","grid-50","no-featured-image-padding","resize-featured-image"],"acf":[],"_links":{"self":[{"href":"https:\/\/obera.fr\/de\/wp-json\/wp\/v2\/posts\/43617","targetHints":{"allow":["GET"]}}],"collection":[{"href":"https:\/\/obera.fr\/de\/wp-json\/wp\/v2\/posts"}],"about":[{"href":"https:\/\/obera.fr\/de\/wp-json\/wp\/v2\/types\/post"}],"author":[{"embeddable":true,"href":"https:\/\/obera.fr\/de\/wp-json\/wp\/v2\/users\/4"}],"replies":[{"embeddable":true,"href":"https:\/\/obera.fr\/de\/wp-json\/wp\/v2\/comments?post=43617"}],"version-history":[{"count":1,"href":"https:\/\/obera.fr\/de\/wp-json\/wp\/v2\/posts\/43617\/revisions"}],"predecessor-version":[{"id":43620,"href":"https:\/\/obera.fr\/de\/wp-json\/wp\/v2\/posts\/43617\/revisions\/43620"}],"wp:featuredmedia":[{"embeddable":true,"href":"https:\/\/obera.fr\/de\/wp-json\/wp\/v2\/media\/11214"}],"wp:attachment":[{"href":"https:\/\/obera.fr\/de\/wp-json\/wp\/v2\/media?parent=43617"}],"wp:term":[{"taxonomy":"category","embeddable":true,"href":"https:\/\/obera.fr\/de\/wp-json\/wp\/v2\/categories?post=43617"},{"taxonomy":"post_tag","embeddable":true,"href":"https:\/\/obera.fr\/de\/wp-json\/wp\/v2\/tags?post=43617"}],"curies":[{"name":"wp","href":"https:\/\/api.w.org\/{rel}","templated":true}]}}