{"id":67658,"date":"2021-05-18T19:28:45","date_gmt":"2021-05-18T17:28:45","guid":{"rendered":"https:\/\/obera.fr\/ratschlage\/analyse-qualite-l-air-interieur\/"},"modified":"2025-05-07T09:46:37","modified_gmt":"2025-05-07T07:46:37","slug":"analyse-qualite-l-air-interieur","status":"publish","type":"post","link":"https:\/\/obera.fr\/de\/ratschlage\/analyse-qualite-l-air-interieur\/","title":{"rendered":"Analyse der Luftqualit\u00e4t in Innenr\u00e4umen: unsere Ratschl\u00e4ge"},"content":{"rendered":"\n<p>Nach Angaben der WHO sterben in Frankreich j\u00e4hrlich fast 50.000 Menschen an den Folgen der Luftverschmutzung. Und entgegen der landl\u00e4ufigen Meinung kann die Luft in Innenr\u00e4umen von Wohnungen oder Industriegeb\u00e4uden bis zu 10 Mal st\u00e4rker verschmutzt sein als die Au\u00dfenluft!  <\/p>\n\n<p>In Unternehmen ist die Analyse der <a href=\"https:\/\/obera.fr\/de\/ratschlage\/qualite-l-air-interieur-critere-essentiel-industrie\/\" data-type=\"URL\" data-id=\"https:\/\/obera.fr\/conseils\/qualite-l-air-interieur-critere-essentiel-industrie\/\">Luftqualit\u00e4t in Innenr\u00e4umen<\/a> daher ein wichtiges Thema f\u00fcr die Gesundheit der Mitarbeiter.  <\/p>\n\n<p>Was sind die Quellen der Luftverschmutzung in Innenr\u00e4umen? Ist die <strong>\u00dcberwachung der Luftqualit\u00e4t in Innenr\u00e4umen<\/strong> obligatorisch? Wie wird die <strong>Luftqualit\u00e4t in einem Geb\u00e4ude gemessen<\/strong>? Lesen Sie unsere Ratschl\u00e4ge f\u00fcr eine gesunde und gesetzeskonforme Arbeitsumgebung.   <\/p>\n\n<h2 class=\"wp-block-heading\" id=\"quelles-sont-les-sources-de-pollution-de-l-air-interieur\">Was sind die Quellen der Luftverschmutzung in Innenr\u00e4umen?<\/h2>\n\n<p>Die<strong>Analyse der Luftqualit\u00e4t<\/strong> in geschlossenen R\u00e4umen (Wohnraum, Industriegeb\u00e4ude, \u00f6ffentliche Einrichtungen) basiert auf der <strong>Suche nach Schadstoffen und der Messung physikalischer Gr\u00f6\u00dfen<\/strong> (Temperatur, Feuchtigkeit, Druck usw.).<\/p>\n\n<h3 class=\"wp-block-heading\" id=\"les-particules-et-composes-organiques-volatils-cov\">Partikel und fl\u00fcchtige organische Verbindungen (VOC)<\/h3>\n\n<p>Baumaterialien, Reinigungsmittel, mangelnde Be- und Entl\u00fcftung von Geb\u00e4uden sind Quellen der Luftverschmutzung an Arbeitspl\u00e4tzen. Die <strong>Diagnose der Luftqualit\u00e4t in Innenr\u00e4umen (IAQ)<\/strong> beruht auf der Bewertung der Konzentration von zwei Arten von Schadstoffen: <\/p>\n\n<ul class=\"wp-block-list\">\n<li><strong>Fl\u00fcchtige organische Verbindungen (VOC)<\/strong>: Ger\u00fcche, D\u00e4mpfe von Chemikalien wie Formaldehyd ;<\/li>\n\n\n\n<li><strong>Feste oder fl\u00fcssige Partikel<\/strong>: Staub, Aerosole und biologische Verbindungen (Mikroben, Schimmel usw.).<\/li>\n<\/ul>\n\n<blockquote class=\"wp-block-quote is-layout-flow wp-block-quote-is-layout-flow\">\n<p>Die Luftverschmutzung in Innenr\u00e4umen stellt eine <strong>Bedrohung f\u00fcr die Gesundheit der Angestellten und die Umwelt<\/strong> dar. Formaldehyd ist krebserregend und VOCs f\u00f6rdern den Treibhauseffekt. <\/p>\n<\/blockquote>\n\n<h3 class=\"wp-block-heading\" id=\"des-valeurs-de-temperature-et-d-humidite-excessives\">\u00dcberm\u00e4\u00dfige Temperatur- und Feuchtigkeitswerte<\/h3>\n\n<p>Die Analyse der Luftqualit\u00e4t in Innenr\u00e4umen erfordert auch <strong>die Messung der Temperatur und der relativen Luftfeuchtigkeit<\/strong>. \u00dcberm\u00e4\u00dfige W\u00e4rme oder Feuchtigkeit f\u00f6rdern das Wachstum von biologischen Schadstoffen (Schimmel, Bakterien), die <strong>Materialien und Endprodukte besch\u00e4digen<\/strong>. Dar\u00fcber hinaus verst\u00e4rken zu hohe Temperaturen und Luftfeuchtigkeit die sch\u00e4dliche Wirkung von VOCs und <strong>tragen zur Verschlechterung der Arbeitsumgebung<\/strong> bei.  <\/p>\n\n<h2 class=\"wp-block-heading\" id=\"que-dit-la-loi-sur-la-surveillance-de-la-qualite-de-l-air-interieur\">Was sagt das Gesetz \u00fcber die \u00dcberwachung der Luftqualit\u00e4t in Innenr\u00e4umen?<\/h2>\n\n<p>Die Analyse der Luftqualit\u00e4t in Innenr\u00e4umen ist eine gesetzliche Verpflichtung f\u00fcr den Arbeitgeber, <strong>die Grenzwerte f\u00fcr die Exposition am Arbeitsplatz einzuhalten<\/strong> und eine Diagnose der Luftqualit\u00e4t in Innenr\u00e4umen durchzuf\u00fchren. <strong><a href=\"https:\/\/obera.fr\/de\/ratschlage\/qai-diagnostic-qualite-de-l-air-interieur-batiments-industriels\/\" data-type=\"URL\" data-id=\"https:\/\/obera.fr\/conseils\/qai-diagnostic-qualite-de-l-air-interieur-batiments-industriels\/\">Einf\u00fchrung der Diagnose der Luftqualit\u00e4t in Innenr\u00e4umen<\/a><\/strong>.<\/p>\n\n<h3 class=\"wp-block-heading\" id=\"valeurs-limites-d-exposition-professionnelle\">Grenzwerte f\u00fcr die Exposition am Arbeitsplatz<\/h3>\n\n<p>Das Arbeitsgesetzbuch legt Grenzwerte f\u00fcr die berufliche Exposition (PELV) fest, die den <strong>maximalen Schadstoff- oder Partikelmessungen<\/strong> entsprechen, denen ein Arbeitnehmer ohne Auswirkungen auf seine Gesundheit ausgesetzt werden kann. Bei \u00dcberschreitung der Arbeitsplatzgrenzwerte wird der Arbeitsplatz ausgesetzt, bis Mittel zur Reduzierung der Exposition des Arbeitnehmers eingesetzt werden. <\/p>\n\n<h3 class=\"wp-block-heading\" id=\"diagnostic-qualite-de-l-air-interieur\">Diagnose der Luftqualit\u00e4t in Innenr\u00e4umen<\/h3>\n\n<p>Im Rahmen des &#8222;Grenelle 2&#8220;-Gesetzes, das ein nationales Engagement f\u00fcr die Umwelt vorsieht, ist die Diagnose der Luftqualit\u00e4t in Innenr\u00e4umen (IAQ) in Frankreich f\u00fcr Geb\u00e4ude, in denen Kinder untergebracht sind (Vor- und Grundschulen, Freizeitzentren und Sekundarschulen), obligatorisch. <strong>Ab Januar 2023 wird die IAQ-Diagnose auf alle Einrichtungen mit Publikumsverkehr (ERP) ausgeweitet, d.h. Einrichtungen<\/strong>, die nicht nur f\u00fcr Personal, sondern auch f\u00fcr Besucher ge\u00f6ffnet sind.<\/p>\n\n<h2 class=\"wp-block-heading\" id=\"comment-realiser-l-analyse-de-la-qualite-de-l-air-interieur\">Wie wird die Analyse der Luftqualit\u00e4t in Innenr\u00e4umen durchgef\u00fchrt?<\/h2>\n\n<p>Die \u00dcberwachung der Luftqualit\u00e4t in Innenr\u00e4umen erfolgt mit <strong>speziellen Messger\u00e4ten<\/strong> auf <strong>Anraten eines Fachmanns<\/strong>.<\/p>\n\n<h3 class=\"wp-block-heading\" id=\"les-appareils-de-mesure-de-la-pollution-de-l-air\">Ger\u00e4te zur Messung der Luftverschmutzung<\/h3>\n\n<p>Die Analyse der Luftqualit\u00e4t in Innenr\u00e4umen erfordert Ger\u00e4te, die speziell f\u00fcr die Suche nach Schadstoffen und die Messung ihrer Konzentration in jedem Raum eines Geb\u00e4udes entwickelt wurden. <a href=\"https:\/\/obera.fr\/de\/ratschlage\/traitement-air-industriel-guide-complet\/\" data-type=\"URL\" data-id=\"https:\/\/obera.fr\/conseils\/traitement-air-industriel-guide-complet\/\">Als Experte f\u00fcr industrielle Luftbehandlung<\/a> bietet OBERA eine Reihe von <strong>Partikelz\u00e4hlern und Luftanalysatoren<\/strong>. Diese Ger\u00e4te \u00fcberwachen kontinuierlich die Luftqualit\u00e4t in Ihrem Betrieb: <\/p>\n\n<ul class=\"wp-block-list\">\n<li>Nachweis von <strong>fl\u00fcchtigen organischen Verbindungen (VOC)<\/strong> und Kohlendioxid (CO2);<\/li>\n\n\n\n<li>Quantitative und qualitative Analyse von <strong>Staub und Partikeln<\/strong> (PM 0,3 bis PM 10) ;<\/li>\n\n\n\n<li>Messung der <strong>Temperatur und der relativen Luftfeuchtigkeit<\/strong>.<\/li>\n<\/ul>\n\n<p>Die<strong>Echtzeitanalyse der Daten<\/strong> erm\u00f6glicht eine schnelle Umsetzung von Korrekturma\u00dfnahmen (Bel\u00fcftung, Entl\u00fcftung, Luftbehandlung), um die Grenzwerte f\u00fcr die Exposition am Arbeitsplatz einzuhalten.<\/p>\n\n<h3 class=\"wp-block-heading\" id=\"nos-conseils-pour-des-analyses-qai-efficaces\">Unsere Tipps f\u00fcr effektive IAQ-Analysen<\/h3>\n\n<p>Einrichtungen mit Publikumsverkehr (ERP), die unter das Grenelle 2-Gesetz fallen, m\u00fcssen ihre IAQ-Diagnose von einem vereidigten Fachmann durchf\u00fchren lassen. In allen F\u00e4llen wird empfohlen, <strong>sich an einen Spezialisten f\u00fcr Luftqualit\u00e4t zu wenden<\/strong>. Wir bieten Ihnen <a href=\"https:\/\/obera.fr\/de\/ratschlage\/mesure-de-la-qualite-de-l-air-interieur-interet-principe\/\" data-type=\"URL\" data-id=\"https:\/\/obera.fr\/conseils\/mesure-de-la-qualite-de-l-air-interieur-interet-principe\/\">Messungen der Luftqualit\u00e4t in Innenr\u00e4umen<\/a> und unterst\u00fctzen Sie bei der Einrichtung eines industriellen Luftaufbereitungssystems.  <\/p>\n\n<blockquote class=\"wp-block-quote is-layout-flow wp-block-quote-is-layout-flow\">\n<p><a href=\"https:\/\/obera.fr\/de\/contact\/\" data-type=\"page\" data-id=\"124\">Kontaktieren<\/a> Sie uns, um uns Ihre Bed\u00fcrfnisse mitzuteilen und Ratschl\u00e4ge zur<strong>Analyse der Luftqualit\u00e4t in Innenr\u00e4umen<\/strong> Ihres Geb\u00e4udes zu erhalten.<\/p>\n<\/blockquote>\n\n<p>Weiterf\u00fchrende Fragen: <a href=\"https:\/\/obera.fr\/de\/ratschlage\/choisir-rafraichisseur-d-air-industriel-reguler-temperature\/\" data-type=\"URL\" data-id=\"https:\/\/obera.fr\/conseils\/choisir-rafraichisseur-d-air-industriel-reguler-temperature\/\">Auswahl eines industriellen Luftk\u00fchlers<\/a>.  <\/p>\n","protected":false},"excerpt":{"rendered":"<p>Was sind die Quellen der Umweltverschmutzung in den Einrichtungen? Ist die \u00dcberwachung der Luftqualit\u00e4t in Innenr\u00e4umen obligatorisch? Wie wird die Luftqualit\u00e4t in einem Geb\u00e4ude gemessen? Lesen Sie unsere Tipps f\u00fcr ein gesundes und gesetzeskonformes Arbeitsumfeld.<\/p>\n","protected":false},"author":4,"featured_media":98425,"comment_status":"open","ping_status":"closed","sticky":false,"template":"","format":"standard","meta":{"_acf_changed":false,"_seopress_robots_primary_cat":"none","_seopress_titles_title":"Wie k\u00f6nnen Sie die Qualit\u00e4t der Luft in Ihrem Haus verbessern?","_seopress_titles_desc":"Entdecken Sie unsere Ratschl\u00e4ge f\u00fcr eine gesunde und gesetzeskonforme Arbeitsumgebung, wobei die Analyse der Luftqualit\u00e4t in Innenr\u00e4umen ein wichtiges Thema ist.","_seopress_robots_index":"","footnotes":""},"categories":[7],"tags":[],"class_list":["post-67658","post","type-post","status-publish","format-standard","has-post-thumbnail","hentry","category-ratschlage","generate-columns","tablet-grid-50","mobile-grid-100","grid-parent","grid-50","no-featured-image-padding","resize-featured-image"],"acf":[],"_links":{"self":[{"href":"https:\/\/obera.fr\/de\/wp-json\/wp\/v2\/posts\/67658","targetHints":{"allow":["GET"]}}],"collection":[{"href":"https:\/\/obera.fr\/de\/wp-json\/wp\/v2\/posts"}],"about":[{"href":"https:\/\/obera.fr\/de\/wp-json\/wp\/v2\/types\/post"}],"author":[{"embeddable":true,"href":"https:\/\/obera.fr\/de\/wp-json\/wp\/v2\/users\/4"}],"replies":[{"embeddable":true,"href":"https:\/\/obera.fr\/de\/wp-json\/wp\/v2\/comments?post=67658"}],"version-history":[{"count":5,"href":"https:\/\/obera.fr\/de\/wp-json\/wp\/v2\/posts\/67658\/revisions"}],"predecessor-version":[{"id":98651,"href":"https:\/\/obera.fr\/de\/wp-json\/wp\/v2\/posts\/67658\/revisions\/98651"}],"wp:featuredmedia":[{"embeddable":true,"href":"https:\/\/obera.fr\/de\/wp-json\/wp\/v2\/media\/98425"}],"wp:attachment":[{"href":"https:\/\/obera.fr\/de\/wp-json\/wp\/v2\/media?parent=67658"}],"wp:term":[{"taxonomy":"category","embeddable":true,"href":"https:\/\/obera.fr\/de\/wp-json\/wp\/v2\/categories?post=67658"},{"taxonomy":"post_tag","embeddable":true,"href":"https:\/\/obera.fr\/de\/wp-json\/wp\/v2\/tags?post=67658"}],"curies":[{"name":"wp","href":"https:\/\/api.w.org\/{rel}","templated":true}]}}