{"id":73569,"date":"2025-03-19T11:40:52","date_gmt":"2025-03-19T09:40:52","guid":{"rendered":"https:\/\/obera.fr\/ratschlage\/installation-luftkuehler\/"},"modified":"2025-04-14T14:44:35","modified_gmt":"2025-04-14T12:44:35","slug":"installation-luftkuehler","status":"publish","type":"post","link":"https:\/\/obera.fr\/de\/ratschlage\/installation-luftkuehler\/","title":{"rendered":"Leitfaden f\u00fcr die Installation eines Luftk\u00fchlers"},"content":{"rendered":"\n<div class=\"wp-block-columns is-layout-flex wp-container-core-columns-is-layout-28f84493 wp-block-columns-is-layout-flex\">\n<div class=\"wp-block-column is-layout-flow wp-block-column-is-layout-flow\" style=\"flex-basis:66.66%\">\n<p>Optimieren Sie den thermischen Komfort in Ihrem Geb\u00e4ude, Ihrer Werkstatt oder <strong>Ihrem<\/strong> Lager und <strong>kontrollieren Sie<\/strong> gleichzeitig <strong>Ihren Energieverbrauch<\/strong> durch die Installation eines industriellen Luftk\u00fchlers. Diese K\u00fchll\u00f6sung wurde f\u00fcr die K\u00fchlung gro\u00dfer Volumen entwickelt und nutzt das Prinzip der Wasserverdunstung, um die Umgebungstemperatur ohne den Einsatz von K\u00e4ltemitteln zu senken. <\/p>\n\n\n\n<p>Dieser detaillierte Leitfaden begleitet Sie durch alle Schritte der Installation eines industriellen K\u00fchlger\u00e4ts, wobei der Schwerpunkt auf technischen \u00dcberlegungen, Sicherheitsvorkehrungen und Tipps zur Maximierung der<a href=\"https:\/\/obera.fr\/de\/ratschlage\/efficacite-rafraiseurs-air\/\">Effizienz Ihres K\u00fchlsystems<\/a> liegt.<\/p>\n<\/div>\n\n\n\n<div class=\"wp-block-column is-layout-flow wp-block-column-is-layout-flow\" style=\"flex-basis:33.33%\">\n<figure class=\"wp-block-image aligncenter size-large is-resized\"><img decoding=\"async\" width=\"1024\" height=\"1024\" src=\"https:\/\/obera.fr\/wp-content\/uploads\/2025\/03\/conseil-raf-2-1024x1024.png\" alt=\"Raf Rat (2)\" class=\"wp-image-77521\" style=\"width:197px;height:auto\" srcset=\"https:\/\/obera.fr\/wp-content\/uploads\/2025\/03\/conseil-raf-2-1024x1024.png 1024w, https:\/\/obera.fr\/wp-content\/uploads\/2025\/03\/conseil-raf-2-300x300.png 300w, https:\/\/obera.fr\/wp-content\/uploads\/2025\/03\/conseil-raf-2-150x150.png 150w, https:\/\/obera.fr\/wp-content\/uploads\/2025\/03\/conseil-raf-2-768x768.png 768w, https:\/\/obera.fr\/wp-content\/uploads\/2025\/03\/conseil-raf-2.png 1200w\" sizes=\"(max-width: 1024px) 100vw, 1024px\" \/><\/figure>\n<\/div>\n<\/div>\n\n<h2 class=\"wp-block-heading\">Einf\u00fchrung in den Luftk\u00fchler<\/h2>\n\n<h3 class=\"wp-block-heading\">Funktionsweise und Vorteile<\/h3>\n\n<div class=\"wp-block-columns is-layout-flex wp-container-core-columns-is-layout-28f84493 wp-block-columns-is-layout-flex\">\n<div class=\"wp-block-column is-layout-flow wp-block-column-is-layout-flow\" style=\"flex-basis:66.66%\">\n<p>Der <strong>industrielle Luftk\u00fchler saugt die warme Luft aus einem Raum an<\/strong>, leitet sie durch ein feuchtes Medium und bl\u00e4st dann die gek\u00fchlte Luft ein. Dieser Prozess, der als <a href=\"https:\/\/obera.fr\/de\/produits\/rafraichisseurs-air\/\">adiabatische K\u00fchlung<\/a> bezeichnet wird, basiert auf der Verdunstung von Wasser, um die Raumtemperatur zu senken, ohne dass K\u00e4ltemittel verwendet werden m\u00fcssen. Im Gegensatz zu einer Klimaanlage werden nur Wasser und Luft ben\u00f6tigt, was die Betriebskosten senkt und die Umweltbelastung reduziert. Im Gegensatz zu einem Ventilator, der <strong>die Luft nur umw\u00e4lzt, ohne die Temperatur zu ver\u00e4ndern<\/strong>, bietet der Luftk\u00fchler einen echten K\u00fchleffekt.   <\/p>\n\n\n\n<p>Diese Ger\u00e4te <strong>senken die Raumtemperatur<\/strong> um 4 bis 12 \u00b0C und erh\u00f6hen gleichzeitig die Luftfeuchtigkeit leicht (5 bis 10 %), wodurch eine angenehmere Arbeitsumgebung geschaffen wird. Die K\u00fchler sind wirtschaftlich und umweltfreundlich und zeichnen sich durch einen niedrigen Energieverbrauch und eine einfache Installation aus, was sie <strong>zu<\/strong> einer <strong>effektiven Alternative zu herk\u00f6mmlichen Klimaanlagen<\/strong> macht. Dar\u00fcber hinaus sorgen sie mit ihren Filtern und UV-Lampen f\u00fcr eine sauberere und ges\u00fcndere Luft, was das Wohlbefinden der Mitarbeiter steigert und gleichzeitig die hitzeempfindlichen Ger\u00e4te im Raum sch\u00fctzt.  <\/p>\n<\/div>\n\n\n\n<div class=\"wp-block-column is-layout-flow wp-block-column-is-layout-flow\" style=\"flex-basis:33.33%\">\n<figure class=\"wp-block-image size-large\"><img decoding=\"async\" width=\"1024\" height=\"856\" src=\"https:\/\/obera.fr\/wp-content\/uploads\/2024\/11\/gamme-ic-1-1024x856.png\" alt=\"ic-sortiment\" class=\"wp-image-49129\" srcset=\"https:\/\/obera.fr\/wp-content\/uploads\/2024\/11\/gamme-ic-1-1024x856.png 1024w, https:\/\/obera.fr\/wp-content\/uploads\/2024\/11\/gamme-ic-1-300x251.png 300w, https:\/\/obera.fr\/wp-content\/uploads\/2024\/11\/gamme-ic-1-768x642.png 768w, https:\/\/obera.fr\/wp-content\/uploads\/2024\/11\/gamme-ic-1.png 1200w\" sizes=\"(max-width: 1024px) 100vw, 1024px\" \/><\/figure>\n<\/div>\n<\/div>\n\n<h3 class=\"wp-block-heading\">Wahl des Modells<\/h3>\n\n<p><strong>Industrielle Luftk\u00fchler<\/strong> werden in zwei Typen unterteilt: mobile und station\u00e4re <strong>Luftk\u00fchler<\/strong>.<\/p>\n\n<ul class=\"wp-block-list\">\n<li>Die mobilen K\u00fchler, die je nach Bedarf an den Arbeitspl\u00e4tzen einfach umgestellt werden k\u00f6nnen, ben\u00f6tigen nur Zugang zu Wasser und Strom und bieten somit eine hohe Flexibilit\u00e4t bei der Nutzung zu einem wettbewerbsf\u00e4higen Preis.<\/li>\n\n\n\n<li>Im Gegensatz dazu werden fest installierte K\u00fchlger\u00e4te, die dauerhaft im Geb\u00e4ude installiert sind, an ein Luftverteilungsnetz angeschlossen, um gro\u00dfe R\u00e4ume zu k\u00fchlen. Obwohl sie eine effizientere K\u00fchlung bieten, ist ihre Installation komplexer und ihr Preis h\u00f6her. <\/li>\n<\/ul>\n\n<p>Man unterscheidet auch zwischen <strong>direkten adiabatischen K\u00fchlern<\/strong>, die gek\u00fchlte und befeuchtete Luft im Raum verteilen, und indirekten Modellen, die die Luft k\u00fchlen, ohne die Luftfeuchtigkeit zu erh\u00f6hen.<\/p>\n\n<h3 class=\"wp-block-heading\">Unterschiede zwischen K\u00fchlger\u00e4ten und Klimaanlagen<\/h3>\n\n<div class=\"wp-block-columns is-layout-flex wp-container-core-columns-is-layout-28f84493 wp-block-columns-is-layout-flex\">\n<div class=\"wp-block-column is-layout-flow wp-block-column-is-layout-flow\" style=\"flex-basis:66.66%\">\n<p>Ein Luftk\u00fchler erreicht nicht wie eine Klimaanlage eine bestimmte Zieltemperatur, sondern bietet eine nat\u00fcrliche K\u00fchlung ohne Temperaturschocks, ein<strong> Nachteil, der oft mit Klimaanlagen in Verbindung gebracht<\/strong> wird. Dieser Prozess beruht auf der Verdunstung von Wasser, wodurch die Raumtemperatur je nach Modell und klimatischen Bedingungen um einige Grad bis zu zehn Grad gesenkt werden kann. Der K\u00fchler verbraucht weniger Energie und ben\u00f6tigt keine Au\u00dfeneinheit, im Gegensatz zu einer Klimaanlage, die<strong> einen K\u00fchlkreislauf und eine W\u00e4rmeabfuhr ben\u00f6tigt<\/strong>. Der Einsatz eines K\u00fchlger\u00e4ts eignet sich besonders f\u00fcr gro\u00dfe, offene R\u00e4ume und Bereiche, die eine starke Bel\u00fcftung erfordern.   <\/p>\n<\/div>\n\n\n\n<div class=\"wp-block-column is-layout-flow wp-block-column-is-layout-flow\" style=\"flex-basis:33.33%\">\n<figure class=\"wp-block-image aligncenter size-full is-resized\"><img decoding=\"async\" width=\"1000\" height=\"1000\" src=\"https:\/\/obera.fr\/wp-content\/uploads\/2022\/03\/Rafraichisseur-dair-par-evaporation.jpg\" alt=\"Verdunstungsluftk&#xFC;hler\" class=\"wp-image-13253\" style=\"width:222px;height:auto\" srcset=\"https:\/\/obera.fr\/wp-content\/uploads\/2022\/03\/Rafraichisseur-dair-par-evaporation.jpg 1000w, https:\/\/obera.fr\/wp-content\/uploads\/2022\/03\/Rafraichisseur-dair-par-evaporation-300x300.jpg 300w, https:\/\/obera.fr\/wp-content\/uploads\/2022\/03\/Rafraichisseur-dair-par-evaporation-150x150.jpg 150w, https:\/\/obera.fr\/wp-content\/uploads\/2022\/03\/Rafraichisseur-dair-par-evaporation-768x768.jpg 768w\" sizes=\"(max-width: 1000px) 100vw, 1000px\" \/><\/figure>\n<\/div>\n<\/div>\n\n<h2 class=\"wp-block-heading\">Vorbereitung auf die Installation<\/h2>\n\n<h3 class=\"wp-block-heading\">Wahl des idealen Standorts<\/h3>\n\n<p>Vor der Installation eines <strong>industriellen Luftk\u00fchlers<\/strong> muss der Standort entsprechend den Anforderungen des Standorts ausgew\u00e4hlt werden. Ein fest installiertes Modell kann auf dem Dach, an der Fassade oder an einer Au\u00dfenwand aufgestellt werden, mit einem Kanalsystem, das die k\u00fchle Luft effizient im Raum verteilt. F\u00fcr ein mobiles Modell wird empfohlen, dass es in einem gut bel\u00fcfteten, freien Raum und in der N\u00e4he einer Steckdose aufgestellt wird. Er sollte nicht auf feuchtigkeitsempfindliche Maschinen gerichtet werden, sondern eher auf Arbeitsbereiche, in denen die <strong>K\u00fchlung am effektivsten ist<\/strong>. Der Boden muss stabil sein und es muss ein einfacher Zugang zu Wasser vorhanden sein.    <\/p>\n\n<h3 class=\"wp-block-heading\">\u00dcberpr\u00fcfung der erforderlichen Zubeh\u00f6rteile und Werkzeuge<\/h3>\n\n<p>Bevor Sie mit der Inbetriebnahme Ihres K\u00fchlger\u00e4tes beginnen, stellen Sie sicher, dass alle notwendigen Zubeh\u00f6rteile und Werkzeuge vorhanden sind. Ein <strong>kompatibles Bel\u00fcftungsnetz muss vorhanden sein<\/strong>, um eine effiziente Verteilung der frischen Luft zu gew\u00e4hrleisten. Stellen Sie au\u00dferdem sicher, dass die notwendigen Anschl\u00fcsse f\u00fcr die Wasser- und Stromversorgung vorhanden sind.<br\/>Bei einem mobilen Modell stellen Sie sicher, dass das Netzkabel lang genug ist, um die <strong>n\u00e4chste Steckdose zu erreichen<\/strong>.  <\/p>\n\n<p><\/p>\n\n<p><\/p>\n\n<h2 class=\"wp-block-heading\">Schritte zur Installation des Luftk\u00fchlers<\/h2>\n\n<div class=\"wp-block-columns is-layout-flex wp-container-core-columns-is-layout-28f84493 wp-block-columns-is-layout-flex\">\n<div class=\"wp-block-column is-layout-flow wp-block-column-is-layout-flow\"><\/div>\n\n\n\n<div class=\"wp-block-column is-layout-flow wp-block-column-is-layout-flow\">\n<figure class=\"wp-block-image aligncenter size-large is-resized\"><img decoding=\"async\" width=\"1024\" height=\"1024\" src=\"https:\/\/obera.fr\/wp-content\/uploads\/2025\/03\/conseil-raf-3-1024x1024.png\" alt=\"Raf Rat (3)\" class=\"wp-image-77549\" style=\"width:129px;height:auto\" srcset=\"https:\/\/obera.fr\/wp-content\/uploads\/2025\/03\/conseil-raf-3-1024x1024.png 1024w, https:\/\/obera.fr\/wp-content\/uploads\/2025\/03\/conseil-raf-3-300x300.png 300w, https:\/\/obera.fr\/wp-content\/uploads\/2025\/03\/conseil-raf-3-150x150.png 150w, https:\/\/obera.fr\/wp-content\/uploads\/2025\/03\/conseil-raf-3-768x768.png 768w, https:\/\/obera.fr\/wp-content\/uploads\/2025\/03\/conseil-raf-3.png 1200w\" sizes=\"(max-width: 1024px) 100vw, 1024px\" \/><\/figure>\n<\/div>\n\n\n\n<div class=\"wp-block-column is-layout-flow wp-block-column-is-layout-flow\"><\/div>\n<\/div>\n\n<h3 class=\"wp-block-heading\">#1 Zusammenbau des Ger\u00e4ts<\/h3>\n\n<p>Die Installation beginnt mit dem <strong>Auspacken und Aufstellen des Ger\u00e4<\/strong>ts, wobei Sie sicherstellen m\u00fcssen, dass alle Komponenten intakt sind. Die Filtermedien m\u00fcssen sorgf\u00e4ltig montiert und auf Sauberkeit und guten Zustand \u00fcberpr\u00fcft werden. Bevor Sie mit der vollst\u00e4ndigen Inbetriebnahme beginnen, \u00fcberpr\u00fcfen Sie die Filter auf ihre Sauberkeit. Stellen Sie sicher, dass sie frei von Staub und Schimmel sind. Ein sauberer Filter <strong>garantiert eine bessere Leistung<\/strong> des K\u00fchlger\u00e4ts und eine optimale Luftqualit\u00e4t.    <\/p>\n\n<h3 class=\"wp-block-heading\">#2 Auff\u00fcllen des Wassertanks oder Anschluss an eine Wasserversorgung<\/h3>\n\n<p>Der Wassertank muss <strong>mit sauberem Wasser gef\u00fcllt werden<\/strong>. Bei einem station\u00e4ren Modell ist h\u00e4ufig ein direkter Anschluss an eine Wasserversorgung erforderlich, um eine kontinuierliche Versorgung und einen optimalen Wasserfluss zu gew\u00e4hrleisten. Einige der mobilen Modelle, die von Obera angeboten werden, k\u00f6nnen diese Option ebenfalls bieten und garantieren so eine<strong> automatische Bef\u00fcllung<\/strong>.  <\/p>\n\n<h3 class=\"wp-block-heading\">#3 Elektrischer Anschluss und Inbetriebnahme<\/h3>\n\n<p>Der elektrische Anschluss muss an eine sichere Steckdose erfolgen, die den geltenden Industriestandards entspricht.<br\/>Nachdem Sie den K\u00fchler angeschlossen haben, schalten Sie ihn je nach Modell \u00fcber das <strong>Bedienfeld<\/strong>, eine zentrale Managementschnittstelle oder eine Fernbedienung ein. Lesen Sie die Bedienungsanleitung und die Sicherheitshinweise sorgf\u00e4ltig durch, bevor Sie den K\u00fchler einschalten. <\/p>\n\n<h2 class=\"wp-block-heading\">Ratschl\u00e4ge zur optimalen Nutzung<\/h2>\n\n<h3 class=\"wp-block-heading\">Empfohlene Einstellungen f\u00fcr maximale Effizienz<\/h3>\n\n<p>Wenn das Ger\u00e4t eingeschaltet ist, stellen Sie den Luftstrom und die L\u00fcftergeschwindigkeit entsprechend der Raumgr\u00f6\u00dfe ein. W\u00e4hlen Sie auch die f\u00fcr Ihre Umgebung geeigneten Optionen wie<strong> Feuchtigkeitsmanagement oder K\u00fchlmodi<\/strong>, um einen effizienten Betrieb zu gew\u00e4hrleisten, der an die klimatischen Eigenschaften des zu k\u00fchlenden Raums angepasst ist. <\/p>\n\n<h3 class=\"wp-block-heading\">H\u00e4ufigkeit der Bef\u00fcllung des Tanks  <\/h3>\n\n<p>Wie oft Sie den Wassertank f\u00fcllen m\u00fcssen, h\u00e4ngt von der<strong> Kapazit\u00e4t des Ger\u00e4ts und der Intensit\u00e4t der Nutzung<\/strong> ab. Im Allgemeinen sollten Sie den Wasserstand regelm\u00e4\u00dfig \u00fcberpr\u00fcfen und den Tank bei Bedarf auff\u00fcllen. Bei Dauerbetrieb oder in einem sehr warmen Raum kann es erforderlich sein, den Tank h\u00e4ufiger zu f\u00fcllen. Einige mobile Modelle, wie z.B. die von OberA angebotenen,<strong> k\u00f6nnen an das Wassernetz angeschlossen<\/strong> werden, so dass eine automatische Bef\u00fcllung<strong> m\u00f6glich ist<\/strong>.   <\/p>\n\n<h2 class=\"wp-block-heading\">Pflege und Wartung der Ger\u00e4te<\/h2>\n\n<h3 class=\"wp-block-heading\">Regelm\u00e4\u00dfige Reinigung der Filter und des Tanks<\/h3>\n\n<p>Um die<strong> Langlebigkeit und Effizienz des K\u00fchlger\u00e4ts<\/strong> zu gew\u00e4hrleisten, ist eine sorgf\u00e4ltige Wartung erforderlich. Die Filter und der Tank m\u00fcssen regelm\u00e4\u00dfig gereinigt werden, um Kalkablagerungen zu entfernen und das Wachstum von Schimmel und Bakterien zu verhindern. Das Filtermedium sollte alle 2 Jahre gem\u00e4\u00df den Empfehlungen des Herstellers ausgetauscht werden. Die Luftkan\u00e4le sollten ebenfalls<strong> regelm\u00e4\u00dfig \u00fcberpr\u00fcft werden, um Verstopfungen zu vermeiden<\/strong>.   <\/p>\n\n<p>Wussten Sie das? Bei Obera sind alle unsere Luftk\u00fchler mit der patentierten PUREFLOW-Technologie ausgestattet. Im Gegensatz zu anderen Systemen sind unsere Ger\u00e4te mit Hochleistungsfiltern und einer UV-Lampe ausgestattet, die eine hohe Luftqualit\u00e4t garantieren und gleichzeitig das Wachstum von Schimmelpilzen einschr\u00e4nken. Diese <strong>Innovation verl\u00e4ngert die Lebensdauer des Filterpaneels<\/strong> und der Pumpe <strong>erheblich<\/strong>, reduziert die Anzahl der \u00d6lwechsel und senkt somit die Wartungskosten.   <\/p>\n\n<h3 class=\"wp-block-heading\">Entkalken Sie das System<\/h3>\n\n<p>Das System sollte entkalkt werden, um <strong>Kalkablagerungen zu reduzieren und eine optimale Luftzirkulation zu gew\u00e4hrleisten<\/strong>. Dadurch wird die Verschmutzung der Komponenten verhindert und eine hohe Leistung aufrechterhalten. Ein leichtes Abstauben wird ebenfalls regelm\u00e4\u00dfig empfohlen, um die allgemeine Sauberkeit des Ger\u00e4ts zu erhalten.  <\/p>\n\n<h3 class=\"wp-block-heading\">Lagerung des Ger\u00e4ts au\u00dferhalb der Saison<\/h3>\n\n<p>Am Ende der Saison leeren Sie den Tank und <strong>reinigen Sie die inneren Komponenten gr\u00fcndlich, um Wasserstagnation<\/strong> und Schmutzansammlungen <strong>zu vermeiden<\/strong>. \u00dcberpr\u00fcfen Sie die Leitungen auf Dichtheit, um Besch\u00e4digungen w\u00e4hrend der Nichtbenutzung zu vermeiden. Mit diesen Vorsichtsma\u00dfnahmen kann das Ger\u00e4t bei sommerlichen Temperaturen wieder sicher eingesetzt werden und bietet optimalen Komfort f\u00fcr Ihre Industriefl\u00e4chen.  <\/p>\n\n<div class=\"wp-block-columns is-layout-flex wp-container-core-columns-is-layout-28f84493 wp-block-columns-is-layout-flex\">\n<div class=\"wp-block-column is-layout-flow wp-block-column-is-layout-flow\">\n<div class=\"wp-block-columns is-layout-flex wp-container-core-columns-is-layout-28f84493 wp-block-columns-is-layout-flex\">\n<div class=\"wp-block-column is-layout-flow wp-block-column-is-layout-flow\">\n<figure class=\"wp-block-image aligncenter size-large is-resized\"><img decoding=\"async\" width=\"1024\" height=\"1024\" src=\"https:\/\/obera.fr\/wp-content\/uploads\/2025\/03\/1-1024x1024.png\" alt=\"1\" class=\"wp-image-77595\" style=\"width:238px;height:auto\" srcset=\"https:\/\/obera.fr\/wp-content\/uploads\/2025\/03\/1-1024x1024.png 1024w, https:\/\/obera.fr\/wp-content\/uploads\/2025\/03\/1-300x300.png 300w, https:\/\/obera.fr\/wp-content\/uploads\/2025\/03\/1-150x150.png 150w, https:\/\/obera.fr\/wp-content\/uploads\/2025\/03\/1-768x768.png 768w, https:\/\/obera.fr\/wp-content\/uploads\/2025\/03\/1.png 1200w\" sizes=\"(max-width: 1024px) 100vw, 1024px\" \/><\/figure>\n<\/div>\n\n\n\n<div class=\"wp-block-column is-layout-flow wp-block-column-is-layout-flow\">\n<figure class=\"wp-block-image aligncenter size-large is-resized\"><img decoding=\"async\" width=\"1024\" height=\"1024\" src=\"https:\/\/obera.fr\/wp-content\/uploads\/2025\/03\/2-1024x1024.png\" alt=\"2\" class=\"wp-image-77618\" style=\"width:190px;height:auto\" srcset=\"https:\/\/obera.fr\/wp-content\/uploads\/2025\/03\/2-1024x1024.png 1024w, https:\/\/obera.fr\/wp-content\/uploads\/2025\/03\/2-300x300.png 300w, https:\/\/obera.fr\/wp-content\/uploads\/2025\/03\/2-150x150.png 150w, https:\/\/obera.fr\/wp-content\/uploads\/2025\/03\/2-768x768.png 768w, https:\/\/obera.fr\/wp-content\/uploads\/2025\/03\/2.png 1200w\" sizes=\"(max-width: 1024px) 100vw, 1024px\" \/><\/figure>\n<\/div>\n<\/div>\n<\/div>\n<\/div>\n\n<h2 class=\"wp-block-heading\">Vorsichtsma\u00dfnahmen und Sicherheit<\/h2>\n\n<h3 class=\"wp-block-heading\">Sicherheitshinweise f\u00fcr den Gebrauch<\/h3>\n\n<p>Beachten Sie beim <a href=\"https:\/\/obera.fr\/de\/ratschlage\/comment-fonctionne-un-rafraichisseur-adiabatique\/\">Betrieb des K\u00fchlger\u00e4ts<\/a> die Sicherheitshinweise, um Unf\u00e4lle zu vermeiden. Stellen Sie sicher, dass das Ger\u00e4t ordnungsgem\u00e4\u00df an eine geerdete Steckdose angeschlossen ist und vermeiden Sie die Verwendung von Verl\u00e4ngerungskabeln oder Adaptern, die nicht den Anforderungen entsprechen. Stellen Sie sicher, dass das <strong>Netzkabel nicht besch\u00e4digt ist<\/strong>. Lassen Sie das Ger\u00e4t niemals unbeaufsichtigt laufen und ziehen Sie vor der Wartung oder Reinigung den Stecker.   <\/p>\n\n<h3 class=\"wp-block-heading\">Feuchtigkeitsmanagement und Bel\u00fcftung des Raumes<\/h3>\n\n<p>Die Steuerung der Luftfeuchtigkeit im Raum ist f\u00fcr eine effektive K\u00fchlung von entscheidender Bedeutung. Wenn Sie ein direktes K\u00fchlmodell verwenden, achten Sie darauf, dass die Luftfeuchtigkeit im Raum ausgeglichen ist. Eine <strong>zu hohe Luftfeuchtigkeit kann zu Schimmelbildung f\u00fchren<\/strong> und die Qualit\u00e4t der eingeblasenen Luft beeintr\u00e4chtigen. L\u00fcften Sie den Raum regelm\u00e4\u00dfig, um eine ausreichende Luftzirkulation zu erm\u00f6glichen, was zu einer angenehmen Atmosph\u00e4re in Ihren Arbeitsr\u00e4umen f\u00fchrt.   <\/p>\n","protected":false},"excerpt":{"rendered":"<p>Optimieren Sie den thermischen Komfort in Ihrem Geb\u00e4ude, Ihrer Werkstatt oder Ihrem Lager und kontrollieren Sie gleichzeitig Ihren Energieverbrauch durch die Installation eines industriellen Luftk\u00fchlers. Diese K\u00fchll\u00f6sung wurde f\u00fcr die K\u00fchlung gro\u00dfer Volumen entwickelt und nutzt das Prinzip der Wasserverdunstung, um die Umgebungstemperatur ohne den Einsatz von K\u00e4ltemitteln zu senken. <\/p>\n","protected":false},"author":13,"featured_media":80636,"comment_status":"open","ping_status":"closed","sticky":false,"template":"","format":"standard","meta":{"_acf_changed":false,"_seopress_robots_primary_cat":"none","_seopress_titles_title":"Guide d'installation d'un rafra\u00eechisseur d'air","_seopress_titles_desc":"Optimisez le rafra\u00eechissement de vos espaces avec l\u2019installation d\u2019un rafra\u00eechisseur d\u2019air. D\u00e9couvrez une solution efficace, \u00e9conomique et facile \u00e0 mettre en place.","_seopress_robots_index":"","footnotes":""},"categories":[7],"tags":[],"class_list":["post-73569","post","type-post","status-publish","format-standard","has-post-thumbnail","hentry","category-ratschlage","generate-columns","tablet-grid-50","mobile-grid-100","grid-parent","grid-50","no-featured-image-padding","resize-featured-image"],"acf":[],"_links":{"self":[{"href":"https:\/\/obera.fr\/de\/wp-json\/wp\/v2\/posts\/73569","targetHints":{"allow":["GET"]}}],"collection":[{"href":"https:\/\/obera.fr\/de\/wp-json\/wp\/v2\/posts"}],"about":[{"href":"https:\/\/obera.fr\/de\/wp-json\/wp\/v2\/types\/post"}],"author":[{"embeddable":true,"href":"https:\/\/obera.fr\/de\/wp-json\/wp\/v2\/users\/13"}],"replies":[{"embeddable":true,"href":"https:\/\/obera.fr\/de\/wp-json\/wp\/v2\/comments?post=73569"}],"version-history":[{"count":2,"href":"https:\/\/obera.fr\/de\/wp-json\/wp\/v2\/posts\/73569\/revisions"}],"predecessor-version":[{"id":77662,"href":"https:\/\/obera.fr\/de\/wp-json\/wp\/v2\/posts\/73569\/revisions\/77662"}],"wp:featuredmedia":[{"embeddable":true,"href":"https:\/\/obera.fr\/de\/wp-json\/wp\/v2\/media\/80636"}],"wp:attachment":[{"href":"https:\/\/obera.fr\/de\/wp-json\/wp\/v2\/media?parent=73569"}],"wp:term":[{"taxonomy":"category","embeddable":true,"href":"https:\/\/obera.fr\/de\/wp-json\/wp\/v2\/categories?post=73569"},{"taxonomy":"post_tag","embeddable":true,"href":"https:\/\/obera.fr\/de\/wp-json\/wp\/v2\/tags?post=73569"}],"curies":[{"name":"wp","href":"https:\/\/api.w.org\/{rel}","templated":true}]}}