{"id":96150,"date":"2021-11-12T20:06:49","date_gmt":"2021-11-12T18:06:49","guid":{"rendered":"https:\/\/obera.fr\/ratschlage\/rafraichisseur-air-salle-sport\/"},"modified":"2025-05-06T10:38:07","modified_gmt":"2025-05-06T08:38:07","slug":"rafraichisseur-air-salle-sport","status":"publish","type":"post","link":"https:\/\/obera.fr\/de\/ratschlage\/rafraichisseur-air-salle-sport\/","title":{"rendered":"OberA stattet Sporthalle mit Verdunstungsluftk\u00fchler aus"},"content":{"rendered":"\n<h2 class=\"wp-block-heading\">Reduzieren Sie die Hitze<\/h2>\n\n<div class=\"wp-block-columns is-layout-flex wp-container-core-columns-is-layout-28f84493 wp-block-columns-is-layout-flex\">\n<div class=\"wp-block-column is-layout-flow wp-block-column-is-layout-flow\">\n<figure class=\"wp-block-image size-full is-resized\"><img decoding=\"async\" width=\"556\" height=\"417\" src=\"https:\/\/obera.fr\/wp-content\/uploads\/2021\/11\/Image4.png\" alt=\"Sporthalle adiabatische K&#xFC;hlung\" class=\"wp-image-7536\" srcset=\"https:\/\/obera.fr\/wp-content\/uploads\/2021\/11\/Image4.png 556w, https:\/\/obera.fr\/wp-content\/uploads\/2021\/11\/Image4-300x225.png 300w\" sizes=\"(max-width: 556px) 100vw, 556px\" \/><\/figure>\n<\/div>\n\n\n\n<div class=\"wp-block-column is-vertically-aligned-center is-layout-flow wp-block-column-is-layout-flow\" style=\"flex-basis:600px\">\n<p class=\"has-text-align-left\">OberA stattete die Sporthalle des Thermalbads Eug\u00e9nie-les-bains mit einem adiabatischen Luftk\u00fchler EcoCLIM 22 aus.  <\/p>\n\n\n\n<p class=\"has-text-align-left\">Da das Geb\u00e4ude direkt unter dem Dach liegt, war die Hitze sehr stark, mit bis zu 30 Grad in der Sporthalle. Durch die Einf\u00fchrung unseres EcoCLIM22 konnte die Temperatur um mehr als 5 Grad gesenkt werden.   <\/p>\n\n\n\n<p class=\"has-text-align-left\"><strong>Die <\/strong><a href=\"https:\/\/obera.fr\/de\/ratschlage\/ou-utiliser-rafraichissement-evaporation\/\">Erfrischung ist sp\u00fcrbar und wird von den G\u00e4sten sehr gesch\u00e4tzt<\/a>, die nun den Fitnessraum unter besseren Bedingungen nutzen k\u00f6nnen.<\/p>\n\n\n\n<div class=\"wp-block-buttons is-horizontal is-content-justification-center is-layout-flex wp-container-core-buttons-is-layout-03627597 wp-block-buttons-is-layout-flex\">\n<div class=\"wp-block-button\"><a class=\"wp-block-button__link wp-element-button\" href=\"https:\/\/obera.fr\/conseils\/qualite-l-air-interieur-critere-essentiel-industrie\/\">Lesen Sie den Leitfaden zur Luftqualit\u00e4t in Innenr\u00e4umen<\/a><\/div>\n<\/div>\n<\/div>\n<\/div>\n\n<h3 class=\"wp-block-heading\"><strong>Erh\u00f6hen Verdunstungsk\u00fchlger\u00e4te das Risiko von viralen und bakteriologischen Infektionen?<\/strong><\/h3>\n\n<div class=\"wp-block-columns is-layout-flex wp-container-core-columns-is-layout-28f84493 wp-block-columns-is-layout-flex\">\n<div class=\"wp-block-column is-layout-flow wp-block-column-is-layout-flow\" style=\"flex-basis:50%\">\n<p>Ganz im Gegenteil! Diese Frage wird oft gestellt, weil sie auf der falschen Annahme beruht, dass adiabatische Luftk\u00fchler zu einem leichten Anstieg der Luftfeuchtigkeit und zu einem Anstieg des Risikos durch Viren, Bakterien und Pilze f\u00fchren. Unsere adiabatischen Luftk\u00fchler sind mit Vorfiltern und einer UV-Lampe ausgestattet, die <strong>die Luft aufbereiten und gleichzeitig Partikel entfernen<\/strong>, die die Ausbreitung von Viren und Bakterien beg\u00fcnstigen.  <\/p>\n<\/div>\n\n\n\n<div class=\"wp-block-column is-layout-flow wp-block-column-is-layout-flow\" style=\"flex-basis:50%\">\n<figure class=\"wp-block-embed is-type-video is-provider-youtube wp-block-embed-youtube wp-embed-aspect-16-9 wp-has-aspect-ratio\"><div class=\"wp-block-embed__wrapper\">\n<iframe title=\"Rafraichisseur d&#039;air - Gamme IC - OberA\" width=\"1200\" height=\"675\" src=\"https:\/\/www.youtube.com\/embed\/NG-Ssy2oM70?feature=oembed\" frameborder=\"0\" allow=\"accelerometer; autoplay; clipboard-write; encrypted-media; gyroscope; picture-in-picture; web-share\" referrerpolicy=\"strict-origin-when-cross-origin\" allowfullscreen><\/iframe>\n<\/div><\/figure>\n<\/div>\n<\/div>\n\n<h3 class=\"wp-block-heading\"><strong>Ist der Luftstrom nicht zu stark f\u00fcr die G\u00e4ste im Fitnessstudio?<\/strong><\/h3>\n\n<p>\u00c4hnlich wie bei der vorherigen Frage zum Ton, k\u00f6nnen einige Kunden im Fitnessstudio empfindlich auf den <a href=\"https:\/\/obera.fr\/de\/ratschlage\/choisir-rafraichisseur-d-air-industriel-reguler-temperature\/\">Luftstrom reagieren, den der Luftk\u00fchler erzeugt<\/a>. Um dieses Problem zu l\u00f6sen, k\u00f6nnen wir <strong>unsere Ger\u00e4te einfach weiter weg stellen<\/strong>, wenn die Raumgr\u00f6\u00dfe dies zul\u00e4sst, oder <strong>die Geschwindigkeit des Luftstroms \u00fcber den Regler<\/strong>, den alle unsere Luftk\u00fchler haben, <strong>verringern<\/strong>. <\/p>\n\n<h3 class=\"wp-block-heading\"><strong>Schwitzen und K\u00e4lte, wird mich das nicht krank machen?<\/strong><\/h3>\n\n<p>Nein, unsere <a href=\"https:\/\/obera.fr\/de\/ratschlage\/verdunstungskuehlung-der-luft-fuer-die-automobilproduktion\/\">adiabatischen Luftk\u00fchler<\/a> <strong>funktionieren nicht wie eine Klimaanlage, die die Luft trocknet<\/strong>, um eine Temperatursenkung zu erreichen. Dieser Prozess trocknet die Nasenschleimh\u00e4ute und die Nasennebenh\u00f6hlen aus, was zu Rhinitis (laufende Nase) und Schmerzen wie bei einer Sinusitis f\u00fchren kann.  <\/p>\n\n<p>Unsere Luftk\u00fchler <strong>funktionieren nach dem Prinzip der Wasserverdunstung<\/strong>, die die in der Luft vorhandenen Kalorien verbraucht und so eine Temperatursenkung bewirkt, <strong>ohne einen K\u00e4lteeinbruch zu verursachen<\/strong>.<\/p>\n\n<div class=\"wp-block-buttons is-content-justification-center is-layout-flex wp-container-core-buttons-is-layout-a89b3969 wp-block-buttons-is-layout-flex\">\n<div class=\"wp-block-button\"><a class=\"wp-block-button__link wp-element-button\" href=\"https:\/\/obera.fr\/de\/ratschlage\/faq-adiabatische-luftkuehler\/\">Lesen Sie unsere FAQs \u00fcber adiabatische Luftk\u00fchler OberA<\/a><\/div>\n<\/div>\n\n<h2 class=\"wp-block-heading\">Kontaktiere uns<\/h2>\n\n<p>F\u00fcr ein \u00e4hnliches Projekt oder andere Fragen k\u00f6nnen Sie uns gerne kontaktieren. Ein Vertriebsmitarbeiter wird sich mit Ihnen in Verbindung setzen, um Sie bei der L\u00f6sung Ihrer Luftaufbereitungsprobleme zu unterst\u00fctzen.   <\/p>\n","protected":false},"excerpt":{"rendered":"<p>OberA stattete die Sporthalle des Thermalbads Eug\u00e9nie-les-bains mit einem adiabatischen Luftk\u00fchler EcoCLIM 22 aus. Die Einf\u00fchrung unseres EcoCLIM22 f\u00fchrte zu einem Temperaturr\u00fcckgang von mehr als 5 Grad.  <\/p>\n","protected":false},"author":4,"featured_media":96087,"comment_status":"closed","ping_status":"closed","sticky":false,"template":"","format":"standard","meta":{"_acf_changed":false,"_seopress_robots_primary_cat":"none","_seopress_titles_title":"Sporthalle mit Verdunstungsk\u00fchlung ausgestattet","_seopress_titles_desc":"OberA hat die Sporthalle des Thermalbads Eug\u00e9nie-les-bains mit einem adiabatischen Luftk\u00fchler ausgestattet. Hier sind die Vorteile dieser Installation. ","_seopress_robots_index":"","footnotes":""},"categories":[7],"tags":[19],"class_list":["post-96150","post","type-post","status-publish","format-standard","has-post-thumbnail","hentry","category-ratschlage","tag-entete-klein","generate-columns","tablet-grid-50","mobile-grid-100","grid-parent","grid-50","no-featured-image-padding","resize-featured-image"],"acf":[],"_links":{"self":[{"href":"https:\/\/obera.fr\/de\/wp-json\/wp\/v2\/posts\/96150","targetHints":{"allow":["GET"]}}],"collection":[{"href":"https:\/\/obera.fr\/de\/wp-json\/wp\/v2\/posts"}],"about":[{"href":"https:\/\/obera.fr\/de\/wp-json\/wp\/v2\/types\/post"}],"author":[{"embeddable":true,"href":"https:\/\/obera.fr\/de\/wp-json\/wp\/v2\/users\/4"}],"replies":[{"embeddable":true,"href":"https:\/\/obera.fr\/de\/wp-json\/wp\/v2\/comments?post=96150"}],"version-history":[{"count":1,"href":"https:\/\/obera.fr\/de\/wp-json\/wp\/v2\/posts\/96150\/revisions"}],"predecessor-version":[{"id":96151,"href":"https:\/\/obera.fr\/de\/wp-json\/wp\/v2\/posts\/96150\/revisions\/96151"}],"wp:featuredmedia":[{"embeddable":true,"href":"https:\/\/obera.fr\/de\/wp-json\/wp\/v2\/media\/96087"}],"wp:attachment":[{"href":"https:\/\/obera.fr\/de\/wp-json\/wp\/v2\/media?parent=96150"}],"wp:term":[{"taxonomy":"category","embeddable":true,"href":"https:\/\/obera.fr\/de\/wp-json\/wp\/v2\/categories?post=96150"},{"taxonomy":"post_tag","embeddable":true,"href":"https:\/\/obera.fr\/de\/wp-json\/wp\/v2\/tags?post=96150"}],"curies":[{"name":"wp","href":"https:\/\/api.w.org\/{rel}","templated":true}]}}