{"id":145810,"date":"2026-01-20T15:01:12","date_gmt":"2026-01-20T13:01:12","guid":{"rendered":"https:\/\/obera.fr\/our-advice\/do-the-french-breathe-healthy-air-at-work-in-winter\/"},"modified":"2026-04-22T14:40:34","modified_gmt":"2026-04-22T12:40:34","slug":"do-the-french-breathe-healthy-air-at-work-in-winter","status":"publish","type":"post","link":"https:\/\/obera.fr\/en\/press\/do-the-french-breathe-healthy-air-at-work-in-winter\/","title":{"rendered":"Do the French breathe healthy air at work in winter?"},"content":{"rendered":"\n<div class=\"kpis-band\">\n  <div class=\"kpis-grid\">\n    <div class=\"kpi\">\n      <span class=\"kpi-val\">78%<\/span>\n      <span class=\"kpi-label\">have already experienced stuffy air at their workplace in winter<\/span>\n    <\/div>\n    <div class=\"kpi\">\n      <span class=\"kpi-val\">83%<\/span>\n      <span class=\"kpi-label\">believe companies need to do more for air quality<\/span>\n    <\/div>\n    <div class=\"kpi\">\n      <span class=\"kpi-val\">4,102<\/span>\n      <span class=\"kpi-label\">people surveyed in France \u2014 representative survey<\/span>\n    <\/div>\n  <\/div>\n<\/div>\n\n<div class=\"article-body\">\n\n  <!-- M\u00e9ta -->\n  <div class=\"meta-bar\">\n    <span class=\"tag-cp\">Press release<\/span>\n    <span class=\"meta-date\">January 20, 2026<\/span>\n  <\/div>\n  <h1>Do the French breathe healthy air at work in winter? <\/h1>\n\n  <!-- Intro -->\n  <p><strong>OberA reveals the results of a new survey* conducted among 4,102 people<\/strong> that highlights a persistent discrepancy between thermal comfort and air quality at work: highly debated ideal temperatures, rare winter ventilation, absence of air purification devices, poorly controlled humidity, and uncertainty about appropriate actions against viruses. The study also emphasizes strong expectations from employers: a large majority requests concrete actions for healthier indoor air in businesses and public spaces. <\/p>\n\n  <!-- \u2500\u2500 SECTION 1 \u2014 Temp\u00e9rature \u2500\u2500 -->\n  <h2>Workplaces with poorly regulated temperatures?<\/h2>\n\n  <p>Being too cold or too hot at work can become a real problem. But on this topic, not everyone shares the same view of the ideal temperature. According to INRS, thermal comfort benchmarks are between 21 and 23\u00b0C, and this range is preferred by only <strong>41%<\/strong>.   Some prefer more restrained settings at 19\u00b0C or below (21%), a level close to the energy-saving guidelines reiterated in public communications.<\/p>\n\n  <div class=\"data-table-wrap\">\n    <div class=\"data-table-title\">In winter, what temperature do you like to have at your workplace?<\/div>\n    <table class=\"data\">\n      <thead><tr><th>Temperature<\/th><th>Result<\/th><\/tr><\/thead>\n      <tbody>\n        <tr><td>17\u00b0C<\/td><td><div class=\"pct-bar-cell\"><div class=\"pct-bar\"><div class=\"pct-bar-fill\" style=\"width:2%\"><\/div><\/div><span class=\"pct-val\">2 %<\/span><\/div><\/td><\/tr>\n        <tr><td>18\u00b0C<\/td><td><div class=\"pct-bar-cell\"><div class=\"pct-bar\"><div class=\"pct-bar-fill\" style=\"width:11%\"><\/div><\/div><span class=\"pct-val\">11 %<\/span><\/div><\/td><\/tr>\n        <tr><td>19\u00b0C<\/td><td><div class=\"pct-bar-cell\"><div class=\"pct-bar\"><div class=\"pct-bar-fill\" style=\"width:19%\"><\/div><\/div><span class=\"pct-val\">19 %<\/span><\/div><\/td><\/tr>\n        <tr><td>20\u00b0C<\/td><td><div class=\"pct-bar-cell\"><div class=\"pct-bar\"><div class=\"pct-bar-fill\" style=\"width:21%\"><\/div><\/div><span class=\"pct-val pct-top\">21 %<\/span><\/div><\/td><\/tr>\n        <tr><td>21\u00b0C<\/td><td><div class=\"pct-bar-cell\"><div class=\"pct-bar\"><div class=\"pct-bar-fill\" style=\"width:18%\"><\/div><\/div><span class=\"pct-val\">18 %<\/span><\/div><\/td><\/tr>\n        <tr><td>22\u00b0C<\/td><td><div class=\"pct-bar-cell\"><div class=\"pct-bar\"><div class=\"pct-bar-fill\" style=\"width:12%\"><\/div><\/div><span class=\"pct-val\">12 %<\/span><\/div><\/td><\/tr>\n        <tr><td>23\u00b0C<\/td><td><div class=\"pct-bar-cell\"><div class=\"pct-bar\"><div class=\"pct-bar-fill\" style=\"width:11%\"><\/div><\/div><span class=\"pct-val\">11 %<\/span><\/div><\/td><\/tr>\n        <tr><td>Over 24\u00b0C<\/td><td><div class=\"pct-bar-cell\"><div class=\"pct-bar\"><div class=\"pct-bar-fill\" style=\"width:5%\"><\/div><\/div><span class=\"pct-val\">5 %<\/span><\/div><\/td><\/tr>\n        <tr><td>I don\u2019t know<\/td><td><div class=\"pct-bar-cell\"><div class=\"pct-bar\"><div class=\"pct-bar-fill\" style=\"width:1%;background:#E5E7EB\"><\/div><\/div><span class=\"pct-val\">1 %<\/span><\/div><\/td><\/tr>\n      <\/tbody>\n    <\/table>\n  <\/div>\n\n  <!-- \u2500\u2500 SECTION 2 \u2014 Chaleur vs air renouvel\u00e9 \u2500\u2500 -->\n  <h2>The French prefer warmth over renewed air<\/h2>\n\n  <div class=\"stat-highlight\">\n    <span class=\"big-num\">48 %<\/span>\n    <div class=\"stat-text\">\n      <strong>prefer being nice and warm even if the air is not renewed much<\/strong>\n      <p>Compared with 41% who prioritize regularly renewed air, even if it means putting up with a cooler environment.<\/p>\n    <\/div>\n  <\/div>\n\n  <p>Given the choice, nearly one in two French people prefer being nice and warm even if the air is not renewed much (48%), compared with 41% who prioritize regularly renewed air, even if it means putting up with a cooler environment. Finally, 11% say they can\u2019t decide. These results confirm the weight of thermal comfort in the perception of a healthy environment, even as public recommendations stress the importance of airing out daily, including in winter.  <\/p>\n\n  <div class=\"data-table-wrap\">\n    <div class=\"data-table-title\">Given the choice, what do you prefer:<\/div>\n    <table class=\"data\">\n      <thead><tr><th>Answer<\/th><th>Result<\/th><\/tr><\/thead>\n      <tbody>\n        <tr><td>Being nice and warm even if the air is not renewed much<\/td><td><div class=\"pct-bar-cell\"><div class=\"pct-bar\"><div class=\"pct-bar-fill\" style=\"width:48%\"><\/div><\/div><span class=\"pct-val pct-top\">48 %<\/span><\/div><\/td><\/tr>\n        <tr><td>A slightly cooler environment but regularly renewed air<\/td><td><div class=\"pct-bar-cell\"><div class=\"pct-bar\"><div class=\"pct-bar-fill\" style=\"width:41%\"><\/div><\/div><span class=\"pct-val\">41 %<\/span><\/div><\/td><\/tr>\n        <tr><td>I don\u2019t know \/ it depends<\/td><td><div class=\"pct-bar-cell\"><div class=\"pct-bar\"><div class=\"pct-bar-fill\" style=\"width:11%;background:#E5E7EB\"><\/div><\/div><span class=\"pct-val\">11 %<\/span><\/div><\/td><\/tr>\n      <\/tbody>\n    <\/table>\n  <\/div>\n\n  <!-- \u2500\u2500 SECTION 3 \u2014 Humidit\u00e9 \u2500\u2500 -->\n  <h2>The French are concerned about humidity\u2026 but without real monitoring<\/h2>\n\n  <div class=\"stats-duo\">\n    <div class=\"stat-card\">\n      <span class=\"num\"><span class=\"accent\">90%<\/span><\/span>\n      <span class=\"lbl\">care about humidity levels in the air at work<\/span>\n    <\/div>\n    <div class=\"stat-card\">\n      <span class=\"num\"><span class=\"accent\">8%<\/span><\/span>\n      <span class=\"lbl\">only say it is actually <strong>tested<\/strong> in their company<\/span>\n    <\/div>\n  <\/div>\n\n  <p>Humidity levels in the air at work are a widely shared concern: <strong>90% of respondents care about it<\/strong>, but only 8% say it is actually tested to determine the level. Conversely, <strong>82% say they do not have clear monitoring<\/strong> (31% don\u2019t know whether tests exist and 51% say no one tests it). Yet relative humidity is a recognized parameter for comfort and health, with recommendations often around 40\u201360% to limit discomfort and imbalances.  <\/p>\n\n  <div class=\"data-table-wrap\">\n    <div class=\"data-table-title\">Do you care about the humidity in the air at your workplace?<\/div>\n    <table class=\"data\">\n      <thead><tr><th>Answer<\/th><th>Result<\/th><\/tr><\/thead>\n      <tbody>\n        <tr><td>Yes, it is tested to determine the level<\/td><td><div class=\"pct-bar-cell\"><div class=\"pct-bar\"><div class=\"pct-bar-fill\" style=\"width:8%\"><\/div><\/div><span class=\"pct-val\">8 %<\/span><\/div><\/td><\/tr>\n        <tr><td>Yes, but I don\u2019t know whether it is tested<\/td><td><div class=\"pct-bar-cell\"><div class=\"pct-bar\"><div class=\"pct-bar-fill\" style=\"width:31%\"><\/div><\/div><span class=\"pct-val\">31 %<\/span><\/div><\/td><\/tr>\n        <tr><td>Yes, but no one tests it<\/td><td><div class=\"pct-bar-cell\"><div class=\"pct-bar\"><div class=\"pct-bar-fill\" style=\"width:51%\"><\/div><\/div><span class=\"pct-val pct-top\">51 %<\/span><\/div><\/td><\/tr>\n        <tr><td>No, it does not concern me<\/td><td><div class=\"pct-bar-cell\"><div class=\"pct-bar\"><div class=\"pct-bar-fill\" style=\"width:10%;background:#E5E7EB\"><\/div><\/div><span class=\"pct-val\">10 %<\/span><\/div><\/td><\/tr>\n      <\/tbody>\n    <\/table>\n  <\/div>\n\n  <!-- \u2500\u2500 SECTION 4 \u2014 Microbes \u2500\u2500 -->\n  <h2>What solution against colleagues\u2019 germs?<\/h2>\n\n  <div class=\"stat-highlight\">\n    <span class=\"big-num\">31 %<\/span>\n    <div class=\"stat-text\">\n      <strong>choose the most comprehensive strategy: short airing periods + an air purifier<\/strong>\n      <p>The other 50% are split between a single action\u2014window (21%) or purifier alone (29%)\u2014and 19% don\u2019t know or do nothing.<\/p>\n    <\/div>\n  <\/div>\n\n  <p>With winter, germs are in the air. Yet the responses show strong hesitation about the right reflexes to adopt. Only a relative minority of <strong>31% choose the most comprehensive strategy: short airing periods + an air purifier<\/strong>. Yet the recommendations are clear: airing and ventilation, even in winter through repeated openings of a few minutes, reduce the buildup of aerosols.    HEPA filtration is also useful as a complement.<\/p>\n\n  <div class=\"data-table-wrap\">\n    <div class=\"data-table-title\">To reduce risks linked to respiratory germs in the air (aerosols), the best response is, in your opinion:<\/div>\n    <table class=\"data\">\n      <thead><tr><th>Answer<\/th><th>Result<\/th><\/tr><\/thead>\n      <tbody>\n        <tr><td>Carry out short, regular airing periods and use an air purifier<\/td><td><div class=\"pct-bar-cell\"><div class=\"pct-bar\"><div class=\"pct-bar-fill\" style=\"width:31%\"><\/div><\/div><span class=\"pct-val pct-top\">31 %<\/span><\/div><\/td><\/tr>\n        <tr><td>Use an air purifier (HEPA-type, activated carbon, saturation, regenerable)<\/td><td><div class=\"pct-bar-cell\"><div class=\"pct-bar\"><div class=\"pct-bar-fill\" style=\"width:29%\"><\/div><\/div><span class=\"pct-val\">29 %<\/span><\/div><\/td><\/tr>\n        <tr><td>Open the window even if the outside air is very cold and possibly polluted<\/td><td><div class=\"pct-bar-cell\"><div class=\"pct-bar\"><div class=\"pct-bar-fill\" style=\"width:21%\"><\/div><\/div><span class=\"pct-val\">21 %<\/span><\/div><\/td><\/tr>\n        <tr><td>I don\u2019t know<\/td><td><div class=\"pct-bar-cell\"><div class=\"pct-bar\"><div class=\"pct-bar-fill\" style=\"width:11%;background:#E5E7EB\"><\/div><\/div><span class=\"pct-val\">11 %<\/span><\/div><\/td><\/tr>\n        <tr><td>Do nothing at all<\/td><td><div class=\"pct-bar-cell\"><div class=\"pct-bar\"><div class=\"pct-bar-fill\" style=\"width:8%;background:#E5E7EB\"><\/div><\/div><span class=\"pct-val\">8 %<\/span><\/div><\/td><\/tr>\n      <\/tbody>\n    <\/table>\n  <\/div>\n\n  <!-- \u2500\u2500 SECTION 5 \u2014 A\u00e9ration \u2500\u2500 -->\n  <h2>No more closed windows!<\/h2>\n\n  <div class=\"stats-duo\">\n    <div class=\"stat-card\">\n      <span class=\"num\"><span class=\"accent\">22%<\/span><\/span>\n      <span class=\"lbl\">only open windows at least once a day in winter<\/span>\n    <\/div>\n    <div class=\"stat-card\">\n      <span class=\"num\"><span class=\"accent\">54%<\/span><\/span>\n      <span class=\"lbl\">do so less often\u2014including <strong>19% never<\/strong><\/span>\n    <\/div>\n  <\/div>\n\n  <p>Airing at work appears largely insufficient and poorly managed: <strong>only 22% say they open windows at least once a day<\/strong> (7% several times, 15% once), while 54% do so less often (21% a few times a week, 14% rarely, 19% never). Above all, <strong>24% say they do not know or do not have windows<\/strong>, indicating a lack of reference points and the difficulty of applying the right actions. <\/p>\n\n  <div class=\"data-table-wrap\">\n    <div class=\"data-table-title\">How often are windows opened in winter in your workspace?<\/div>\n    <table class=\"data\">\n      <thead><tr><th>Frequency<\/th><th>Result<\/th><\/tr><\/thead>\n      <tbody>\n        <tr><td>Several times a day<\/td><td><div class=\"pct-bar-cell\"><div class=\"pct-bar\"><div class=\"pct-bar-fill\" style=\"width:7%\"><\/div><\/div><span class=\"pct-val\">7 %<\/span><\/div><\/td><\/tr>\n        <tr><td>Once a day<\/td><td><div class=\"pct-bar-cell\"><div class=\"pct-bar\"><div class=\"pct-bar-fill\" style=\"width:15%\"><\/div><\/div><span class=\"pct-val\">15 %<\/span><\/div><\/td><\/tr>\n        <tr><td>A few times a week<\/td><td><div class=\"pct-bar-cell\"><div class=\"pct-bar\"><div class=\"pct-bar-fill\" style=\"width:21%\"><\/div><\/div><span class=\"pct-val\">21 %<\/span><\/div><\/td><\/tr>\n        <tr><td>Rarely<\/td><td><div class=\"pct-bar-cell\"><div class=\"pct-bar\"><div class=\"pct-bar-fill\" style=\"width:14%\"><\/div><\/div><span class=\"pct-val\">14 %<\/span><\/div><\/td><\/tr>\n        <tr><td>Never<\/td><td><div class=\"pct-bar-cell\"><div class=\"pct-bar\"><div class=\"pct-bar-fill\" style=\"width:19%\"><\/div><\/div><span class=\"pct-val pct-top\">19 %<\/span><\/div><\/td><\/tr>\n        <tr><td>I don\u2019t know \/ no windows<\/td><td><div class=\"pct-bar-cell\"><div class=\"pct-bar\"><div class=\"pct-bar-fill\" style=\"width:24%;background:#E5E7EB\"><\/div><\/div><span class=\"pct-val\">24 %<\/span><\/div><\/td><\/tr>\n      <\/tbody>\n    <\/table>\n  <\/div>\n\n  <!-- \u2500\u2500 SECTION 6 \u2014 Air confin\u00e9 \u2500\u2500 -->\n  <h2>Stale air at work?<\/h2>\n\n  <div class=\"stat-highlight\">\n    <span class=\"big-num\">78 %<\/span>\n    <div class=\"stat-text\">\n      <strong>of French people have already experienced stuffy air at their workplace in winter<\/strong>\n      <p>31% often and 47% sometimes\u2014compared with only 17% who don\u2019t notice anything (14% rarely, 3% never).<\/p>\n    <\/div>\n  <\/div>\n\n  <p>Who has never experienced stuffy air at work? <strong>78% of French people report it<\/strong> (31% often and 47% sometimes). Indoor air quality remains poorly managed and poorly understood: when the air feels stuffy, many don\u2019t know which levers to use (ventilation, short and regular airing periods, filtration). Yet CO\u2082 is a useful marker of insufficiently renewed air, and simple actions (airing\/ventilating) reduce the buildup of pollutants and aerosols.  <\/p>\n\n  <div class=\"data-table-wrap\">\n    <div class=\"data-table-title\">Have you ever felt that the air is stuffy at work in winter?<\/div>\n    <table class=\"data\">\n      <thead><tr><th>Answer<\/th><th>Result<\/th><\/tr><\/thead>\n      <tbody>\n        <tr><td>Yes, often<\/td><td><div class=\"pct-bar-cell\"><div class=\"pct-bar\"><div class=\"pct-bar-fill\" style=\"width:31%\"><\/div><\/div><span class=\"pct-val pct-top\">31 %<\/span><\/div><\/td><\/tr>\n        <tr><td>Yes, sometimes<\/td><td><div class=\"pct-bar-cell\"><div class=\"pct-bar\"><div class=\"pct-bar-fill\" style=\"width:47%\"><\/div><\/div><span class=\"pct-val pct-top\">47 %<\/span><\/div><\/td><\/tr>\n        <tr><td>No, rarely<\/td><td><div class=\"pct-bar-cell\"><div class=\"pct-bar\"><div class=\"pct-bar-fill\" style=\"width:14%;background:#E5E7EB\"><\/div><\/div><span class=\"pct-val\">14 %<\/span><\/div><\/td><\/tr>\n        <tr><td>No, never<\/td><td><div class=\"pct-bar-cell\"><div class=\"pct-bar\"><div class=\"pct-bar-fill\" style=\"width:3%;background:#E5E7EB\"><\/div><\/div><span class=\"pct-val\">3 %<\/span><\/div><\/td><\/tr>\n        <tr><td>I don\u2019t know<\/td><td><div class=\"pct-bar-cell\"><div class=\"pct-bar\"><div class=\"pct-bar-fill\" style=\"width:5%;background:#E5E7EB\"><\/div><\/div><span class=\"pct-val\">5 %<\/span><\/div><\/td><\/tr>\n      <\/tbody>\n    <\/table>\n  <\/div>\n\n  <!-- \u2500\u2500 SECTION 7 \u2014 Maladie au bureau \u2500\u2500 -->\n  <h2>Poor management in case of illness<\/h2>\n\n  <div class=\"stats-duo\">\n    <div class=\"stat-card\">\n      <span class=\"num\"><span class=\"accent\">43%<\/span><\/span>\n      <span class=\"lbl\">say they come to work sick despite a cough or cold<\/span>\n    <\/div>\n    <div class=\"stat-card\">\n      <span class=\"num\"><span class=\"accent\">25%<\/span><\/span>\n      <span class=\"lbl\">only stay at home when they are ill<\/span>\n    <\/div>\n  <\/div>\n\n  <p>When a colleague has a cough or cold, the situation remains largely poorly managed: <strong>43% say they come to work sick<\/strong> compared with only 25% who stay at home. Presenteeism culture is still too prevalent in France\u2014Dares notes that more than one in four sick days (27%) results in being present at work. These results argue for operational guidelines in companies (remote work if possible, return with a mask if symptomatic, reinforced airing\/ventilation).  <\/p>\n\n  <div class=\"data-table-wrap\">\n    <div class=\"data-table-title\">When a colleague is sick (cough\/cold), what happens most often?<\/div>\n    <table class=\"data\">\n      <thead><tr><th>Answer<\/th><th>Result<\/th><\/tr><\/thead>\n      <tbody>\n        <tr><td>He\/she comes anyway (out of obligation)<\/td><td><div class=\"pct-bar-cell\"><div class=\"pct-bar\"><div class=\"pct-bar-fill\" style=\"width:43%\"><\/div><\/div><span class=\"pct-val pct-top\">43 %<\/span><\/div><\/td><\/tr>\n        <tr><td>It depends on the teams \/ periods<\/td><td><div class=\"pct-bar-cell\"><div class=\"pct-bar\"><div class=\"pct-bar-fill\" style=\"width:29%\"><\/div><\/div><span class=\"pct-val\">29 %<\/span><\/div><\/td><\/tr>\n        <tr><td>He\/she stays at home<\/td><td><div class=\"pct-bar-cell\"><div class=\"pct-bar\"><div class=\"pct-bar-fill\" style=\"width:25%\"><\/div><\/div><span class=\"pct-val\">25 %<\/span><\/div><\/td><\/tr>\n        <tr><td>I don\u2019t know<\/td><td><div class=\"pct-bar-cell\"><div class=\"pct-bar\"><div class=\"pct-bar-fill\" style=\"width:3%;background:#E5E7EB\"><\/div><\/div><span class=\"pct-val\">3 %<\/span><\/div><\/td><\/tr>\n      <\/tbody>\n    <\/table>\n  <\/div>\n\n  <!-- \u2500\u2500 SECTION 8 \u2014 R\u00e9flexes face \u00e0 un coll\u00e8gue malade \u2500\u2500 -->\n  <h2>What do the French really do when faced with a sick colleague?<\/h2>\n\n  <p>Since Covid, some reflexes have become part of collective habits. When faced with a sick colleague, the most cited actions are <strong>hand hygiene\/disinfection (53%)<\/strong> and distancing (41%). However, the most structuring measures in enclosed environments are much less adopted: increased airing (27%) and wearing a mask (18%). More concerning: <strong>37% of French people cite inaction responses<\/strong> (not changing their attitude at 25%, or doing nothing at all at 12%).   <\/p>\n\n  <div class=\"data-table-wrap\">\n    <div class=\"data-table-title\">When a colleague is sick (cough\/cold), what do you do most often? (max. 3 choices) <\/div>\n    <table class=\"data\">\n      <thead><tr><th>Action<\/th><th>Result<\/th><\/tr><\/thead>\n      <tbody>\n        <tr><td>I wash\/disinfect my hands more often and disinfect my workstation<\/td><td><div class=\"pct-bar-cell\"><div class=\"pct-bar\"><div class=\"pct-bar-fill\" style=\"width:53%\"><\/div><\/div><span class=\"pct-val pct-top\">53 %<\/span><\/div><\/td><\/tr>\n        <tr><td>I keep my distance and limit face-to-face interactions<\/td><td><div class=\"pct-bar-cell\"><div class=\"pct-bar\"><div class=\"pct-bar-fill\" style=\"width:41%\"><\/div><\/div><span class=\"pct-val\">41 %<\/span><\/div><\/td><\/tr>\n        <tr><td>I air out more (I open the window when possible)<\/td><td><div class=\"pct-bar-cell\"><div class=\"pct-bar\"><div class=\"pct-bar-fill\" style=\"width:27%\"><\/div><\/div><span class=\"pct-val\">27 %<\/span><\/div><\/td><\/tr>\n        <tr><td>I change nothing \/ I deal with it<\/td><td><div class=\"pct-bar-cell\"><div class=\"pct-bar\"><div class=\"pct-bar-fill\" style=\"width:25%;background:#E5E7EB\"><\/div><\/div><span class=\"pct-val\">25 %<\/span><\/div><\/td><\/tr>\n        <tr><td>I wear a mask (at least in meetings\/nearby)<\/td><td><div class=\"pct-bar-cell\"><div class=\"pct-bar\"><div class=\"pct-bar-fill\" style=\"width:18%\"><\/div><\/div><span class=\"pct-val\">18 %<\/span><\/div><\/td><\/tr>\n        <tr><td>I avoid in-person meetings \/ I request a video call<\/td><td><div class=\"pct-bar-cell\"><div class=\"pct-bar\"><div class=\"pct-bar-fill\" style=\"width:18%\"><\/div><\/div><span class=\"pct-val\">18 %<\/span><\/div><\/td><\/tr>\n        <tr><td>I ask the colleague to go home \/ work remotely (if possible)<\/td><td><div class=\"pct-bar-cell\"><div class=\"pct-bar\"><div class=\"pct-bar-fill\" style=\"width:16%\"><\/div><\/div><span class=\"pct-val\">16 %<\/span><\/div><\/td><\/tr>\n        <tr><td>I ask to go home to work remotely (if possible)<\/td><td><div class=\"pct-bar-cell\"><div class=\"pct-bar\"><div class=\"pct-bar-fill\" style=\"width:12%\"><\/div><\/div><span class=\"pct-val\">12 %<\/span><\/div><\/td><\/tr>\n        <tr><td>I do nothing at all<\/td><td><div class=\"pct-bar-cell\"><div class=\"pct-bar\"><div class=\"pct-bar-fill\" style=\"width:12%;background:#E5E7EB\"><\/div><\/div><span class=\"pct-val\">12 %<\/span><\/div><\/td><\/tr>\n        <tr><td>I report it to a manager\/HR (if the situation is a problem)<\/td><td><div class=\"pct-bar-cell\"><div class=\"pct-bar\"><div class=\"pct-bar-fill\" style=\"width:6%\"><\/div><\/div><span class=\"pct-val\">6 %<\/span><\/div><\/td><\/tr>\n        <tr><td>Other<\/td><td><div class=\"pct-bar-cell\"><div class=\"pct-bar\"><div class=\"pct-bar-fill\" style=\"width:3%;background:#E5E7EB\"><\/div><\/div><span class=\"pct-val\">3 %<\/span><\/div><\/td><\/tr>\n      <\/tbody>\n    <\/table>\n  <\/div>\n\n  <!-- \u2500\u2500 SECTION 9 \u2014 Attentes envers les entreprises \u2500\u2500 -->\n  <h2>8 out of 10 French people want action from companies and public places<\/h2>\n\n  <div class=\"stat-highlight\">\n    <span class=\"big-num\">83 %<\/span>\n    <div class=\"stat-text\">\n      <strong>believe more needs to be done to guarantee exemplary air quality in companies and public places<\/strong>\n      <p>Including 56% who believe that \u201ceverything remains to be done\u201d\u2014a demand that contrasts with still uneven practices on the ground.<\/p>\n    <\/div>\n  <\/div>\n\n  <p>The French express very strong expectations of companies and public places: <strong>83% believe more needs to be done to guarantee exemplary air quality<\/strong>, including 56% who believe that \u201ceverything remains to be done.\u201d This demand also reflects a lack of reference points: some employees don\u2019t know how air quality is measured or managed, even though authorities recommend simple, effective actions such as regular airing and monitoring indicators (e.g., CO\u2082). <\/p>\n\n  <div class=\"data-table-wrap\">\n    <div class=\"data-table-title\">Do you think companies and all public places should make more efforts to ensure exemplary air quality?<\/div>\n    <table class=\"data\">\n      <thead><tr><th>Answer<\/th><th>Result<\/th><\/tr><\/thead>\n      <tbody>\n        <tr><td>Yes, absolutely\u2014everything remains to be done<\/td><td><div class=\"pct-bar-cell\"><div class=\"pct-bar\"><div class=\"pct-bar-fill\" style=\"width:56%\"><\/div><\/div><span class=\"pct-val pct-top\">56 %<\/span><\/div><\/td><\/tr>\n        <tr><td>Yes, but they are already doing a lot<\/td><td><div class=\"pct-bar-cell\"><div class=\"pct-bar\"><div class=\"pct-bar-fill\" style=\"width:27%\"><\/div><\/div><span class=\"pct-val\">27 %<\/span><\/div><\/td><\/tr>\n        <tr><td>No, it is not their role<\/td><td><div class=\"pct-bar-cell\"><div class=\"pct-bar\"><div class=\"pct-bar-fill\" style=\"width:11%;background:#E5E7EB\"><\/div><\/div><span class=\"pct-val\">11 %<\/span><\/div><\/td><\/tr>\n        <tr><td>I don\u2019t know \/ no opinion<\/td><td><div class=\"pct-bar-cell\"><div class=\"pct-bar\"><div class=\"pct-bar-fill\" style=\"width:6%;background:#E5E7EB\"><\/div><\/div><span class=\"pct-val\">6 %<\/span><\/div><\/td><\/tr>\n      <\/tbody>\n    <\/table>\n  <\/div>\n\n  <div class=\"section-divider\"><\/div>\n\n  <!-- \u2500\u2500 CITATION \u2500\u2500 -->\n  <blockquote class=\"quote-block\">\n    <p class=\"quote-text\">\u201cThe results of this survey show a dangerous reflex: people often prioritize being nice and warm at the expense of healthy air. Yet in winter, we do not always have the reflex to open windows as much as we should. This is where air purification systems become essential: they effectively complement airing and help sustainably reduce the load of particles and aerosols in workspaces, without sacrificing comfort. We are continually confronted with companies that underestimate the need to improve and manage their employees\u2019 air quality. This awareness is nevertheless vital.\u201d<\/p>\n    <p class=\"quote-author\">\n        <span class=\"quote-author-name\">Thibaut SAMSEL<\/span>\n        <span class=\"quote-author-title\">CEO and founder of OberA<\/span>\n    <\/p>\n  <\/blockquote>\n\n  <!-- \u2500\u2500 M\u00c9THODOLOGIE \u2500\u2500 -->\n  <div class=\"methodo-box\">\n    <h2>* Methodology<\/h2>\n    <p>Survey conducted with a representative sample of <strong>4,102 people<\/strong> living in France, aged 18 and over. Online survey carried out in January 2026 via the BuzzPress respondent panel (27,700 people surveyed electronically by email and on the Facebook and LinkedIn social networks). <\/p>\n    <p>Responses compiled and weighted according to pre-established quotas to ensure the sample\u2019s representativeness, based on administrative data and data collected by INSEE.<\/p>\n    <p><strong>Company profiles:<\/strong> Consumer services (27%) \u00b7 Business services (24%) \u00b7 Public\/semi-public sector (18%) \u00b7 Industry\/production (16%) \u00b7 Construction\/BTP (8%) \u00b7 Transport\/logistics (6%)<\/p>\n  <\/div>\n\n<\/div><!-- \/.article-body -->\n\n\n<h2 class=\"wp-block-heading has-text-align-center\">They talked about us!<\/h2>\n\n<div class=\"wp-block-columns are-vertically-aligned-center is-layout-flex wp-container-core-columns-is-layout-28f84493 wp-block-columns-is-layout-flex\">\n<div class=\"wp-block-column is-vertically-aligned-center is-layout-flow wp-block-column-is-layout-flow\">\n<figure class=\"wp-block-image aligncenter size-large\"><img decoding=\"async\" width=\"1024\" height=\"538\" src=\"https:\/\/obera.fr\/wp-content\/uploads\/2026\/02\/logo_de_doctissimo-1024x538.jpg\" alt=\"Doctissimo logo\" class=\"wp-image-143878\" srcset=\"https:\/\/obera.fr\/wp-content\/uploads\/2026\/02\/logo_de_doctissimo-1024x538.jpg 1024w, https:\/\/obera.fr\/wp-content\/uploads\/2026\/02\/logo_de_doctissimo-300x158.jpg 300w, https:\/\/obera.fr\/wp-content\/uploads\/2026\/02\/logo_de_doctissimo-768x403.jpg 768w, https:\/\/obera.fr\/wp-content\/uploads\/2026\/02\/logo_de_doctissimo.jpg 1200w\" sizes=\"(max-width: 1024px) 100vw, 1024px\" \/><figcaption class=\"wp-element-caption\"><a href=\"https:\/\/www.doctissimo.fr\/famille\/travail\/sante-et-travail\/43-des-francais-vont-travailler-malades-et-les-virus-sinvitent-en-salle-de-reunion-603072.htm\" data-type=\"link\" data-id=\"https:\/\/www.doctissimo.fr\/famille\/travail\/sante-et-travail\/43-des-francais-vont-travailler-malades-et-les-virus-sinvitent-en-salle-de-reunion-603072.htm\" target=\"_blank\" rel=\"noreferrer noopener nofollow\">View article<\/a><\/figcaption><\/figure>\n<\/div>\n\n\n\n<div class=\"wp-block-column is-vertically-aligned-center is-layout-flow wp-block-column-is-layout-flow\">\n<figure class=\"wp-block-image aligncenter size-large\"><img decoding=\"async\" width=\"1024\" height=\"1024\" src=\"https:\/\/obera.fr\/wp-content\/uploads\/2026\/02\/bfm_tv_logo-1024x1024.png\" alt=\"BFM TV logo\" class=\"wp-image-143879\" srcset=\"https:\/\/obera.fr\/wp-content\/uploads\/2026\/02\/bfm_tv_logo-1024x1024.png 1024w, https:\/\/obera.fr\/wp-content\/uploads\/2026\/02\/bfm_tv_logo-300x300.png 300w, https:\/\/obera.fr\/wp-content\/uploads\/2026\/02\/bfm_tv_logo-150x150.png 150w, https:\/\/obera.fr\/wp-content\/uploads\/2026\/02\/bfm_tv_logo-768x768.png 768w, https:\/\/obera.fr\/wp-content\/uploads\/2026\/02\/bfm_tv_logo.png 1200w\" sizes=\"(max-width: 1024px) 100vw, 1024px\" \/><figcaption class=\"wp-element-caption\"><a href=\"https:\/\/www.bfmtv.com\/sante\/video-selon-une-etude-43-des-francais-vont-travailler-en-etant-malades_VN-202601270111.html\" target=\"_blank\" rel=\"noreferrer noopener nofollow\">View article<\/a><\/figcaption><\/figure>\n<\/div>\n\n\n\n<div class=\"wp-block-column is-vertically-aligned-center is-layout-flow wp-block-column-is-layout-flow\">\n<figure class=\"wp-block-image aligncenter size-full\"><img decoding=\"async\" width=\"640\" height=\"360\" src=\"https:\/\/obera.fr\/wp-content\/uploads\/2026\/02\/laprovence-logo-media.jpg\" alt=\"La Provence media logo\" class=\"wp-image-143880\" srcset=\"https:\/\/obera.fr\/wp-content\/uploads\/2026\/02\/laprovence-logo-media.jpg 640w, https:\/\/obera.fr\/wp-content\/uploads\/2026\/02\/laprovence-logo-media-300x169.jpg 300w\" sizes=\"(max-width: 640px) 100vw, 640px\" \/><figcaption class=\"wp-element-caption\"><a href=\"https:\/\/www.laprovence.com\/article\/societe\/40354383352299\/peur-detre-mal-vu-a-leuro-pres-sans-teletravail-43-des-francais-vont-travailler-en-etant-malades\" data-type=\"link\" data-id=\"https:\/\/www.laprovence.com\/article\/societe\/40354383352299\/peur-detre-mal-vu-a-leuro-pres-sans-teletravail-43-des-francais-vont-travailler-en-etant-malades\" target=\"_blank\" rel=\"noreferrer noopener nofollow\">View article<\/a><\/figcaption><\/figure>\n<\/div>\n\n\n\n<div class=\"wp-block-column is-vertically-aligned-center is-layout-flow wp-block-column-is-layout-flow\">\n<figure class=\"wp-block-image aligncenter size-full\"><img decoding=\"async\" width=\"512\" height=\"512\" src=\"https:\/\/obera.fr\/wp-content\/uploads\/2026\/02\/corsematin-logo.png\" alt=\"Corse-Matin logo\" class=\"wp-image-143881\" srcset=\"https:\/\/obera.fr\/wp-content\/uploads\/2026\/02\/corsematin-logo.png 512w, https:\/\/obera.fr\/wp-content\/uploads\/2026\/02\/corsematin-logo-300x300.png 300w, https:\/\/obera.fr\/wp-content\/uploads\/2026\/02\/corsematin-logo-150x150.png 150w\" sizes=\"(max-width: 512px) 100vw, 512px\" \/><\/figure>\n<\/div>\n\n\n\n<div class=\"wp-block-column is-vertically-aligned-center is-layout-flow wp-block-column-is-layout-flow\">\n<figure class=\"wp-block-image aligncenter size-full\"><img decoding=\"async\" width=\"500\" height=\"500\" src=\"https:\/\/obera.fr\/wp-content\/uploads\/2026\/02\/demotivteur-logo.jpg\" alt=\"Demotivateur logo\" class=\"wp-image-143882\" srcset=\"https:\/\/obera.fr\/wp-content\/uploads\/2026\/02\/demotivteur-logo.jpg 500w, https:\/\/obera.fr\/wp-content\/uploads\/2026\/02\/demotivteur-logo-300x300.jpg 300w, https:\/\/obera.fr\/wp-content\/uploads\/2026\/02\/demotivteur-logo-150x150.jpg 150w\" sizes=\"(max-width: 500px) 100vw, 500px\" \/><figcaption class=\"wp-element-caption\"><a href=\"https:\/\/www.demotivateur.fr\/lifestyle\/43-des-francais-vont-travailler-en-etant-malades-selon-une-enquete-47039\" data-type=\"link\" data-id=\"https:\/\/www.demotivateur.fr\/lifestyle\/43-des-francais-vont-travailler-en-etant-malades-selon-une-enquete-47039\" target=\"_blank\" rel=\"noreferrer noopener nofollow\">View article<\/a><\/figcaption><\/figure>\n<\/div>\n<\/div>\n\n<div class=\"wp-block-columns are-vertically-aligned-center is-layout-flex wp-container-core-columns-is-layout-28f84493 wp-block-columns-is-layout-flex\">\n<div class=\"wp-block-column is-vertically-aligned-center is-layout-flow wp-block-column-is-layout-flow\">\n<figure class=\"wp-block-image aligncenter size-full\"><img decoding=\"async\" width=\"1024\" height=\"443\" src=\"https:\/\/obera.fr\/wp-content\/uploads\/2026\/02\/logo-msn.png\" alt=\"MSN logo\" class=\"wp-image-143883\" srcset=\"https:\/\/obera.fr\/wp-content\/uploads\/2026\/02\/logo-msn.png 1024w, https:\/\/obera.fr\/wp-content\/uploads\/2026\/02\/logo-msn-300x130.png 300w, https:\/\/obera.fr\/wp-content\/uploads\/2026\/02\/logo-msn-768x332.png 768w\" sizes=\"(max-width: 1024px) 100vw, 1024px\" \/><figcaption class=\"wp-element-caption\"><a href=\"https:\/\/www.msn.com\/fr-ch\/actualite\/other\/pr%C3%A8s-d-un-salari%C3%A9-sur-deux-va-travailler-malgr%C3%A9-des-signes-de-maladie\/ar-AA1V3q6q\" data-type=\"link\" data-id=\"https:\/\/www.doctissimo.fr\/famille\/travail\/sante-et-travail\/43-des-francais-vont-travailler-malades-et-les-virus-sinvitent-en-salle-de-reunion-603072.htm\" target=\"_blank\" rel=\"noreferrer noopener nofollow\">View article<\/a><\/figcaption><\/figure>\n<\/div>\n\n\n\n<div class=\"wp-block-column is-vertically-aligned-center is-layout-flow wp-block-column-is-layout-flow\">\n<figure class=\"wp-block-image aligncenter size-large\"><img decoding=\"async\" width=\"1024\" height=\"349\" src=\"https:\/\/obera.fr\/wp-content\/uploads\/2026\/02\/logo-orange-1024x349.jpg\" alt=\"Orange logo\" class=\"wp-image-143884\" srcset=\"https:\/\/obera.fr\/wp-content\/uploads\/2026\/02\/logo-orange-1024x349.jpg 1024w, https:\/\/obera.fr\/wp-content\/uploads\/2026\/02\/logo-orange-300x102.jpg 300w, https:\/\/obera.fr\/wp-content\/uploads\/2026\/02\/logo-orange-768x262.jpg 768w, https:\/\/obera.fr\/wp-content\/uploads\/2026\/02\/logo-orange-1536x523.jpg 1536w, https:\/\/obera.fr\/wp-content\/uploads\/2026\/02\/logo-orange.jpg 1659w\" sizes=\"(max-width: 1024px) 100vw, 1024px\" \/><figcaption class=\"wp-element-caption\"><a href=\"https:\/\/actu.orange.fr\/videos\/france\/selon-une-etude-43-des-francais-vont-travailler-en-etant-malades-CNT000002mZ3oz.html\" target=\"_blank\" rel=\"noreferrer noopener nofollow\">View article<\/a><\/figcaption><\/figure>\n<\/div>\n\n\n\n<div class=\"wp-block-column is-vertically-aligned-center is-layout-flow wp-block-column-is-layout-flow\">\n<figure class=\"wp-block-image aligncenter size-full\"><img decoding=\"async\" width=\"259\" height=\"195\" src=\"https:\/\/obera.fr\/wp-content\/uploads\/2026\/02\/logo-maxiflash.png\" alt=\"Maxi Flash logo\" class=\"wp-image-143885\"\/><figcaption class=\"wp-element-caption\"><a href=\"https:\/\/haguenau.maxi-flash.com\/etude-les-francais-travaillent-meme-malades\/\" data-type=\"link\" data-id=\"https:\/\/www.laprovence.com\/article\/societe\/40354383352299\/peur-detre-mal-vu-a-leuro-pres-sans-teletravail-43-des-francais-vont-travailler-en-etant-malades\" target=\"_blank\" rel=\"noreferrer noopener nofollow\">View article<\/a><\/figcaption><\/figure>\n<\/div>\n\n\n\n<div class=\"wp-block-column is-vertically-aligned-center is-layout-flow wp-block-column-is-layout-flow\">\n<figure class=\"wp-block-image aligncenter size-full\"><img decoding=\"async\" width=\"368\" height=\"108\" src=\"https:\/\/obera.fr\/wp-content\/uploads\/2026\/02\/logo_echo_mardi.png\" alt=\"&#xC9;cho Mardi logo\" class=\"wp-image-143886\" srcset=\"https:\/\/obera.fr\/wp-content\/uploads\/2026\/02\/logo_echo_mardi.png 368w, https:\/\/obera.fr\/wp-content\/uploads\/2026\/02\/logo_echo_mardi-300x88.png 300w\" sizes=\"(max-width: 368px) 100vw, 368px\" \/><figcaption class=\"wp-element-caption\"><a href=\"https:\/\/www.echodumardi.com\/actualite\/43-des-francais-declarent-aller-travailler-meme-en-etant-malades\/amp\/\" data-type=\"link\" data-id=\"https:\/\/www.echodumardi.com\/actualite\/43-des-francais-declarent-aller-travailler-meme-en-etant-malades\/amp\/\" target=\"_blank\" rel=\"noreferrer noopener nofollow\">View article<\/a><\/figcaption><\/figure>\n<\/div>\n\n\n\n<div class=\"wp-block-column is-vertically-aligned-center is-layout-flow wp-block-column-is-layout-flow\">\n<p class=\"has-text-align-center\">And more&#8230;<\/p>\n<\/div>\n<\/div>\n","protected":false},"excerpt":{"rendered":"<p>OberA reveals the results of a new survey* conducted among 4,102 people, which highlights a persistent discrepancy between thermal comfort and air quality at work: highly debated ideal temperatures, rare winter ventilation, absence of air purification devices, poorly controlled humidity, and uncertainty about appropriate actions against viruses. The study also emphasizes strong expectations from employers: a large majority requests concrete actions for healthier indoor air in businesses and public spaces. <\/p>\n","protected":false},"author":13,"featured_media":0,"comment_status":"open","ping_status":"closed","sticky":false,"template":"","format":"standard","meta":{"_acf_changed":false,"_seopress_robots_primary_cat":"none","_seopress_titles_title":"Study on workplace air quality in winter - OberA","_seopress_titles_desc":"OberA reveals the results of a new survey of 4,102 people, highlighting a gap between thermal comfort and workplace air quality.","_seopress_robots_index":"","footnotes":""},"categories":[1003],"tags":[18],"class_list":["post-145810","post","type-post","status-publish","format-standard","hentry","category-press","tag-entete-small","generate-columns","tablet-grid-50","mobile-grid-100","grid-parent","grid-50","no-featured-image-padding"],"acf":[],"_links":{"self":[{"href":"https:\/\/obera.fr\/en\/wp-json\/wp\/v2\/posts\/145810","targetHints":{"allow":["GET"]}}],"collection":[{"href":"https:\/\/obera.fr\/en\/wp-json\/wp\/v2\/posts"}],"about":[{"href":"https:\/\/obera.fr\/en\/wp-json\/wp\/v2\/types\/post"}],"author":[{"embeddable":true,"href":"https:\/\/obera.fr\/en\/wp-json\/wp\/v2\/users\/13"}],"replies":[{"embeddable":true,"href":"https:\/\/obera.fr\/en\/wp-json\/wp\/v2\/comments?post=145810"}],"version-history":[{"count":4,"href":"https:\/\/obera.fr\/en\/wp-json\/wp\/v2\/posts\/145810\/revisions"}],"predecessor-version":[{"id":154319,"href":"https:\/\/obera.fr\/en\/wp-json\/wp\/v2\/posts\/145810\/revisions\/154319"}],"wp:attachment":[{"href":"https:\/\/obera.fr\/en\/wp-json\/wp\/v2\/media?parent=145810"}],"wp:term":[{"taxonomy":"category","embeddable":true,"href":"https:\/\/obera.fr\/en\/wp-json\/wp\/v2\/categories?post=145810"},{"taxonomy":"post_tag","embeddable":true,"href":"https:\/\/obera.fr\/en\/wp-json\/wp\/v2\/tags?post=145810"}],"curies":[{"name":"wp","href":"https:\/\/api.w.org\/{rel}","templated":true}]}}