{"id":13,"name":"Thomas Stanislas","url":"","description":"Thomas Stanislas est Responsable Marketing chez OberA, o\u00f9 il met \u00e0 profit son exp\u00e9rience de 10 ans dans le domaine des affaires. Ing\u00e9nieur d'affaires de formation, il apporte son expertise pour d\u00e9velopper des strat\u00e9gies innovantes et accompagner l\u2019entreprise dans sa croissance. Passionn\u00e9 par les nouvelles technologies et les solutions durables, Thomas s'engage \u00e0 faire \u00e9voluer la communication et le positionnement de la marque OberA sur le march\u00e9 des solutions de purification et de rafra\u00eechissement d'air.","link":"https:\/\/obera.fr\/en\/author\/thomas-stanislasobera-fr\/","slug":"thomas-stanislasobera-fr","avatar_urls":{"24":"https:\/\/secure.gravatar.com\/avatar\/2cb0528502130b2e63a553a1724e4a771cd7a113b06e9f32f108f96ae0941900?s=24&d=mm&r=g","48":"https:\/\/secure.gravatar.com\/avatar\/2cb0528502130b2e63a553a1724e4a771cd7a113b06e9f32f108f96ae0941900?s=48&d=mm&r=g","96":"https:\/\/secure.gravatar.com\/avatar\/2cb0528502130b2e63a553a1724e4a771cd7a113b06e9f32f108f96ae0941900?s=96&d=mm&r=g"},"meta":{"generateblocks_onboarding":{"insert_inner_container":true}},"acf":[],"_links":{"self":[{"href":"https:\/\/obera.fr\/en\/wp-json\/wp\/v2\/users\/13","targetHints":{"allow":["GET"]}}],"collection":[{"href":"https:\/\/obera.fr\/en\/wp-json\/wp\/v2\/users"}]}}