{"id":109144,"date":"2025-06-09T10:00:00","date_gmt":"2025-06-09T08:00:00","guid":{"rendered":"https:\/\/obera.fr\/nuestro-consejo\/esperance-vie-conditions-travail-metiers-pierre\/"},"modified":"2026-02-04T15:57:29","modified_gmt":"2026-02-04T13:57:29","slug":"esperance-vie-conditions-travail-metiers-pierre","status":"publish","type":"post","link":"https:\/\/obera.fr\/es\/nuestro-consejo\/esperance-vie-conditions-travail-metiers-pierre\/","title":{"rendered":"Esperanza de vida y condiciones de trabajo en los oficios de la piedra: \u00bfqu\u00e9 realidades?"},"content":{"rendered":"\n<p>Los talladores de piedra est\u00e1n expuestos a polvos muy finos que contienen <a href=\"https:\/\/obera.fr\/es\/conseils\/silice-cristalline-loi-obligations\/\">s\u00edlice cristalina<\/a>. Esta exposici\u00f3n invisible tiene un impacto grave en su salud. Varios estudios muestran que los obreros de la construcci\u00f3n (incluidos los talladores de piedra) tienen una <strong>esperanza de vida reducida en varios a\u00f1os<\/strong> respecto a otras profesiones.  <\/p>\n\n<p>Esta disminuci\u00f3n se explica por el desgaste f\u00edsico del oficio y sobre todo por las enfermedades pulmonares relacionadas con la inhalaci\u00f3n de polvos de piedra. La silicosis, fibrosis pulmonar irreversible, es emblem\u00e1tica de estos riesgos profesionales. <\/p>\n\n<figure class=\"wp-block-image alignright size-large is-resized\"><img decoding=\"async\" width=\"768\" height=\"1024\" src=\"https:\/\/obera.fr\/wp-content\/uploads\/2025\/06\/20250131_105634-768x1024.jpg\" alt=\"20250131 105634\" class=\"wp-image-111959\" style=\"width:335px;height:auto\" srcset=\"https:\/\/obera.fr\/wp-content\/uploads\/2025\/06\/20250131_105634-768x1024.jpg 768w, https:\/\/obera.fr\/wp-content\/uploads\/2025\/06\/20250131_105634-225x300.jpg 225w, https:\/\/obera.fr\/wp-content\/uploads\/2025\/06\/20250131_105634-1152x1536.jpg 1152w, https:\/\/obera.fr\/wp-content\/uploads\/2025\/06\/20250131_105634-1536x2048.jpg 1536w, https:\/\/obera.fr\/wp-content\/uploads\/2025\/06\/20250131_105634-scaled.jpg 1920w\" sizes=\"(max-width: 768px) 100vw, 768px\" \/><\/figure>\n\n<h2 class=\"wp-block-heading\">La s\u00edlice, enemigo n\u00famero 1 de los talladores de piedra<\/h2>\n\n<p>Las part\u00edculas de s\u00edlice emanadas de la piedra penetran profundamente en los pulmones y causan da\u00f1os irreversibles. <a href=\"https:\/\/obera.fr\/es\/nuestro-consejo\/silicose-menace-invisible\/\">La silicosis<\/a> se manifiesta por una inflamaci\u00f3n pulmonar cr\u00f3nica y lesiones fibrosantes.<\/p>\n\n<p>Sus complicaciones son severas: insuficiencia respiratoria cr\u00f3nica, infecciones pulmonares recidivantes, tuberculosis (riesgo aumentado) y c\u00e1nceres de pulm\u00f3n. Tantas consecuencias que <strong>acortan la esperanza de vida<\/strong> de los artesanos. <\/p>\n\n<h2 class=\"wp-block-heading\">Una esperanza de vida m\u00e1s corta <\/h2>\n\n<p>En las formas avanzadas de silicosis, la vida puede reducirse de <strong>5 a 10 a\u00f1os<\/strong> respecto a la poblaci\u00f3n general.<\/p>\n\n<ul class=\"wp-block-list\">\n<li><strong>Insuficiencia respiratoria cr\u00f3nica<\/strong> (ahogo permanente).<br\/><\/li>\n\n\n\n<li><strong>Infecciones pulmonares repetidas<\/strong> (tuberculosis, bronquitis).<br\/><\/li>\n\n\n\n<li><strong>C\u00e1ncer de pulm\u00f3n<\/strong> (riesgo multiplicado por la exposici\u00f3n).<br\/><\/li>\n<\/ul>\n\n<p>Adem\u00e1s, <strong>la nube de polvo de s\u00edlice<\/strong> puede impregnar el aire de los talleres y obras. Las t\u00e9cnicas de trabajo \u2013 serrado, amolado, lijado \u2013 liberan part\u00edculas microsc\u00f3picas de s\u00edlice (presente en el granito, la arenisca, el cuarzo&#8230;). <\/p>\n\n<p>Sin control, cada lugar de trabajo se vuelve peligroso: la calidad del aire se degrada y la exposici\u00f3n cr\u00f3nica aumenta sensiblemente el riesgo de enfermedades pulmonares y cardiovasculares.<br\/><\/p>\n\n<figure class=\"wp-block-table\"><table class=\"has-fixed-layout\"><tbody><tr><td><strong>Exposici\u00f3n \/ tarea<\/strong><\/td><td><strong>Efectos en la salud<\/strong><\/td><td><strong>Soluciones OberA<\/strong><\/td><\/tr><tr><td>Serrado\/amolado de granito o arenisca (obra, taller)<\/td><td>Inhalaci\u00f3n de s\u00edlice \u2192 silicosis (fibrosis pulm.), c\u00e1ncer de pulm\u00f3n, tuberculosis<\/td><td>Desempolvadores industriales OberA (aspiraci\u00f3n local) y mascarillas FFP3<\/td><\/tr><tr><td>Taller u obra confinada sin extracci\u00f3n<\/td><td>Aire saturado de PM2,5\/PM10 \u2192 trastornos respiratorios agudos<\/td><td>Purificadores de aire y cajas m\u00f3viles (ej. Epurbox BRS), seguimiento por Dustlight<\/td><\/tr><\/tbody><\/table><\/figure>\n\n<p>El impacto en la <strong>esperanza de vida<\/strong> es claro: los trabajadores expuestos de manera cr\u00f3nica pueden perder varios a\u00f1os de vida activa. Ante esta constataci\u00f3n, la prevenci\u00f3n es crucial. <\/p>\n\n<h2 class=\"wp-block-heading\">Equiparse bien: proteger su salud y prolongar la vida profesional<\/h2>\n\n<p>El control del riesgo pasa por <strong>medidas t\u00e9cnicas y organizacionales<\/strong> adaptadas. Los estudios muestran que acciones como la aspiraci\u00f3n en la fuente o la humidificaci\u00f3n de los materiales pueden reducir la exposici\u00f3n a los polvos del <strong>80 al 95%<\/strong>. <\/p>\n\n<p>Paralelamente, los <a href=\"https:\/\/obera.fr\/es\/nuestro-consejo\/bien-choisir-masque-poussiere\/\">Equipos de Protecci\u00f3n Individual (EPI)<\/a> deben utilizarse: uso de una mascarilla FFP3 o de un aparato de ventilaci\u00f3n asistida, protecci\u00f3n de las v\u00edas respiratorias&#8230; Sin embargo, la protecci\u00f3n individual no es suficiente: hay que actuar <strong>en el coraz\u00f3n de los talleres y obras<\/strong>.<\/p>\n\n<h3 class=\"wp-block-heading\">OberA propone soluciones concretas dise\u00f1adas para los oficios de la piedra:<\/h3>\n\n<ul class=\"wp-block-list\">\n<li><strong>Desempolvadores industriales OberA<\/strong> (m\u00f3viles o fijos): aspiran el polvo lo m\u00e1s cerca posible de la herramienta, en la fuente misma de la emisi\u00f3n.<br\/><\/li>\n\n\n\n<li><strong>Purificadores de aire industriales OberA<\/strong>: filtran continuamente el aire ambiente del taller para disminuir duraderamente la concentraci\u00f3n de part\u00edculas finas.<br\/><\/li>\n\n\n\n<li><strong>Cajas m\u00f3viles de aspiraci\u00f3n (ej. Epurbox BRS)<\/strong>: equipo flexible para obras o intervenciones puntuales, que permite aspirar localmente el polvo donde no hay ning\u00fan sistema fijo instalado.<br\/><\/li>\n\n\n\n<li><strong>Analizador de aire Dustlight<\/strong>: capta en tiempo real la calidad del aire. Compacto y conectado, Dustlight mide las part\u00edculas finas (PM1, PM2,5, PM10) y activa alertas en caso de superaci\u00f3n de los umbrales recomendados. <\/li>\n<\/ul>\n\n<div class=\"wp-block-columns is-layout-flex wp-container-core-columns-is-layout-28f84493 wp-block-columns-is-layout-flex\">\n<div class=\"wp-block-column is-layout-flow wp-block-column-is-layout-flow\">\n<figure class=\"wp-block-image aligncenter size-large is-resized\"><img decoding=\"async\" width=\"1024\" height=\"724\" src=\"https:\/\/obera.fr\/wp-content\/uploads\/2025\/05\/depoussiereur-mobile-2-1024x724.png\" alt=\"desempolvador m&#xF3;vil (2)\" class=\"wp-image-104459\" style=\"width:295px;height:auto\" srcset=\"https:\/\/obera.fr\/wp-content\/uploads\/2025\/05\/depoussiereur-mobile-2-1024x724.png 1024w, https:\/\/obera.fr\/wp-content\/uploads\/2025\/05\/depoussiereur-mobile-2-300x212.png 300w, https:\/\/obera.fr\/wp-content\/uploads\/2025\/05\/depoussiereur-mobile-2-768x543.png 768w, https:\/\/obera.fr\/wp-content\/uploads\/2025\/05\/depoussiereur-mobile-2-1536x1086.png 1536w, https:\/\/obera.fr\/wp-content\/uploads\/2025\/05\/depoussiereur-mobile-2.png 2000w\" sizes=\"(max-width: 1024px) 100vw, 1024px\" \/><figcaption class=\"wp-element-caption\"><strong>Colectores de polvo<\/strong><\/figcaption><\/figure>\n<\/div>\n\n\n\n<div class=\"wp-block-column is-layout-flow wp-block-column-is-layout-flow\">\n<figure class=\"wp-block-image aligncenter size-full is-resized\"><img decoding=\"async\" width=\"440\" height=\"440\" src=\"https:\/\/obera.fr\/wp-content\/uploads\/2024\/05\/purificateurs-dair-min.png\" alt=\"purificadores de aire obera\" class=\"wp-image-30667\" style=\"width:204px;height:auto\" srcset=\"https:\/\/obera.fr\/wp-content\/uploads\/2024\/05\/purificateurs-dair-min.png 440w, https:\/\/obera.fr\/wp-content\/uploads\/2024\/05\/purificateurs-dair-min-300x300.png 300w, https:\/\/obera.fr\/wp-content\/uploads\/2024\/05\/purificateurs-dair-min-150x150.png 150w\" sizes=\"(max-width: 440px) 100vw, 440px\" \/><figcaption class=\"wp-element-caption\"><strong>Purificadores<\/strong><\/figcaption><\/figure>\n<\/div>\n\n\n\n<div class=\"wp-block-column is-layout-flow wp-block-column-is-layout-flow\">\n<figure class=\"wp-block-image aligncenter size-large is-resized\"><img decoding=\"async\" width=\"1024\" height=\"1024\" src=\"https:\/\/obera.fr\/wp-content\/uploads\/2024\/05\/epurbox-brs-1024x1024.png\" alt=\"epurbox brs\" class=\"wp-image-30328\" style=\"width:204px;height:auto\" srcset=\"https:\/\/obera.fr\/wp-content\/uploads\/2024\/05\/epurbox-brs-1024x1024.png 1024w, https:\/\/obera.fr\/wp-content\/uploads\/2024\/05\/epurbox-brs-300x300.png 300w, https:\/\/obera.fr\/wp-content\/uploads\/2024\/05\/epurbox-brs-150x150.png 150w, https:\/\/obera.fr\/wp-content\/uploads\/2024\/05\/epurbox-brs-768x768.png 768w, https:\/\/obera.fr\/wp-content\/uploads\/2024\/05\/epurbox-brs.png 1200w\" sizes=\"(max-width: 1024px) 100vw, 1024px\" \/><figcaption class=\"wp-element-caption\"><strong>Pedestales m\u00f3viles<\/strong><\/figcaption><\/figure>\n<\/div>\n<\/div>\n\n<p>Estos equipos OberA est\u00e1n perfectamente dimensionados para las situaciones de <strong>talla de piedra<\/strong> y contribuyen a respetar la reglamentaci\u00f3n sobre la exposici\u00f3n a los polvos.<br\/>Combinando captaci\u00f3n de polvos, purificaci\u00f3n del aire y uso de EPI, reducen dr\u00e1sticamente la concentraci\u00f3n de s\u00edlice en el aire. <\/p>\n\n<h3 class=\"wp-block-heading\">Dustlight: medir es controlar <\/h3>\n\n<p>M\u00e1s all\u00e1 del equipamiento, <strong>medir<\/strong> la calidad del aire es esencial. Ah\u00ed es donde interviene <strong>Dustlight<\/strong>, el analizador de aire inteligente de OberA. <\/p>\n\n<p>Este aparato aut\u00f3nomo mide continuamente las concentraciones de part\u00edculas finas (PM1, PM2,5, PM10) y <strong>alerta inmediatamente<\/strong> en caso de superaci\u00f3n de los umbrales de seguridad.<\/p>\n\n<p>Gracias a su interfaz conectada, el responsable de taller o HSE puede seguir precisamente la evoluci\u00f3n de la exposici\u00f3n en el tiempo. As\u00ed, Dustlight permite ajustar las medidas de prevenci\u00f3n en tiempo real y documentar la conformidad sanitaria del taller.  <\/p>\n\n<h2 class=\"wp-block-heading\">Un desaf\u00edo humano y colectivo<\/h2>\n\n<p>La protecci\u00f3n de los talladores de piedra depende tanto de la salud p\u00fablica como de la preservaci\u00f3n de un oficio art\u00edstico. <\/p>\n\n<blockquote class=\"wp-block-quote is-layout-flow wp-block-quote-is-layout-flow\">\n<p>Proteger los conocimientos t\u00e9cnicos tambi\u00e9n significa proteger a quienes los perpet\u00faan.<\/p>\n<\/blockquote>\n\n<p>La silicosis es <strong>evitable<\/strong>: invertir en sistemas de desempolvado eficaces (desempolvadores, purificadores, cajas) y seguir la calidad del aire (Dustlight) permite no solo respetar las normas, sino sobre todo <strong>preservar la vida<\/strong> de los artesanos de la piedra. Respirar un aire puro en el lugar de trabajo es garantizar un futuro m\u00e1s seguro para este oficio hist\u00f3rico. <\/p>\n","protected":false},"excerpt":{"rendered":"<p>Los oficios de la piedra se encuentran entre los m\u00e1s nobles y exigentes del mundo artesanal e industrial. Talladores, grabadores, marmolistas, escultores u operarios de cantera ejercen un saber hacer valioso&#8230; a menudo en condiciones duras. <\/p>\n","protected":false},"author":13,"featured_media":112257,"comment_status":"open","ping_status":"closed","sticky":false,"template":"","format":"standard","meta":{"_acf_changed":false,"_seopress_robots_primary_cat":"none","_seopress_titles_title":"Esperanza de vida de los talladores de piedra: riesgos y prevenci\u00f3n","_seopress_titles_desc":"Exposici\u00f3n a la s\u00edlice, penosidad, esperanza de vida reducida: OberA act\u00faa por un aire sano y seguro en los oficios de la piedra. Proteja a sus equipos.","_seopress_robots_index":"","footnotes":""},"categories":[50],"tags":[],"class_list":["post-109144","post","type-post","status-publish","format-standard","has-post-thumbnail","hentry","category-nuestro-consejo","generate-columns","tablet-grid-50","mobile-grid-100","grid-parent","grid-50","no-featured-image-padding","resize-featured-image"],"acf":[],"_links":{"self":[{"href":"https:\/\/obera.fr\/es\/wp-json\/wp\/v2\/posts\/109144","targetHints":{"allow":["GET"]}}],"collection":[{"href":"https:\/\/obera.fr\/es\/wp-json\/wp\/v2\/posts"}],"about":[{"href":"https:\/\/obera.fr\/es\/wp-json\/wp\/v2\/types\/post"}],"author":[{"embeddable":true,"href":"https:\/\/obera.fr\/es\/wp-json\/wp\/v2\/users\/13"}],"replies":[{"embeddable":true,"href":"https:\/\/obera.fr\/es\/wp-json\/wp\/v2\/comments?post=109144"}],"version-history":[{"count":4,"href":"https:\/\/obera.fr\/es\/wp-json\/wp\/v2\/posts\/109144\/revisions"}],"predecessor-version":[{"id":140359,"href":"https:\/\/obera.fr\/es\/wp-json\/wp\/v2\/posts\/109144\/revisions\/140359"}],"wp:featuredmedia":[{"embeddable":true,"href":"https:\/\/obera.fr\/es\/wp-json\/wp\/v2\/media\/112257"}],"wp:attachment":[{"href":"https:\/\/obera.fr\/es\/wp-json\/wp\/v2\/media?parent=109144"}],"wp:term":[{"taxonomy":"category","embeddable":true,"href":"https:\/\/obera.fr\/es\/wp-json\/wp\/v2\/categories?post=109144"},{"taxonomy":"post_tag","embeddable":true,"href":"https:\/\/obera.fr\/es\/wp-json\/wp\/v2\/tags?post=109144"}],"curies":[{"name":"wp","href":"https:\/\/api.w.org\/{rel}","templated":true}]}}