{"id":109337,"date":"2025-06-12T10:23:50","date_gmt":"2025-06-12T08:23:50","guid":{"rendered":"https:\/\/obera.fr\/nuestro-consejo\/local-compresseur-surchauffe\/"},"modified":"2025-06-16T09:13:22","modified_gmt":"2025-06-16T07:13:22","slug":"local-compresseur-surchauffe","status":"publish","type":"post","link":"https:\/\/obera.fr\/es\/nuestro-consejo\/local-compresseur-surchauffe\/","title":{"rendered":"Sala de compresores sobrecalentada: \u00bfc\u00f3mo salvaron la producci\u00f3n las soluciones de OberA?"},"content":{"rendered":"\n<h2 class=\"wp-block-heading\">Conclusiones: una sala de compresores de 100 m\u00b2 que no puede utilizarse cuando hace calor<\/h2>\n\n<p>Con el verano a la vuelta de la esquina, un cliente industrial se puso en contacto con nosotros urgentemente. Su sala de compresores <strong>de 100 m\u00b2<\/strong> se estaba convirtiendo en un horno en cuanto la temperatura exterior superaba los 30 \u00b0C. Como consecuencia, <strong>los compresores<\/strong> se paraban a causa del calor ambiental, lo que paralizaba por completo la producci\u00f3n.  <\/p>\n\n<p>Este es un caso t\u00edpico: en la industria, las salas t\u00e9cnicas suelen estar mal ventiladas, sin aire acondicionado espec\u00edfico. Sin embargo, albergan equipos cr\u00edticos que desprenden una enorme cantidad de calor. <\/p>\n\n<p><\/p>\n\n<div class=\"wp-block-columns is-layout-flex wp-container-core-columns-is-layout-28f84493 wp-block-columns-is-layout-flex\">\n<div class=\"wp-block-column is-layout-flow wp-block-column-is-layout-flow\">\n<figure class=\"wp-block-image aligncenter size-full is-resized\"><img decoding=\"async\" width=\"1000\" height=\"1000\" src=\"https:\/\/obera.fr\/wp-content\/uploads\/2025\/06\/panneau-indication-local-compresseur.webp\" alt=\"cartel sala de compresores\" class=\"wp-image-109536\" style=\"width:364px;height:auto\" srcset=\"https:\/\/obera.fr\/wp-content\/uploads\/2025\/06\/panneau-indication-local-compresseur.webp 1000w, https:\/\/obera.fr\/wp-content\/uploads\/2025\/06\/panneau-indication-local-compresseur-300x300.webp 300w, https:\/\/obera.fr\/wp-content\/uploads\/2025\/06\/panneau-indication-local-compresseur-150x150.webp 150w, https:\/\/obera.fr\/wp-content\/uploads\/2025\/06\/panneau-indication-local-compresseur-768x768.webp 768w\" sizes=\"(max-width: 1000px) 100vw, 1000px\" \/><\/figure>\n<\/div>\n\n\n\n<div class=\"wp-block-column is-layout-flow wp-block-column-is-layout-flow\">\n<figure class=\"wp-block-image aligncenter size-large is-resized\"><img decoding=\"async\" width=\"683\" height=\"1024\" src=\"https:\/\/obera.fr\/wp-content\/uploads\/2025\/06\/chatgpt-image-12-juin-2025-12_16_27-683x1024.png\" alt=\"Sala de compresores\" class=\"wp-image-109513\" style=\"width:376px;height:auto\" srcset=\"https:\/\/obera.fr\/wp-content\/uploads\/2025\/06\/chatgpt-image-12-juin-2025-12_16_27-683x1024.png 683w, https:\/\/obera.fr\/wp-content\/uploads\/2025\/06\/chatgpt-image-12-juin-2025-12_16_27-200x300.png 200w, https:\/\/obera.fr\/wp-content\/uploads\/2025\/06\/chatgpt-image-12-juin-2025-12_16_27-768x1152.png 768w, https:\/\/obera.fr\/wp-content\/uploads\/2025\/06\/chatgpt-image-12-juin-2025-12_16_27.png 1024w\" sizes=\"(max-width: 683px) 100vw, 683px\" \/><\/figure>\n<\/div>\n<\/div>\n<div class=\"gb-container gb-container-9290c18d\">\n\n<h2 class=\"wp-block-heading\">La respuesta de OberA: Nuestros refrigeradores adiab\u00e1ticos m\u00f3viles IC.<\/h2>\n\n\n\n<p>Para restablecer r\u00e1pidamente una temperatura controlada, recomendamos contratar un refrigerador IC 22, el <strong>refrigerador adiab\u00e1tico m\u00f3vil patentado OberA<\/strong>, <strong>fabricado en Francia<\/strong> y dise\u00f1ado espec\u00edficamente para entornos industriales.<\/p>\n\n<\/div>\n<div class=\"wp-block-columns is-layout-flex wp-container-core-columns-is-layout-28f84493 wp-block-columns-is-layout-flex\">\n<div class=\"wp-block-column is-layout-flow wp-block-column-is-layout-flow\" style=\"flex-basis:50%\">\n<div class=\"wp-block-buttons is-layout-flex wp-block-buttons-is-layout-flex\">\n<div class=\"wp-block-button\"><a class=\"wp-block-button__link has-text-align-center wp-element-button\" href=\"https:\/\/obera.fr\/location-appareil-industriel\/\">Consulta nuestras ofertas de alquiler de ambientadores  <\/a><\/div>\n<\/div>\n<\/div>\n<\/div>\n\n<p><\/p>\n\n<p><\/p>\n\n<div class=\"wp-block-columns is-layout-flex wp-container-core-columns-is-layout-28f84493 wp-block-columns-is-layout-flex\">\n<div class=\"wp-block-column is-layout-flow wp-block-column-is-layout-flow\" style=\"flex-basis:50%\">\n<h2 class=\"wp-block-heading\">\u00bfPor qu\u00e9 el IC22 es ideal para una sala de compresores?<\/h2>\n\n\n\n<ul class=\"wp-block-list\">\n<li> <strong>Eficiencia de refrigeraci\u00f3n de 22 kW<\/strong><\/li>\n\n\n\n<li><strong>Caudal de aire de 4.500 m\u00b3\/h<\/strong> para agitar el aire estancado<\/li>\n\n\n\n<li><strong>Instalaci\u00f3n sin obras<\/strong>: Plug &amp; Play, listo para usar en pocos minutos<\/li>\n\n\n\n<li>Posibilidad de <strong>refrigeraci\u00f3n local<\/strong> alrededor de los compresores<\/li>\n\n\n\n<li><strong>Funcionamiento 100% aire &#8211; sin refrigerante<\/strong><\/li>\n<\/ul>\n\n\n\n<p>A diferencia del aire acondicionado convencional, un <a href=\"https:\/\/obera.fr\/es\/nuestro-consejo\/le-principe-de-fonctionnement-du-refroidissement-adiabatique-air-eau-evaporation\/\">enfriador adiab\u00e1tico funciona evaporando agua<\/a>, por lo que es a la vez :<\/p>\n\n\n\n<ul class=\"wp-block-list\">\n<li>Uso m\u00e1s econ\u00f3mico<\/li>\n\n\n\n<li>M\u00e1s respetuoso con el medio ambiente<\/li>\n\n\n\n<li>M\u00e1s robusto en condiciones industriales<\/li>\n<\/ul>\n<\/div>\n\n\n\n<div class=\"wp-block-column is-layout-flow wp-block-column-is-layout-flow\" style=\"flex-basis:50%\">\n<h2 class=\"wp-block-heading\">Resultado : Temperatura restablecida, Compresores reiniciados<\/h2>\n\n\n\n<p>El IC 22 se entreg\u00f3 e instal\u00f3 en menos de 48 horas.<\/p>\n\n\n\n<p>Temperatura ambiente por debajo de 30\u00b0C<br\/>No se ha parado el compresor desde la instalaci\u00f3n<br\/>Se ha reiniciado la producci\u00f3n sin modificar la sala<\/p>\n\n\n\n<p><\/p>\n\n\n\n<h2 class=\"wp-block-heading\">\u00bfPor qu\u00e9 no debes descuidar tus salas de compresores?<\/h2>\n\n\n\n<ul class=\"wp-block-list\">\n<li>Son <strong>zonas con una gran carga t\u00e9rmica<\/strong>.<\/li>\n\n\n\n<li>La ventilaci\u00f3n convencional es <strong>insuficiente en verano<\/strong>.<\/li>\n\n\n\n<li>Una parada del compresor significa <strong>una parada de la producci\u00f3n<\/strong>, y por tanto un coste.<\/li>\n<\/ul>\n<\/div>\n<\/div>\n\n<figure class=\"wp-block-image aligncenter size-large is-resized\"><img decoding=\"async\" width=\"788\" height=\"1024\" src=\"https:\/\/obera.fr\/wp-content\/uploads\/2025\/05\/ic22-made-in-france-1-788x1024.png\" alt=\"ic22 made in france\" class=\"wp-image-103987\" style=\"width:350px;height:auto\" srcset=\"https:\/\/obera.fr\/wp-content\/uploads\/2025\/05\/ic22-made-in-france-1-788x1024.png 788w, https:\/\/obera.fr\/wp-content\/uploads\/2025\/05\/ic22-made-in-france-1-231x300.png 231w, https:\/\/obera.fr\/wp-content\/uploads\/2025\/05\/ic22-made-in-france-1-768x998.png 768w, https:\/\/obera.fr\/wp-content\/uploads\/2025\/05\/ic22-made-in-france-1.png 1000w\" sizes=\"(max-width: 788px) 100vw, 788px\" \/><figcaption class=\"wp-element-caption\"><strong>Modelo IC 22<\/strong><\/figcaption><\/figure>\n\n<h2 class=\"wp-block-heading\">OberA: Soluciones pr\u00e1cticas para la industria<\/h2>\n\n<p>Nuestro IC22 es una soluci\u00f3n <strong>100% m\u00f3vil, 100% industrial<\/strong>, dise\u00f1ada y fabricada en Francia para responder a las limitaciones reales de tus obras.<\/p>\n\n<h3 class=\"wp-block-heading\">\u00bfSufres sobrecalentamiento en una sala de compresores?<\/h3>\n\n<p>Contacta con nosotros: nuestros equipos pueden intervenir r\u00e1pidamente, en cualquier lugar de Francia. Con OberA, mantienes el control de tu material, incluso a menos de 40 \u00b0C. <\/p>\n\n<div class=\"wp-block-buttons is-content-justification-center is-layout-flex wp-container-core-buttons-is-layout-a89b3969 wp-block-buttons-is-layout-flex\">\n<div class=\"wp-block-button\"><a class=\"wp-block-button__link has-text-align-center wp-element-button\" href=\"https:\/\/obera.fr\/es\/contact\/\">Contacta con nosotros<\/a><\/div>\n<\/div>\n\n<p><\/p>\n","protected":false},"excerpt":{"rendered":"<p>Con el verano a la vuelta de la esquina, un cliente industrial se puso en contacto con nosotros urgentemente. Su sala de compresores de 100 m\u00b2 se convert\u00eda en un horno en cuanto la temperatura exterior superaba los 30 \u00b0C. <\/p>\n","protected":false},"author":13,"featured_media":112216,"comment_status":"open","ping_status":"closed","sticky":false,"template":"","format":"standard","meta":{"_acf_changed":false,"_seopress_robots_primary_cat":"none","_seopress_titles_title":"Sala de compresores sobrecalentada: soluci\u00f3n m\u00f3vil OberA IC22 eficiente","_seopress_titles_desc":"\u00bfUna habitaci\u00f3n a 40\u00baC? El IC22 OberA, un refrigerador adiab\u00e1tico m\u00f3vil, baja la temperatura en 48 horas sin trabajo. La producci\u00f3n se reanuda, sin paradas del compresor.  ","_seopress_robots_index":"","footnotes":""},"categories":[50],"tags":[],"class_list":["post-109337","post","type-post","status-publish","format-standard","has-post-thumbnail","hentry","category-nuestro-consejo","generate-columns","tablet-grid-50","mobile-grid-100","grid-parent","grid-50","no-featured-image-padding","resize-featured-image"],"acf":[],"_links":{"self":[{"href":"https:\/\/obera.fr\/es\/wp-json\/wp\/v2\/posts\/109337","targetHints":{"allow":["GET"]}}],"collection":[{"href":"https:\/\/obera.fr\/es\/wp-json\/wp\/v2\/posts"}],"about":[{"href":"https:\/\/obera.fr\/es\/wp-json\/wp\/v2\/types\/post"}],"author":[{"embeddable":true,"href":"https:\/\/obera.fr\/es\/wp-json\/wp\/v2\/users\/13"}],"replies":[{"embeddable":true,"href":"https:\/\/obera.fr\/es\/wp-json\/wp\/v2\/comments?post=109337"}],"version-history":[{"count":17,"href":"https:\/\/obera.fr\/es\/wp-json\/wp\/v2\/posts\/109337\/revisions"}],"predecessor-version":[{"id":110430,"href":"https:\/\/obera.fr\/es\/wp-json\/wp\/v2\/posts\/109337\/revisions\/110430"}],"wp:featuredmedia":[{"embeddable":true,"href":"https:\/\/obera.fr\/es\/wp-json\/wp\/v2\/media\/112216"}],"wp:attachment":[{"href":"https:\/\/obera.fr\/es\/wp-json\/wp\/v2\/media?parent=109337"}],"wp:term":[{"taxonomy":"category","embeddable":true,"href":"https:\/\/obera.fr\/es\/wp-json\/wp\/v2\/categories?post=109337"},{"taxonomy":"post_tag","embeddable":true,"href":"https:\/\/obera.fr\/es\/wp-json\/wp\/v2\/tags?post=109337"}],"curies":[{"name":"wp","href":"https:\/\/api.w.org\/{rel}","templated":true}]}}