{"id":109565,"date":"2025-06-12T12:20:50","date_gmt":"2025-06-12T10:20:50","guid":{"rendered":"https:\/\/obera.fr\/nuestro-consejo\/rafraichisseur-secteur-logistique\/"},"modified":"2025-07-16T11:29:54","modified_gmt":"2025-07-16T09:29:54","slug":"rafraichisseur-secteur-logistique","status":"publish","type":"post","link":"https:\/\/obera.fr\/es\/transporte-y-almacenamiento-logistica\/rafraichisseur-secteur-logistique\/","title":{"rendered":"Enfriadores de aire dedicados a las necesidades del sector log\u00edstico"},"content":{"rendered":"\n<p>En un entorno log\u00edstico cada vez m\u00e1s exigente, el <strong>control de la temperatura<\/strong> en las zonas de almacenamiento se ha convertido en una palanca estrat\u00e9gica. Gracias a sus soluciones de <a href=\"https:\/\/obera.fr\/es\/produits\/rafraichisseurs-air\/\">refrigeraci\u00f3n adiab\u00e1tica<\/a>, OberA ayuda a las empresas a optimizar sus <strong>condiciones de trabajo y almacenamiento<\/strong>, controlando al mismo tiempo su consumo de energ\u00eda. <\/p>\n\n<h2 class=\"wp-block-heading\">Controlar el calor en la log\u00edstica: un reto estrat\u00e9gico<\/h2>\n\n<p>En los almacenes log\u00edsticos, el calor excesivo es mucho m\u00e1s que un inconveniente: es un <strong>factor de riesgo para la calidad de los productos<\/strong>, la seguridad del personal y el rendimiento general de la empresa. M\u00e1s informaci\u00f3n. <\/p>\n\n<h3 class=\"wp-block-heading\">Mercanc\u00edas expuestas a variaciones cr\u00edticas de temperatura<\/h3>\n\n<p>La mayor\u00eda de<strong> los edificios log\u00edsticos no est\u00e1n aislados ni tienen aire acondicionado<\/strong>. Bajo el efecto de los tejados met\u00e1licos y las superficies acristaladas, la temperatura interior puede superar f\u00e1cilmente los 35\u00b0C en verano. Esto representa un peligro real para :  <\/p>\n\n<ul class=\"wp-block-list\">\n<li><strong>Productos alimenticios no refrigerados<\/strong>, cuya calidad puede deteriorarse r\u00e1pidamente;<\/li>\n\n\n\n<li><strong>Productos farmac\u00e9uticos o cosm\u00e9ticos<\/strong> sensibles al calor;<\/li>\n\n\n\n<li><strong>Componentes electr\u00f3nicos o de pl\u00e1stico<\/strong> que puedan alterarse por encima de 30\u00b0C.<\/li>\n<\/ul>\n\n<p>Incluso los materiales de envasado (film, adhesivos, cart\u00f3n) pueden perder su eficacia o deformarse, generando p\u00e9rdidas indirectas.<\/p>\n\n<div class=\"wp-block-columns is-layout-flex wp-container-core-columns-is-layout-28f84493 wp-block-columns-is-layout-flex\">\n<div class=\"wp-block-column is-layout-flow wp-block-column-is-layout-flow\" style=\"flex-basis:66.66%\">\n<h3 class=\"wp-block-heading\">Reducci\u00f3n de la productividad y aumento de los riesgos para los operadores<\/h3>\n\n\n\n<p><strong> Las altas temperaturas<\/strong> en las zonas de preparaci\u00f3n o almacenamiento tienen un impacto directo en el rendimiento del equipo. El calor provoca una disminuci\u00f3n de la concentraci\u00f3n, un aumento de la fatiga y un mayor riesgo de trastornos o molestias musculoesquel\u00e9ticas. <\/p>\n\n\n\n<p><strong>Los entornos calientes <\/strong>tambi\u00e9n repercuten en la productividad de los equipos, provocando tiempos de procesamiento m\u00e1s largos, mayores tasas de error y un deterioro de la calidad del servicio.<\/p>\n\n\n\n<h3 class=\"wp-block-heading\">Equipos y sistemas puestos a prueba<\/h3>\n\n\n\n<p>Adem\u00e1s de afectar a los recursos humanos, el calor tambi\u00e9n afecta al buen funcionamiento de los equipos log\u00edsticos:<strong> transelevadores, cintas transportadoras, sistemas automatizados de clasificaci\u00f3n<\/strong>, etc. Estas m\u00e1quinas, dise\u00f1adas para rangos de temperatura moderados, pueden sufrir paradas prematuras o aver\u00edas en un entorno caluroso.<\/p>\n<\/div>\n\n\n\n<div class=\"wp-block-column is-layout-flow wp-block-column-is-layout-flow\" style=\"flex-basis:33.33%\">\n<figure class=\"wp-block-image aligncenter size-large is-resized\"><img decoding=\"async\" width=\"1024\" height=\"1024\" src=\"https:\/\/obera.fr\/wp-content\/uploads\/2024\/05\/1-1024x1024.jpg\" alt=\"Trabajadores afectados por el calor en la industria\" class=\"wp-image-31002\" style=\"width:291px;height:auto\" srcset=\"https:\/\/obera.fr\/wp-content\/uploads\/2024\/05\/1-1024x1024.jpg 1024w, https:\/\/obera.fr\/wp-content\/uploads\/2024\/05\/1-300x300.jpg 300w, https:\/\/obera.fr\/wp-content\/uploads\/2024\/05\/1-150x150.jpg 150w, https:\/\/obera.fr\/wp-content\/uploads\/2024\/05\/1-768x768.jpg 768w, https:\/\/obera.fr\/wp-content\/uploads\/2024\/05\/1.jpg 1200w\" sizes=\"(max-width: 1024px) 100vw, 1024px\" \/><\/figure>\n<\/div>\n<\/div>\n\n<p><em>La opini\u00f3n del experto: en este contexto, resulta <\/em><strong><em>estrat\u00e9gico desplegar un sistema de refrigeraci\u00f3n<\/em><\/strong><em>  capaces de estabilizar la temperatura interior a niveles aceptables, sin aumentar los costes energ\u00e9ticos ni modificar la arquitectura del lugar. Ah\u00ed es donde entran en juego los enfriadores de aire OberA. Dedicados a    <\/em><strong><em>necesidades industriales<\/em><\/strong><em>Estas soluciones son eficientes energ\u00e9ticamente y reducen la temperatura de forma natural.<\/em><\/p>\n\n<p><\/p>\n\n<h2 class=\"wp-block-heading\">Refrigeraci\u00f3n adiab\u00e1tica: una tecnolog\u00eda fiable y econ\u00f3mica<\/h2>\n\n<h3 class=\"wp-block-heading\">Tecnolog\u00eda basada en la f\u00edsica<\/h3>\n\n<div class=\"wp-block-columns is-layout-flex wp-container-core-columns-is-layout-28f84493 wp-block-columns-is-layout-flex\">\n<div class=\"wp-block-column is-layout-flow wp-block-column-is-layout-flow\" style=\"flex-basis:66.66%\">\n<p>El <a href=\"https:\/\/obera.fr\/es\/nuestro-consejo\/comment-fonctionne-un-rafraichisseur-adiabatique\/\">principio de la refrigeraci\u00f3n adiab\u00e1tica<\/a>, tambi\u00e9n conocida como refrigeraci\u00f3n evaporativa, se basa en un sencillo fen\u00f3meno f\u00edsico: cuando el agua se evapora, absorbe energ\u00eda en forma de calor.<strong> Los refrigeradores aprovechan este proceso natural<\/strong> para reducir la temperatura del aire ambiente sin utilizar gases refrigerantes ni compresores que consumen mucha energ\u00eda. <\/p>\n\n\n\n<p>En t\u00e9rminos pr\u00e1cticos, el aire exterior caliente es aspirado por el equipo, pasa a trav\u00e9s de una almohadilla o panel humidificado (conocido como medio alveolar), y sale refrigerado antes de ser distribuido por todo el edificio. Este tipo de sistema permite <strong>enfriar grandes vol\u00famenes de forma eficaz<\/strong>, con un consumo el\u00e9ctrico muy bajo. <\/p>\n<\/div>\n\n\n\n<div class=\"wp-block-column is-layout-flow wp-block-column-is-layout-flow\" style=\"flex-basis:33.33%\">\n<figure class=\"wp-block-image aligncenter size-full is-resized\"><img decoding=\"async\" width=\"1000\" height=\"1000\" src=\"https:\/\/obera.fr\/wp-content\/uploads\/2022\/03\/Rafraichisseur-dair-par-evaporation.jpg\" alt=\"enfriador evaporativo de aire\" class=\"wp-image-13253\" style=\"width:221px;height:auto\" srcset=\"https:\/\/obera.fr\/wp-content\/uploads\/2022\/03\/Rafraichisseur-dair-par-evaporation.jpg 1000w, https:\/\/obera.fr\/wp-content\/uploads\/2022\/03\/Rafraichisseur-dair-par-evaporation-300x300.jpg 300w, https:\/\/obera.fr\/wp-content\/uploads\/2022\/03\/Rafraichisseur-dair-par-evaporation-150x150.jpg 150w, https:\/\/obera.fr\/wp-content\/uploads\/2022\/03\/Rafraichisseur-dair-par-evaporation-768x768.jpg 768w\" sizes=\"(max-width: 1000px) 100vw, 1000px\" \/><\/figure>\n<\/div>\n<\/div>\n\n<h3 class=\"wp-block-heading\">Una alternativa inteligente a los aparatos de aire acondicionado convencionales<\/h3>\n\n<div class=\"wp-block-columns is-layout-flex wp-container-core-columns-is-layout-28f84493 wp-block-columns-is-layout-flex\">\n<div class=\"wp-block-column is-layout-flow wp-block-column-is-layout-flow\" style=\"flex-basis:66.66%\">\n<p><strong>A diferencia de los acondicionadores de aire<\/strong>, que requieren que los locales est\u00e9n pr\u00e1cticamente cerrados herm\u00e9ticamente, los enfriadores adiab\u00e1ticos son especialmente adecuados para edificios abiertos, como almacenes, muelles de carga o talleres industriales.<strong> Tambi\u00e9n mejoran la calidad del aire interior<\/strong> al eliminar el polvo y las part\u00edculas en suspensi\u00f3n. <\/p>\n\n\n\n<p>He aqu\u00ed algunas ventajas concretas de los refrigeradores adiab\u00e1ticos:<\/p>\n\n\n\n<ul class=\"wp-block-list\">\n<li><strong>F\u00e1cil de instalar<\/strong>: no requiere red de refrigeraci\u00f3n ni grandes obras;<\/li>\n\n\n\n<li><strong>Compatibilidad con entornos abiertos<\/strong>: funcionamiento \u00f3ptimo con alta renovaci\u00f3n de aire ;<\/li>\n\n\n\n<li><strong>Ahorro de energ\u00eda<\/strong>: un solo motor para hacer circular el aire y bombear el agua;<\/li>\n\n\n\n<li><strong>Bajo mantenimiento<\/strong>: limpieza peri\u00f3dica, sin piezas complejas;<\/li>\n\n\n\n<li><strong>Durabilidad<\/strong>: componentes mec\u00e1nicos sencillos, longevidad de los paneles de evaporaci\u00f3n.<br\/><\/li>\n<\/ul>\n\n\n\n<p>La gama OberA est\u00e1 equipada con dep\u00f3sitos de agua de gran capacidad para garantizar una autonom\u00eda prolongada. Algunos modelos incorporan l\u00e1mparas UV para evitar <strong>la proliferaci\u00f3n bacteriana en el circuito hidr\u00e1ulico<\/strong>. El elevado caudal de aire, combinado con una gran superficie de medios, garantiza un enfriamiento r\u00e1pido y uniforme, incluso en grandes vol\u00famenes.  <\/p>\n<\/div>\n\n\n\n<div class=\"wp-block-column is-layout-flow wp-block-column-is-layout-flow\" style=\"flex-basis:33.33%\">\n<figure class=\"wp-block-image aligncenter size-large is-resized\"><img decoding=\"async\" width=\"1024\" height=\"1024\" src=\"https:\/\/obera.fr\/wp-content\/uploads\/2025\/06\/31-1024x1024.png\" alt=\"31\" class=\"wp-image-111671\" style=\"width:277px;height:auto\" srcset=\"https:\/\/obera.fr\/wp-content\/uploads\/2025\/06\/31-1024x1024.png 1024w, https:\/\/obera.fr\/wp-content\/uploads\/2025\/06\/31-300x300.png 300w, https:\/\/obera.fr\/wp-content\/uploads\/2025\/06\/31-150x150.png 150w, https:\/\/obera.fr\/wp-content\/uploads\/2025\/06\/31-768x768.png 768w, https:\/\/obera.fr\/wp-content\/uploads\/2025\/06\/31.png 1200w\" sizes=\"(max-width: 1024px) 100vw, 1024px\" \/><\/figure>\n<\/div>\n<\/div>\n\n<p><\/p>\n\n<h3 class=\"wp-block-heading\">Optimizado para entornos industriales<\/h3>\n\n<p>Las neveras OberA est\u00e1n dise\u00f1adas para funcionar <strong>eficazmente en condiciones dif\u00edciles<\/strong>: polvo, calor elevado, humedad. Gracias a su dise\u00f1o robusto (chasis de acero galvanizado, ruedas reforzadas, carcasa resistente), se adaptan perfectamente a las exigencias de los sectores log\u00edstico e industrial. <\/p>\n\n<p>Adem\u00e1s, a diferencia de las simples soluciones de ventilaci\u00f3n o climatizaci\u00f3n, <strong>la refrigeraci\u00f3n adiab\u00e1tica permite conciliar eficiencia t\u00e9rmica<\/strong>, ahorro energ\u00e9tico y respeto al medio ambiente: un argumento m\u00e1s para las empresas comprometidas con un enfoque de RSC o preocupadas por reducir su huella de carbono.<\/p>\n\n<h2 class=\"wp-block-heading\">Ventajas concretas para tu plataforma log\u00edstica<\/h2>\n\n<h3 class=\"wp-block-heading\">Protege tus bienes sensibles<\/h3>\n\n<p>Los productos sensibles al calor pueden verse afectados a temperaturas tan bajas como 25-30\u00b0C. Las soluciones de refrigeraci\u00f3n evaporativa de OberA permiten <strong>mantener temperaturas estables en las zonas de almacenamiento<\/strong> sin necesidad de sistemas costosos o complejos. <\/p>\n\n<h3 class=\"wp-block-heading\">Ofrece a tus operarios confort t\u00e9rmico<\/h3>\n\n<p>Las temperaturas moderadas mejoran la concentraci\u00f3n y reducen la fatiga del equipo. Gracias al aire refrigerado y filtrado, <strong>puedes garantizar un entorno saludable<\/strong>, propicio para un mejor rendimiento en el campo. <\/p>\n\n<h3 class=\"wp-block-heading\">Reducir los costes de funcionamiento relacionados con la refrigeraci\u00f3n<\/h3>\n\n<p>Con un consumo energ\u00e9tico hasta un 80% inferior al de un climatizador convencional, los refrigeradores adiab\u00e1ticos OberA <a href=\"https:\/\/obera.fr\/es\/nuestro-consejo\/solucion-refroidissement-eficacia-energetica\/\">son una soluci\u00f3n econ\u00f3mica sostenible<\/a>. Menos electricidad, sin gas refrigerante, eficiencia selectiva. <\/p>\n\n<h2 class=\"wp-block-heading\">Elegir una nevera adaptada a tus limitaciones log\u00edsticas<\/h2>\n\n<p>Superficie a cubrir, caudal de aire, autonom\u00eda: <strong>varios factores determinan<\/strong> el modelo adecuado a adoptar en un almac\u00e9n. Ten en cuenta : <\/p>\n\n<ul class=\"wp-block-list\">\n<li>Caudal (m\u00b3\/h) adaptado a la superficie y al nivel de exposici\u00f3n al sol ;<\/li>\n\n\n\n<li>La autonom\u00eda de agua del dep\u00f3sito para un uso prolongado sin interrupci\u00f3n ;<\/li>\n\n\n\n<li>Movilidad si necesitas mover el equipo seg\u00fan las necesidades de tus operarios (zonas de carga, zonas de recogida, etc.);<\/li>\n\n\n\n<li>Facilidad de mantenimiento: los modelos OberA est\u00e1n dise\u00f1ados para una limpieza r\u00e1pida, con piezas accesibles y materiales resistentes.<\/li>\n<\/ul>\n\n<h2 class=\"wp-block-heading\">Soluciones OberA para una refrigeraci\u00f3n log\u00edstica \u00f3ptima<\/h2>\n\n<p>OberA<strong> te propone una gama de neveras industriales m\u00f3viles<\/strong> para responder a tus limitaciones t\u00e9cnicas y de espacio:<\/p>\n\n<ul class=\"wp-block-list\">\n<li>IC 12: para superficies peque\u00f1as (hasta 150 m\u00b2), 12.000 m\u00b3\/h, dep\u00f3sito de 70 L;<\/li>\n\n\n\n<li>IC 22 : hasta 250 m\u00b2, 22.000 m\u00b3\/h, dep\u00f3sito de 130 L ;<\/li>\n\n\n\n<li>IC 30: para superficies de hasta 400 m\u00b2, 30.000 m\u00b3\/h, dep\u00f3sito de 280 L.<\/li>\n<\/ul>\n\n<p>Todos los modelos m\u00f3viles est\u00e1n montados sobre ruedas f\u00e1ciles de mover, con una conexi\u00f3n de agua directa opcional para un uso continuo.<\/p>\n\n<h2 class=\"wp-block-heading\">Resumen de los modelos OberA<\/h2>\n\n<figure class=\"wp-block-table\"><table class=\"has-fixed-layout\"><tbody><tr><td>Modelo<\/td><td>Caudal de aire (m\u00b3\/h)<\/td><td>Superficie cubierta (m\u00b2)<\/td><td>Capacidad del dep\u00f3sito (L)<\/td><td>Tipo<\/td><\/tr><tr><td>CI 12<\/td><td>12 000<\/td><td>Hasta 150<\/td><td>70<\/td><td>M\u00f3vil<\/td><\/tr><tr><td>CI 22<\/td><td>22 000<\/td><td>Hasta 250<\/td><td>130<\/td><td>M\u00f3vil<\/td><\/tr><tr><td>CI 30<\/td><td>30 000<\/td><td>Hasta 400<\/td><td>280<\/td><td>M\u00f3vil<\/td><\/tr><tr><td><\/td><td><\/td><td><\/td><td><\/td><td><\/td><\/tr><\/tbody><\/table><\/figure>\n\n<h2 class=\"wp-block-heading\">Asistencia OberA: m\u00e1s all\u00e1 del producto, una soluci\u00f3n llave en mano<\/h2>\n\n<p>Con OberA, te beneficias de <strong>un equipo fiable y de una asistencia completa<\/strong>:<\/p>\n\n<ul class=\"wp-block-list\">\n<li>Alquila o compra la soluci\u00f3n que mejor se adapte a tu presupuesto y duraci\u00f3n de uso;<\/li>\n\n\n\n<li>Instalaci\u00f3n y puesta en marcha in situ por nuestros t\u00e9cnicos;<\/li>\n\n\n\n<li>Contratos de mantenimiento para garantizar un funcionamiento \u00f3ptimo durante todo el a\u00f1o.<\/li>\n<\/ul>\n","protected":false},"excerpt":{"rendered":"<p>En un entorno log\u00edstico cada vez m\u00e1s exigente, controlar la temperatura de las zonas de almacenamiento se ha convertido en una palanca estrat\u00e9gica.  <\/p>\n","protected":false},"author":13,"featured_media":113883,"comment_status":"open","ping_status":"closed","sticky":false,"template":"","format":"standard","meta":{"_acf_changed":false,"_seopress_robots_primary_cat":"none","_seopress_titles_title":"Refrigeradores de aire para log\u00edstica I Soluciones m\u00f3viles OberA","_seopress_titles_desc":"Adopta una soluci\u00f3n de refrigeraci\u00f3n sostenible con los refrigeradores adiab\u00e1ticos OberA. Refrigeraci\u00f3n evaporativa, gran caudal, movilidad y ahorro energ\u00e9tico para entornos industriales. ","_seopress_robots_index":"","footnotes":""},"categories":[706],"tags":[408],"class_list":["post-109565","post","type-post","status-publish","format-standard","has-post-thumbnail","hentry","category-transporte-y-almacenamiento-logistica","tag-neveras","generate-columns","tablet-grid-50","mobile-grid-100","grid-parent","grid-50","no-featured-image-padding","resize-featured-image"],"acf":[],"_links":{"self":[{"href":"https:\/\/obera.fr\/es\/wp-json\/wp\/v2\/posts\/109565","targetHints":{"allow":["GET"]}}],"collection":[{"href":"https:\/\/obera.fr\/es\/wp-json\/wp\/v2\/posts"}],"about":[{"href":"https:\/\/obera.fr\/es\/wp-json\/wp\/v2\/types\/post"}],"author":[{"embeddable":true,"href":"https:\/\/obera.fr\/es\/wp-json\/wp\/v2\/users\/13"}],"replies":[{"embeddable":true,"href":"https:\/\/obera.fr\/es\/wp-json\/wp\/v2\/comments?post=109565"}],"version-history":[{"count":4,"href":"https:\/\/obera.fr\/es\/wp-json\/wp\/v2\/posts\/109565\/revisions"}],"predecessor-version":[{"id":123296,"href":"https:\/\/obera.fr\/es\/wp-json\/wp\/v2\/posts\/109565\/revisions\/123296"}],"wp:featuredmedia":[{"embeddable":true,"href":"https:\/\/obera.fr\/es\/wp-json\/wp\/v2\/media\/113883"}],"wp:attachment":[{"href":"https:\/\/obera.fr\/es\/wp-json\/wp\/v2\/media?parent=109565"}],"wp:term":[{"taxonomy":"category","embeddable":true,"href":"https:\/\/obera.fr\/es\/wp-json\/wp\/v2\/categories?post=109565"},{"taxonomy":"post_tag","embeddable":true,"href":"https:\/\/obera.fr\/es\/wp-json\/wp\/v2\/tags?post=109565"}],"curies":[{"name":"wp","href":"https:\/\/api.w.org\/{rel}","templated":true}]}}