{"id":114986,"date":"2025-06-24T12:08:40","date_gmt":"2025-06-24T10:08:40","guid":{"rendered":"https:\/\/obera.fr\/nuestro-consejo\/rafraichisseur-mobiles-adiabatiques-evenements-ephemeres\/"},"modified":"2025-11-27T21:31:41","modified_gmt":"2025-11-27T19:31:41","slug":"rafraichisseur-mobiles-adiabatiques-evenements-ephemeres","status":"publish","type":"post","link":"https:\/\/obera.fr\/es\/arte-entretenimiento-y-ocio\/rafraichisseur-mobiles-adiabatiques-evenements-ephemeres\/","title":{"rendered":"Neveras adiab\u00e1ticas m\u00f3viles: la soluci\u00f3n francesa para tus eventos ef\u00edmeros"},"content":{"rendered":"\n<p>Con el aumento de los <strong>eventos temporales<\/strong> como festivales, acontecimientos deportivos, mercados ambulantes, ferias comerciales y restaurantes temporales, garantizar el confort t\u00e9rmico de los participantes se est\u00e1 convirtiendo en algo esencial. Nuestras <a href=\"https:\/\/obera.fr\/es\/produits\/rafraichisseurs-air\/\">neveras adiab\u00e1ticas m\u00f3viles<\/a>, dise\u00f1adas y fabricadas en Francia, ofrecen una soluci\u00f3n eficaz y respetuosa con el medio ambiente que se adapta perfectamente a estas estructuras temporales.   <\/p>\n\n<div class=\"wp-block-columns is-layout-flex wp-container-core-columns-is-layout-28f84493 wp-block-columns-is-layout-flex\">\n<div class=\"wp-block-column is-layout-flow wp-block-column-is-layout-flow\" style=\"flex-basis:50%\">\n<h2 class=\"wp-block-heading\">Comprender el enfriamiento adiab\u00e1tico  <\/h2>\n\n\n\n<p>El <strong>principio de la refrigeraci\u00f3n adiab\u00e1tica<\/strong> se basa en un fen\u00f3meno natural: la evaporaci\u00f3n del agua. Se aspira aire caliente y seco, se hace pasar por un medio humidificado y luego se enfr\u00eda, sin utilizar gases refrigerantes nocivos. Este proceso consume hasta 10 veces menos energ\u00eda que <a href=\"https:\/\/obera.fr\/es\/nuestro-consejo\/rafraichissement-adiabatique-confort-thermique-naturel\/\">el aire acondicionado tradicional<\/a>, al tiempo que mejora la calidad del aire interior.    <\/p>\n\n\n\n<h2 class=\"wp-block-heading\">Una soluci\u00f3n ideal para estructuras temporales  <\/h2>\n\n\n\n<p>Nuestras<strong> neveras<\/strong> est\u00e1n especialmente dise\u00f1adas para adaptarse a entornos como :  <\/p>\n\n\n\n<ul class=\"wp-block-list\">\n<li>P\u00e9rgolas, carpas, barnums y stands para festivales y mercados.  <\/li>\n\n\n\n<li>Enfermer\u00edas m\u00f3viles o puestos de primeros auxilios en acontecimientos deportivos o culturales.<\/li>\n\n\n\n<li>Restaurantes ef\u00edmeros, camiones de comida y puestos de refrescos al aire libre.  <\/li>\n<\/ul>\n\n\n\n<p>Su movilidad, gracias a sus resistentes ruedas, facilita su desplazamiento entre distintas zonas, garantizando un rastrillado constante all\u00ed donde se necesita.  <\/p>\n<\/div>\n\n\n\n<div class=\"wp-block-column is-layout-flow wp-block-column-is-layout-flow\" style=\"flex-basis:50%\">\n<p><\/p>\n\n\n\n<p><\/p>\n\n\n\n<p><\/p>\n\n\n\n<p><\/p>\n\n\n\n<p><\/p>\n\n\n\n<figure class=\"wp-block-image size-large\"><img decoding=\"async\" width=\"1024\" height=\"576\" src=\"https:\/\/obera.fr\/wp-content\/uploads\/2025\/06\/img-20250622-wa0000-1024x576.jpg\" alt=\"RAF OberA enfermer&#xED;a provisional\" class=\"wp-image-117728\" srcset=\"https:\/\/obera.fr\/wp-content\/uploads\/2025\/06\/img-20250622-wa0000-1024x576.jpg 1024w, https:\/\/obera.fr\/wp-content\/uploads\/2025\/06\/img-20250622-wa0000-300x169.jpg 300w, https:\/\/obera.fr\/wp-content\/uploads\/2025\/06\/img-20250622-wa0000-768x432.jpg 768w, https:\/\/obera.fr\/wp-content\/uploads\/2025\/06\/img-20250622-wa0000-1536x864.jpg 1536w, https:\/\/obera.fr\/wp-content\/uploads\/2025\/06\/img-20250622-wa0000.jpg 1600w\" sizes=\"(max-width: 1024px) 100vw, 1024px\" \/><\/figure>\n<\/div>\n<\/div>\n\n<p><\/p>\n\n<p><\/p>\n\n<p><\/p>\n<div class=\"gb-container gb-container-025760be alignwide\">\n<div class=\"gb-container gb-container-9f708c38\"><\/div>\n<\/div><div class=\"gb-container gb-container-fc410df5\">\n\n<figure class=\"wp-block-gallery has-nested-images columns-default is-cropped wp-block-gallery-1 is-layout-flex wp-block-gallery-is-layout-flex\">\n<figure class=\"wp-block-image size-large\"><img decoding=\"async\" width=\"1024\" height=\"766\" data-id=\"117665\" src=\"https:\/\/obera.fr\/wp-content\/uploads\/2025\/06\/img_20250629_142849-1024x766.jpg\" alt=\"RAF OberA bajo carpas\" class=\"wp-image-117665\" srcset=\"https:\/\/obera.fr\/wp-content\/uploads\/2025\/06\/img_20250629_142849-1024x766.jpg 1024w, https:\/\/obera.fr\/wp-content\/uploads\/2025\/06\/img_20250629_142849-300x224.jpg 300w, https:\/\/obera.fr\/wp-content\/uploads\/2025\/06\/img_20250629_142849-768x574.jpg 768w, https:\/\/obera.fr\/wp-content\/uploads\/2025\/06\/img_20250629_142849-1536x1149.jpg 1536w, https:\/\/obera.fr\/wp-content\/uploads\/2025\/06\/img_20250629_142849-2048x1532.jpg 2048w\" sizes=\"(max-width: 1024px) 100vw, 1024px\" \/><\/figure>\n\n\n\n<figure class=\"wp-block-image size-large\"><img decoding=\"async\" width=\"1024\" height=\"766\" data-id=\"117607\" src=\"https:\/\/obera.fr\/wp-content\/uploads\/2025\/06\/img_20250629_145330-1024x766.jpg\" alt=\"RAF OberA evento ef&#xED;mero exterior\" class=\"wp-image-117607\" srcset=\"https:\/\/obera.fr\/wp-content\/uploads\/2025\/06\/img_20250629_145330-1024x766.jpg 1024w, https:\/\/obera.fr\/wp-content\/uploads\/2025\/06\/img_20250629_145330-300x224.jpg 300w, https:\/\/obera.fr\/wp-content\/uploads\/2025\/06\/img_20250629_145330-768x574.jpg 768w, https:\/\/obera.fr\/wp-content\/uploads\/2025\/06\/img_20250629_145330-1536x1149.jpg 1536w, https:\/\/obera.fr\/wp-content\/uploads\/2025\/06\/img_20250629_145330-2048x1532.jpg 2048w\" sizes=\"(max-width: 1024px) 100vw, 1024px\" \/><\/figure>\n<\/figure>\n\n<\/div>\n<div class=\"wp-block-columns is-layout-flex wp-container-core-columns-is-layout-28f84493 wp-block-columns-is-layout-flex\">\n<div class=\"wp-block-column is-layout-flow wp-block-column-is-layout-flow\" style=\"flex-basis:66.66%\">\n<p><\/p>\n\n\n\n<p><\/p>\n\n\n\n<h2 class=\"wp-block-heading\">Fabricado en Francia con 5 a\u00f1os de garant\u00eda  <\/h2>\n\n\n\n<p>El apoyo a la industria local est\u00e1 en el centro de nuestro planteamiento. Nuestras<strong> neveras se fabrican \u00edntegramente en Francia<\/strong>, lo que garantiza una calidad superior y una capacidad de respuesta \u00f3ptima cuando se necesitan. Adem\u00e1s, ofrecemos una garant\u00eda de 5 a\u00f1os, que atestigua la durabilidad y fiabilidad de nuestros productos.    <\/p>\n\n\n\n<p><\/p>\n\n\n\n<h2 class=\"wp-block-heading\">Ecolog\u00eda y econom\u00eda: un d\u00fao ganador  <\/h2>\n\n\n\n<p>Adem\u00e1s de ser eficientes energ\u00e9ticamente, nuestras unidades no utilizan refrigerantes, lo que reduce su impacto medioambiental. Tambi\u00e9n son econ\u00f3micas en su uso, con un <strong>consumo<\/strong> m\u00ednimo <strong>de agua<\/strong> y electricidad, lo que las hace ideales para eventos puntuales o estructuras sin acceso a instalaciones el\u00e9ctricas potentes.   <\/p>\n\n\n\n<p><\/p>\n\n\n\n<h2 class=\"wp-block-heading\">Especificaciones t\u00e9cnicas  <\/h2>\n\n\n\n<ul class=\"wp-block-list\">\n<li><strong>Caudal de aire<\/strong>: Hasta 30.000 m\u00b3\/h, adecuado para superficies de hasta 400 m\u00b2.  <\/li>\n\n\n\n<li><strong>Dep\u00f3sito de agua <\/strong>: Gran capacidad para una mayor autonom\u00eda.  <\/li>\n\n\n\n<li><strong>Niveles de ventilaci\u00f3n<\/strong>: Varias velocidades para un confort personalizado.  <\/li>\n\n\n\n<li><strong>Nivel de ruido<\/strong>: Silencioso, ideal para entornos que requieren una atm\u00f3sfera tranquila.<\/li>\n\n\n\n<li><strong>Caracter\u00edsticas adicionales<\/strong>: con la prefiltraci\u00f3n patentada Pureflow, nuestras neveras proporcionan aire fresco y saludable, ideal para eventos con arena o polvo de corredores, por ejemplo.  <\/li>\n\n\n\n<li><\/li>\n<\/ul>\n<\/div>\n\n\n\n<div class=\"wp-block-column is-layout-flow wp-block-column-is-layout-flow\" style=\"flex-basis:33.33%\">\n<figure class=\"wp-block-gallery has-nested-images columns-default is-cropped wp-block-gallery-2 is-layout-flex wp-block-gallery-is-layout-flex\"><\/figure>\n\n\n\n<figure class=\"wp-block-image size-large\"><img decoding=\"async\" width=\"1024\" height=\"1024\" src=\"https:\/\/obera.fr\/wp-content\/uploads\/2025\/06\/5-2-1024x1024.png\" alt=\"RAF OberA puesto de bebidas \" class=\"wp-image-115951\" srcset=\"https:\/\/obera.fr\/wp-content\/uploads\/2025\/06\/5-2-1024x1024.png 1024w, https:\/\/obera.fr\/wp-content\/uploads\/2025\/06\/5-2-300x300.png 300w, https:\/\/obera.fr\/wp-content\/uploads\/2025\/06\/5-2-150x150.png 150w, https:\/\/obera.fr\/wp-content\/uploads\/2025\/06\/5-2-768x768.png 768w, https:\/\/obera.fr\/wp-content\/uploads\/2025\/06\/5-2.png 1200w\" sizes=\"(max-width: 1024px) 100vw, 1024px\" \/><\/figure>\n<\/div>\n<\/div>\n\n<h2 class=\"wp-block-heading\">F\u00e1cil de instalar y utilizar  <\/h2>\n\n<p>No necesita <a href=\"https:\/\/obera.fr\/es\/nuestro-consejo\/le-principe-de-fonctionnement-du-refroidissement-adiabatique-air-eau-evaporation\/\">instalaci\u00f3n compleja ni conductos de evacuaci\u00f3n<\/a>. Basta con llenar el dep\u00f3sito de agua, conectar el aparato y colocarlo en la zona deseada. Su dise\u00f1o intuitivo permite una puesta en servicio r\u00e1pida, esencial para eventos de duraci\u00f3n limitada. <\/p>\n\n<p><\/p>\n\n<p><\/p>\n\n<h2 class=\"wp-block-heading\">Contacta con nosotros  <\/h2>\n\n<p>\u00bfListo para dar un <strong>soplo de aire fresco a tus eventos<\/strong>? Nuestros expertos est\u00e1n a tu disposici\u00f3n para asesorarte sobre el modelo que mejor se adapta a tus necesidades. No dudes en ponerte en contacto con nosotros para solicitar un presupuesto personalizado o si tienes m\u00e1s preguntas.  <\/p>\n\n<p><\/p>\n\n<p><\/p>\n\n<figure class=\"wp-block-gallery has-nested-images columns-default is-cropped wp-block-gallery-3 is-layout-flex wp-block-gallery-is-layout-flex\">\n<figure class=\"wp-block-image size-large\"><img decoding=\"async\" width=\"768\" height=\"1024\" data-id=\"115880\" src=\"https:\/\/obera.fr\/wp-content\/uploads\/2025\/06\/2-2-768x1024.png\" alt=\"RAF OberA Enfermer&#xED;a m&#xF3;vil\" class=\"wp-image-115880\" srcset=\"https:\/\/obera.fr\/wp-content\/uploads\/2025\/06\/2-2-768x1024.png 768w, https:\/\/obera.fr\/wp-content\/uploads\/2025\/06\/2-2-225x300.png 225w, https:\/\/obera.fr\/wp-content\/uploads\/2025\/06\/2-2.png 900w\" sizes=\"(max-width: 768px) 100vw, 768px\" \/><\/figure>\n\n\n\n<figure class=\"wp-block-image size-large\"><img decoding=\"async\" width=\"768\" height=\"1024\" data-id=\"115856\" src=\"https:\/\/obera.fr\/wp-content\/uploads\/2025\/06\/1-2-768x1024.png\" alt=\"RAF OberA Carpa\" class=\"wp-image-115856\" srcset=\"https:\/\/obera.fr\/wp-content\/uploads\/2025\/06\/1-2-768x1024.png 768w, https:\/\/obera.fr\/wp-content\/uploads\/2025\/06\/1-2-225x300.png 225w, https:\/\/obera.fr\/wp-content\/uploads\/2025\/06\/1-2.png 900w\" sizes=\"(max-width: 768px) 100vw, 768px\" \/><\/figure>\n\n\n\n<figure class=\"wp-block-image size-large\"><img decoding=\"async\" width=\"1024\" height=\"1024\" data-id=\"115903\" src=\"https:\/\/obera.fr\/wp-content\/uploads\/2025\/06\/3-2-1024x1024.png\" alt=\"RAF OberA Food truck\" class=\"wp-image-115903\" srcset=\"https:\/\/obera.fr\/wp-content\/uploads\/2025\/06\/3-2-1024x1024.png 1024w, https:\/\/obera.fr\/wp-content\/uploads\/2025\/06\/3-2-300x300.png 300w, https:\/\/obera.fr\/wp-content\/uploads\/2025\/06\/3-2-150x150.png 150w, https:\/\/obera.fr\/wp-content\/uploads\/2025\/06\/3-2-768x768.png 768w, https:\/\/obera.fr\/wp-content\/uploads\/2025\/06\/3-2.png 1200w\" sizes=\"(max-width: 1024px) 100vw, 1024px\" \/><\/figure>\n<\/figure>\n","protected":false},"excerpt":{"rendered":"<p>En el clima actual, en el que aumentan los eventos temporales como festivales, acontecimientos deportivos, mercados ambulantes, ferias comerciales y restaurantes de corta duraci\u00f3n, es esencial garantizar el confort t\u00e9rmico de los participantes.<\/p>\n","protected":false},"author":13,"featured_media":120423,"comment_status":"open","ping_status":"closed","sticky":false,"template":"","format":"standard","meta":{"_acf_changed":false,"_seopress_robots_primary_cat":"none","_seopress_titles_title":"Neveras m\u00f3viles francesas para eventos ef\u00edmeros","_seopress_titles_desc":"Neveras adiab\u00e1ticas m\u00f3viles fabricadas en Francia, ecol\u00f3gicas y econ\u00f3micas, ideales para eventos ef\u00edmeros como festivales o mercados.","_seopress_robots_index":"","footnotes":""},"categories":[446],"tags":[408],"class_list":["post-114986","post","type-post","status-publish","format-standard","has-post-thumbnail","hentry","category-arte-entretenimiento-y-ocio","tag-neveras","generate-columns","tablet-grid-50","mobile-grid-100","grid-parent","grid-50","no-featured-image-padding","resize-featured-image"],"acf":[],"_links":{"self":[{"href":"https:\/\/obera.fr\/es\/wp-json\/wp\/v2\/posts\/114986","targetHints":{"allow":["GET"]}}],"collection":[{"href":"https:\/\/obera.fr\/es\/wp-json\/wp\/v2\/posts"}],"about":[{"href":"https:\/\/obera.fr\/es\/wp-json\/wp\/v2\/types\/post"}],"author":[{"embeddable":true,"href":"https:\/\/obera.fr\/es\/wp-json\/wp\/v2\/users\/13"}],"replies":[{"embeddable":true,"href":"https:\/\/obera.fr\/es\/wp-json\/wp\/v2\/comments?post=114986"}],"version-history":[{"count":17,"href":"https:\/\/obera.fr\/es\/wp-json\/wp\/v2\/posts\/114986\/revisions"}],"predecessor-version":[{"id":134165,"href":"https:\/\/obera.fr\/es\/wp-json\/wp\/v2\/posts\/114986\/revisions\/134165"}],"wp:featuredmedia":[{"embeddable":true,"href":"https:\/\/obera.fr\/es\/wp-json\/wp\/v2\/media\/120423"}],"wp:attachment":[{"href":"https:\/\/obera.fr\/es\/wp-json\/wp\/v2\/media?parent=114986"}],"wp:term":[{"taxonomy":"category","embeddable":true,"href":"https:\/\/obera.fr\/es\/wp-json\/wp\/v2\/categories?post=114986"},{"taxonomy":"post_tag","embeddable":true,"href":"https:\/\/obera.fr\/es\/wp-json\/wp\/v2\/tags?post=114986"}],"curies":[{"name":"wp","href":"https:\/\/api.w.org\/{rel}","templated":true}]}}