{"id":118475,"date":"2025-06-30T15:30:10","date_gmt":"2025-06-30T13:30:10","guid":{"rendered":"https:\/\/obera.fr\/nuestro-consejo\/rafraichisseur-garage\/"},"modified":"2026-02-04T16:18:29","modified_gmt":"2026-02-04T14:18:29","slug":"rafraichisseur-garage","status":"publish","type":"post","link":"https:\/\/obera.fr\/es\/coches-y-camiones\/rafraichisseur-garage\/","title":{"rendered":"Enfriador de aire para garaje y taller"},"content":{"rendered":"\n<div class=\"wp-block-columns is-layout-flex wp-container-core-columns-is-layout-28f84493 wp-block-columns-is-layout-flex\">\n<div class=\"wp-block-column is-layout-flow wp-block-column-is-layout-flow\" style=\"flex-basis:66.66%\">\n<p>Cada verano, los garajes automovil\u00edsticos y talleres de mec\u00e1nica se transforman en verdaderos hornos. Entre el calor exterior y el que desprenden los motores y las m\u00e1quinas, la temperatura puede llegar a ser dif\u00edcilmente soportable para los mec\u00e1nicos. <\/p>\n\n\n\n<p>Ahora bien, trabajar en una atm\u00f3sfera sobrecalentada no es solo una cuesti\u00f3n de incomodidad: <strong>m\u00e1s all\u00e1 de los 26 \u00b0C, la productividad se ralentiza, y hacia los 30 \u00b0C puede caer a la mitad<\/strong>. Tambi\u00e9n afecta a la seguridad y a la salud: golpes de calor, disminuci\u00f3n de la atenci\u00f3n, malestar&#8230; <\/p>\n\n\n\n<p>El <strong>INRS<\/strong> (Instituto Nacional de Investigaci\u00f3n y Seguridad) recomienda actuar a partir de <strong>28 \u00b0C en los talleres<\/strong> para proteger a los empleados.<\/p>\n\n\n\n<p>Ante la multiplicaci\u00f3n de los episodios de ola de calor, refrescar un garaje ya no es un lujo, sino una necesidad para la comodidad y la eficacia de sus equipos.<\/p>\n<\/div>\n\n\n\n<div class=\"wp-block-column is-layout-flow wp-block-column-is-layout-flow\" style=\"flex-basis:33.33%\">\n<figure class=\"wp-block-image aligncenter size-full is-resized\"><img decoding=\"async\" width=\"612\" height=\"612\" src=\"https:\/\/obera.fr\/wp-content\/uploads\/2025\/06\/istockphoto-629496278-612x612-1.jpg\" alt=\"Garaje para coches\" class=\"wp-image-118791\" style=\"width:326px;height:auto\" srcset=\"https:\/\/obera.fr\/wp-content\/uploads\/2025\/06\/istockphoto-629496278-612x612-1.jpg 612w, https:\/\/obera.fr\/wp-content\/uploads\/2025\/06\/istockphoto-629496278-612x612-1-300x300.jpg 300w, https:\/\/obera.fr\/wp-content\/uploads\/2025\/06\/istockphoto-629496278-612x612-1-150x150.jpg 150w\" sizes=\"(max-width: 612px) 100vw, 612px\" \/><\/figure>\n<\/div>\n<\/div>\n\n<h2 class=\"wp-block-heading\">Soluciones cl\u00e1sicas no adaptadas a los talleres automovil\u00edsticos<\/h2>\n\n<p>Por supuesto, lo primero que se piensa para refrescar un taller es en el ventilador o el aire acondicionado. El ventilador aporta una corriente de aire, pero a menudo mueve aire caliente sin que la temperatura baje realmente. <\/p>\n\n<p>En cuanto al aire acondicionado tradicional, pronto muestra sus l\u00edmites en un garaje: instalaci\u00f3n costosa y compleja, necesidad de mantener las puertas cerradas (poco realista en un taller donde se circula y donde los portales se abren con frecuencia), sin contar con un consumo el\u00e9ctrico elevado.<\/p>\n\n<p>Muchos garajes sencillamente no est\u00e1n equipados con aire acondicionado, salvo en casos muy espec\u00edficos, porque <strong>refrigerar un gran espacio abierto con aire acondicionado ser\u00eda un derroche de energ\u00eda y resultar\u00eda caro<\/strong>.<\/p>\n\n<p>Por lo tanto, se necesita una alternativa m\u00e1s adaptada a los vastos talleres abiertos, que sea a la vez econ\u00f3mica, eficaz y sencilla de instalar.<\/p>\n\n<blockquote class=\"wp-block-quote is-layout-flow wp-block-quote-is-layout-flow\">\n<p>Descubrir: <a href=\"https:\/\/obera.fr\/es\/nuestro-consejo\/differences-entre-rafraichisseur-climatiseur\/\" data-type=\"link\" data-id=\"https:\/\/obera.fr\/conseils\/differences-entre-rafraichisseur-climatiseur\/\">Las diferencias entre un enfriador y un aire acondicionado<\/a><\/p>\n<\/blockquote>\n\n<h2 class=\"wp-block-heading\">Una soluci\u00f3n probada: refrigeradores de aire industriales OberA<\/h2>\n\n<p>OberA proporciona LA soluci\u00f3n de refrigeraci\u00f3n de alto rendimiento, duradera y f\u00e1cil de instalar. Nuestra gama de refrigeradores IC se <strong>adapta perfectamente a entornos de automoci\u00f3n<\/strong> como garajes y talleres de mantenimiento, reparaci\u00f3n y producci\u00f3n. <\/p>\n\n<p><br\/>Adecuados para superficies de 80 a 400 m\u00b2, nuestros CI ofrecen a tu sector :<br\/><\/p>\n\n<ul class=\"wp-block-list\">\n<li>Una innovaci\u00f3n tecnol\u00f3gica basada en un principio hist\u00f3rico y natural: la evaporaci\u00f3n del agua<\/li>\n\n\n\n<li>Costes de funcionamiento 15 veces inferiores a los del aire acondicionado<\/li>\n\n\n\n<li>Una gama completa para responder a todas tus necesidades y limitaciones<\/li>\n\n\n\n<li>Una huella de carbono muy baja (sin refrigerante) que no libera aire caliente (sin efecto \u00abisla de calor\u00bb)<\/li>\n\n\n\n<li>Una gama de productos de calidad fabricados en Francia<\/li>\n\n\n\n<li>Una soluci\u00f3n \u00abplug and play\u00bb pr\u00e1ctica, adaptable y m\u00f3vil<\/li>\n\n\n\n<li>Mantenimiento r\u00e1pido y rentable<\/li>\n\n\n\n<li>5 a\u00f1os de garant\u00eda<br\/><\/li>\n<\/ul>\n\n<p>Gracias a su innovaci\u00f3n patentada \u00abPureflow\u00bb, OberA <strong>combina refrigeraci\u00f3n y purificaci\u00f3n<\/strong> para garantizar una calidad de aire superior en tus garajes y talleres.<\/p>\n\n<div class=\"wp-block-columns is-layout-flex wp-container-core-columns-is-layout-28f84493 wp-block-columns-is-layout-flex\">\n<div class=\"wp-block-column is-layout-flow wp-block-column-is-layout-flow\">\n<h3 class=\"wp-block-heading has-text-align-center\">CI 12<\/h3>\n\n\n\n<figure class=\"wp-block-image aligncenter size-full is-resized\"><a href=\"https:\/\/obera.fr\/es\/produits\/rafraichisseurs-air\/rafraichisseurs-par-evaporation-ic\/\"><img decoding=\"async\" width=\"1200\" height=\"1200\" src=\"https:\/\/obera.fr\/wp-content\/uploads\/2025\/04\/img-ic-12.png\" alt=\"img ic 12\" class=\"wp-image-87231\" style=\"object-fit:cover;width:300px;height:300px\" srcset=\"https:\/\/obera.fr\/wp-content\/uploads\/2025\/04\/img-ic-12.png 1200w, https:\/\/obera.fr\/wp-content\/uploads\/2025\/04\/img-ic-12-300x300.png 300w, https:\/\/obera.fr\/wp-content\/uploads\/2025\/04\/img-ic-12-1024x1024.png 1024w, https:\/\/obera.fr\/wp-content\/uploads\/2025\/04\/img-ic-12-150x150.png 150w, https:\/\/obera.fr\/wp-content\/uploads\/2025\/04\/img-ic-12-768x768.png 768w\" sizes=\"(max-width: 1200px) 100vw, 1200px\" \/><\/a><\/figure>\n<\/div>\n\n\n\n<div class=\"wp-block-column is-layout-flow wp-block-column-is-layout-flow\">\n<h3 class=\"wp-block-heading has-text-align-center\">CI 22<\/h3>\n\n\n\n<figure class=\"wp-block-image aligncenter size-full is-resized\"><a href=\"https:\/\/obera.fr\/es\/produits\/rafraichisseurs-air\/rafraichisseurs-par-evaporation-ic\/\"><img decoding=\"async\" width=\"1200\" height=\"1200\" src=\"https:\/\/obera.fr\/wp-content\/uploads\/2025\/04\/img-ic-22.png\" alt=\"img ic 22\" class=\"wp-image-87254\" style=\"object-fit:cover;width:300px;height:300px\" srcset=\"https:\/\/obera.fr\/wp-content\/uploads\/2025\/04\/img-ic-22.png 1200w, https:\/\/obera.fr\/wp-content\/uploads\/2025\/04\/img-ic-22-300x300.png 300w, https:\/\/obera.fr\/wp-content\/uploads\/2025\/04\/img-ic-22-1024x1024.png 1024w, https:\/\/obera.fr\/wp-content\/uploads\/2025\/04\/img-ic-22-150x150.png 150w, https:\/\/obera.fr\/wp-content\/uploads\/2025\/04\/img-ic-22-768x768.png 768w\" sizes=\"(max-width: 1200px) 100vw, 1200px\" \/><\/a><\/figure>\n<\/div>\n\n\n\n<div class=\"wp-block-column is-layout-flow wp-block-column-is-layout-flow\">\n<h3 class=\"wp-block-heading has-text-align-center\">CI 30<\/h3>\n\n\n\n<figure class=\"wp-block-image aligncenter size-full is-resized\"><a href=\"https:\/\/obera.fr\/es\/produits\/rafraichisseurs-air\/rafraichisseurs-par-evaporation-ic\/\"><img decoding=\"async\" width=\"1200\" height=\"1200\" src=\"https:\/\/obera.fr\/wp-content\/uploads\/2025\/04\/img-ic-30.png\" alt=\"img ic 30\" class=\"wp-image-87278\" style=\"object-fit:cover;width:300px;height:300px\" srcset=\"https:\/\/obera.fr\/wp-content\/uploads\/2025\/04\/img-ic-30.png 1200w, https:\/\/obera.fr\/wp-content\/uploads\/2025\/04\/img-ic-30-300x300.png 300w, https:\/\/obera.fr\/wp-content\/uploads\/2025\/04\/img-ic-30-1024x1024.png 1024w, https:\/\/obera.fr\/wp-content\/uploads\/2025\/04\/img-ic-30-150x150.png 150w, https:\/\/obera.fr\/wp-content\/uploads\/2025\/04\/img-ic-30-768x768.png 768w\" sizes=\"(max-width: 1200px) 100vw, 1200px\" \/><\/a><\/figure>\n<\/div>\n<\/div>\n\n<div class=\"wp-block-buttons is-content-justification-center is-layout-flex wp-container-core-buttons-is-layout-a89b3969 wp-block-buttons-is-layout-flex\">\n<div class=\"wp-block-button\"><a class=\"wp-block-button__link has-text-align-center wp-element-button\" href=\"https:\/\/obera.fr\/es\/produits\/rafraichisseurs-air\/\"><strong>Descubre nuestras neveras<\/strong><\/a><\/div>\n<\/div>\n\n<div style=\"height:81px\" aria-hidden=\"true\" class=\"wp-block-spacer\"><\/div>\n\n<h2 class=\"wp-block-heading\">El principio del enfriador de aire por evaporaci\u00f3n<\/h2>\n\n<p>El principio de funcionamiento es <strong>tan antiguo como natural<\/strong>: se basa en la evaporaci\u00f3n del agua.<\/p>\n\n<p>Concretamente, el aparato aspira el aire caliente del ambiente y lo hace pasar a trav\u00e9s de un medio h\u00famedo (un tamp\u00f3n empapado en agua). Al evaporarse, el agua absorbe el calor del aire, lo que hace que la temperatura descienda antes de expulsar aire fresco en el local. <\/p>\n\n<p><strong>Este proceso de <a href=\"https:\/\/obera.fr\/es\/nuestro-consejo\/transformation-adiabatique-reversible\/\" data-type=\"link\" data-id=\"https:\/\/obera.fr\/conseils\/transformation-adiabatique-reversible\/\">enfriamiento adiab\u00e1tico<\/a> puede reducir la temperatura percibida en varios grados<\/strong>, sin ning\u00fan fluido refrigerante ni compresor. El efecto es comparable a la frescura que se siente cerca de una cascada o cuando se cuelga una prenda mojada delante de una ventana abierta. <\/p>\n\n<p>Cuanto m\u00e1s caliente y seco est\u00e1 el aire, m\u00e1s eficaz es el enfriamiento por evaporaci\u00f3n. Y, a diferencia de un aire acondicionado, se puede ventilar y dejar las puertas abiertas: este aparato <strong>funciona idealmente en los grandes vol\u00famenes y espacios ventilados<\/strong>, lo que lo convierte en una soluci\u00f3n especialmente adaptada a los garajes y talleres. <\/p>\n\n<h2 class=\"wp-block-heading\">Testimonio del garaje Volkswagen Fabris en Irmstett (67)<\/h2>\n\n<div class=\"wp-block-columns is-layout-flex wp-container-core-columns-is-layout-28f84493 wp-block-columns-is-layout-flex\">\n<div class=\"wp-block-column is-layout-flow wp-block-column-is-layout-flow\" style=\"flex-basis:80%\">\n<p>Situado en la regi\u00f3n francesa del Bajo Rin, el <strong>Garaje Volkswagen Fabris<\/strong> se enfrentaba, como cada a\u00f1o, a un aumento significativo de la temperatura en su taller.<br\/>Para mejorar el confort de sus mec\u00e1nicos, propusimos una prueba de nuestro modelo IC 12 durante varios d\u00edas, para demostrar<strong>la eficacia de nuestra soluci\u00f3n de<\/strong> refrigeraci\u00f3n Made In France.<\/p>\n\n\n\n<h3 class=\"wp-block-heading\">Resultados inmediatos<\/h3>\n\n\n\n<blockquote class=\"wp-block-quote is-layout-flow wp-block-quote-is-layout-flow\">\n<p>\u00abEs sencillo, mis mec\u00e1nicos no se lo cre\u00edan, pero tras unos minutos de uso, vimos que la temperatura bajaba considerablemente. Hemos <strong>ganado en comodidad<\/strong>, pero tambi\u00e9n en eficacia. El ambiente en el taller es m\u00e1s relajado y propicio para trabajar en condiciones mucho mejores.  <br\/><br\/>Sr. Fabris, propietario del garaje FABRIS.<\/p>\n<\/blockquote>\n<\/div>\n\n\n\n<div class=\"wp-block-column is-layout-flow wp-block-column-is-layout-flow\" style=\"flex-basis:50%\"><style>.kb-gallery-id-118196_6fa53f-8e .kadence-blocks-gallery-item .kb-gal-image-radius, .kb-gallery-id-118196_6fa53f-8e .kb-slide-item .kb-gal-image-radius img{border-radius:0px 0px 0px 0px;;}.kb-gallery-wrap-id-118196_6fa53f-8e.wp-block-kadence-advancedgallery{overflow:visible;}.kb-gallery-wrap-id-118196_6fa53f-8e.wp-block-kadence-advancedgallery .kt-blocks-carousel{overflow:visible;}<\/style><div class=\"kb-gallery-wrap-id-118196_6fa53f-8e alignnone wp-block-kadence-advancedgallery\"><div class=\"kb-gallery-ul kb-gallery-non-static kb-gallery-type-slider kb-gallery-id-118196_6fa53f-8e kb-gallery-caption-style-bottom-hover kb-gallery-filter-none\" data-image-filter=\"none\" data-lightbox-caption=\"true\"><div class=\"kt-blocks-carousel splide kt-carousel-container-dotstyle-dark kt-carousel-arrowstyle-whiteondark kt-carousel-dotstyle-dark kb-slider-group-arrow kb-slider-arrow-position-center\" data-slider-anim-speed=\"400\" data-slider-scroll=\"1\" data-slider-arrows=\"true\" data-slider-fade=\"true\" data-slider-dots=\"true\" data-slider-type=\"slider\" data-slider-hover-pause=\"false\" data-slider-auto=\"\" data-slider-speed=\"7000\" data-show-pause-button=\"false\"><div class=\"splide__track\"><ul class=\"kt-blocks-carousel-init kb-blocks-slider splide__list\"><li class=\"kb-slide-item kb-gallery-slide-item splide__slide\"><div class=\"kadence-blocks-gallery-item\"><div class=\"kadence-blocks-gallery-item-inner\"><figure class=\"kb-gallery-figure kadence-blocks-gallery-item-hide-caption\"><div class=\"kb-gal-image-radius\"><div class=\"kb-gallery-image-contain kadence-blocks-gallery-intrinsic kb-gallery-image-ratio-land32 kb-has-image-ratio-land32\" ><img decoding=\"async\" src=\"https:\/\/obera.fr\/wp-content\/uploads\/2025\/06\/raf-ic-12-secteur-automobile.3-1024x1024.png\" width=\"1024\" height=\"1024\" alt=\"raf ic 12 secteur automobile\" data-full-image=\"https:\/\/obera.fr\/wp-content\/uploads\/2025\/06\/raf-ic-12-secteur-automobile.3.png\" data-light-image=\"https:\/\/obera.fr\/wp-content\/uploads\/2025\/06\/raf-ic-12-secteur-automobile.3.png\" data-id=\"118287\" class=\"wp-image-118287 skip-lazy\" srcset=\"https:\/\/obera.fr\/wp-content\/uploads\/2025\/06\/raf-ic-12-secteur-automobile.3-1024x1024.png 1024w, https:\/\/obera.fr\/wp-content\/uploads\/2025\/06\/raf-ic-12-secteur-automobile.3-300x300.png 300w, https:\/\/obera.fr\/wp-content\/uploads\/2025\/06\/raf-ic-12-secteur-automobile.3-150x150.png 150w, https:\/\/obera.fr\/wp-content\/uploads\/2025\/06\/raf-ic-12-secteur-automobile.3-768x768.png 768w, https:\/\/obera.fr\/wp-content\/uploads\/2025\/06\/raf-ic-12-secteur-automobile.3.png 1200w\" sizes=\"(max-width: 1024px) 100vw, 1024px\" \/><\/div><\/div><\/figure><\/div><\/div><\/li><li class=\"kb-slide-item kb-gallery-slide-item splide__slide\"><div class=\"kadence-blocks-gallery-item\"><div class=\"kadence-blocks-gallery-item-inner\"><figure class=\"kb-gallery-figure kadence-blocks-gallery-item-hide-caption\"><div class=\"kb-gal-image-radius\"><div class=\"kb-gallery-image-contain kadence-blocks-gallery-intrinsic kb-gallery-image-ratio-land32 kb-has-image-ratio-land32\" ><img decoding=\"async\" src=\"https:\/\/obera.fr\/wp-content\/uploads\/2025\/06\/raf-ic-12-secteur-automobile.2-1024x1024.png\" width=\"1024\" height=\"1024\" alt=\"raf ic 12 secteur\" data-full-image=\"https:\/\/obera.fr\/wp-content\/uploads\/2025\/06\/raf-ic-12-secteur-automobile.2.png\" data-light-image=\"https:\/\/obera.fr\/wp-content\/uploads\/2025\/06\/raf-ic-12-secteur-automobile.2.png\" data-id=\"118313\" class=\"wp-image-118313 skip-lazy\" srcset=\"https:\/\/obera.fr\/wp-content\/uploads\/2025\/06\/raf-ic-12-secteur-automobile.2-1024x1024.png 1024w, https:\/\/obera.fr\/wp-content\/uploads\/2025\/06\/raf-ic-12-secteur-automobile.2-300x300.png 300w, https:\/\/obera.fr\/wp-content\/uploads\/2025\/06\/raf-ic-12-secteur-automobile.2-150x150.png 150w, https:\/\/obera.fr\/wp-content\/uploads\/2025\/06\/raf-ic-12-secteur-automobile.2-768x768.png 768w, https:\/\/obera.fr\/wp-content\/uploads\/2025\/06\/raf-ic-12-secteur-automobile.2.png 1200w\" sizes=\"(max-width: 1024px) 100vw, 1024px\" \/><\/div><\/div><\/figure><\/div><\/div><\/li><li class=\"kb-slide-item kb-gallery-slide-item splide__slide\"><div class=\"kadence-blocks-gallery-item\"><div class=\"kadence-blocks-gallery-item-inner\"><figure class=\"kb-gallery-figure kadence-blocks-gallery-item-hide-caption\"><div class=\"kb-gal-image-radius\"><div class=\"kb-gallery-image-contain kadence-blocks-gallery-intrinsic kb-gallery-image-ratio-land32 kb-has-image-ratio-land32\" ><img decoding=\"async\" src=\"https:\/\/obera.fr\/wp-content\/uploads\/2025\/06\/raf-ic-12-secteur-automobile-1024x1024.png\" width=\"1024\" height=\"1024\" alt=\"raf ic 12 secteur garage\" data-full-image=\"https:\/\/obera.fr\/wp-content\/uploads\/2025\/06\/raf-ic-12-secteur-automobile.png\" data-light-image=\"https:\/\/obera.fr\/wp-content\/uploads\/2025\/06\/raf-ic-12-secteur-automobile.png\" data-id=\"118337\" class=\"wp-image-118337 skip-lazy\" srcset=\"https:\/\/obera.fr\/wp-content\/uploads\/2025\/06\/raf-ic-12-secteur-automobile-1024x1024.png 1024w, https:\/\/obera.fr\/wp-content\/uploads\/2025\/06\/raf-ic-12-secteur-automobile-300x300.png 300w, https:\/\/obera.fr\/wp-content\/uploads\/2025\/06\/raf-ic-12-secteur-automobile-150x150.png 150w, https:\/\/obera.fr\/wp-content\/uploads\/2025\/06\/raf-ic-12-secteur-automobile-768x768.png 768w, https:\/\/obera.fr\/wp-content\/uploads\/2025\/06\/raf-ic-12-secteur-automobile.png 1200w\" sizes=\"(max-width: 1024px) 100vw, 1024px\" \/><\/div><\/div><\/figure><\/div><\/div><\/li><li class=\"kb-slide-item kb-gallery-slide-item splide__slide\"><div class=\"kadence-blocks-gallery-item\"><div class=\"kadence-blocks-gallery-item-inner\"><figure class=\"kb-gallery-figure kadence-blocks-gallery-item-hide-caption\"><div class=\"kb-gal-image-radius\"><div class=\"kb-gallery-image-contain kadence-blocks-gallery-intrinsic kb-gallery-image-ratio-land32 kb-has-image-ratio-land32\" ><img decoding=\"async\" src=\"https:\/\/obera.fr\/wp-content\/uploads\/2025\/06\/raf-ic-12-secteur-automobile.4-1024x1024.png\" width=\"1024\" height=\"1024\" alt=\"raf ic 12\" data-full-image=\"https:\/\/obera.fr\/wp-content\/uploads\/2025\/06\/raf-ic-12-secteur-automobile.4.png\" data-light-image=\"https:\/\/obera.fr\/wp-content\/uploads\/2025\/06\/raf-ic-12-secteur-automobile.4.png\" data-id=\"118361\" class=\"wp-image-118361 skip-lazy\" srcset=\"https:\/\/obera.fr\/wp-content\/uploads\/2025\/06\/raf-ic-12-secteur-automobile.4-1024x1024.png 1024w, https:\/\/obera.fr\/wp-content\/uploads\/2025\/06\/raf-ic-12-secteur-automobile.4-300x300.png 300w, https:\/\/obera.fr\/wp-content\/uploads\/2025\/06\/raf-ic-12-secteur-automobile.4-150x150.png 150w, https:\/\/obera.fr\/wp-content\/uploads\/2025\/06\/raf-ic-12-secteur-automobile.4-768x768.png 768w, https:\/\/obera.fr\/wp-content\/uploads\/2025\/06\/raf-ic-12-secteur-automobile.4.png 1200w\" sizes=\"(max-width: 1024px) 100vw, 1024px\" \/><\/div><\/div><\/figure><\/div><\/div><\/li><li class=\"kb-slide-item kb-gallery-slide-item splide__slide\"><div class=\"kadence-blocks-gallery-item\"><div class=\"kadence-blocks-gallery-item-inner\"><figure class=\"kb-gallery-figure kadence-blocks-gallery-item-hide-caption\"><div class=\"kb-gal-image-radius\"><div class=\"kb-gallery-image-contain kadence-blocks-gallery-intrinsic kb-gallery-image-ratio-land32 kb-has-image-ratio-land32\" ><img decoding=\"async\" src=\"https:\/\/obera.fr\/wp-content\/uploads\/2025\/06\/raf-ic-12-secteur-automobile.1-1024x1024.png\" width=\"1024\" height=\"1024\" alt=\"raf ic 12 secteur auto\" data-full-image=\"https:\/\/obera.fr\/wp-content\/uploads\/2025\/06\/raf-ic-12-secteur-automobile.1.png\" data-light-image=\"https:\/\/obera.fr\/wp-content\/uploads\/2025\/06\/raf-ic-12-secteur-automobile.1.png\" data-id=\"118387\" class=\"wp-image-118387 skip-lazy\" srcset=\"https:\/\/obera.fr\/wp-content\/uploads\/2025\/06\/raf-ic-12-secteur-automobile.1-1024x1024.png 1024w, https:\/\/obera.fr\/wp-content\/uploads\/2025\/06\/raf-ic-12-secteur-automobile.1-300x300.png 300w, https:\/\/obera.fr\/wp-content\/uploads\/2025\/06\/raf-ic-12-secteur-automobile.1-150x150.png 150w, https:\/\/obera.fr\/wp-content\/uploads\/2025\/06\/raf-ic-12-secteur-automobile.1-768x768.png 768w, https:\/\/obera.fr\/wp-content\/uploads\/2025\/06\/raf-ic-12-secteur-automobile.1.png 1200w\" sizes=\"(max-width: 1024px) 100vw, 1024px\" \/><\/div><\/div><\/figure><\/div><\/div><\/li><\/ul><\/div><\/div><\/div><\/div><\/div>\n<\/div>\n\n<p><br\/>Tras el \u00e9xito de nuestra soluci\u00f3n, el Garaje Volkswagen Fabris opt\u00f3 por adquirir <strong>2 neveras OberA<\/strong>, un gran avance para la comodidad de sus mec\u00e1nicos durante estos calores recurrentes.<\/p>\n\n<h2 class=\"wp-block-heading\"><strong>Los enfriadores de aire OberA: una soluci\u00f3n concreta y aprobada<\/strong><\/h2>\n\n<p><strong>OberA aporta LA soluci\u00f3n de enfriamiento eficaz, duradera y sencilla de instalar para los garajes y talleres.<\/strong> Como especialistas en el tratamiento del aire industrial, hemos desarrollado la gama de enfriadores evaporativos <strong>IC<\/strong>, perfectamente adaptada a los entornos automovil\u00edsticos (talleres de mantenimiento, garajes de reparaci\u00f3n, centros de producci\u00f3n).<\/p>\n\n<p>Se proponen <strong>tres modelos<\/strong> para cubrir todas las superficies de trabajo, desde aproximadamente <strong>80 m\u00b2 hasta 400 m\u00b2<\/strong>. Tanto si tiene un peque\u00f1o taller como un gran garaje, existe un modelo <strong>OberA IC<\/strong> calibrado para sus necesidades. <\/p>\n\n<p>Los enfriadores de aire OberA presentan <strong>numerosas ventajas<\/strong> para enfriar eficazmente un espacio profesional:<\/p>\n\n<ul class=\"wp-block-list\">\n<li><strong>Tecnolog\u00eda natural y probada<\/strong>: el enfriamiento se realiza mediante la evaporaci\u00f3n del agua, un proceso ecol\u00f3gico heredado de un principio natural hist\u00f3rico.<br\/><\/li>\n\n\n\n<li><strong>Ultraecon\u00f3micos en energ\u00eda<\/strong>: un enfriador OberA consume hasta <em>15 veces menos<\/em> que un aire acondicionado cl\u00e1sico (hasta <strong>un 80% menos de electricidad que un aire acondicionado<\/strong>). Solo necesita una alimentaci\u00f3n de 220 V est\u00e1ndar y un consumo de agua moderado (aproximadamente <strong>de 10 a 15 litros de agua por hora<\/strong> para un modelo intermedio). <\/li>\n\n\n\n<li><strong>Sin instalaci\u00f3n pesada<\/strong>: sin unidad exterior, sin conductos ni tuber\u00edas complicadas: los aparatos son <strong>m\u00f3viles y \u201cPlug &amp; Play\u201d<\/strong>, se enchufan simplemente y se pueden desplazar seg\u00fan las necesidades. Evitar\u00e1 obras costosas y podr\u00e1 dirigir el enfriamiento a las zonas que lo necesiten con gran facilidad. <br\/><\/li>\n\n\n\n<li><strong>Ecol\u00f3gicos<\/strong>: al funcionar sin gas refrigerante, no emiten <strong>aire caliente al exterior<\/strong> (sin efecto de <em>isla de calor<\/em> en los alrededores del garaje) y no afectan a la capa de ozono. Adem\u00e1s, la evaporaci\u00f3n humidifica ligeramente el aire, lo que evita el aire seco e inc\u00f3modo que expulsan los aires acondicionados cl\u00e1sicos. <br\/><\/li>\n\n\n\n<li><strong>Calidad del aire mejorada<\/strong>: gracias a la innovaci\u00f3n patentada <strong>Pureflow<\/strong>, cada enfriador OberA <strong>enfr\u00eda <\/strong><strong><em>y<\/em><\/strong><strong> purifica el aire<\/strong> de su taller. Un sistema de filtraci\u00f3n de alta eficacia captura el polvo (ideal en un entorno automovil\u00edstico a menudo polvoriento), mientras que una l\u00e1mpara UV y\/o un ionizador eliminan los g\u00e9rmenes y los olores para garantizar una calidad del aire \u00f3ptima. <br\/><\/li>\n\n\n\n<li><strong>Practicidad y movilidad<\/strong>: montados sobre ruedas, estos enfriadores se desplazan f\u00e1cilmente para adaptarse a la organizaci\u00f3n del taller o para dirigir el enfriamiento a un puesto de trabajo en particular. Su formato compacto pasa por puertas est\u00e1ndar y se instalan exactamente donde los necesite, ya sea en la zona de mec\u00e1nica, en la recepci\u00f3n o cerca de los puestos de trabajo delicados. <br\/><\/li>\n\n\n\n<li><strong>Mantenimiento sencillo y r\u00e1pido<\/strong>: \u00a1se acabaron los mantenimientos pesados! Los sistemas OberA est\u00e1n dise\u00f1ados para minimizar la suciedad (en particular, gracias a Pureflow, que reduce la acumulaci\u00f3n de cal y algas). El poco mantenimiento que requieren (limpieza de los filtros evaporativos, vaciado del dep\u00f3sito&#8230;) es f\u00e1cil de realizar internamente y poco costoso.  <br\/><\/li>\n\n\n\n<li><strong>Garant\u00eda de 5 a\u00f1os<\/strong>: como muestra de la confianza de OberA en la fiabilidad de sus productos, la gama IC est\u00e1 cubierta por una garant\u00eda de 5 a\u00f1os. Invierta con tranquilidad en una soluci\u00f3n duradera para su garaje. <br\/><\/li>\n<\/ul>\n\n<p>Un enfriador de aire OberA no es solo un \u00abventilador grande\u00bb: es una soluci\u00f3n de enfriamiento <strong>eficaz, ecorresponsable y duradera<\/strong> que mejora notablemente las condiciones de trabajo en los talleres automovil\u00edsticos. Muchos profesionales ya la han adoptado para acabar con el calor sofocante en sus locales. <\/p>\n\n<h2 class=\"wp-block-heading\">Hacia talleres m\u00e1s frescos y m\u00e1s productivos<\/h2>\n\n<p>Refrescar un garaje o un taller automovil\u00edstico ya no es un reto irresoluble. Las soluciones modernas, como el enfriador de aire por evaporaci\u00f3n, permiten <strong>ganar varios grados de confort<\/strong> f\u00e1cilmente, sin los inconvenientes del aire acondicionado cl\u00e1sico. <\/p>\n\n<p>La gama OberA IC, con su eficacia probada y sus numerosos beneficios, se impone como <strong>la aliada de los garajistas<\/strong> para afrontar los veranos cada vez m\u00e1s calurosos.<\/p>\n\n<p>Al proteger la salud de sus empleados y al mejorar sus condiciones de trabajo, tambi\u00e9n invierte en el <strong>rendimiento de su empresa<\/strong>: menos fatiga, m\u00e1s motivaci\u00f3n y un mejor rendimiento, incluso en per\u00edodo de ola de calor.<\/p>\n\n<p>No dude en descubrir los enfriadores de aire OberA y en ponerse en contacto con nuestros expertos para encontrar la soluci\u00f3n de enfriamiento que mejor se adapte a su garaje o taller. \u00a1Sus mec\u00e1nicos le agradecer\u00e1n que les ofrezca por fin un soplo de aire fresco en pleno verano! <\/p>\n\n<h2 class=\"wp-block-heading\">\u00bfEres propietario de un taller o trabajas en el sector de la automoci\u00f3n? Descubre las ventajas tangibles de un aire m\u00e1s fresco en tu taller <\/h2>\n\n<p>Combatir el calor en un taller mec\u00e1nico ya no es una opci\u00f3n: es una <strong>cuesti\u00f3n de salud, rendimiento y bienestar en el lugar de trabajo.<\/strong><\/p>\n\n<ul class=\"wp-block-list\">\n<li>Como Garaje Fabris, PRUEBA O ALQUILA nuestra gama de refrigeradores IC<\/li>\n\n\n\n<li>Ponte en contacto con nosotros hoy mismo para obtener un diagn\u00f3stico r\u00e1pido de tus necesidades de refrigeraci\u00f3n industrial.<\/li>\n<\/ul>\n\n<p><\/p>\n\n<p>La comodidad de tus empleados no puede esperar, \u00a1act\u00faa ya con las soluciones OberA!<\/p>\n\n<div style=\"height:51px\" aria-hidden=\"true\" class=\"wp-block-spacer\"><\/div>\n\n<div class=\"wp-block-buttons is-content-justification-center is-layout-flex wp-container-core-buttons-is-layout-a89b3969 wp-block-buttons-is-layout-flex\">\n<div class=\"wp-block-button\"><a class=\"wp-block-button__link has-text-align-center wp-element-button\" href=\"https:\/\/obera.fr\/es\/contact\/\"><strong><strong>Contacta con nosotros<\/strong><\/strong><\/a><\/div>\n\n\n\n<div class=\"wp-block-button\"><a class=\"wp-block-button__link has-text-align-center wp-element-button\" href=\"https:\/\/obera.fr\/es\/location-appareil-industriel\/\"><strong><strong>Alquila nuestro material<\/strong><\/strong><\/a><\/div>\n<\/div>\n","protected":false},"excerpt":{"rendered":"<p>El sector del autom\u00f3vil se est\u00e1 recalentando, y el calor en garajes y talleres<br \/>\nse est\u00e1 convirtiendo en un azote para los profesionales del sector.<\/p>\n","protected":false},"author":13,"featured_media":120453,"comment_status":"open","ping_status":"closed","sticky":false,"template":"","format":"standard","meta":{"_acf_changed":false,"_seopress_robots_primary_cat":"none","_seopress_titles_title":"Neveras OberA: se acab\u00f3 el calor en los garajes de los coches","_seopress_titles_desc":"OberA aporta una soluci\u00f3n eficaz al problema del calor en el taller: confort, seguridad y rendimiento recuperados gracias a sus aeroevaporadores industriales.","_seopress_robots_index":"","footnotes":""},"categories":[565],"tags":[408],"class_list":["post-118475","post","type-post","status-publish","format-standard","has-post-thumbnail","hentry","category-coches-y-camiones","tag-neveras","generate-columns","tablet-grid-50","mobile-grid-100","grid-parent","grid-50","no-featured-image-padding","resize-featured-image"],"acf":[],"_links":{"self":[{"href":"https:\/\/obera.fr\/es\/wp-json\/wp\/v2\/posts\/118475","targetHints":{"allow":["GET"]}}],"collection":[{"href":"https:\/\/obera.fr\/es\/wp-json\/wp\/v2\/posts"}],"about":[{"href":"https:\/\/obera.fr\/es\/wp-json\/wp\/v2\/types\/post"}],"author":[{"embeddable":true,"href":"https:\/\/obera.fr\/es\/wp-json\/wp\/v2\/users\/13"}],"replies":[{"embeddable":true,"href":"https:\/\/obera.fr\/es\/wp-json\/wp\/v2\/comments?post=118475"}],"version-history":[{"count":8,"href":"https:\/\/obera.fr\/es\/wp-json\/wp\/v2\/posts\/118475\/revisions"}],"predecessor-version":[{"id":140486,"href":"https:\/\/obera.fr\/es\/wp-json\/wp\/v2\/posts\/118475\/revisions\/140486"}],"wp:featuredmedia":[{"embeddable":true,"href":"https:\/\/obera.fr\/es\/wp-json\/wp\/v2\/media\/120453"}],"wp:attachment":[{"href":"https:\/\/obera.fr\/es\/wp-json\/wp\/v2\/media?parent=118475"}],"wp:term":[{"taxonomy":"category","embeddable":true,"href":"https:\/\/obera.fr\/es\/wp-json\/wp\/v2\/categories?post=118475"},{"taxonomy":"post_tag","embeddable":true,"href":"https:\/\/obera.fr\/es\/wp-json\/wp\/v2\/tags?post=118475"}],"curies":[{"name":"wp","href":"https:\/\/api.w.org\/{rel}","templated":true}]}}